{"id":35108,"date":"2025-09-17T08:36:00","date_gmt":"2025-09-17T07:36:00","guid":{"rendered":"https:\/\/discover.ulysse.com\/?p=35108"},"modified":"2025-09-17T08:36:00","modified_gmt":"2025-09-17T07:36:00","slug":"paris-capitale-francaise-titre-europeen","status":"publish","type":"post","link":"https:\/\/ulysse.com\/news\/paris-capitale-francaise-titre-europeen","title":{"rendered":"Paris devance Amsterdam et Copenhague : la capitale fran\u00e7aise d\u00e9croche un titre europ\u00e9en in\u00e9dit, vous allez \u00eatre \u00e9pat\u00e9s !"},"content":{"rendered":"<p><span style=\"font-weight: 400;\">Il y a des titres qui marquent les esprits, et cette fois-ci, <strong>Paris<\/strong> a fait sensation ! Non, il ne s&#8217;agit pas d&#8217;un record de monuments ou de touristes, mais bien d&#8217;une distinction qui va faire rouler bien des roues : Paris vient de d\u00e9crocher la premi\u00e8re place du classement des<strong> villes europ\u00e9ennes les plus cyclables<\/strong>, devan\u00e7ant ainsi les incontournables Amsterdam et Copenhague. Vous avez bien lu, la capitale fran\u00e7aise, longtemps \u00e0 la tra\u00eene dans ce domaine, a su prendre le virage du v\u00e9lo et s\u2019impose d\u00e9sormais comme la destination phare pour les cyclistes. Si vous n&#8217;y croyez pas, pr\u00e9parez-vous \u00e0 \u00eatre \u00e9pat\u00e9s !<\/span><\/p>\n<h2><b>Paris, capitale du v\u00e9lo : un r\u00e9seau cyclable qui carbure<\/b><\/h2>\n<p><span style=\"font-weight: 400;\">Qui aurait cru qu\u2019un jour Paris serait couronn\u00e9e<strong> capitale europ\u00e9enne du v\u00e9lo<\/strong> ? Fini le temps o\u00f9 on se frayait un chemin entre les voitures. Aujourd\u2019hui, la Ville Lumi\u00e8re brille par ses<strong> 1 000 kilom\u00e8tres<\/strong> de pistes cyclables, qui permettent \u00e0 ses habitants et \u00e0 ses visiteurs de filer \u00e0 toute allure d\u2019un quartier \u00e0 l\u2019autre, en toute s\u00e9curit\u00e9. En 2023, avec plus de 50 millions de trajets r\u00e9alis\u00e9s en v\u00e9lo (merci V\u00e9lib\u2019 !), la capitale a v\u00e9ritablement chang\u00e9 de cap.<\/span><\/p>\n<p><span style=\"font-weight: 400;\">Paris, ce n\u2019est pas seulement des pistes cyclables, c\u2019est aussi des parcours qui transforment chaque sortie \u00e0 v\u00e9lo en une aventure. Imaginez-vous p\u00e9dalant sur les quais de<a href=\"https:\/\/discover.ulysse.com\/on-connait-enfin-la-date-de-la-baignade-dans-la-seine-et-cest-pour-bientot\"> la Seine<\/a>, en traversant les parcs verdoyants, ou en rejoignant des lieux mythiques comme la Tour Eiffel ou le Sacr\u00e9-C\u0153ur. En un clin d\u2019\u0153il, vous \u00eates \u00e0 l\u2019Op\u00e9ra ou au c\u0153ur du Marais, un endroit o\u00f9 l\u2019histoire se d\u00e9voile \u00e0 chaque coup de p\u00e9dale.<\/span><\/p>\n<p><span style=\"font-weight: 400;\">Et les Parisiens ne s\u2019y trompent pas : plus de<strong> 100 000 v\u00e9los<\/strong> circulent chaque jour dans la capitale. Ce succ\u00e8s n\u2019est pas d\u00fb au hasard, mais \u00e0 des investissements massifs dans l&#8217;infrastructure cyclable, avec des voies d\u00e9di\u00e9es, des zones de circulation restreinte, et des am\u00e9nagements de plus en plus s\u00e9curis\u00e9s. La mobilit\u00e9 douce, c&#8217;est d\u00e9sormais dans l\u2019air du temps, et Paris a r\u00e9ussi son pari !<\/span><\/p>\n<h2><b>Pourquoi Paris devance-t-elle Amsterdam et Copenhague ?<\/b><\/h2>\n<p><span style=\"font-weight: 400;\">Ok, on le sait, Amsterdam et <a href=\"https:\/\/discover.ulysse.com\/copenhague-prague-rail-train-direct-2026\">Copenhague<\/a> sont r\u00e9put\u00e9es pour leur culture v\u00e9lo bien ancr\u00e9e. Mais, surprise, Paris a pris les devants. Comment ? Tout d&#8217;abord, c&#8217;est le r\u00e9seau de pistes cyclables qui fait la diff\u00e9rence. Avec ses 1 000 kilom\u00e8tres de voies, Paris surclasse les mythiques 500 kilom\u00e8tres d&#8217;Amsterdam. Sans oublier que la capitale fran\u00e7aise a mis\u00e9 sur l\u2019extension du r\u00e9seau, touchant \u00e0 la fois les quartiers centraux et les p\u00e9riph\u00e9ries. <strong>Le v\u00e9lo \u00e0 Paris<\/strong> n\u2019est plus un simple accessoire, c\u2019est une v\u00e9ritable alternative aux autres modes de transport.<\/span><\/p>\n<p><span style=\"font-weight: 400;\">En plus, l\u2019\u00e9tude men\u00e9e par<a href=\"https:\/\/www.dfds.com\/en-gb\/passenger-ferries\/blog\/top-10-cycling-cities-europe\" target=\"_blank\" rel=\"noopener\"> DFDS<\/a>, la compagnie de ferry nordique, a pris en compte des crit\u00e8res comme le vent, la pluie, mais aussi la fr\u00e9quence des recherches sur le v\u00e9lo \u00e0 Paris. R\u00e9sultat : la Ville Lumi\u00e8re a obtenu un score de <strong>80,1<\/strong>, loin devant Copenhague (78,9) et Amsterdam (qui ne figure m\u00eame pas dans les 3 premi\u00e8res places, vous y croyez ?!). Si Amsterdam reste un symbole du v\u00e9lo urbain, Paris a su offrir \u00e0 ses habitants et ses visiteurs un r\u00e9seau qui allie praticit\u00e9, s\u00e9curit\u00e9 et accessibilit\u00e9. Fini la gal\u00e8re des bouchons et des transports bond\u00e9s !<\/span><\/p>\n<h2><b>Les autres villes europ\u00e9ennes \u00e0 suivre : Munich, Helsinki et compagnie<\/b><\/h2>\n<p><span style=\"font-weight: 400;\">Vous pensez que Paris est la seule grande ville cyclable de l\u2019Hexagone ? D\u00e9trompez-vous ! En plus de Paris, des villes comme <strong>Strasbourg, Lyon, et Lille<\/strong> viennent confortablement se glisser dans les premi\u00e8res places du classement des meilleures villes pour les cyclistes en Europe. Mais c\u2019est <strong>Munich<\/strong>, avec son score de 78,9, qui occupe la deuxi\u00e8me position, juste derri\u00e8re Paris. Avec ses ruelles pav\u00e9es et son ambiance chaleureuse, la capitale bavaroise s&#8217;affiche comme un havre pour les cyclistes, et \u00e7a se ressent.<\/span><\/p>\n<p><span style=\"font-weight: 400;\">La m\u00e9daille de bronze revient \u00e0 <strong>Helsinki,<\/strong> la ville finlandaise qui n\u2019a rien \u00e0 envier \u00e0 ses homologues. Avec son impressionnant ratio de pistes cyclables par habitant, Helsinki s\u00e9duit ceux qui aiment allier v\u00e9lo et nature. Imaginez rouler \u00e0 travers des parcs et des r\u00e9serves naturelles, loin du bruit urbain, tout en \u00e9tant \u00e0 deux pas de la ville. Un cadre idyllique pour les amateurs de cyclisme en qu\u00eate de calme et de verdure.<\/span><\/p>\n<p><span style=\"font-weight: 400;\">Si vous pensiez que Paris n\u2019avait rien \u00e0 envier aux autres grandes villes cyclables, vous aviez tort. Ce classement prouve bien que la capitale fran\u00e7aise a pris une longueur d\u2019avance, non seulement en mati\u00e8re d\u2019infrastructures, mais aussi en qualit\u00e9 de vie pour les cyclistes.<\/span><\/p>\n<h2><b>Paris, ville cyclable de demain : l\u2019aventure continue<\/b><\/h2>\n<p><span style=\"font-weight: 400;\">Paris n\u2019a pas l\u2019intention de freiner son \u00e9lan. Bien au contraire, la ville s&#8217;engage dans une transformation cyclable durable et continue. Le v\u00e9lo \u00e0 Paris, ce n\u2019est pas juste un \u00ab plus \u00bb pour les Parisiens, c\u2019est une v\u00e9ritable r\u00e9volution. La municipalit\u00e9 continue d\u2019am\u00e9liorer les conditions de s\u00e9curit\u00e9 et de confort des cyclistes. Si vous \u00eates d\u00e9j\u00e0 conquis par le v\u00e9lo \u00e0 Paris, pr\u00e9parez-vous \u00e0 \u00eatre encore plus \u00e9poustoufl\u00e9s dans les ann\u00e9es \u00e0 venir.<\/span><\/p>\n<p><span style=\"font-weight: 400;\">Prochain objectif ? Doubler la surface cyclable, renforcer les itin\u00e9raires s\u00e9curis\u00e9s et favoriser la mobilit\u00e9 douce dans tous les quartiers. Et ce n\u2019est pas tout : la question du<strong> stationnement des v\u00e9los<\/strong> est \u00e9galement une priorit\u00e9 pour garantir aux cyclistes une exp\u00e9rience optimale, sans stress ni risques.<\/span><\/p>\n<p><span style=\"font-weight: 400;\">Paris est devenue un mod\u00e8le \u00e0 suivre, et sa place de leader dans le classement europ\u00e9en ne fait que confirmer l\u2019engouement croissant pour le v\u00e9lo comme mode de transport. La ville qui a su se r\u00e9inventer pour offrir une alternative saine, \u00e9cologique et agr\u00e9able aux Parisiens, continue de p\u00e9daler vers l\u2019avenir. Vous n\u2019avez plus qu\u2019\u00e0 enfourcher votre v\u00e9lo et d\u00e9couvrir Paris autrement.<\/span><\/p>\n","protected":false},"excerpt":{"rendered":"<p>Il y a des titres qui marquent les esprits, et cette fois-ci, Paris a fait sensation ! Non, il ne [&hellip;]<\/p>\n","protected":false},"author":3,"featured_media":35109,"comment_status":"open","ping_status":"closed","sticky":false,"template":"","format":"standard","meta":{"_acf_changed":false,"_sitemap_exclude":false,"_sitemap_priority":"","_sitemap_frequency":"","footnotes":"","rank_math_title":"","rank_math_description":"Paris devient la capitale europ\u00e9enne du v\u00e9lo en devan\u00e7ant m\u00eame Amsterdam gr\u00e2ce \u00e0 ses 1000 km de pistes cyclables. Vous allez \u00eatre bluff\u00e9s !\n","rank_math_canonical_url":"","rank_math_focus_keyword":"capitale,francaise"},"categories":[3],"tags":[],"class_list":["post-35108","post","type-post","status-publish","format-standard","has-post-thumbnail","hentry","category-voyage"],"acf":[],"_links":{"self":[{"href":"https:\/\/ulysse.com\/news\/wp-json\/wp\/v2\/posts\/35108","targetHints":{"allow":["GET"]}}],"collection":[{"href":"https:\/\/ulysse.com\/news\/wp-json\/wp\/v2\/posts"}],"about":[{"href":"https:\/\/ulysse.com\/news\/wp-json\/wp\/v2\/types\/post"}],"author":[{"embeddable":true,"href":"https:\/\/ulysse.com\/news\/wp-json\/wp\/v2\/users\/3"}],"replies":[{"embeddable":true,"href":"https:\/\/ulysse.com\/news\/wp-json\/wp\/v2\/comments?post=35108"}],"version-history":[{"count":2,"href":"https:\/\/ulysse.com\/news\/wp-json\/wp\/v2\/posts\/35108\/revisions"}],"predecessor-version":[{"id":35129,"href":"https:\/\/ulysse.com\/news\/wp-json\/wp\/v2\/posts\/35108\/revisions\/35129"}],"wp:featuredmedia":[{"embeddable":true,"href":"https:\/\/ulysse.com\/news\/wp-json\/wp\/v2\/media\/35109"}],"wp:attachment":[{"href":"https:\/\/ulysse.com\/news\/wp-json\/wp\/v2\/media?parent=35108"}],"wp:term":[{"taxonomy":"category","embeddable":true,"href":"https:\/\/ulysse.com\/news\/wp-json\/wp\/v2\/categories?post=35108"},{"taxonomy":"post_tag","embeddable":true,"href":"https:\/\/ulysse.com\/news\/wp-json\/wp\/v2\/tags?post=35108"}],"curies":[{"name":"wp","href":"https:\/\/api.w.org\/{rel}","templated":true}]}}