{"id":35111,"date":"2025-09-17T16:00:42","date_gmt":"2025-09-17T15:00:42","guid":{"rendered":"https:\/\/discover.ulysse.com\/?p=35111"},"modified":"2025-09-17T10:28:46","modified_gmt":"2025-09-17T09:28:46","slug":"ce-port-mediterraneen-va-devenir-votre-nouvelle-obsession-photo-en-europe","status":"publish","type":"post","link":"https:\/\/ulysse.com\/news\/ce-port-mediterraneen-va-devenir-votre-nouvelle-obsession-photo-en-europe","title":{"rendered":"Ce port m\u00e9diterran\u00e9en va devenir votre nouvelle obsession photo en Europe"},"content":{"rendered":"<p><span style=\"font-weight: 400;\">\u00c0 la recherche du <strong>port de croisi\u00e8re<\/strong> o\u00f9 chaque instant est digne d&#8217;une carte postale ? Ne cherchez plus !<strong> La Valette<\/strong>, capitale de Malte, s\u2019impose comme le plus photog\u00e9nique de tous, un v\u00e9ritable \u00e9crin m\u00e9diterran\u00e9en o\u00f9 l\u2019histoire se m\u00eale \u00e0 la beaut\u00e9 sauvage de la mer. Imaginez un port o\u00f9 les eaux turquoises caressent des falaises dor\u00e9es, o\u00f9 chaque ruelle vous d\u00e9voile un tr\u00e9sor d&#8217;architecture et o\u00f9, \u00e0 chaque virage, un nouveau panorama digne d\u2019un tableau vous attend. Envie de d\u00e9couvrir ce coin de paradis ? Attachez vos ceintures, on embarque pour un voyage inoubliable !<\/span><\/p>\n<h2><b>La Valette : un port qui envoie du r\u00eave \u00e0 chaque photo<\/b><\/h2>\n<p><span style=\"font-weight: 400;\">Il y a des endroits o\u00f9 l\u2019on se sent imm\u00e9diatement transport\u00e9, et <a href=\"https:\/\/discover.ulysse.com\/automne-destinations-europeennes-octobre\">La Valette<\/a> en fait partie. D\u00e8s que vous posez le pied dans le port, un spectacle \u00e9poustouflant se d\u00e9ploie devant vous : des bateaux qui glissent lentement sur l\u2019eau, le soleil qui danse sur les pierres dor\u00e9es des vieux b\u00e2timents, et au loin, un horizon infini o\u00f9 la mer M\u00e9diterran\u00e9e se confond avec le ciel. C\u2019est simple : ce port est une v\u00e9ritable carte postale vivante, un cadre parfait pour des photos \u00e0 couper le souffle.<\/span><\/p>\n<p><span style=\"font-weight: 400;\">Ce qui rend<strong> le port de La Valette<\/strong> encore plus sp\u00e9cial, c\u2019est l\u2019atmosph\u00e8re unique qui s\u2019en d\u00e9gage. Loin du tumulte des grandes m\u00e9tropoles, la ville semble vivre au rythme de la mer, paisible et majestueuse. Vous pourrez capturer des clich\u00e9s de ses c\u00e9l\u00e8bres murailles qui dominent le port, offrant une vue spectaculaire sur les eaux cristallines. Et bien s\u00fbr, impossible de ne pas photographier le moment magique o\u00f9 le soleil se couche, enveloppant le port et ses environs d\u2019une lumi\u00e8re dor\u00e9e qui vous donnera l\u2019impression de vivre un r\u00eave \u00e9veill\u00e9.<\/span><\/p>\n<blockquote class=\"instagram-media\" style=\"background: #FFF; border: 0; border-radius: 3px; margin: 1px; max-width: 540px; min-width: 326px; padding: 0; width: calc(100% - 2px);\" data-instgrm-captioned=\"\" data-instgrm-permalink=\"https:\/\/www.instagram.com\/p\/BJvJ7HgDd5G\/?utm_source=ig_embed&amp;utm_campaign=loading\" data-instgrm-version=\"14\">\n<div style=\"padding: 16px;\">\n<p>&nbsp;<\/p>\n<div style=\"flex-direction: row; align-items: center;\">\n<div style=\"background-color: #f4f4f4; border-radius: 50%; flex-grow: 0; height: 40px; margin-right: 14px; width: 40px;\"><\/div>\n<div style=\"flex-direction: column; flex-grow: 1; justify-content: center;\">\n<div style=\"background-color: #f4f4f4; border-radius: 4px; flex-grow: 0; height: 14px; margin-bottom: 6px; width: 100px;\"><\/div>\n<div style=\"background-color: #f4f4f4; border-radius: 4px; flex-grow: 0; height: 14px; width: 60px;\"><\/div>\n<\/div>\n<\/div>\n<div style=\"padding: 19% 0;\"><\/div>\n<div style=\"height: 50px; margin: 0 auto 12px; width: 50px;\"><\/div>\n<div style=\"padding-top: 8px;\">\n<div style=\"color: #3897f0; font-family: Arial,sans-serif; font-size: 14px; font-style: normal; font-weight: 550; line-height: 18px;\">Voir cette publication sur Instagram<\/div>\n<\/div>\n<div style=\"padding: 12.5% 0;\"><\/div>\n<div style=\"flex-direction: row; margin-bottom: 14px; align-items: center;\">\n<div>\n<div style=\"background-color: #f4f4f4; border-radius: 50%; height: 12.5px; width: 12.5px;\"><\/div>\n<div style=\"background-color: #f4f4f4; height: 12.5px; width: 12.5px; flex-grow: 0; margin-right: 14px; margin-left: 2px;\"><\/div>\n<div style=\"background-color: #f4f4f4; border-radius: 50%; height: 12.5px; width: 12.5px;\"><\/div>\n<\/div>\n<div style=\"margin-left: 8px;\">\n<div style=\"background-color: #f4f4f4; border-radius: 50%; flex-grow: 0; height: 20px; width: 20px;\"><\/div>\n<div style=\"width: 0; height: 0; border-top: 2px solid transparent; border-left: 6px solid #f4f4f4; border-bottom: 2px solid transparent;\"><\/div>\n<\/div>\n<div style=\"margin-left: auto;\">\n<div style=\"width: 0px; border-top: 8px solid #F4F4F4; border-right: 8px solid transparent;\"><\/div>\n<div style=\"background-color: #f4f4f4; flex-grow: 0; height: 12px; width: 16px;\"><\/div>\n<div style=\"width: 0; height: 0; border-top: 8px solid #F4F4F4; border-left: 8px solid transparent;\"><\/div>\n<\/div>\n<\/div>\n<div style=\"flex-direction: column; flex-grow: 1; justify-content: center; margin-bottom: 24px;\">\n<div style=\"background-color: #f4f4f4; border-radius: 4px; flex-grow: 0; height: 14px; margin-bottom: 6px; width: 224px;\"><\/div>\n<div style=\"background-color: #f4f4f4; border-radius: 4px; flex-grow: 0; height: 14px; width: 144px;\"><\/div>\n<\/div>\n<p>&nbsp;<\/p>\n<p style=\"color: #c9c8cd; font-family: Arial,sans-serif; font-size: 14px; line-height: 17px; margin-bottom: 0; margin-top: 8px; overflow: hidden; padding: 8px 0 7px; text-align: center;\"><a style=\"color: #c9c8cd; font-family: Arial,sans-serif; font-size: 14px; font-style: normal; font-weight: normal; line-height: 17px; text-decoration: none;\" href=\"https:\/\/www.instagram.com\/p\/BJvJ7HgDd5G\/?utm_source=ig_embed&amp;utm_campaign=loading\" target=\"_blank\" rel=\"noopener\">Une publication partag\u00e9e par Chiara Lottero (@chiaralottero)<\/a><\/p>\n<\/div>\n<\/blockquote>\n<h2><b>L\u2019Upper Barracca Gardens : le spot photo \u00e0 ne pas manquer<\/b><\/h2>\n<p><span style=\"font-weight: 400;\">Si vous \u00eates un amateur de belles photos, alors les <strong>jardins de Barracca<\/strong> doivent absolument figurer sur votre liste de visites. Situ\u00e9s sur les hauteurs de La Valette, ces jardins offrent l\u2019une des plus belles vues de la ville. L\u00e0, depuis les terrasses, vous aurez une vue panoramique imprenable sur le <strong>Grand Port<\/strong>, l\u2019un des plus beaux ports naturels d\u2019Europe. En arri\u00e8re-plan, les collines et les fortifications de la ville se d\u00e9coupent contre le ciel, tandis que les petites \u00eeles autour de La Valette ajoutent une touche de magie \u00e0 ce tableau. Un endroit id\u00e9al pour capturer l\u2019essence de Malte et faire des clich\u00e9s qui vous feront r\u00eaver bien apr\u00e8s votre retour.<\/span><\/p>\n<p><span style=\"font-weight: 400;\">Mais ce n\u2019est pas tout ! Si vous \u00eates chanceux, vous pourrez assister \u00e0 la c\u00e9r\u00e9monie du salut du canon, un spectacle historique qui a lieu tous les jours \u00e0 midi. Une occasion en or pour ajouter un peu de drama \u00e0 vos photos, avec l\u2019explosion des tirs de canon r\u00e9sonnant dans l\u2019air et la fum\u00e9e qui se dissipe lentement au-dessus de la mer.<\/span><\/p>\n<blockquote class=\"instagram-media\" style=\"background: #FFF; border: 0; border-radius: 3px; margin: 1px; max-width: 540px; min-width: 326px; padding: 0; width: calc(100% - 2px);\" data-instgrm-captioned=\"\" data-instgrm-permalink=\"https:\/\/www.instagram.com\/p\/C2n3ObSLVOa\/?utm_source=ig_embed&amp;utm_campaign=loading\" data-instgrm-version=\"14\">\n<div style=\"padding: 16px;\">\n<p>&nbsp;<\/p>\n<div style=\"flex-direction: row; align-items: center;\">\n<div style=\"background-color: #f4f4f4; border-radius: 50%; flex-grow: 0; height: 40px; margin-right: 14px; width: 40px;\"><\/div>\n<div style=\"flex-direction: column; flex-grow: 1; justify-content: center;\">\n<div style=\"background-color: #f4f4f4; border-radius: 4px; flex-grow: 0; height: 14px; margin-bottom: 6px; width: 100px;\"><\/div>\n<div style=\"background-color: #f4f4f4; border-radius: 4px; flex-grow: 0; height: 14px; width: 60px;\"><\/div>\n<\/div>\n<\/div>\n<div style=\"padding: 19% 0;\"><\/div>\n<div style=\"height: 50px; margin: 0 auto 12px; width: 50px;\"><\/div>\n<div style=\"padding-top: 8px;\">\n<div style=\"color: #3897f0; font-family: Arial,sans-serif; font-size: 14px; font-style: normal; font-weight: 550; line-height: 18px;\">Voir cette publication sur Instagram<\/div>\n<\/div>\n<div style=\"padding: 12.5% 0;\"><\/div>\n<div style=\"flex-direction: row; margin-bottom: 14px; align-items: center;\">\n<div>\n<div style=\"background-color: #f4f4f4; border-radius: 50%; height: 12.5px; width: 12.5px;\"><\/div>\n<div style=\"background-color: #f4f4f4; height: 12.5px; width: 12.5px; flex-grow: 0; margin-right: 14px; margin-left: 2px;\"><\/div>\n<div style=\"background-color: #f4f4f4; border-radius: 50%; height: 12.5px; width: 12.5px;\"><\/div>\n<\/div>\n<div style=\"margin-left: 8px;\">\n<div style=\"background-color: #f4f4f4; border-radius: 50%; flex-grow: 0; height: 20px; width: 20px;\"><\/div>\n<div style=\"width: 0; height: 0; border-top: 2px solid transparent; border-left: 6px solid #f4f4f4; border-bottom: 2px solid transparent;\"><\/div>\n<\/div>\n<div style=\"margin-left: auto;\">\n<div style=\"width: 0px; border-top: 8px solid #F4F4F4; border-right: 8px solid transparent;\"><\/div>\n<div style=\"background-color: #f4f4f4; flex-grow: 0; height: 12px; width: 16px;\"><\/div>\n<div style=\"width: 0; height: 0; border-top: 8px solid #F4F4F4; border-left: 8px solid transparent;\"><\/div>\n<\/div>\n<\/div>\n<div style=\"flex-direction: column; flex-grow: 1; justify-content: center; margin-bottom: 24px;\">\n<div style=\"background-color: #f4f4f4; border-radius: 4px; flex-grow: 0; height: 14px; margin-bottom: 6px; width: 224px;\"><\/div>\n<div style=\"background-color: #f4f4f4; border-radius: 4px; flex-grow: 0; height: 14px; width: 144px;\"><\/div>\n<\/div>\n<p>&nbsp;<\/p>\n<p style=\"color: #c9c8cd; font-family: Arial,sans-serif; font-size: 14px; line-height: 17px; margin-bottom: 0; margin-top: 8px; overflow: hidden; padding: 8px 0 7px; text-align: center;\"><a style=\"color: #c9c8cd; font-family: Arial,sans-serif; font-size: 14px; font-style: normal; font-weight: normal; line-height: 17px; text-decoration: none;\" href=\"https:\/\/www.instagram.com\/p\/C2n3ObSLVOa\/?utm_source=ig_embed&amp;utm_campaign=loading\" target=\"_blank\" rel=\"noopener\">Une publication partag\u00e9e par Edgardo Rodriguez (@ed_rod)<\/a><\/p>\n<\/div>\n<\/blockquote>\n<h2><b>Un port de croisi\u00e8re \u00e0 la beaut\u00e9 sa<\/b><b>uvage : quand l\u2019histoire rencontre la mer<\/b><\/h2>\n<p><span style=\"font-weight: 400;\">La Valette n\u2019est pas seulement photog\u00e9nique parce que ses paysages sont splendides, mais aussi parce qu\u2019elle est impr\u00e9gn\u00e9e d\u2019une histoire fascinante. Ce petit coin de paradis m\u00e9diterran\u00e9en a \u00e9t\u00e9 fa\u00e7onn\u00e9 par les Chevaliers de l\u2019Ordre de Saint-Jean, dont l\u2019h\u00e9ritage est toujours visible dans ses fortifications et ses b\u00e2timents anciens. Chaque ruelle, chaque monument semble raconter une histoire vieille de plusieurs si\u00e8cles.<\/span><\/p>\n<p><span style=\"font-weight: 400;\">Mais ce qui est encore plus incroyable, c\u2019est la fa\u00e7on dont la mer et l\u2019histoire se rencontrent ici. En fl\u00e2nant autour du port, vous vous sentirez comme un explorateur du pass\u00e9, d\u00e9couvrant des vestiges de batailles navales et des tr\u00e9sors architecturaux. Ajoutez \u00e0 cela les charmantes ruelles pav\u00e9es de la vieille ville, o\u00f9 chaque coin est une invitation \u00e0 la photographie, et vous obtenez un lieu o\u00f9 chaque image devient un souvenir pr\u00e9cieux.<\/span><\/p>\n<blockquote class=\"instagram-media\" style=\"background: #FFF; border: 0; border-radius: 3px; margin: 1px; max-width: 540px; min-width: 326px; padding: 0; width: calc(100% - 2px);\" data-instgrm-captioned=\"\" data-instgrm-permalink=\"https:\/\/www.instagram.com\/p\/COTU-W5DqOx\/?utm_source=ig_embed&amp;utm_campaign=loading\" data-instgrm-version=\"14\">\n<div style=\"padding: 16px;\">\n<p>&nbsp;<\/p>\n<div style=\"flex-direction: row; align-items: center;\">\n<div style=\"background-color: #f4f4f4; border-radius: 50%; flex-grow: 0; height: 40px; margin-right: 14px; width: 40px;\"><\/div>\n<div style=\"flex-direction: column; flex-grow: 1; justify-content: center;\">\n<div style=\"background-color: #f4f4f4; border-radius: 4px; flex-grow: 0; height: 14px; margin-bottom: 6px; width: 100px;\"><\/div>\n<div style=\"background-color: #f4f4f4; border-radius: 4px; flex-grow: 0; height: 14px; width: 60px;\"><\/div>\n<\/div>\n<\/div>\n<div style=\"padding: 19% 0;\"><\/div>\n<div style=\"height: 50px; margin: 0 auto 12px; width: 50px;\"><\/div>\n<div style=\"padding-top: 8px;\">\n<div style=\"color: #3897f0; font-family: Arial,sans-serif; font-size: 14px; font-style: normal; font-weight: 550; line-height: 18px;\">Voir cette publication sur Instagram<\/div>\n<\/div>\n<div style=\"padding: 12.5% 0;\"><\/div>\n<div style=\"flex-direction: row; margin-bottom: 14px; align-items: center;\">\n<div>\n<div style=\"background-color: #f4f4f4; border-radius: 50%; height: 12.5px; width: 12.5px;\"><\/div>\n<div style=\"background-color: #f4f4f4; height: 12.5px; width: 12.5px; flex-grow: 0; margin-right: 14px; margin-left: 2px;\"><\/div>\n<div style=\"background-color: #f4f4f4; border-radius: 50%; height: 12.5px; width: 12.5px;\"><\/div>\n<\/div>\n<div style=\"margin-left: 8px;\">\n<div style=\"background-color: #f4f4f4; border-radius: 50%; flex-grow: 0; height: 20px; width: 20px;\"><\/div>\n<div style=\"width: 0; height: 0; border-top: 2px solid transparent; border-left: 6px solid #f4f4f4; border-bottom: 2px solid transparent;\"><\/div>\n<\/div>\n<div style=\"margin-left: auto;\">\n<div style=\"width: 0px; border-top: 8px solid #F4F4F4; border-right: 8px solid transparent;\"><\/div>\n<div style=\"background-color: #f4f4f4; flex-grow: 0; height: 12px; width: 16px;\"><\/div>\n<div style=\"width: 0; height: 0; border-top: 8px solid #F4F4F4; border-left: 8px solid transparent;\"><\/div>\n<\/div>\n<\/div>\n<div style=\"flex-direction: column; flex-grow: 1; justify-content: center; margin-bottom: 24px;\">\n<div style=\"background-color: #f4f4f4; border-radius: 4px; flex-grow: 0; height: 14px; margin-bottom: 6px; width: 224px;\"><\/div>\n<div style=\"background-color: #f4f4f4; border-radius: 4px; flex-grow: 0; height: 14px; width: 144px;\"><\/div>\n<\/div>\n<p>&nbsp;<\/p>\n<p style=\"color: #c9c8cd; font-family: Arial,sans-serif; font-size: 14px; line-height: 17px; margin-bottom: 0; margin-top: 8px; overflow: hidden; padding: 8px 0 7px; text-align: center;\"><a style=\"color: #c9c8cd; font-family: Arial,sans-serif; font-size: 14px; font-style: normal; font-weight: normal; line-height: 17px; text-decoration: none;\" href=\"https:\/\/www.instagram.com\/p\/COTU-W5DqOx\/?utm_source=ig_embed&amp;utm_campaign=loading\" target=\"_blank\" rel=\"noopener\">Une publication partag\u00e9e par Giuseppe (@giuseppe22motta)<\/a><\/p>\n<\/div>\n<\/blockquote>\n<h2><b>Se rendre \u00e0 La Valette : un voyage simple et rapide depuis la France<\/b><\/h2>\n<p><span style=\"font-weight: 400;\">Bien s\u00fbr, vous vous demandez s\u00fbrement comment atteindre ce port de croisi\u00e8re extraordinaire. La bonne nouvelle, c\u2019est que La Valette est \u00e0 port\u00e9e de main. Depuis Paris, Lyon ou Strasbourg, vous pouvez prendre un vol direct pour l\u2019a\u00e9roport international de<strong> Malte<\/strong>. Le trajet ne dure que 2h30, soit un peu moins de temps que celui qu\u2019il vous faudrait pour regarder un film sur le vol. Et une fois arriv\u00e9 \u00e0 Malte, il ne vous faudra que quelques minutes pour rejoindre la ville et son port magique.<\/span><\/p>\n<p><span style=\"font-weight: 400;\">Si vous \u00eates amateur de train et que vous aimez les voyages un peu plus longs, vous pouvez opter pour un itin\u00e9raire un peu plus aventureux. Depuis la France, prenez un train jusqu\u2019\u00e0 <a href=\"https:\/\/discover.ulysse.com\/genes-monuments-et-musees\">G\u00eanes<\/a>, puis un ferry pour Malte. C\u2019est un p\u00e9riple un peu plus long, mais qui vous permettra de d\u00e9couvrir les paysages m\u00e9diterran\u00e9ens en cours de route. \u00c0 vous de choisir !<\/span><\/p>\n<blockquote class=\"instagram-media\" style=\"background: #FFF; border: 0; border-radius: 3px; margin: 1px; max-width: 540px; min-width: 326px; padding: 0; width: calc(100% - 2px);\" data-instgrm-captioned=\"\" data-instgrm-permalink=\"https:\/\/www.instagram.com\/p\/C2NX-h7gslW\/?utm_source=ig_embed&amp;utm_campaign=loading\" data-instgrm-version=\"14\">\n<div style=\"padding: 16px;\">\n<p>&nbsp;<\/p>\n<div style=\"flex-direction: row; align-items: center;\">\n<div style=\"background-color: #f4f4f4; border-radius: 50%; flex-grow: 0; height: 40px; margin-right: 14px; width: 40px;\"><\/div>\n<div style=\"flex-direction: column; flex-grow: 1; justify-content: center;\">\n<div style=\"background-color: #f4f4f4; border-radius: 4px; flex-grow: 0; height: 14px; margin-bottom: 6px; width: 100px;\"><\/div>\n<div style=\"background-color: #f4f4f4; border-radius: 4px; flex-grow: 0; height: 14px; width: 60px;\"><\/div>\n<\/div>\n<\/div>\n<div style=\"padding: 19% 0;\"><\/div>\n<div style=\"height: 50px; margin: 0 auto 12px; width: 50px;\"><\/div>\n<div style=\"padding-top: 8px;\">\n<div style=\"color: #3897f0; font-family: Arial,sans-serif; font-size: 14px; font-style: normal; font-weight: 550; line-height: 18px;\">Voir cette publication sur Instagram<\/div>\n<\/div>\n<div style=\"padding: 12.5% 0;\"><\/div>\n<div style=\"flex-direction: row; margin-bottom: 14px; align-items: center;\">\n<div>\n<div style=\"background-color: #f4f4f4; border-radius: 50%; height: 12.5px; width: 12.5px;\"><\/div>\n<div style=\"background-color: #f4f4f4; height: 12.5px; width: 12.5px; flex-grow: 0; margin-right: 14px; margin-left: 2px;\"><\/div>\n<div style=\"background-color: #f4f4f4; border-radius: 50%; height: 12.5px; width: 12.5px;\"><\/div>\n<\/div>\n<div style=\"margin-left: 8px;\">\n<div style=\"background-color: #f4f4f4; border-radius: 50%; flex-grow: 0; height: 20px; width: 20px;\"><\/div>\n<div style=\"width: 0; height: 0; border-top: 2px solid transparent; border-left: 6px solid #f4f4f4; border-bottom: 2px solid transparent;\"><\/div>\n<\/div>\n<div style=\"margin-left: auto;\">\n<div style=\"width: 0px; border-top: 8px solid #F4F4F4; border-right: 8px solid transparent;\"><\/div>\n<div style=\"background-color: #f4f4f4; flex-grow: 0; height: 12px; width: 16px;\"><\/div>\n<div style=\"width: 0; height: 0; border-top: 8px solid #F4F4F4; border-left: 8px solid transparent;\"><\/div>\n<\/div>\n<\/div>\n<div style=\"flex-direction: column; flex-grow: 1; justify-content: center; margin-bottom: 24px;\">\n<div style=\"background-color: #f4f4f4; border-radius: 4px; flex-grow: 0; height: 14px; margin-bottom: 6px; width: 224px;\"><\/div>\n<div style=\"background-color: #f4f4f4; border-radius: 4px; flex-grow: 0; height: 14px; width: 144px;\"><\/div>\n<\/div>\n<p>&nbsp;<\/p>\n<p style=\"color: #c9c8cd; font-family: Arial,sans-serif; font-size: 14px; line-height: 17px; margin-bottom: 0; margin-top: 8px; overflow: hidden; padding: 8px 0 7px; text-align: center;\"><a style=\"color: #c9c8cd; font-family: Arial,sans-serif; font-size: 14px; font-style: normal; font-weight: normal; line-height: 17px; text-decoration: none;\" href=\"https:\/\/www.instagram.com\/p\/C2NX-h7gslW\/?utm_source=ig_embed&amp;utm_campaign=loading\" target=\"_blank\" rel=\"noopener\">Une publication partag\u00e9e par Fabio Ramos (@fabioalexandre013)<\/a><\/p>\n<\/div>\n<\/blockquote>\n<h2><b>La Valette et ses alentours : des paysages \u00e0 couper le souffle \u00e0 chaque \u00e9tape<\/b><\/h2>\n<p><span style=\"font-weight: 400;\">Bien que le port de La Valette soit un v\u00e9ritable joyau, il n\u2019est pas le seul endroit photog\u00e9nique de Malte. L\u2019\u00eele regorge de paysages tout aussi splendides, parfaits pour remplir votre album photo. \u00c0 quelques minutes en ferry, vous trouverez la petite ville de<strong> Sliema<\/strong>, un autre lieu incontournable, o\u00f9 les vues sur le port et la mer sont simplement magnifiques.<\/span><\/p>\n<p><span style=\"font-weight: 400;\">\u00c0 Malte, les plages sont nombreuses, et certaines d\u2019entre elles, comme celles de <strong>Golden Bay et de Mellie\u0127a Bay<\/strong>, sont particuli\u00e8rement belles. Les eaux cristallines et le sable dor\u00e9 offrent des moments parfaits pour des photos de carte postale. Sans oublier les temples m\u00e9galithiques de <strong>\u0126a\u0121ar Qim<\/strong> et Mnajdra, qui, perch\u00e9s sur des falaises, semblent tout droit sortis d\u2019un film \u00e9pique.<\/span><\/p>\n<blockquote class=\"instagram-media\" style=\"background: #FFF; border: 0; border-radius: 3px; margin: 1px; max-width: 540px; min-width: 326px; padding: 0; width: calc(100% - 2px);\" data-instgrm-captioned=\"\" data-instgrm-permalink=\"https:\/\/www.instagram.com\/p\/C0T50K7suCu\/?utm_source=ig_embed&amp;utm_campaign=loading\" data-instgrm-version=\"14\">\n<div style=\"padding: 16px;\">\n<p>&nbsp;<\/p>\n<div style=\"flex-direction: row; align-items: center;\">\n<div style=\"background-color: #f4f4f4; border-radius: 50%; flex-grow: 0; height: 40px; margin-right: 14px; width: 40px;\"><\/div>\n<div style=\"flex-direction: column; flex-grow: 1; justify-content: center;\">\n<div style=\"background-color: #f4f4f4; border-radius: 4px; flex-grow: 0; height: 14px; margin-bottom: 6px; width: 100px;\"><\/div>\n<div style=\"background-color: #f4f4f4; border-radius: 4px; flex-grow: 0; height: 14px; width: 60px;\"><\/div>\n<\/div>\n<\/div>\n<div style=\"padding: 19% 0;\"><\/div>\n<div style=\"height: 50px; margin: 0 auto 12px; width: 50px;\"><\/div>\n<div style=\"padding-top: 8px;\">\n<div style=\"color: #3897f0; font-family: Arial,sans-serif; font-size: 14px; font-style: normal; font-weight: 550; line-height: 18px;\">Voir cette publication sur Instagram<\/div>\n<\/div>\n<div style=\"padding: 12.5% 0;\"><\/div>\n<div style=\"flex-direction: row; margin-bottom: 14px; align-items: center;\">\n<div>\n<div style=\"background-color: #f4f4f4; border-radius: 50%; height: 12.5px; width: 12.5px;\"><\/div>\n<div style=\"background-color: #f4f4f4; height: 12.5px; width: 12.5px; flex-grow: 0; margin-right: 14px; margin-left: 2px;\"><\/div>\n<div style=\"background-color: #f4f4f4; border-radius: 50%; height: 12.5px; width: 12.5px;\"><\/div>\n<\/div>\n<div style=\"margin-left: 8px;\">\n<div style=\"background-color: #f4f4f4; border-radius: 50%; flex-grow: 0; height: 20px; width: 20px;\"><\/div>\n<div style=\"width: 0; height: 0; border-top: 2px solid transparent; border-left: 6px solid #f4f4f4; border-bottom: 2px solid transparent;\"><\/div>\n<\/div>\n<div style=\"margin-left: auto;\">\n<div style=\"width: 0px; border-top: 8px solid #F4F4F4; border-right: 8px solid transparent;\"><\/div>\n<div style=\"background-color: #f4f4f4; flex-grow: 0; height: 12px; width: 16px;\"><\/div>\n<div style=\"width: 0; height: 0; border-top: 8px solid #F4F4F4; border-left: 8px solid transparent;\"><\/div>\n<\/div>\n<\/div>\n<div style=\"flex-direction: column; flex-grow: 1; justify-content: center; margin-bottom: 24px;\">\n<div style=\"background-color: #f4f4f4; border-radius: 4px; flex-grow: 0; height: 14px; margin-bottom: 6px; width: 224px;\"><\/div>\n<div style=\"background-color: #f4f4f4; border-radius: 4px; flex-grow: 0; height: 14px; width: 144px;\"><\/div>\n<\/div>\n<p>&nbsp;<\/p>\n<p style=\"color: #c9c8cd; font-family: Arial,sans-serif; font-size: 14px; line-height: 17px; margin-bottom: 0; margin-top: 8px; overflow: hidden; padding: 8px 0 7px; text-align: center;\"><a style=\"color: #c9c8cd; font-family: Arial,sans-serif; font-size: 14px; font-style: normal; font-weight: normal; line-height: 17px; text-decoration: none;\" href=\"https:\/\/www.instagram.com\/p\/C0T50K7suCu\/?utm_source=ig_embed&amp;utm_campaign=loading\" target=\"_blank\" rel=\"noopener\">Une publication partag\u00e9e par Genutyanee Garuwatpanuroj (@geenagenutyanee)<\/a><\/p>\n<\/div>\n<\/blockquote>\n<h2><b>Un port o\u00f9 chaque instant m\u00e9rite d\u2019\u00eatre immortalis\u00e9<\/b><\/h2>\n<p><span style=\"font-weight: 400;\">Le port de La Valette est bien plus qu\u2019une simple escale de croisi\u00e8re : c\u2019est un v\u00e9ritable lieu magique o\u00f9 chaque photo devient un souvenir inoubliable. Entre les panoramas imprenables, les ruelles historiques et l\u2019ambiance unique qui y r\u00e8gne, ce port est d\u00e9finitivement l\u2019un des plus photog\u00e9niques d\u2019Europe. Si vous r\u00eavez d\u2019un voyage o\u00f9 chaque image vous fera voyager encore longtemps apr\u00e8s votre retour, c\u2019est \u00e0 La Valette qu\u2019il faut aller.<\/span><\/p>\n","protected":false},"excerpt":{"rendered":"<p>\u00c0 la recherche du port de croisi\u00e8re o\u00f9 chaque instant est digne d&#8217;une carte postale ? Ne cherchez plus ! [&hellip;]<\/p>\n","protected":false},"author":3,"featured_media":35112,"comment_status":"open","ping_status":"closed","sticky":false,"template":"","format":"standard","meta":{"_acf_changed":false,"_sitemap_exclude":false,"_sitemap_priority":"","_sitemap_frequency":"","footnotes":"","rank_math_title":"","rank_math_description":"La Valette, le port m\u00e9diterran\u00e9en le plus photog\u00e9nique d'Europe, vous attend pour un voyage inoubliable entre histoire et paysages inoubliables !\n","rank_math_canonical_url":"","rank_math_focus_keyword":"port"},"categories":[3],"tags":[],"class_list":["post-35111","post","type-post","status-publish","format-standard","has-post-thumbnail","hentry","category-voyage"],"acf":[],"_links":{"self":[{"href":"https:\/\/ulysse.com\/news\/wp-json\/wp\/v2\/posts\/35111","targetHints":{"allow":["GET"]}}],"collection":[{"href":"https:\/\/ulysse.com\/news\/wp-json\/wp\/v2\/posts"}],"about":[{"href":"https:\/\/ulysse.com\/news\/wp-json\/wp\/v2\/types\/post"}],"author":[{"embeddable":true,"href":"https:\/\/ulysse.com\/news\/wp-json\/wp\/v2\/users\/3"}],"replies":[{"embeddable":true,"href":"https:\/\/ulysse.com\/news\/wp-json\/wp\/v2\/comments?post=35111"}],"version-history":[{"count":2,"href":"https:\/\/ulysse.com\/news\/wp-json\/wp\/v2\/posts\/35111\/revisions"}],"predecessor-version":[{"id":35138,"href":"https:\/\/ulysse.com\/news\/wp-json\/wp\/v2\/posts\/35111\/revisions\/35138"}],"wp:featuredmedia":[{"embeddable":true,"href":"https:\/\/ulysse.com\/news\/wp-json\/wp\/v2\/media\/35112"}],"wp:attachment":[{"href":"https:\/\/ulysse.com\/news\/wp-json\/wp\/v2\/media?parent=35111"}],"wp:term":[{"taxonomy":"category","embeddable":true,"href":"https:\/\/ulysse.com\/news\/wp-json\/wp\/v2\/categories?post=35111"},{"taxonomy":"post_tag","embeddable":true,"href":"https:\/\/ulysse.com\/news\/wp-json\/wp\/v2\/tags?post=35111"}],"curies":[{"name":"wp","href":"https:\/\/api.w.org\/{rel}","templated":true}]}}