{"id":35150,"date":"2025-09-18T16:00:03","date_gmt":"2025-09-18T15:00:03","guid":{"rendered":"https:\/\/discover.ulysse.com\/?p=35150"},"modified":"2025-09-18T10:33:11","modified_gmt":"2025-09-18T09:33:11","slug":"les-jeunes-retraites-tombent-sous-le-charme-de-cette-perle-paisible-de-charente-maritime","status":"publish","type":"post","link":"https:\/\/ulysse.com\/news\/les-jeunes-retraites-tombent-sous-le-charme-de-cette-perle-paisible-de-charente-maritime","title":{"rendered":"Les jeunes retrait\u00e9s tombent sous le charme de cette perle paisible de Charente-Maritime"},"content":{"rendered":"<p><span style=\"font-weight: 400;\">Ah, la retraite\u2026 Cette p\u00e9riode tant attendue o\u00f9 l\u2019on r\u00eave de calme, de soleil et de paysages magnifiques ! Et si, au lieu de courir apr\u00e8s les destinations bond\u00e9es et trop m\u00e9diatis\u00e9es, vous optiez pour une perle tranquille de <strong>Charente-Maritime<\/strong> ? <strong>Fouras<\/strong>, petit bijou c\u00f4tier, est la destination id\u00e9ale pour les jeunes retrait\u00e9s en qu\u00eate de s\u00e9r\u00e9nit\u00e9, mais aussi d\u2019aventure \u00e0 petite dose. Entre plages sauvages, patrimoine pr\u00e9serv\u00e9 et une qualit\u00e9 de vie irr\u00e9prochable, Fouras fait le bonheur de ceux qui ont soif de tranquillit\u00e9 sans sacrifier l\u2019authenticit\u00e9. Allez, laissez-vous tenter par cette escapade pleine de charme !<\/span><\/p>\n<h2><b>Fouras : Le calme absolu au coeur de la Charente-Maritime<\/b><\/h2>\n<p><span style=\"font-weight: 400;\">Si vous pensiez que les plages id\u00e9ales se trouvent uniquement sur la <a href=\"https:\/\/discover.ulysse.com\/lete-sauve-par-les-etrangers-ne-cache-pas-le-desamour-des-francais-pour-la-cote-dazur\">C\u00f4te d\u2019Azur<\/a> ou en Bretagne, d\u00e9trompez-vous ! Fouras, avec ses plages tranquilles, a de quoi rivaliser avec les plus grandes stations baln\u00e9aires. Loin des foules et du tumulte des grandes villes c\u00f4ti\u00e8res, cette petite station baln\u00e9aire offre une douceur de vivre incomparable. Ici, pas de b\u00e9ton ni de constructions massives, juste des plages de sable fin qui s\u2019\u00e9tendent \u00e0 perte de vue et un littoral pr\u00e9serv\u00e9 o\u00f9 l\u2019on peut se d\u00e9tendre en toute qui\u00e9tude.<\/span><\/p>\n<p><span style=\"font-weight: 400;\">La plage principale de <strong>Fouras<\/strong> est un v\u00e9ritable havre de paix. Vous pourrez y fl\u00e2ner tranquillement, faire une petite baignade ou simplement profiter du soleil avec un bon livre. Les plus actifs, quant \u00e0 eux, pourront s\u2019adonner \u00e0 des activit\u00e9s nautiques comme le paddle, la voile ou m\u00eame la p\u00eache \u00e0 pied, une pratique locale qui permet de r\u00e9colter coquillages et crustac\u00e9s \u00e0 mar\u00e9e basse. Une fa\u00e7on simple et conviviale de d\u00e9couvrir les tr\u00e9sors de l\u2019oc\u00e9an !<\/span><\/p>\n<p><span style=\"font-weight: 400;\">Mais Fouras, ce n\u2019est pas seulement sa plage. C\u2019est un lieu o\u00f9 l\u2019on se sent bien, tout simplement. Son atmosph\u00e8re tranquille et apaisante, propice \u00e0 la d\u00e9tente, s\u00e9duit de plus en plus de jeunes retrait\u00e9s qui ont fait le choix de poser leurs valises ici. Ces derniers cherchent \u00e0 \u00e9chapper \u00e0 l\u2019agitation des grandes villes, sans pour autant renoncer \u00e0 un cadre de vie agr\u00e9able. Et Fouras, avec ses paysages pr\u00e9serv\u00e9s et son ambiance d\u00e9contract\u00e9e, r\u00e9pond parfaitement \u00e0 cette demande.<\/span><\/p>\n<blockquote class=\"instagram-media\" style=\"background: #FFF; border: 0; border-radius: 3px; margin: 1px; max-width: 540px; min-width: 326px; padding: 0; width: calc(100% - 2px);\" data-instgrm-captioned=\"\" data-instgrm-permalink=\"https:\/\/www.instagram.com\/p\/DOS0IsADQJO\/?utm_source=ig_embed&amp;utm_campaign=loading\" data-instgrm-version=\"14\">\n<div style=\"padding: 16px;\">\n<p>&nbsp;<\/p>\n<div style=\"flex-direction: row; align-items: center;\">\n<div style=\"background-color: #f4f4f4; border-radius: 50%; flex-grow: 0; height: 40px; margin-right: 14px; width: 40px;\"><\/div>\n<div style=\"flex-direction: column; flex-grow: 1; justify-content: center;\">\n<div style=\"background-color: #f4f4f4; border-radius: 4px; flex-grow: 0; height: 14px; margin-bottom: 6px; width: 100px;\"><\/div>\n<div style=\"background-color: #f4f4f4; border-radius: 4px; flex-grow: 0; height: 14px; width: 60px;\"><\/div>\n<\/div>\n<\/div>\n<div style=\"padding: 19% 0;\"><\/div>\n<div style=\"height: 50px; margin: 0 auto 12px; width: 50px;\"><\/div>\n<div style=\"padding-top: 8px;\">\n<div style=\"color: #3897f0; font-family: Arial,sans-serif; font-size: 14px; font-style: normal; font-weight: 550; line-height: 18px;\">Voir cette publication sur Instagram<\/div>\n<\/div>\n<div style=\"padding: 12.5% 0;\"><\/div>\n<div style=\"flex-direction: row; margin-bottom: 14px; align-items: center;\">\n<div>\n<div style=\"background-color: #f4f4f4; border-radius: 50%; height: 12.5px; width: 12.5px;\"><\/div>\n<div style=\"background-color: #f4f4f4; height: 12.5px; width: 12.5px; flex-grow: 0; margin-right: 14px; margin-left: 2px;\"><\/div>\n<div style=\"background-color: #f4f4f4; border-radius: 50%; height: 12.5px; width: 12.5px;\"><\/div>\n<\/div>\n<div style=\"margin-left: 8px;\">\n<div style=\"background-color: #f4f4f4; border-radius: 50%; flex-grow: 0; height: 20px; width: 20px;\"><\/div>\n<div style=\"width: 0; height: 0; border-top: 2px solid transparent; border-left: 6px solid #f4f4f4; border-bottom: 2px solid transparent;\"><\/div>\n<\/div>\n<div style=\"margin-left: auto;\">\n<div style=\"width: 0px; border-top: 8px solid #F4F4F4; border-right: 8px solid transparent;\"><\/div>\n<div style=\"background-color: #f4f4f4; flex-grow: 0; height: 12px; width: 16px;\"><\/div>\n<div style=\"width: 0; height: 0; border-top: 8px solid #F4F4F4; border-left: 8px solid transparent;\"><\/div>\n<\/div>\n<\/div>\n<div style=\"flex-direction: column; flex-grow: 1; justify-content: center; margin-bottom: 24px;\">\n<div style=\"background-color: #f4f4f4; border-radius: 4px; flex-grow: 0; height: 14px; margin-bottom: 6px; width: 224px;\"><\/div>\n<div style=\"background-color: #f4f4f4; border-radius: 4px; flex-grow: 0; height: 14px; width: 144px;\"><\/div>\n<\/div>\n<p>&nbsp;<\/p>\n<p style=\"color: #c9c8cd; font-family: Arial,sans-serif; font-size: 14px; line-height: 17px; margin-bottom: 0; margin-top: 8px; overflow: hidden; padding: 8px 0 7px; text-align: center;\"><a style=\"color: #c9c8cd; font-family: Arial,sans-serif; font-size: 14px; font-style: normal; font-weight: normal; line-height: 17px; text-decoration: none;\" href=\"https:\/\/www.instagram.com\/p\/DOS0IsADQJO\/?utm_source=ig_embed&amp;utm_campaign=loading\" target=\"_blank\" rel=\"noopener\">Une publication partag\u00e9e par Jimmy Richard (@yammouko)<\/a><\/p>\n<\/div>\n<\/blockquote>\n<h2><b>Un patrimoine historique qui fait la diff\u00e9rence<\/b><\/h2>\n<p><span style=\"font-weight: 400;\">Si vous pensiez que Fouras \u00e9tait juste un petit coin de plage sans histoire, d\u00e9trompez-vous ! Cette station baln\u00e9aire n\u2019est pas qu\u2019un lieu de d\u00e9tente : elle a aussi un pass\u00e9 historique fascinant. D\u00e8s votre arriv\u00e9e, vous serez frapp\u00e9s par ses remparts datant du XVIIe si\u00e8cle, vestiges de l\u2019\u00e9poque o\u00f9 la ville \u00e9tait un point strat\u00e9gique de d\u00e9fense sur la c\u00f4te atlantique. Ces fortifications, sign\u00e9es Vauban, sont un v\u00e9ritable tableau vivant qui s\u2019offre \u00e0 vous lors de vos balades dans les rues pav\u00e9es du centre-ville. Parfait pour allier culture et d\u00e9tente, non ?<\/span><\/p>\n<p><span style=\"font-weight: 400;\">Outre ces fortifications impressionnantes, Fouras cache de petites p\u00e9pites architecturales, telles que ses maisons traditionnelles aux fa\u00e7ades color\u00e9es. Ces demeures bourgeoises, h\u00e9rit\u00e9es du commerce maritime, ajoutent encore un peu plus de charme \u00e0 ce lieu magique. Et puis, bien s\u00fbr, impossible de ne pas mentionner l\u2019\u00e9glise romane du XIIe si\u00e8cle, un v\u00e9ritable joyau o\u00f9 l\u2019on peut d\u00e9couvrir des \u0153uvres d\u2019art locales tout en s\u2019impr\u00e9gnant de l\u2019histoire spirituelle du lieu. C\u2019est l\u2019endroit r\u00eav\u00e9 pour les passionn\u00e9s d\u2019histoire, tout en restant dans un cadre authentique et apaisant.<\/span><\/p>\n<blockquote class=\"instagram-media\" style=\"background: #FFF; border: 0; border-radius: 3px; margin: 1px; max-width: 540px; min-width: 326px; padding: 0; width: calc(100% - 2px);\" data-instgrm-captioned=\"\" data-instgrm-permalink=\"https:\/\/www.instagram.com\/p\/DNDIpMvIlPV\/?utm_source=ig_embed&amp;utm_campaign=loading\" data-instgrm-version=\"14\">\n<div style=\"padding: 16px;\">\n<p>&nbsp;<\/p>\n<div style=\"flex-direction: row; align-items: center;\">\n<div style=\"background-color: #f4f4f4; border-radius: 50%; flex-grow: 0; height: 40px; margin-right: 14px; width: 40px;\"><\/div>\n<div style=\"flex-direction: column; flex-grow: 1; justify-content: center;\">\n<div style=\"background-color: #f4f4f4; border-radius: 4px; flex-grow: 0; height: 14px; margin-bottom: 6px; width: 100px;\"><\/div>\n<div style=\"background-color: #f4f4f4; border-radius: 4px; flex-grow: 0; height: 14px; width: 60px;\"><\/div>\n<\/div>\n<\/div>\n<div style=\"padding: 19% 0;\"><\/div>\n<div style=\"height: 50px; margin: 0 auto 12px; width: 50px;\"><\/div>\n<div style=\"padding-top: 8px;\">\n<div style=\"color: #3897f0; font-family: Arial,sans-serif; font-size: 14px; font-style: normal; font-weight: 550; line-height: 18px;\">Voir cette publication sur Instagram<\/div>\n<\/div>\n<div style=\"padding: 12.5% 0;\"><\/div>\n<div style=\"flex-direction: row; margin-bottom: 14px; align-items: center;\">\n<div>\n<div style=\"background-color: #f4f4f4; border-radius: 50%; height: 12.5px; width: 12.5px;\"><\/div>\n<div style=\"background-color: #f4f4f4; height: 12.5px; width: 12.5px; flex-grow: 0; margin-right: 14px; margin-left: 2px;\"><\/div>\n<div style=\"background-color: #f4f4f4; border-radius: 50%; height: 12.5px; width: 12.5px;\"><\/div>\n<\/div>\n<div style=\"margin-left: 8px;\">\n<div style=\"background-color: #f4f4f4; border-radius: 50%; flex-grow: 0; height: 20px; width: 20px;\"><\/div>\n<div style=\"width: 0; height: 0; border-top: 2px solid transparent; border-left: 6px solid #f4f4f4; border-bottom: 2px solid transparent;\"><\/div>\n<\/div>\n<div style=\"margin-left: auto;\">\n<div style=\"width: 0px; border-top: 8px solid #F4F4F4; border-right: 8px solid transparent;\"><\/div>\n<div style=\"background-color: #f4f4f4; flex-grow: 0; height: 12px; width: 16px;\"><\/div>\n<div style=\"width: 0; height: 0; border-top: 8px solid #F4F4F4; border-left: 8px solid transparent;\"><\/div>\n<\/div>\n<\/div>\n<div style=\"flex-direction: column; flex-grow: 1; justify-content: center; margin-bottom: 24px;\">\n<div style=\"background-color: #f4f4f4; border-radius: 4px; flex-grow: 0; height: 14px; margin-bottom: 6px; width: 224px;\"><\/div>\n<div style=\"background-color: #f4f4f4; border-radius: 4px; flex-grow: 0; height: 14px; width: 144px;\"><\/div>\n<\/div>\n<p>&nbsp;<\/p>\n<p style=\"color: #c9c8cd; font-family: Arial,sans-serif; font-size: 14px; line-height: 17px; margin-bottom: 0; margin-top: 8px; overflow: hidden; padding: 8px 0 7px; text-align: center;\"><a style=\"color: #c9c8cd; font-family: Arial,sans-serif; font-size: 14px; font-style: normal; font-weight: normal; line-height: 17px; text-decoration: none;\" href=\"https:\/\/www.instagram.com\/p\/DNDIpMvIlPV\/?utm_source=ig_embed&amp;utm_campaign=loading\" target=\"_blank\" rel=\"noopener\">Une publication partag\u00e9e par Masathi Beng Beng (@masathi)<\/a><\/p>\n<\/div>\n<\/blockquote>\n<h2><b>La qualit\u00e9 de vie : Un secret bien gard\u00e9<\/b><\/h2>\n<p><span style=\"font-weight: 400;\">Vivre \u00e0 Fouras, c\u2019est aussi profiter d\u2019une qualit\u00e9 de vie remarquable. Si la douceur du climat et les paysages exceptionnels attirent d\u00e9j\u00e0 de nombreux <strong>jeunes retrait\u00e9s<\/strong>, c\u2019est aussi parce que cette ville a su pr\u00e9server son \u00e2me tout en s\u2019adaptant aux exigences modernes. Commerces de proximit\u00e9, services de sant\u00e9, animations culturelles, tout est fait pour rendre la vie agr\u00e9able au quotidien. Et tout \u00e7a dans une ambiance conviviale et calme, loin du stress des grandes agglom\u00e9rations.<\/span><\/p>\n<p><span style=\"font-weight: 400;\">Les jeunes retrait\u00e9s en qu\u00eate de tranquillit\u00e9 mais aussi de stimulation culturelle trouveront leur bonheur \u00e0 Fouras. En plus des march\u00e9s locaux o\u00f9 l\u2019on peut d\u00e9guster les produits frais de la r\u00e9gion, la ville propose une m\u00e9diath\u00e8que dynamique, des associations locales qui organisent des conf\u00e9rences et des sorties, sans oublier des infrastructures m\u00e9dicales modernes. Tout est mis en place pour que la retraite soit synonyme de bien-\u00eatre et d\u2019\u00e9panouissement. Vous l\u2019aurez compris, Fouras combine parfaitement modernit\u00e9 et authenticit\u00e9.<\/span><\/p>\n<blockquote class=\"instagram-media\" style=\"background: #FFF; border: 0; border-radius: 3px; margin: 1px; max-width: 540px; min-width: 326px; padding: 0; width: calc(100% - 2px);\" data-instgrm-captioned=\"\" data-instgrm-permalink=\"https:\/\/www.instagram.com\/p\/DMHa9v9NkGj\/?utm_source=ig_embed&amp;utm_campaign=loading\" data-instgrm-version=\"14\">\n<div style=\"padding: 16px;\">\n<p>&nbsp;<\/p>\n<div style=\"flex-direction: row; align-items: center;\">\n<div style=\"background-color: #f4f4f4; border-radius: 50%; flex-grow: 0; height: 40px; margin-right: 14px; width: 40px;\"><\/div>\n<div style=\"flex-direction: column; flex-grow: 1; justify-content: center;\">\n<div style=\"background-color: #f4f4f4; border-radius: 4px; flex-grow: 0; height: 14px; margin-bottom: 6px; width: 100px;\"><\/div>\n<div style=\"background-color: #f4f4f4; border-radius: 4px; flex-grow: 0; height: 14px; width: 60px;\"><\/div>\n<\/div>\n<\/div>\n<div style=\"padding: 19% 0;\"><\/div>\n<div style=\"height: 50px; margin: 0 auto 12px; width: 50px;\"><\/div>\n<div style=\"padding-top: 8px;\">\n<div style=\"color: #3897f0; font-family: Arial,sans-serif; font-size: 14px; font-style: normal; font-weight: 550; line-height: 18px;\">Voir cette publication sur Instagram<\/div>\n<\/div>\n<div style=\"padding: 12.5% 0;\"><\/div>\n<div style=\"flex-direction: row; margin-bottom: 14px; align-items: center;\">\n<div>\n<div style=\"background-color: #f4f4f4; border-radius: 50%; height: 12.5px; width: 12.5px;\"><\/div>\n<div style=\"background-color: #f4f4f4; height: 12.5px; width: 12.5px; flex-grow: 0; margin-right: 14px; margin-left: 2px;\"><\/div>\n<div style=\"background-color: #f4f4f4; border-radius: 50%; height: 12.5px; width: 12.5px;\"><\/div>\n<\/div>\n<div style=\"margin-left: 8px;\">\n<div style=\"background-color: #f4f4f4; border-radius: 50%; flex-grow: 0; height: 20px; width: 20px;\"><\/div>\n<div style=\"width: 0; height: 0; border-top: 2px solid transparent; border-left: 6px solid #f4f4f4; border-bottom: 2px solid transparent;\"><\/div>\n<\/div>\n<div style=\"margin-left: auto;\">\n<div style=\"width: 0px; border-top: 8px solid #F4F4F4; border-right: 8px solid transparent;\"><\/div>\n<div style=\"background-color: #f4f4f4; flex-grow: 0; height: 12px; width: 16px;\"><\/div>\n<div style=\"width: 0; height: 0; border-top: 8px solid #F4F4F4; border-left: 8px solid transparent;\"><\/div>\n<\/div>\n<\/div>\n<div style=\"flex-direction: column; flex-grow: 1; justify-content: center; margin-bottom: 24px;\">\n<div style=\"background-color: #f4f4f4; border-radius: 4px; flex-grow: 0; height: 14px; margin-bottom: 6px; width: 224px;\"><\/div>\n<div style=\"background-color: #f4f4f4; border-radius: 4px; flex-grow: 0; height: 14px; width: 144px;\"><\/div>\n<\/div>\n<p>&nbsp;<\/p>\n<p style=\"color: #c9c8cd; font-family: Arial,sans-serif; font-size: 14px; line-height: 17px; margin-bottom: 0; margin-top: 8px; overflow: hidden; padding: 8px 0 7px; text-align: center;\"><a style=\"color: #c9c8cd; font-family: Arial,sans-serif; font-size: 14px; font-style: normal; font-weight: normal; line-height: 17px; text-decoration: none;\" href=\"https:\/\/www.instagram.com\/p\/DMHa9v9NkGj\/?utm_source=ig_embed&amp;utm_campaign=loading\" target=\"_blank\" rel=\"noopener\">Une publication partag\u00e9e par Claire &#8211; jardin fleurs et cr\u00e9ation (@petitsbonheurs16)<\/a><\/p>\n<\/div>\n<\/blockquote>\n<h2><b>Fouras : Une destination de choix pour les retrait\u00e9s actifs<\/b><\/h2>\n<p><span style=\"font-weight: 400;\">Pour les retrait\u00e9s actifs, Fouras offre un cadre de vie parfait. Vous pourrez profiter de la mer, vous balader dans les marais, ou partir \u00e0 la d\u00e9couverte des villages alentours, mais aussi maintenir un style de vie dynamique gr\u00e2ce aux nombreuses activit\u00e9s propos\u00e9es. La ville est id\u00e9ale pour ceux qui veulent continuer \u00e0 bouger, explorer et s\u2019engager, tout en b\u00e9n\u00e9ficiant d\u2019un environnement paisible et s\u00e9curis\u00e9.<\/span><\/p>\n<p><span style=\"font-weight: 400;\">La p\u00eache, les randonn\u00e9es \u00e0 v\u00e9lo, les sorties en bateau\u2026 les possibilit\u00e9s d\u2019activit\u00e9s sont multiples et vari\u00e9es. Et comme la ville est encore pr\u00e9serv\u00e9e du tourisme de masse, vous pourrez profiter de toutes ces activit\u00e9s dans un cadre intimiste, loin de la foule. La r\u00e9gion est aussi r\u00e9put\u00e9e pour sa gastronomie, notamment ses fruits de mer frais et son <strong>pineau des Charente<\/strong>s, que vous pourrez savourer dans l\u2019un des nombreux restaurants au bord de la mer. L\u2019authenticit\u00e9 de la cuisine locale compl\u00e8te parfaitement le tableau de cette destination id\u00e9ale pour les jeunes retrait\u00e9s.<\/span><\/p>\n<blockquote class=\"instagram-media\" style=\"background: #FFF; border: 0; border-radius: 3px; margin: 1px; max-width: 540px; min-width: 326px; padding: 0; width: calc(100% - 2px);\" data-instgrm-captioned=\"\" data-instgrm-permalink=\"https:\/\/www.instagram.com\/p\/DLiEtNGoGdP\/?utm_source=ig_embed&amp;utm_campaign=loading\" data-instgrm-version=\"14\">\n<div style=\"padding: 16px;\">\n<p>&nbsp;<\/p>\n<div style=\"flex-direction: row; align-items: center;\">\n<div style=\"background-color: #f4f4f4; border-radius: 50%; flex-grow: 0; height: 40px; margin-right: 14px; width: 40px;\"><\/div>\n<div style=\"flex-direction: column; flex-grow: 1; justify-content: center;\">\n<div style=\"background-color: #f4f4f4; border-radius: 4px; flex-grow: 0; height: 14px; margin-bottom: 6px; width: 100px;\"><\/div>\n<div style=\"background-color: #f4f4f4; border-radius: 4px; flex-grow: 0; height: 14px; width: 60px;\"><\/div>\n<\/div>\n<\/div>\n<div style=\"padding: 19% 0;\"><\/div>\n<div style=\"height: 50px; margin: 0 auto 12px; width: 50px;\"><\/div>\n<div style=\"padding-top: 8px;\">\n<div style=\"color: #3897f0; font-family: Arial,sans-serif; font-size: 14px; font-style: normal; font-weight: 550; line-height: 18px;\">Voir cette publication sur Instagram<\/div>\n<\/div>\n<div style=\"padding: 12.5% 0;\"><\/div>\n<div style=\"flex-direction: row; margin-bottom: 14px; align-items: center;\">\n<div>\n<div style=\"background-color: #f4f4f4; border-radius: 50%; height: 12.5px; width: 12.5px;\"><\/div>\n<div style=\"background-color: #f4f4f4; height: 12.5px; width: 12.5px; flex-grow: 0; margin-right: 14px; margin-left: 2px;\"><\/div>\n<div style=\"background-color: #f4f4f4; border-radius: 50%; height: 12.5px; width: 12.5px;\"><\/div>\n<\/div>\n<div style=\"margin-left: 8px;\">\n<div style=\"background-color: #f4f4f4; border-radius: 50%; flex-grow: 0; height: 20px; width: 20px;\"><\/div>\n<div style=\"width: 0; height: 0; border-top: 2px solid transparent; border-left: 6px solid #f4f4f4; border-bottom: 2px solid transparent;\"><\/div>\n<\/div>\n<div style=\"margin-left: auto;\">\n<div style=\"width: 0px; border-top: 8px solid #F4F4F4; border-right: 8px solid transparent;\"><\/div>\n<div style=\"background-color: #f4f4f4; flex-grow: 0; height: 12px; width: 16px;\"><\/div>\n<div style=\"width: 0; height: 0; border-top: 8px solid #F4F4F4; border-left: 8px solid transparent;\"><\/div>\n<\/div>\n<\/div>\n<div style=\"flex-direction: column; flex-grow: 1; justify-content: center; margin-bottom: 24px;\">\n<div style=\"background-color: #f4f4f4; border-radius: 4px; flex-grow: 0; height: 14px; margin-bottom: 6px; width: 224px;\"><\/div>\n<div style=\"background-color: #f4f4f4; border-radius: 4px; flex-grow: 0; height: 14px; width: 144px;\"><\/div>\n<\/div>\n<p>&nbsp;<\/p>\n<p style=\"color: #c9c8cd; font-family: Arial,sans-serif; font-size: 14px; line-height: 17px; margin-bottom: 0; margin-top: 8px; overflow: hidden; padding: 8px 0 7px; text-align: center;\"><a style=\"color: #c9c8cd; font-family: Arial,sans-serif; font-size: 14px; font-style: normal; font-weight: normal; line-height: 17px; text-decoration: none;\" href=\"https:\/\/www.instagram.com\/p\/DLiEtNGoGdP\/?utm_source=ig_embed&amp;utm_campaign=loading\" target=\"_blank\" rel=\"noopener\">Une publication partag\u00e9e par Nik Wilkinson (@nwilko)<\/a><\/p>\n<\/div>\n<\/blockquote>\n<h2><b>Fouras, un petit coin de paradis pour la retraite<\/b><\/h2>\n<p><span style=\"font-weight: 400;\">Fouras est la destination r\u00eav\u00e9e pour les jeunes retrait\u00e9s en qu\u00eate de calme, d\u2019authenticit\u00e9 et d\u2019un cadre de vie agr\u00e9able. Avec son patrimoine fascinant, ses plages pr\u00e9serv\u00e9es et sa qualit\u00e9 de vie exceptionnelle, cette petite station baln\u00e9aire de <a href=\"https:\/\/discover.ulysse.com\/ce-port-ostreicole-secret-en-charente-maritime-devient-lescale-preferee-des-plaisanciers\">Charente-Maritime<\/a> est un v\u00e9ritable coup de c\u0153ur. Elle allie l\u2019attrait des grands espaces \u00e0 la convivialit\u00e9 d\u2019une ville \u00e0 taille humaine, offrant ainsi le meilleur des deux mondes. Alors, pourquoi ne pas succomber au charme de Fouras ? <\/span>Entre mer et tranquillit\u00e9, il ne manque plus que vous pour compl\u00e9ter le tableau.<\/p>\n","protected":false},"excerpt":{"rendered":"<p>Ah, la retraite\u2026 Cette p\u00e9riode tant attendue o\u00f9 l\u2019on r\u00eave de calme, de soleil et de paysages magnifiques ! Et [&hellip;]<\/p>\n","protected":false},"author":3,"featured_media":35151,"comment_status":"open","ping_status":"closed","sticky":false,"template":"","format":"standard","meta":{"_acf_changed":false,"_sitemap_exclude":false,"_sitemap_priority":"","_sitemap_frequency":"","footnotes":"","rank_math_title":"","rank_math_description":"Avec ses plages paisibles, cette perle tranquille de Charente-Maritime, s\u00e9duit les jeunes retrait\u00e9s en qu\u00eate de calme, de nature et d\u2019authenticit\u00e9.\r\n","rank_math_canonical_url":"","rank_math_focus_keyword":"retraite"},"categories":[3],"tags":[],"class_list":["post-35150","post","type-post","status-publish","format-standard","has-post-thumbnail","hentry","category-voyage"],"acf":[],"_links":{"self":[{"href":"https:\/\/ulysse.com\/news\/wp-json\/wp\/v2\/posts\/35150","targetHints":{"allow":["GET"]}}],"collection":[{"href":"https:\/\/ulysse.com\/news\/wp-json\/wp\/v2\/posts"}],"about":[{"href":"https:\/\/ulysse.com\/news\/wp-json\/wp\/v2\/types\/post"}],"author":[{"embeddable":true,"href":"https:\/\/ulysse.com\/news\/wp-json\/wp\/v2\/users\/3"}],"replies":[{"embeddable":true,"href":"https:\/\/ulysse.com\/news\/wp-json\/wp\/v2\/comments?post=35150"}],"version-history":[{"count":3,"href":"https:\/\/ulysse.com\/news\/wp-json\/wp\/v2\/posts\/35150\/revisions"}],"predecessor-version":[{"id":35189,"href":"https:\/\/ulysse.com\/news\/wp-json\/wp\/v2\/posts\/35150\/revisions\/35189"}],"wp:featuredmedia":[{"embeddable":true,"href":"https:\/\/ulysse.com\/news\/wp-json\/wp\/v2\/media\/35151"}],"wp:attachment":[{"href":"https:\/\/ulysse.com\/news\/wp-json\/wp\/v2\/media?parent=35150"}],"wp:term":[{"taxonomy":"category","embeddable":true,"href":"https:\/\/ulysse.com\/news\/wp-json\/wp\/v2\/categories?post=35150"},{"taxonomy":"post_tag","embeddable":true,"href":"https:\/\/ulysse.com\/news\/wp-json\/wp\/v2\/tags?post=35150"}],"curies":[{"name":"wp","href":"https:\/\/api.w.org\/{rel}","templated":true}]}}