{"id":35159,"date":"2025-09-19T07:00:44","date_gmt":"2025-09-19T06:00:44","guid":{"rendered":"https:\/\/discover.ulysse.com\/?p=35159"},"modified":"2025-09-18T10:24:49","modified_gmt":"2025-09-18T09:24:49","slug":"apres-des-annees-dattente-les-tours-de-notre-dame-vous-accueillent-a-nouveau-ce-week-end","status":"publish","type":"post","link":"https:\/\/ulysse.com\/news\/apres-des-annees-dattente-les-tours-de-notre-dame-vous-accueillent-a-nouveau-ce-week-end","title":{"rendered":"Apr\u00e8s des ann\u00e9es d\u2019attente, les Tours de Notre-Dame vous accueillent \u00e0 nouveau ce week-end"},"content":{"rendered":"<p><span style=\"font-weight: 400;\">Apr\u00e8s quatre longues ann\u00e9es de fermeture, c\u2019est enfin le grand retour des<strong> tours de Notre-Dame de Paris<\/strong> ! Ce week-end, \u00e0 l\u2019occasion des<strong> Journ\u00e9es europ\u00e9ennes du patrimoine<\/strong>, la cath\u00e9drale la plus c\u00e9l\u00e8bre du monde ouvre \u00e0 nouveau ses portes et invite les Parisiens, et tous les amoureux de la ville, \u00e0 prendre de la hauteur. \u00c0 69 m\u00e8tres d\u2019altitude, ces tours, ferm\u00e9es depuis l\u2019incendie de 2019, vous r\u00e9servent une exp\u00e9rience in\u00e9dite. Une ascension qui vous offre bien plus qu\u2019une simple vue panoramique : c\u2019est un v\u00e9ritable plongeon dans l\u2019histoire de Paris qui vous attend !<\/span><\/p>\n<h2><b>Un parcours in\u00e9dit pour (re)d\u00e9couvrir Notre-Dame sous un autre angle<\/b><\/h2>\n<p><span style=\"font-weight: 400;\">Les <a href=\"https:\/\/discover.ulysse.com\/notre-dame-de-paris-la-reouverture\">tours de Notre-Dame<\/a>, c\u2019est un peu le symbole du Paris \u00e9ternel. Ferm\u00e9es depuis l\u2019incendie qui a frapp\u00e9 la cath\u00e9drale en avril 2019, elles rouvrent enfin apr\u00e8s une longue p\u00e9riode de travaux<strong>. Le Centre des Monuments Nationaux<\/strong> (CMN) a imagin\u00e9 un tout nouveau parcours de visite, bien plus qu\u2019une simple mont\u00e9e, indique <a href=\"https:\/\/www.lechotouristique.com\/article\/paris-les-tours-de-notre-dame-rouvrent-ce-week-end\" target=\"_blank\" rel=\"noopener\">L&#8217;Echo Touristique<\/a>. La premi\u00e8re \u00e9tape ? Une immersion dans l\u2019histoire de la construction de la cath\u00e9drale gr\u00e2ce \u00e0 des maquettes et des rep\u00e8res p\u00e9dagogiques. Vous comprendrez alors tout le g\u00e9nie des b\u00e2tisseurs m\u00e9di\u00e9vaux qui ont fait de Notre-Dame un chef-d&#8217;\u0153uvre de l&#8217;architecture gothique.<\/span><\/p>\n<p><span style=\"font-weight: 400;\">Puis, direction la deuxi\u00e8me salle, o\u00f9 vous plongerez dans les grands moments historiques qui ont marqu\u00e9 la cath\u00e9drale. Des couronnements royaux aux grands \u00e9v\u00e9nements nationaux, chaque recoin de Notre-Dame r\u00e9sonne d\u2019histoire et d\u2019\u00e9motions. Un vrai retour dans le temps, o\u00f9 vous revivrez des instants qui ont fait de ce monument le c\u0153ur battant de la France.<\/span><\/p>\n<h2><b>424 marches pour une vue imprenable sur Paris<\/b><\/h2>\n<p><span style=\"font-weight: 400;\">Maintenant que vous \u00eates bien immerg\u00e9 dans l\u2019histoire, place \u00e0 l\u2019action ! C\u2019est l\u2019heure de l\u2019ascension. Vous gravirez<strong> 424 marches<\/strong>, mais ne vous inqui\u00e9tez pas, cela vaut largement le coup ! En haut, vous attend une vue \u00e0 couper le souffle sur Paris : la capitale s\u2019\u00e9tend sous vos pieds, du Louvre \u00e0 Montmartre. Et bien s\u00fbr, vous aurez un panorama exceptionnel sur la fl\u00e8che en reconstruction de Notre-Dame, un spectacle unique \u00e0 ne pas manquer.<\/span><\/p>\n<p><span style=\"font-weight: 400;\">Tout au long de votre mont\u00e9e, vous emprunterez un nouvel escalier en ch\u00eane \u00e0 double r\u00e9volution, con\u00e7u pour vous faire passer au c\u0153ur de la charpente du beffroi. Ce chef-d&#8217;\u0153uvre architectural vous permettra de d\u00e9couvrir l\u2019envers du d\u00e9cor et d\u2019admirer la structure qui soutient l\u2019un des plus beaux monuments de Paris.<\/span><\/p>\n<h2><b>Une exp\u00e9rience sonore et sensorielle pour cl\u00f4turer la visite<\/b><\/h2>\n<p><span style=\"font-weight: 400;\">Ce n\u2019est pas tout : pour adoucir votre descente apr\u00e8s une telle ascension, vous vivrez une exp\u00e9rience sonore in\u00e9dite. Imagin\u00e9e sp\u00e9cialement pour cette r\u00e9ouverture, cette immersion sensorielle vous accompagnera lors de la descente des escaliers en colima\u00e7on de la tour nord. L\u2019objectif ? Vous pr\u00e9parer \u00e0 retrouver la ville apr\u00e8s un moment suspendu dans le temps. Un petit voyage auditif qui vous fera sentir la magie du lieu jusque dans les moindres d\u00e9tails.<\/span><\/p>\n<h2><b>Pratique : R\u00e9servation obligatoire, mais \u00e7a en vaut la peine !<\/b><\/h2>\n<p><span style=\"font-weight: 400;\">Le parcours est d\u00e9sormais accessible \u00e0 tous, mais attention : comme on dit, \u00ab il faut r\u00e9server sa place \u00e0 l\u2019avance ! \u00bb En raison de l\u2019afflux attendu, aucun billet ne sera vendu sur place. Alors, ne perdez pas de temps et r\u00e9servez en ligne votre cr\u00e9neau horaire pour visiter les tours. La bonne nouvelle ? L\u2019entr\u00e9e est gratuite pour les moins de 18 ans, et pour les adultes, c\u2019est seulement 16 \u20ac.<\/span><\/p>\n<p><span style=\"font-weight: 400;\">N\u2019oubliez pas que cette visite n\u2019est pas de tout repos. Les 424 marches demandent une bonne condition physique. Le parcours est d\u00e9conseill\u00e9 aux personnes souffrant de vertiges ou aux femmes enceintes, donc mieux vaut pr\u00e9voir en cons\u00e9quence. Mais quelle aventure ! En plus, il n\u2019y a pas d\u2019ascenseur, pas de point d\u2019eau, ni de sanitaires dans les tours, donc pensez \u00e0 bien vous pr\u00e9parer avant de vous lancer dans l\u2019ascension.<\/span><\/p>\n<p><span style=\"font-weight: 400;\">Les horaires de visite varient : jusqu\u2019au 31 octobre 2025, vous pourrez acc\u00e9der aux tours de 9h \u00e0 23h (derni\u00e8re entr\u00e9e \u00e0 22h). \u00c0 partir du 1er novembre, les horaires seront un peu plus r\u00e9duits, avec une fermeture \u00e0 17h30. N\u2019oubliez pas la derni\u00e8re entr\u00e9e \u00e0 16h30 !<\/span><\/p>\n<h2><b>Un \u00e9v\u00e9nement \u00e0 ne pas manquer !<\/b><\/h2>\n<p><span style=\"font-weight: 400;\">Les Tours de Notre-Dame rouvrent enfin leurs portes apr\u00e8s quatre longues ann\u00e9es d&#8217;attente. Ce week-end marque une \u00e9tape historique dans la reconstruction de la cath\u00e9drale et une occasion unique pour tous les amoureux de <a href=\"https:\/\/discover.ulysse.com\/paris-capitale-francaise-titre-europeen\">Paris<\/a> de red\u00e9couvrir ce monument sous un nouvel angle. Entre histoire, architecture et panorama spectaculaire, cette visite promet d\u2019\u00eatre un souvenir m\u00e9morable. Alors, pr\u00e9parez-vous \u00e0 grimper, \u00e0 explorer et \u00e0 voir Paris d\u2019un autre point de vue !<\/span><\/p>\n<p>&nbsp;<\/p>\n","protected":false},"excerpt":{"rendered":"<p>Apr\u00e8s quatre longues ann\u00e9es de fermeture, c\u2019est enfin le grand retour des tours de Notre-Dame de Paris ! Ce week-end, [&hellip;]<\/p>\n","protected":false},"author":3,"featured_media":35160,"comment_status":"open","ping_status":"closed","sticky":false,"template":"","format":"standard","meta":{"_acf_changed":false,"_sitemap_exclude":false,"_sitemap_priority":"","_sitemap_frequency":"","footnotes":"","rank_math_title":"","rank_math_description":"Les Tours de Notre-Dame rouvrent ce week-end ! D\u00e9couvrez Paris sous un autre angle en gravissant les 424 marches de la cath\u00e9drale.\n","rank_math_canonical_url":"","rank_math_focus_keyword":"Notre-Dame"},"categories":[3],"tags":[],"class_list":["post-35159","post","type-post","status-publish","format-standard","has-post-thumbnail","hentry","category-voyage"],"acf":[],"_links":{"self":[{"href":"https:\/\/ulysse.com\/news\/wp-json\/wp\/v2\/posts\/35159","targetHints":{"allow":["GET"]}}],"collection":[{"href":"https:\/\/ulysse.com\/news\/wp-json\/wp\/v2\/posts"}],"about":[{"href":"https:\/\/ulysse.com\/news\/wp-json\/wp\/v2\/types\/post"}],"author":[{"embeddable":true,"href":"https:\/\/ulysse.com\/news\/wp-json\/wp\/v2\/users\/3"}],"replies":[{"embeddable":true,"href":"https:\/\/ulysse.com\/news\/wp-json\/wp\/v2\/comments?post=35159"}],"version-history":[{"count":3,"href":"https:\/\/ulysse.com\/news\/wp-json\/wp\/v2\/posts\/35159\/revisions"}],"predecessor-version":[{"id":35184,"href":"https:\/\/ulysse.com\/news\/wp-json\/wp\/v2\/posts\/35159\/revisions\/35184"}],"wp:featuredmedia":[{"embeddable":true,"href":"https:\/\/ulysse.com\/news\/wp-json\/wp\/v2\/media\/35160"}],"wp:attachment":[{"href":"https:\/\/ulysse.com\/news\/wp-json\/wp\/v2\/media?parent=35159"}],"wp:term":[{"taxonomy":"category","embeddable":true,"href":"https:\/\/ulysse.com\/news\/wp-json\/wp\/v2\/categories?post=35159"},{"taxonomy":"post_tag","embeddable":true,"href":"https:\/\/ulysse.com\/news\/wp-json\/wp\/v2\/tags?post=35159"}],"curies":[{"name":"wp","href":"https:\/\/api.w.org\/{rel}","templated":true}]}}