{"id":35162,"date":"2025-09-18T09:03:40","date_gmt":"2025-09-18T08:03:40","guid":{"rendered":"https:\/\/discover.ulysse.com\/?p=35162"},"modified":"2025-09-18T09:03:40","modified_gmt":"2025-09-18T08:03:40","slug":"evacuation-machu-picchu-touristes-perou","status":"publish","type":"post","link":"https:\/\/ulysse.com\/news\/evacuation-machu-picchu-touristes-perou","title":{"rendered":"\u00c9vacuation d\u2019urgence au Machu Picchu : 1 400 touristes pris au pi\u00e8ge au P\u00e9rou !"},"content":{"rendered":"<p><span style=\"font-weight: 400;\">Imaginez-vous sur le point de d\u00e9couvrir l\u2019un des sites les plus embl\u00e9matiques du monde, <strong>le Machu Picchu,<\/strong> quand soudain\u2026 tout s\u2019arr\u00eate ! Ce n\u2019est pas un sc\u00e9nario de film, mais bien ce qui est arriv\u00e9 \u00e0 plus de<strong> 1 400 touristes au P\u00e9rou<\/strong>, le 16 septembre 2025. Un blocage des voies d\u2019acc\u00e8s, des manifestations locales qui d\u00e9g\u00e9n\u00e8rent, et une \u00e9vacuation d\u2019urgence orchestr\u00e9e dans la panique la plus totale. Retour sur une journ\u00e9e d\u2019urgence o\u00f9 le Machu Picchu, souvent symbole de splendeur, est devenu le centre d\u2019un v\u00e9ritable chaos.<\/span><\/p>\n<h2><b>Quand le Machu Picchu se transforme en pi\u00e8ge touristique<\/b><\/h2>\n<p><span style=\"font-weight: 400;\">Le<a href=\"https:\/\/discover.ulysse.com\/securite-machu-picchu-cendres-diffusee-tiktok\"> Machu Picchu<\/a> est sans conteste l&#8217;un des joyaux du tourisme mondial. Perch\u00e9 \u00e0<strong> 2 400 m\u00e8tres d\u2019altitude<\/strong>, ce<strong> site inca<\/strong> attire chaque jour environ 4 500 visiteurs venus des quatre coins du monde. Mais le 16 septembre dernier, ce site de r\u00eave a pris des airs de pi\u00e8ge pour plus de 1 400 touristes, dont des Fran\u00e7ais, Japonais, Am\u00e9ricains et Br\u00e9siliens. Comment ? Tout a commenc\u00e9 par une manifestation locale, qui a rapidement d\u00e9g\u00e9n\u00e9r\u00e9 en blocage de la seule voie ferr\u00e9e reliant <strong>Aguas Calientes<\/strong> au site mythique.<\/span><\/p>\n<p><span style=\"font-weight: 400;\">Cette crise a plong\u00e9 les voyageurs dans l\u2019incertitude, contraints de rester coinc\u00e9s, parfois pendant plusieurs heures, dans des conditions difficiles. Alors que certains ont choisi de rester sur place, esp\u00e9rant que la situation se r\u00e9solve, d\u2019autres ont d\u00fb prendre leur mal en patience et faire face \u00e0 l\u2019inconfort d\u2019un transport alternatif pour quitter la zone.<\/span><\/p>\n<h2><b>Des manifestants et des pierres sur les rails : une journ\u00e9e sous tension<\/b><\/h2>\n<p><span style=\"font-weight: 400;\">La cause de cette agitation ? Un conflit local qui dure depuis plusieurs mois. Les habitants d\u2019Aguas Calientes et des environs exigent que la compagnie de bus, en charge du transport entre Aguas Calientes et le Machu Picchu, soit remplac\u00e9e par une entreprise locale. Leur contrat, qui a expir\u00e9 apr\u00e8s 30 ans de service, est au c\u0153ur des revendications. Mais la situation a rapidement d\u00e9g\u00e9n\u00e9r\u00e9 : pour exprimer leur m\u00e9contentement, les manifestants ont bloqu\u00e9 les voies ferr\u00e9es en pla\u00e7ant des rochers et des troncs d\u2019arbres sur plusieurs kilom\u00e8tres. En r\u00e9ponse, la police est intervenue, provoquant des affrontements violents.<\/span><\/p>\n<p><span style=\"font-weight: 400;\">Les autorit\u00e9s p\u00e9ruviennes ont d\u00fb faire face \u00e0 une pression immense pour \u00e9vacuer les 1 400 touristes pris au pi\u00e8ge. La situation a \u00e9t\u00e9 d\u2019autant plus compliqu\u00e9e que le site est accessible uniquement par train ou \u00e0 pied. D\u00e8s le matin, une premi\u00e8re \u00e9vacuation a permis de lib\u00e9rer la moiti\u00e9 des voyageurs, tandis que le reste \u00e9tait encore bloqu\u00e9 en raison de nouveaux blocages dans la soir\u00e9e, rapporte<a href=\"https:\/\/www.geo.fr\/voyage\/en-pleine-crise-locale-des-touristes-du-monde-entier-evacues-du-machu-picchu-228642\" target=\"_blank\" rel=\"noopener\"> Geo<\/a>.<\/span><\/p>\n<h2><b>Le Machu Picchu : entre patrimoine mondial et tensions sociales<\/b><\/h2>\n<p><span style=\"font-weight: 400;\">Si la crise a pris une tournure dramatique, elle soul\u00e8ve aussi des questions profondes sur la gestion du tourisme au <a href=\"https:\/\/discover.ulysse.com\/perou-hiver-villes-francaises-vols-directs-lima\">P\u00e9rou<\/a>. Le Machu Picchu, inscrit au patrimoine mondial de l\u2019UNESCO, est un lieu de culte pour les <strong>P\u00e9ruviens<\/strong> et les visiteurs du monde entier. Mais ce site mondialement c\u00e9l\u00e8bre attire chaque ann\u00e9e un nombre croissant de touristes, et l\u2019infrastructure locale peine \u00e0 suivre. Le transport, par exemple, est un casse-t\u00eate : la voie ferr\u00e9e et la route menant au site sont souvent sous tension, et les habitants demandent une redistribution des b\u00e9n\u00e9fices du tourisme.<\/span><\/p>\n<p><span style=\"font-weight: 400;\">Les tensions entre les communaut\u00e9s locales et les autorit\u00e9s, exacerb\u00e9es par des revendications sociales l\u00e9gitimes, mettent en lumi\u00e8re un probl\u00e8me majeur. Le P\u00e9rou doit trouver un \u00e9quilibre entre la gestion de son patrimoine et les besoins de ses populations locales. Si l\u2019\u00e9conomie du tourisme g\u00e9n\u00e8re des milliards, elle ne profite pas toujours \u00e0 ceux qui vivent \u00e0 proximit\u00e9 des sites touristiques, comme le Machu Picchu. Il est donc urgent de repenser un mod\u00e8le qui inclut mieux les populations locales tout en pr\u00e9servant l&#8217;int\u00e9grit\u00e9 du site.<\/span><\/p>\n<h2><b>L\u2019apr\u00e8s-crise : les touristes retrouv\u00e9s\u2026 mais la question reste en suspend<\/b><\/h2>\n<p><span style=\"font-weight: 400;\">Heureusement, apr\u00e8s plusieurs heures de panique et de perturbations, la situation s&#8217;est finalement calm\u00e9e. Les autorit\u00e9s ont organis\u00e9 l&#8217;\u00e9vacuation du reste des touristes, leur permettant de rejoindre <strong>Cusco<\/strong>, la capitale historique de<strong> l\u2019Empire Inca<\/strong>. Mais cette \u00e9vacuation d&#8217;urgence a laiss\u00e9 un go\u00fbt amer. De nombreux visiteurs se sont plaints des conditions de transport, notamment ceux qui ont d\u00fb marcher plusieurs heures sous la chaleur pour rejoindre un bus.<\/span><\/p>\n<p><span style=\"font-weight: 400;\">Mais au-del\u00e0 de la gestion de la crise, c\u2019est le futur du tourisme au P\u00e9rou qui se joue. Comment \u00e9viter de telles situations \u00e0 l\u2019avenir ? Le P\u00e9rou doit-il limiter le nombre de touristes ou revoir la gestion des transports ? Autant de questions qui devront \u00eatre trait\u00e9es pour garantir un avenir serein pour le Machu Picchu et ses visiteurs.<\/span><\/p>\n<p><span style=\"font-weight: 400;\">L\u2019\u00e9vacuation d\u2019urgence au Machu Picchu a \u00e9t\u00e9 un \u00e9v\u00e9nement marquant, non seulement pour les touristes concern\u00e9s, mais aussi pour le P\u00e9rou tout entier. Ce n\u2019est pas qu\u2019une histoire de transport bloqu\u00e9, mais bien un appel \u00e0 repenser la gestion de l&#8217;un des sites touristiques les plus c\u00e9l\u00e8bres du monde. Le d\u00e9fi pour le P\u00e9rou sera d\u00e9sormais de trouver un \u00e9quilibre entre l\u2019exploitation touristique et la pr\u00e9servation des int\u00e9r\u00eats des populations locales. En attendant, le Machu Picchu reste un lieu de beaut\u00e9 et de myst\u00e8re\u2026 mais un peu plus complexe \u00e0 vivre pour ceux qui esp\u00e8rent s\u2019y rendre.<\/span><\/p>\n","protected":false},"excerpt":{"rendered":"<p>Imaginez-vous sur le point de d\u00e9couvrir l\u2019un des sites les plus embl\u00e9matiques du monde, le Machu Picchu, quand soudain\u2026 tout [&hellip;]<\/p>\n","protected":false},"author":3,"featured_media":35163,"comment_status":"open","ping_status":"closed","sticky":false,"template":"","format":"standard","meta":{"_acf_changed":false,"_sitemap_exclude":false,"_sitemap_priority":"","_sitemap_frequency":"","footnotes":"","rank_math_title":"","rank_math_description":"Au Machu Picchu, 1 400 touristes ont \u00e9t\u00e9 \u00e9vacu\u00e9s apr\u00e8s un blocage local. Une crise qui met en lumi\u00e8re les d\u00e9fis du tourisme au P\u00e9rou !\n","rank_math_canonical_url":"","rank_math_focus_keyword":"Machu Picchu"},"categories":[3],"tags":[],"class_list":["post-35162","post","type-post","status-publish","format-standard","has-post-thumbnail","hentry","category-voyage"],"acf":[],"_links":{"self":[{"href":"https:\/\/ulysse.com\/news\/wp-json\/wp\/v2\/posts\/35162","targetHints":{"allow":["GET"]}}],"collection":[{"href":"https:\/\/ulysse.com\/news\/wp-json\/wp\/v2\/posts"}],"about":[{"href":"https:\/\/ulysse.com\/news\/wp-json\/wp\/v2\/types\/post"}],"author":[{"embeddable":true,"href":"https:\/\/ulysse.com\/news\/wp-json\/wp\/v2\/users\/3"}],"replies":[{"embeddable":true,"href":"https:\/\/ulysse.com\/news\/wp-json\/wp\/v2\/comments?post=35162"}],"version-history":[{"count":2,"href":"https:\/\/ulysse.com\/news\/wp-json\/wp\/v2\/posts\/35162\/revisions"}],"predecessor-version":[{"id":35177,"href":"https:\/\/ulysse.com\/news\/wp-json\/wp\/v2\/posts\/35162\/revisions\/35177"}],"wp:featuredmedia":[{"embeddable":true,"href":"https:\/\/ulysse.com\/news\/wp-json\/wp\/v2\/media\/35163"}],"wp:attachment":[{"href":"https:\/\/ulysse.com\/news\/wp-json\/wp\/v2\/media?parent=35162"}],"wp:term":[{"taxonomy":"category","embeddable":true,"href":"https:\/\/ulysse.com\/news\/wp-json\/wp\/v2\/categories?post=35162"},{"taxonomy":"post_tag","embeddable":true,"href":"https:\/\/ulysse.com\/news\/wp-json\/wp\/v2\/tags?post=35162"}],"curies":[{"name":"wp","href":"https:\/\/api.w.org\/{rel}","templated":true}]}}