{"id":35168,"date":"2025-09-18T13:00:41","date_gmt":"2025-09-18T12:00:41","guid":{"rendered":"https:\/\/discover.ulysse.com\/?p=35168"},"modified":"2025-09-18T10:23:20","modified_gmt":"2025-09-18T09:23:20","slug":"voyagez-a-travers-les-siecles-ce-week-end-avec-les-journees-europeennes-du-patrimoine","status":"publish","type":"post","link":"https:\/\/ulysse.com\/news\/voyagez-a-travers-les-siecles-ce-week-end-avec-les-journees-europeennes-du-patrimoine","title":{"rendered":"Voyagez \u00e0 travers les si\u00e8cles ce week-end avec les Journ\u00e9es Europ\u00e9ennes du Patrimoine"},"content":{"rendered":"<p><span style=\"font-weight: 400;\">Les <\/span><b>Journ\u00e9es Europ\u00e9ennes du Patrimoine<\/b><span style=\"font-weight: 400;\"> sont de retour, et cette ann\u00e9e, pr\u00e9parez-vous \u00e0 embarquer pour un voyage dans le temps ! Du<strong> 19 au 21 septembre 2025<\/strong>, toute la France vous ouvre ses portes pour une aventure au c\u0153ur de son histoire, de ses monuments, et de ses tr\u00e9sors oubli\u00e9s. Phares, palais secrets, trains mythiques, et bien plus encore&#8230; Voil\u00e0 l&#8217;occasion r\u00eav\u00e9e de d\u00e9couvrir un patrimoine fran\u00e7ais haut en couleur, mais aussi de revivre une \u00e9poque o\u00f9 le luxe, l\u2019art de vivre et la grandeur \u00e9taient \u00e0 l\u2019honneur. Pr\u00eat pour le grand saut dans le pass\u00e9 ? En route pour une escapade qui ne manquera pas de vous \u00e9blouir !<\/span><\/p>\n<h2><b>Le mythique Orient Express : un train l\u00e9gendaire vous attend \u00e0 Paris<\/b><\/h2>\n<p><span style=\"font-weight: 400;\">Si le train a toujours eu un c\u00f4t\u00e9 fascinant, l\u2019<\/span><b>Orient Express<\/b><span style=\"font-weight: 400;\"> est sans aucun doute le roi des rails. Et cette ann\u00e9e, il fait une halte spectaculaire \u00e0 la <strong>gare d\u2019Austerlitz<\/strong>, \u00e0 Paris, pour les<a href=\"https:\/\/discover.ulysse.com\/vous-croyez-connaitre-paris-voici-5-lieux-secrets-a-decouvrir-pendant-les-journees-du-patrimoine-2025\"> Journ\u00e9es Europ\u00e9ennes du Patrimoine<\/a><\/span><span style=\"font-weight: 400;\">\u00a0! Ce n\u2019est pas tous les jours que vous pouvez monter \u00e0 bord d\u2019une rame Pullman des ann\u00e9es 1925-1929, restaur\u00e9e avec un soin m\u00e9ticuleux. En poussant les portes, vous plongez dans un d\u00e9cor digne des plus grands films : bois vernis, cuir moelleux, appliques en laiton et plafonniers d\u2019\u00e9poque. De quoi voyager dans le temps avec style !<\/span><\/p>\n<p><span style=\"font-weight: 400;\">Pour l\u2019occasion, <a href=\"https:\/\/discover.ulysse.com\/le-grand-tour-train-luxe-defit-orient-express\">l\u2019<\/a><\/span><a href=\"https:\/\/discover.ulysse.com\/le-grand-tour-train-luxe-defit-orient-express\">Orient Express<\/a><span style=\"font-weight: 400;\"> s\u2019illumine de mille feux lors des visites nocturnes, o\u00f9 chaque lampe et chaque d\u00e9tail brille sous la verri\u00e8re de la gare. C\u2019est un peu comme embarquer pour une croisi\u00e8re luxueuse, mais sur rails. On se sent tout de suite transport\u00e9 \u00e0 une \u00e9poque o\u00f9 le train \u00e9tait synonyme de voyage prestigieux et d\u2019aventure. Si vous \u00eates de passage \u00e0 Paris, il serait dommage de passer \u00e0 c\u00f4t\u00e9 d\u2019un tel d\u00e9cor. Alors, on saute dans ce train pour une exp\u00e9rience hors du commun ?<\/span><\/p>\n<blockquote class=\"instagram-media\" style=\"background: #FFF; border: 0; border-radius: 3px; margin: 1px; max-width: 540px; min-width: 326px; padding: 0; width: calc(100% - 2px);\" data-instgrm-captioned=\"\" data-instgrm-permalink=\"https:\/\/www.instagram.com\/p\/DN0H46K1MSA\/?utm_source=ig_embed&amp;utm_campaign=loading\" data-instgrm-version=\"14\">\n<div style=\"padding: 16px;\">\n<p>&nbsp;<\/p>\n<div style=\"flex-direction: row; align-items: center;\">\n<div style=\"background-color: #f4f4f4; border-radius: 50%; flex-grow: 0; height: 40px; margin-right: 14px; width: 40px;\"><\/div>\n<div style=\"flex-direction: column; flex-grow: 1; justify-content: center;\">\n<div style=\"background-color: #f4f4f4; border-radius: 4px; flex-grow: 0; height: 14px; margin-bottom: 6px; width: 100px;\"><\/div>\n<div style=\"background-color: #f4f4f4; border-radius: 4px; flex-grow: 0; height: 14px; width: 60px;\"><\/div>\n<\/div>\n<\/div>\n<div style=\"padding: 19% 0;\"><\/div>\n<div style=\"height: 50px; margin: 0 auto 12px; width: 50px;\"><\/div>\n<div style=\"padding-top: 8px;\">\n<div style=\"color: #3897f0; font-family: Arial,sans-serif; font-size: 14px; font-style: normal; font-weight: 550; line-height: 18px;\">Voir cette publication sur Instagram<\/div>\n<\/div>\n<div style=\"padding: 12.5% 0;\"><\/div>\n<div style=\"flex-direction: row; margin-bottom: 14px; align-items: center;\">\n<div>\n<div style=\"background-color: #f4f4f4; border-radius: 50%; height: 12.5px; width: 12.5px;\"><\/div>\n<div style=\"background-color: #f4f4f4; height: 12.5px; width: 12.5px; flex-grow: 0; margin-right: 14px; margin-left: 2px;\"><\/div>\n<div style=\"background-color: #f4f4f4; border-radius: 50%; height: 12.5px; width: 12.5px;\"><\/div>\n<\/div>\n<div style=\"margin-left: 8px;\">\n<div style=\"background-color: #f4f4f4; border-radius: 50%; flex-grow: 0; height: 20px; width: 20px;\"><\/div>\n<div style=\"width: 0; height: 0; border-top: 2px solid transparent; border-left: 6px solid #f4f4f4; border-bottom: 2px solid transparent;\"><\/div>\n<\/div>\n<div style=\"margin-left: auto;\">\n<div style=\"width: 0px; border-top: 8px solid #F4F4F4; border-right: 8px solid transparent;\"><\/div>\n<div style=\"background-color: #f4f4f4; flex-grow: 0; height: 12px; width: 16px;\"><\/div>\n<div style=\"width: 0; height: 0; border-top: 8px solid #F4F4F4; border-left: 8px solid transparent;\"><\/div>\n<\/div>\n<\/div>\n<div style=\"flex-direction: column; flex-grow: 1; justify-content: center; margin-bottom: 24px;\">\n<div style=\"background-color: #f4f4f4; border-radius: 4px; flex-grow: 0; height: 14px; margin-bottom: 6px; width: 224px;\"><\/div>\n<div style=\"background-color: #f4f4f4; border-radius: 4px; flex-grow: 0; height: 14px; width: 144px;\"><\/div>\n<\/div>\n<p>&nbsp;<\/p>\n<p style=\"color: #c9c8cd; font-family: Arial,sans-serif; font-size: 14px; line-height: 17px; margin-bottom: 0; margin-top: 8px; overflow: hidden; padding: 8px 0 7px; text-align: center;\"><a style=\"color: #c9c8cd; font-family: Arial,sans-serif; font-size: 14px; font-style: normal; font-weight: normal; line-height: 17px; text-decoration: none;\" href=\"https:\/\/www.instagram.com\/p\/DN0H46K1MSA\/?utm_source=ig_embed&amp;utm_campaign=loading\" target=\"_blank\" rel=\"noopener\">Une publication partag\u00e9e par ORIENT EXPRESS (@orientexpress)<\/a><\/p>\n<\/div>\n<\/blockquote>\n<h2><b>Les Villas Imp\u00e9riales \u00e0 Biarritz : un saut dans la Belle \u00c9poque<\/b><\/h2>\n<p><span style=\"font-weight: 400;\">Envie de d\u00e9ambuler dans les pas de l\u2019aristocratie europ\u00e9enne du XIXe si\u00e8cle ? Direction <\/span><b>Biarritz<\/b><span style=\"font-weight: 400;\">, o\u00f9 l\u2019<\/span><b>Avenue de l\u2019Imp\u00e9ratrice<\/b><span style=\"font-weight: 400;\"> vous d\u00e9voile ses <strong>villas Belle \u00c9poque<\/strong> lors d\u2019une balade guid\u00e9e au c\u0153ur de la station baln\u00e9aire la plus chic de la c\u00f4te Atlantique. Ces villas, construites pour l\u2019aristocratie, t\u00e9moignent de la grandeur de l\u2019\u00e9poque, et en apprendre plus sur leur histoire, c\u2019est un peu comme ouvrir un livre d\u2019histoire vivante.<\/span><\/p>\n<p><span style=\"font-weight: 400;\">Les guides vous livreront des anecdotes mondaines et des secrets de cette \u00e9poque o\u00f9 la haute soci\u00e9t\u00e9 se retrouvait sur ces terres oc\u00e9aniques. Les panoramas sur l\u2019Atlantique sont tout simplement sublimes, et chaque villa raconte une histoire de luxe, de mode et de plaisir. Le tout, en profitant de l\u2019air iod\u00e9 et du charme inimitable de Biarritz. Une mani\u00e8re parfaite de faire une pause dans le temps et de revivre le faste des si\u00e8cles pass\u00e9s.<\/span><\/p>\n<blockquote class=\"instagram-media\" style=\"background: #FFF; border: 0; border-radius: 3px; margin: 1px; max-width: 540px; min-width: 326px; padding: 0; width: calc(100% - 2px);\" data-instgrm-captioned=\"\" data-instgrm-permalink=\"https:\/\/www.instagram.com\/p\/CK1GAzhMvTl\/?utm_source=ig_embed&amp;utm_campaign=loading\" data-instgrm-version=\"14\">\n<div style=\"padding: 16px;\">\n<p>&nbsp;<\/p>\n<div style=\"flex-direction: row; align-items: center;\">\n<div style=\"background-color: #f4f4f4; border-radius: 50%; flex-grow: 0; height: 40px; margin-right: 14px; width: 40px;\"><\/div>\n<div style=\"flex-direction: column; flex-grow: 1; justify-content: center;\">\n<div style=\"background-color: #f4f4f4; border-radius: 4px; flex-grow: 0; height: 14px; margin-bottom: 6px; width: 100px;\"><\/div>\n<div style=\"background-color: #f4f4f4; border-radius: 4px; flex-grow: 0; height: 14px; width: 60px;\"><\/div>\n<\/div>\n<\/div>\n<div style=\"padding: 19% 0;\"><\/div>\n<div style=\"height: 50px; margin: 0 auto 12px; width: 50px;\"><\/div>\n<div style=\"padding-top: 8px;\">\n<div style=\"color: #3897f0; font-family: Arial,sans-serif; font-size: 14px; font-style: normal; font-weight: 550; line-height: 18px;\">Voir cette publication sur Instagram<\/div>\n<\/div>\n<div style=\"padding: 12.5% 0;\"><\/div>\n<div style=\"flex-direction: row; margin-bottom: 14px; align-items: center;\">\n<div>\n<div style=\"background-color: #f4f4f4; border-radius: 50%; height: 12.5px; width: 12.5px;\"><\/div>\n<div style=\"background-color: #f4f4f4; height: 12.5px; width: 12.5px; flex-grow: 0; margin-right: 14px; margin-left: 2px;\"><\/div>\n<div style=\"background-color: #f4f4f4; border-radius: 50%; height: 12.5px; width: 12.5px;\"><\/div>\n<\/div>\n<div style=\"margin-left: 8px;\">\n<div style=\"background-color: #f4f4f4; border-radius: 50%; flex-grow: 0; height: 20px; width: 20px;\"><\/div>\n<div style=\"width: 0; height: 0; border-top: 2px solid transparent; border-left: 6px solid #f4f4f4; border-bottom: 2px solid transparent;\"><\/div>\n<\/div>\n<div style=\"margin-left: auto;\">\n<div style=\"width: 0px; border-top: 8px solid #F4F4F4; border-right: 8px solid transparent;\"><\/div>\n<div style=\"background-color: #f4f4f4; flex-grow: 0; height: 12px; width: 16px;\"><\/div>\n<div style=\"width: 0; height: 0; border-top: 8px solid #F4F4F4; border-left: 8px solid transparent;\"><\/div>\n<\/div>\n<\/div>\n<div style=\"flex-direction: column; flex-grow: 1; justify-content: center; margin-bottom: 24px;\">\n<div style=\"background-color: #f4f4f4; border-radius: 4px; flex-grow: 0; height: 14px; margin-bottom: 6px; width: 224px;\"><\/div>\n<div style=\"background-color: #f4f4f4; border-radius: 4px; flex-grow: 0; height: 14px; width: 144px;\"><\/div>\n<\/div>\n<p>&nbsp;<\/p>\n<p style=\"color: #c9c8cd; font-family: Arial,sans-serif; font-size: 14px; line-height: 17px; margin-bottom: 0; margin-top: 8px; overflow: hidden; padding: 8px 0 7px; text-align: center;\"><a style=\"color: #c9c8cd; font-family: Arial,sans-serif; font-size: 14px; font-style: normal; font-weight: normal; line-height: 17px; text-decoration: none;\" href=\"https:\/\/www.instagram.com\/p\/CK1GAzhMvTl\/?utm_source=ig_embed&amp;utm_campaign=loading\" target=\"_blank\" rel=\"noopener\">Une publication partag\u00e9e par Imperial Stay Biarritz (@imperial_stay)<\/a><\/p>\n<\/div>\n<\/blockquote>\n<h2><b>Le Phare de Cordouan : \u00e0 la rencontre de la mer et de l\u2019histoire<\/b><\/h2>\n<p><span style=\"font-weight: 400;\">Si vous avez l\u2019\u00e2me aventuri\u00e8re, le <b>Phare de Cordouan<\/b><\/span><span style=\"font-weight: 400;\">, surnomm\u00e9 le &#8220;<strong>Versailles de la mer<\/strong>&#8220;, vous attend pour une escapade tout droit sortie d\u2019un autre si\u00e8cle. Ce phare, le dernier encore habit\u00e9 en France, vous ouvre ses portes pour une exp\u00e9rience unique. En mer, au large du <strong>Verdon-sur-Mer<\/strong>, le phare n\u2019est pas seulement un monument historique, mais un v\u00e9ritable voyage dans le temps. Les <\/span><b>gardiens du phare<\/b><span style=\"font-weight: 400;\"> vous raconteront leur quotidien et comment ils entretiennent ce monument exceptionnel, tandis que la <\/span><b>conservatrice<\/b><span style=\"font-weight: 400;\"> vous guidera \u00e0 travers l\u2019histoire de sa restauration.<\/span><\/p>\n<p><span style=\"font-weight: 400;\">Cette visite \u00e0 double voix est une immersion totale dans un lieu o\u00f9 l\u2019histoire, l\u2019architecture et la mer se rencontrent dans une harmonie parfaite. Ce phare richement d\u00e9cor\u00e9, v\u00e9ritable joyau de l\u2019architecture maritime, est l\u2019endroit id\u00e9al pour s\u2019\u00e9vader et revivre une \u00e9poque o\u00f9 chaque \u00e9l\u00e9ment de la mer racontait une histoire. En plus, vous aurez droit \u00e0 un panorama incroyable sur l\u2019oc\u00e9an, qui est une raison suffisante pour se rendre sur place. Prendre le bateau pour y acc\u00e9der, c\u2019est d\u00e9j\u00e0 une aventure en soi ! Un petit d\u00e9tour en train depuis Bordeaux, et vous voil\u00e0 pr\u00eat \u00e0 embarquer pour cette exp\u00e9dition maritime m\u00e9morable.<\/span><\/p>\n<blockquote class=\"instagram-media\" style=\"background: #FFF; border: 0; border-radius: 3px; margin: 1px; max-width: 540px; min-width: 326px; padding: 0; width: calc(100% - 2px);\" data-instgrm-captioned=\"\" data-instgrm-permalink=\"https:\/\/www.instagram.com\/p\/DMEEKansBpO\/?utm_source=ig_embed&amp;utm_campaign=loading\" data-instgrm-version=\"14\">\n<div style=\"padding: 16px;\">\n<p>&nbsp;<\/p>\n<div style=\"flex-direction: row; align-items: center;\">\n<div style=\"background-color: #f4f4f4; border-radius: 50%; flex-grow: 0; height: 40px; margin-right: 14px; width: 40px;\"><\/div>\n<div style=\"flex-direction: column; flex-grow: 1; justify-content: center;\">\n<div style=\"background-color: #f4f4f4; border-radius: 4px; flex-grow: 0; height: 14px; margin-bottom: 6px; width: 100px;\"><\/div>\n<div style=\"background-color: #f4f4f4; border-radius: 4px; flex-grow: 0; height: 14px; width: 60px;\"><\/div>\n<\/div>\n<\/div>\n<div style=\"padding: 19% 0;\"><\/div>\n<div style=\"height: 50px; margin: 0 auto 12px; width: 50px;\"><\/div>\n<div style=\"padding-top: 8px;\">\n<div style=\"color: #3897f0; font-family: Arial,sans-serif; font-size: 14px; font-style: normal; font-weight: 550; line-height: 18px;\">Voir cette publication sur Instagram<\/div>\n<\/div>\n<div style=\"padding: 12.5% 0;\"><\/div>\n<div style=\"flex-direction: row; margin-bottom: 14px; align-items: center;\">\n<div>\n<div style=\"background-color: #f4f4f4; border-radius: 50%; height: 12.5px; width: 12.5px;\"><\/div>\n<div style=\"background-color: #f4f4f4; height: 12.5px; width: 12.5px; flex-grow: 0; margin-right: 14px; margin-left: 2px;\"><\/div>\n<div style=\"background-color: #f4f4f4; border-radius: 50%; height: 12.5px; width: 12.5px;\"><\/div>\n<\/div>\n<div style=\"margin-left: 8px;\">\n<div style=\"background-color: #f4f4f4; border-radius: 50%; flex-grow: 0; height: 20px; width: 20px;\"><\/div>\n<div style=\"width: 0; height: 0; border-top: 2px solid transparent; border-left: 6px solid #f4f4f4; border-bottom: 2px solid transparent;\"><\/div>\n<\/div>\n<div style=\"margin-left: auto;\">\n<div style=\"width: 0px; border-top: 8px solid #F4F4F4; border-right: 8px solid transparent;\"><\/div>\n<div style=\"background-color: #f4f4f4; flex-grow: 0; height: 12px; width: 16px;\"><\/div>\n<div style=\"width: 0; height: 0; border-top: 8px solid #F4F4F4; border-left: 8px solid transparent;\"><\/div>\n<\/div>\n<\/div>\n<div style=\"flex-direction: column; flex-grow: 1; justify-content: center; margin-bottom: 24px;\">\n<div style=\"background-color: #f4f4f4; border-radius: 4px; flex-grow: 0; height: 14px; margin-bottom: 6px; width: 224px;\"><\/div>\n<div style=\"background-color: #f4f4f4; border-radius: 4px; flex-grow: 0; height: 14px; width: 144px;\"><\/div>\n<\/div>\n<p>&nbsp;<\/p>\n<p style=\"color: #c9c8cd; font-family: Arial,sans-serif; font-size: 14px; line-height: 17px; margin-bottom: 0; margin-top: 8px; overflow: hidden; padding: 8px 0 7px; text-align: center;\"><a style=\"color: #c9c8cd; font-family: Arial,sans-serif; font-size: 14px; font-style: normal; font-weight: normal; line-height: 17px; text-decoration: none;\" href=\"https:\/\/www.instagram.com\/p\/DMEEKansBpO\/?utm_source=ig_embed&amp;utm_campaign=loading\" target=\"_blank\" rel=\"noopener\">Une publication partag\u00e9e par Christophe Cdt (@__french__flair__photo)<\/a><\/p>\n<\/div>\n<\/blockquote>\n<h2><b>L\u2019Op\u00e9ra de Lyon : l\u2019art vivant \u00e0 port\u00e9e de mains<\/b><\/h2>\n<p><span style=\"font-weight: 400;\">Impossible de parler patrimoine sans \u00e9voquer la <\/span><b>culture vivante<\/b><span style=\"font-weight: 400;\">. Et quoi de mieux que l\u2019<\/span><b>Op\u00e9ra de Lyon<\/b><span style=\"font-weight: 400;\"> pour allier architecture et art ? Cet \u00e9difice, transform\u00e9 par <\/span><b>Jean Nouvel<\/b><span style=\"font-weight: 400;\">, vous invite \u00e0 d\u00e9couvrir ses coulisses lors des <\/span><b>Journ\u00e9es Europ\u00e9ennes du Patrimoine<\/b><span style=\"font-weight: 400;\">. D\u00e9couvrez l\u2019Op\u00e9ra sous un angle in\u00e9dit en explorant ses salons historiques, ses ateliers de costumes et ses zones habituellement ferm\u00e9es au public. C\u2019est l\u2019occasion r\u00eav\u00e9e de voir de pr\u00e8s le processus cr\u00e9atif et les secrets de fabrication des spectacles qui font briller cette institution.<\/span><\/p>\n<p><span style=\"font-weight: 400;\">L\u2019Op\u00e9ra de Lyon, c\u2019est une rencontre fascinante entre tradition et modernit\u00e9. Le parcours \u00e0 travers la grande salle et les espaces r\u00e9serv\u00e9s aux artistes est une v\u00e9ritable plong\u00e9e dans l\u2019univers de l\u2019art vivant, et un moyen id\u00e9al de comprendre la magie qui se cache derri\u00e8re chaque repr\u00e9sentation. \u00c0 ne manquer sous aucun pr\u00e9texte !<\/span><\/p>\n<blockquote class=\"instagram-media\" style=\"background: #FFF; border: 0; border-radius: 3px; margin: 1px; max-width: 540px; min-width: 326px; padding: 0; width: calc(100% - 2px);\" data-instgrm-captioned=\"\" data-instgrm-permalink=\"https:\/\/www.instagram.com\/p\/DLUgqTUCa_-\/?utm_source=ig_embed&amp;utm_campaign=loading\" data-instgrm-version=\"14\">\n<div style=\"padding: 16px;\">\n<p>&nbsp;<\/p>\n<div style=\"flex-direction: row; align-items: center;\">\n<div style=\"background-color: #f4f4f4; border-radius: 50%; flex-grow: 0; height: 40px; margin-right: 14px; width: 40px;\"><\/div>\n<div style=\"flex-direction: column; flex-grow: 1; justify-content: center;\">\n<div style=\"background-color: #f4f4f4; border-radius: 4px; flex-grow: 0; height: 14px; margin-bottom: 6px; width: 100px;\"><\/div>\n<div style=\"background-color: #f4f4f4; border-radius: 4px; flex-grow: 0; height: 14px; width: 60px;\"><\/div>\n<\/div>\n<\/div>\n<div style=\"padding: 19% 0;\"><\/div>\n<div style=\"height: 50px; margin: 0 auto 12px; width: 50px;\"><\/div>\n<div style=\"padding-top: 8px;\">\n<div style=\"color: #3897f0; font-family: Arial,sans-serif; font-size: 14px; font-style: normal; font-weight: 550; line-height: 18px;\">Voir cette publication sur Instagram<\/div>\n<\/div>\n<div style=\"padding: 12.5% 0;\"><\/div>\n<div style=\"flex-direction: row; margin-bottom: 14px; align-items: center;\">\n<div>\n<div style=\"background-color: #f4f4f4; border-radius: 50%; height: 12.5px; width: 12.5px;\"><\/div>\n<div style=\"background-color: #f4f4f4; height: 12.5px; width: 12.5px; flex-grow: 0; margin-right: 14px; margin-left: 2px;\"><\/div>\n<div style=\"background-color: #f4f4f4; border-radius: 50%; height: 12.5px; width: 12.5px;\"><\/div>\n<\/div>\n<div style=\"margin-left: 8px;\">\n<div style=\"background-color: #f4f4f4; border-radius: 50%; flex-grow: 0; height: 20px; width: 20px;\"><\/div>\n<div style=\"width: 0; height: 0; border-top: 2px solid transparent; border-left: 6px solid #f4f4f4; border-bottom: 2px solid transparent;\"><\/div>\n<\/div>\n<div style=\"margin-left: auto;\">\n<div style=\"width: 0px; border-top: 8px solid #F4F4F4; border-right: 8px solid transparent;\"><\/div>\n<div style=\"background-color: #f4f4f4; flex-grow: 0; height: 12px; width: 16px;\"><\/div>\n<div style=\"width: 0; height: 0; border-top: 8px solid #F4F4F4; border-left: 8px solid transparent;\"><\/div>\n<\/div>\n<\/div>\n<div style=\"flex-direction: column; flex-grow: 1; justify-content: center; margin-bottom: 24px;\">\n<div style=\"background-color: #f4f4f4; border-radius: 4px; flex-grow: 0; height: 14px; margin-bottom: 6px; width: 224px;\"><\/div>\n<div style=\"background-color: #f4f4f4; border-radius: 4px; flex-grow: 0; height: 14px; width: 144px;\"><\/div>\n<\/div>\n<p>&nbsp;<\/p>\n<p style=\"color: #c9c8cd; font-family: Arial,sans-serif; font-size: 14px; line-height: 17px; margin-bottom: 0; margin-top: 8px; overflow: hidden; padding: 8px 0 7px; text-align: center;\"><a style=\"color: #c9c8cd; font-family: Arial,sans-serif; font-size: 14px; font-style: normal; font-weight: normal; line-height: 17px; text-decoration: none;\" href=\"https:\/\/www.instagram.com\/p\/DLUgqTUCa_-\/?utm_source=ig_embed&amp;utm_campaign=loading\" target=\"_blank\" rel=\"noopener\">Une publication partag\u00e9e par Ope\u0301ra de Lyon (@operadelyon)<\/a><\/p>\n<\/div>\n<\/blockquote>\n<p><span style=\"font-weight: 400;\">Les <\/span><b>Journ\u00e9es Europ\u00e9ennes du Patrimoine<\/b><span style=\"font-weight: 400;\"> sont bien plus qu\u2019un simple week-end portes ouvertes. Elles sont une invitation \u00e0 voyager dans le temps, \u00e0 red\u00e9couvrir un patrimoine vivant et riche, \u00e0 s\u2019\u00e9merveiller devant des lieux empreints de magie et d\u2019histoire. Alors, cette ann\u00e9e, ne laissez pas passer l\u2019occasion de vous offrir une escapade inoubliable \u00e0 travers des phares, des trains mythiques et des palais majestueux.<\/span><\/p>\n","protected":false},"excerpt":{"rendered":"<p>Les Journ\u00e9es Europ\u00e9ennes du Patrimoine sont de retour, et cette ann\u00e9e, pr\u00e9parez-vous \u00e0 embarquer pour un voyage dans le temps [&hellip;]<\/p>\n","protected":false},"author":3,"featured_media":35169,"comment_status":"open","ping_status":"closed","sticky":false,"template":"","format":"standard","meta":{"_acf_changed":false,"_sitemap_exclude":false,"_sitemap_priority":"","_sitemap_frequency":"","footnotes":"","rank_math_title":"","rank_math_description":"Plongez dans l'histoire ce week-end : explorez phares, palais et trains mythiques lors des Journ\u00e9es Europ\u00e9ennes du Patrimoine !\n","rank_math_canonical_url":"","rank_math_focus_keyword":"patrimoine,journ\u00e9e"},"categories":[3],"tags":[],"class_list":["post-35168","post","type-post","status-publish","format-standard","has-post-thumbnail","hentry","category-voyage"],"acf":[],"_links":{"self":[{"href":"https:\/\/ulysse.com\/news\/wp-json\/wp\/v2\/posts\/35168","targetHints":{"allow":["GET"]}}],"collection":[{"href":"https:\/\/ulysse.com\/news\/wp-json\/wp\/v2\/posts"}],"about":[{"href":"https:\/\/ulysse.com\/news\/wp-json\/wp\/v2\/types\/post"}],"author":[{"embeddable":true,"href":"https:\/\/ulysse.com\/news\/wp-json\/wp\/v2\/users\/3"}],"replies":[{"embeddable":true,"href":"https:\/\/ulysse.com\/news\/wp-json\/wp\/v2\/comments?post=35168"}],"version-history":[{"count":2,"href":"https:\/\/ulysse.com\/news\/wp-json\/wp\/v2\/posts\/35168\/revisions"}],"predecessor-version":[{"id":35182,"href":"https:\/\/ulysse.com\/news\/wp-json\/wp\/v2\/posts\/35168\/revisions\/35182"}],"wp:featuredmedia":[{"embeddable":true,"href":"https:\/\/ulysse.com\/news\/wp-json\/wp\/v2\/media\/35169"}],"wp:attachment":[{"href":"https:\/\/ulysse.com\/news\/wp-json\/wp\/v2\/media?parent=35168"}],"wp:term":[{"taxonomy":"category","embeddable":true,"href":"https:\/\/ulysse.com\/news\/wp-json\/wp\/v2\/categories?post=35168"},{"taxonomy":"post_tag","embeddable":true,"href":"https:\/\/ulysse.com\/news\/wp-json\/wp\/v2\/tags?post=35168"}],"curies":[{"name":"wp","href":"https:\/\/api.w.org\/{rel}","templated":true}]}}