{"id":35214,"date":"2025-09-20T07:00:55","date_gmt":"2025-09-20T06:00:55","guid":{"rendered":"https:\/\/discover.ulysse.com\/?p=35214"},"modified":"2025-09-19T09:59:47","modified_gmt":"2025-09-19T08:59:47","slug":"ce-dimanche-des-bougies-sallumeront-dans-le-monde-entier-eteignant-les-ecrans-publicitaires","status":"publish","type":"post","link":"https:\/\/ulysse.com\/news\/ce-dimanche-des-bougies-sallumeront-dans-le-monde-entier-eteignant-les-ecrans-publicitaires","title":{"rendered":"Ce dimanche, des bougies s\u2019allumeront dans le monde entier, \u00e9teignant les \u00e9crans publicitaires"},"content":{"rendered":"<p><span style=\"font-weight: 400;\">Ce <strong>dimanche, 21 septembre,<\/strong> \u00e0 l&#8217;occasion de la<strong> Journ\u00e9e internationale de la paix<\/strong>, une r\u00e9volution silencieuse aura lieu dans les rues de nos villes : les \u00e9crans publicitaires vont s\u2019\u00e9teindre pour laisser place \u00e0\u2026 une<strong> bougie allum\u00e9e<\/strong> ! C&#8217;est l&#8217;initiative <\/span><strong><i>Essays for Peace<\/i><\/strong><span style=\"font-weight: 400;\">, un \u00e9v\u00e9nement mondial qui revient pour sa deuxi\u00e8me \u00e9dition et promet de marquer les esprits. Plus de 15 000 \u00e9crans num\u00e9riques dans 250 villes \u00e0 travers le monde vont mettre en pause les messages commerciaux pour diffuser un simple et puissant symbole de paix. Paris, Londres, Berlin et bien d&#8217;autres capitales feront partie de cette grande c\u00e9l\u00e9bration de la tranquillit\u00e9. Pr\u00eat \u00e0 \u00e9teindre la pub et \u00e0 allumer une flamme de solidarit\u00e9 ? Suivez le mouvement !<\/span><\/p>\n<h2><b>Une bougie allum\u00e9e, un message fort de paix<\/b><\/h2>\n<p><span style=\"font-weight: 400;\">L\u2019initiative <\/span><a href=\"https:\/\/linktr.ee\/essaysforpeace\" target=\"_blank\" rel=\"noopener\"><i>Essays for Peace<\/i><\/a><span style=\"font-weight: 400;\"> a un objectif simple mais audacieux : remplacer les publicit\u00e9s par l\u2019image d\u2019une bougie allum\u00e9e pendant cinq minutes. Ce dimanche, plus de<strong> 15 000 panneaux num\u00e9riques<\/strong> dans<strong> 250 villes<\/strong> \u00e0 travers le monde vont s&#8217;\u00e9teindre pour un instant de pure s\u00e9r\u00e9nit\u00e9. Pendant ce court laps de temps, aucune promotion, aucun slogan, juste l&#8217;image d&#8217;une bougie : un symbole universel de lumi\u00e8re, de paix et de calme.<\/span><\/p>\n<p><span style=\"font-weight: 400;\">Pourquoi une bougie ? Parce qu\u2019elle incarne la simplicit\u00e9, la chaleur et l\u2019unit\u00e9. En rempla\u00e7ant les publicit\u00e9s par ce symbole lumineux, <\/span><strong><i>Essays for Peace<\/i><\/strong><span style=\"font-weight: 400;\"> veut nous offrir un instant de r\u00e9flexion collective. Un petit acte symbolique qui rappelle l\u2019importance de prendre un moment pour soi, loin de l\u2019agitation quotidienne. Et surtout, c\u2019est un appel \u00e0 la paix mondiale. Ce n\u2019est pas tous les jours que les panneaux publicitaires se taisent pour un message aussi pur !<\/span><\/p>\n<blockquote class=\"instagram-media\" style=\"background: #FFF; border: 0; border-radius: 3px; margin: 1px; max-width: 540px; min-width: 326px; padding: 0; width: calc(100% - 2px);\" data-instgrm-captioned=\"\" data-instgrm-permalink=\"https:\/\/www.instagram.com\/reel\/DOjFLNCjJjv\/?utm_source=ig_embed&amp;utm_campaign=loading\" data-instgrm-version=\"14\">\n<div style=\"padding: 16px;\">\n<p>&nbsp;<\/p>\n<div style=\"flex-direction: row; align-items: center;\">\n<div style=\"background-color: #f4f4f4; border-radius: 50%; flex-grow: 0; height: 40px; margin-right: 14px; width: 40px;\"><\/div>\n<div style=\"flex-direction: column; flex-grow: 1; justify-content: center;\">\n<div style=\"background-color: #f4f4f4; border-radius: 4px; flex-grow: 0; height: 14px; margin-bottom: 6px; width: 100px;\"><\/div>\n<div style=\"background-color: #f4f4f4; border-radius: 4px; flex-grow: 0; height: 14px; width: 60px;\"><\/div>\n<\/div>\n<\/div>\n<div style=\"padding: 19% 0;\"><\/div>\n<div style=\"height: 50px; margin: 0 auto 12px; width: 50px;\"><\/div>\n<div style=\"padding-top: 8px;\">\n<div style=\"color: #3897f0; font-family: Arial,sans-serif; font-size: 14px; font-style: normal; font-weight: 550; line-height: 18px;\">View this post on Instagram<\/div>\n<\/div>\n<div style=\"padding: 12.5% 0;\"><\/div>\n<div style=\"flex-direction: row; margin-bottom: 14px; align-items: center;\">\n<div>\n<div style=\"background-color: #f4f4f4; border-radius: 50%; height: 12.5px; width: 12.5px;\"><\/div>\n<div style=\"background-color: #f4f4f4; height: 12.5px; width: 12.5px; flex-grow: 0; margin-right: 14px; margin-left: 2px;\"><\/div>\n<div style=\"background-color: #f4f4f4; border-radius: 50%; height: 12.5px; width: 12.5px;\"><\/div>\n<\/div>\n<div style=\"margin-left: 8px;\">\n<div style=\"background-color: #f4f4f4; border-radius: 50%; flex-grow: 0; height: 20px; width: 20px;\"><\/div>\n<div style=\"width: 0; height: 0; border-top: 2px solid transparent; border-left: 6px solid #f4f4f4; border-bottom: 2px solid transparent;\"><\/div>\n<\/div>\n<div style=\"margin-left: auto;\">\n<div style=\"width: 0px; border-top: 8px solid #F4F4F4; border-right: 8px solid transparent;\"><\/div>\n<div style=\"background-color: #f4f4f4; flex-grow: 0; height: 12px; width: 16px;\"><\/div>\n<div style=\"width: 0; height: 0; border-top: 8px solid #F4F4F4; border-left: 8px solid transparent;\"><\/div>\n<\/div>\n<\/div>\n<div style=\"flex-direction: column; flex-grow: 1; justify-content: center; margin-bottom: 24px;\">\n<div style=\"background-color: #f4f4f4; border-radius: 4px; flex-grow: 0; height: 14px; margin-bottom: 6px; width: 224px;\"><\/div>\n<div style=\"background-color: #f4f4f4; border-radius: 4px; flex-grow: 0; height: 14px; width: 144px;\"><\/div>\n<\/div>\n<p>&nbsp;<\/p>\n<p style=\"color: #c9c8cd; font-family: Arial,sans-serif; font-size: 14px; line-height: 17px; margin-bottom: 0; margin-top: 8px; overflow: hidden; padding: 8px 0 7px; text-align: center;\"><a style=\"color: #c9c8cd; font-family: Arial,sans-serif; font-size: 14px; font-style: normal; font-weight: normal; line-height: 17px; text-decoration: none;\" href=\"https:\/\/www.instagram.com\/reel\/DOjFLNCjJjv\/?utm_source=ig_embed&amp;utm_campaign=loading\" target=\"_blank\" rel=\"noopener\">A post shared by Martin Bonadeo (@martinbonadeo.art)<\/a><\/p>\n<\/div>\n<\/blockquote>\n<h2><b>Une mobilisation mondiale pour la paix<\/b><\/h2>\n<p><span style=\"font-weight: 400;\">Cet \u00e9v\u00e9nement mondial touche plus de 250 villes, des m\u00e9gapoles comme <a href=\"https:\/\/discover.ulysse.com\/pourquoi-les-francais-ne-jurent-que-par-new-york-en-2025-malgre-tout\">New York<\/a>,<strong> Londres et Tokyo,<\/strong> aux petites villes moins expos\u00e9es. <\/span><i><span style=\"font-weight: 400;\">Essays for Peace<\/span><\/i><span style=\"font-weight: 400;\"> rassemble des citoyens de tous horizons pour un objectif commun : la paix. Le site des <\/span><i><span style=\"font-weight: 400;\">Essays for Peace<\/span><\/i><span style=\"font-weight: 400;\"> indique clairement que l&#8217;\u00e9v\u00e9nement est une opportunit\u00e9 de se reconnecter \u00e0 des valeurs simples, loin des sollicitations incessantes de la publicit\u00e9. Dans cette logique,<strong> Paris<\/strong> sera de la partie, avec des \u00e9crans dans des lieux embl\u00e9matiques comme la place de la R\u00e9publique et la gare de Lyon qui diffuseront cette bougie allum\u00e9e.<\/span><\/p>\n<p><span style=\"font-weight: 400;\">L\u2019un des points forts de cette campagne est son accessibilit\u00e9. Ce n\u2019est pas seulement un \u00e9v\u00e9nement r\u00e9serv\u00e9 aux grandes villes. Tout le monde, partout dans le monde, peut participer. Si vous \u00eates \u00e0 Paris, Londres, ou m\u00eame \u00e0 Lyon, vous pourrez \u00eatre t\u00e9moin de ce moment unique sur les panneaux num\u00e9riques de votre ville. Et si vous \u00eates dans un endroit sans \u00e9cran publicitaire g\u00e9ant, pas de souci : il suffit de participer virtuellement ! T\u00e9l\u00e9chargez l\u2019image de la bougie, changez votre photo de profil Instagram et faites briller votre lumi\u00e8re num\u00e9rique.<\/span><\/p>\n<h2><b>La publicit\u00e9 r\u00e9invent\u00e9e : pause dans notre monde satur\u00e9<\/b><\/h2>\n<p><span style=\"font-weight: 400;\">La publicit\u00e9 est omnipr\u00e9sente dans nos vies, \u00e0 chaque coin de rue, sur nos smartphones, dans nos transports\u2026 Une surabondance d\u2019images et de messages souvent irritants. Mais ce dimanche, <\/span><i><span style=\"font-weight: 400;\">Essays for Peace<\/span><\/i><span style=\"font-weight: 400;\"> nous invite \u00e0<strong> appuyer sur le bouton \u00ab pause \u00bb<\/strong>. En rempla\u00e7ant les publicit\u00e9s par un simple geste symbolique, cette initiative veut nous rappeler que la simplicit\u00e9 peut \u00eatre plus forte que l\u2019overdose de consommation. Ce moment de calme, o\u00f9 toute la publicit\u00e9 se tait pour laisser place \u00e0 une bougie, devient un acte de r\u00e9bellion doux mais puissant contre la soci\u00e9t\u00e9 de consommation.<\/span><\/p>\n<p><span style=\"font-weight: 400;\">Ce n\u2019est pas simplement une coupure de pub. C\u2019est une occasion de ralentir, de respirer et de r\u00e9fl\u00e9chir \u00e0 ce que la paix et la tranquillit\u00e9 signifient dans un monde souvent agit\u00e9. En r\u00e9utilisant ces espaces commerciaux pour diffuser un message de paix, <\/span><i><span style=\"font-weight: 400;\">Essays for Peace<\/span><\/i><span style=\"font-weight: 400;\"> nous donne l\u2019occasion de nous d\u00e9connecter de la fr\u00e9n\u00e9sie du quotidien et de prendre un instant pour nous recentrer sur l\u2019essentiel.<\/span><\/p>\n<h2><b>Comment participer et faire briller votre bougie ?<\/b><\/h2>\n<p><span style=\"font-weight: 400;\">Et vous, comment pouvez-vous participer \u00e0 cet \u00e9v\u00e9nement mondial ? Rien de plus simple ! Sur le site des <\/span><i><span style=\"font-weight: 400;\">Essays for Peace<\/span><\/i><span style=\"font-weight: 400;\">, vous pouvez t\u00e9l\u00e9charger l\u2019image de la bougie allum\u00e9e et l\u2019afficher sur vos r\u00e9seaux sociaux, votre t\u00e9l\u00e9phone, votre tablette, ou m\u00eame votre \u00e9cran d\u2019ordinateur. Vous pouvez aussi changer votre photo de profil pour soutenir l\u2019initiative et montrer votre engagement pour la paix.<\/span><\/p>\n<p><span style=\"font-weight: 400;\">Si vous avez la chance de vivre dans une ville qui participe, prenez quelques minutes pour observer l\u2019impact visuel de la bougie sur les \u00e9crans publics. Que vous soyez \u00e0 Paris, Berlin ou m\u00eame dans une petite ville, ce geste symbolique est l\u2019occasion de faire une pause, de vous reconnecter \u00e0 un moment de paix collective, et de vous joindre \u00e0 un mouvement mondial pour la tranquillit\u00e9 et l\u2019unit\u00e9.<\/span><\/p>\n<p><span style=\"font-weight: 400;\">Cet \u00e9v\u00e9nement mondial montre que m\u00eame dans un monde ultra-connect\u00e9 et satur\u00e9 de publicit\u00e9, il est possible de cr\u00e9er des moments de r\u00e9pit, d\u2019unit\u00e9 et de solidarit\u00e9. Cette bougie allum\u00e9e, qu\u2019elle soit affich\u00e9e sur un panneau publicitaire ou sur votre \u00e9cran personnel, devient un phare de paix dans la temp\u00eate des messages commerciaux.<\/span><\/p>\n","protected":false},"excerpt":{"rendered":"<p>Ce dimanche, 21 septembre, \u00e0 l&#8217;occasion de la Journ\u00e9e internationale de la paix, une r\u00e9volution silencieuse aura lieu dans les [&hellip;]<\/p>\n","protected":false},"author":3,"featured_media":35215,"comment_status":"open","ping_status":"closed","sticky":false,"template":"","format":"standard","meta":{"_acf_changed":false,"_sitemap_exclude":false,"_sitemap_priority":"","_sitemap_frequency":"","footnotes":"","rank_math_title":"","rank_math_description":"Ce dimanche, 21 septembre, les \u00e9crans publicitaires s\u2019\u00e9teignent pour faire place \u00e0 une bougie allum\u00e9e dans le monde entier, pour c\u00e9l\u00e9brer la paix !\n","rank_math_canonical_url":"","rank_math_focus_keyword":"dimanche,bougie"},"categories":[3],"tags":[],"class_list":["post-35214","post","type-post","status-publish","format-standard","has-post-thumbnail","hentry","category-voyage"],"acf":[],"_links":{"self":[{"href":"https:\/\/ulysse.com\/news\/wp-json\/wp\/v2\/posts\/35214","targetHints":{"allow":["GET"]}}],"collection":[{"href":"https:\/\/ulysse.com\/news\/wp-json\/wp\/v2\/posts"}],"about":[{"href":"https:\/\/ulysse.com\/news\/wp-json\/wp\/v2\/types\/post"}],"author":[{"embeddable":true,"href":"https:\/\/ulysse.com\/news\/wp-json\/wp\/v2\/users\/3"}],"replies":[{"embeddable":true,"href":"https:\/\/ulysse.com\/news\/wp-json\/wp\/v2\/comments?post=35214"}],"version-history":[{"count":2,"href":"https:\/\/ulysse.com\/news\/wp-json\/wp\/v2\/posts\/35214\/revisions"}],"predecessor-version":[{"id":35235,"href":"https:\/\/ulysse.com\/news\/wp-json\/wp\/v2\/posts\/35214\/revisions\/35235"}],"wp:featuredmedia":[{"embeddable":true,"href":"https:\/\/ulysse.com\/news\/wp-json\/wp\/v2\/media\/35215"}],"wp:attachment":[{"href":"https:\/\/ulysse.com\/news\/wp-json\/wp\/v2\/media?parent=35214"}],"wp:term":[{"taxonomy":"category","embeddable":true,"href":"https:\/\/ulysse.com\/news\/wp-json\/wp\/v2\/categories?post=35214"},{"taxonomy":"post_tag","embeddable":true,"href":"https:\/\/ulysse.com\/news\/wp-json\/wp\/v2\/tags?post=35214"}],"curies":[{"name":"wp","href":"https:\/\/api.w.org\/{rel}","templated":true}]}}