{"id":35217,"date":"2025-09-19T15:00:57","date_gmt":"2025-09-19T14:00:57","guid":{"rendered":"https:\/\/discover.ulysse.com\/?p=35217"},"modified":"2025-09-19T10:01:17","modified_gmt":"2025-09-19T09:01:17","slug":"pourquoi-ce-hameau-corse-est-devenu-lendroit-ideal-pour-les-retraites-en-quete-de-serenite","status":"publish","type":"post","link":"https:\/\/ulysse.com\/news\/pourquoi-ce-hameau-corse-est-devenu-lendroit-ideal-pour-les-retraites-en-quete-de-serenite","title":{"rendered":"Pourquoi ce hameau corse est devenu l&#8217;endroit id\u00e9al pour les retrait\u00e9s en qu\u00eate de s\u00e9r\u00e9nit\u00e9"},"content":{"rendered":"<p><span style=\"font-weight: 400;\">Et si votre r\u00eave de retraite \u00e9tait enfin \u00e0 port\u00e9e de main ? Un endroit o\u00f9 le chant des vagues et le doux parfum du maquis vous accompagneraient chaque matin, tout en profitant d\u2019un cadre naturel \u00e0 couper le souffle. Bienvenue \u00e0<strong> Porto-Pollo<\/strong>, le petit <strong>hameau corse<\/strong> qui s\u00e9duit de plus en plus de retrait\u00e9s en qu\u00eate de tranquillit\u00e9, mais pas seulement. Ce coin de paradis en bord de mer, loin des tumultes des grandes villes, offre bien plus qu\u2019une belle vue. Alors, pourquoi ce village m\u00e9diterran\u00e9en est-il devenu l\u2019un des refuges pr\u00e9f\u00e9r\u00e9s des seniors ? La r\u00e9ponse est simple : il a tout pour plaire !<\/span><\/p>\n<h2><b>Un cadre de r\u00eave entre mer et maquis : la retraite r\u00eav\u00e9e<\/b><\/h2>\n<p><span style=\"font-weight: 400;\">Imaginez-vous : un matin ensoleill\u00e9, vous prenez un caf\u00e9 sur votre terrasse en admirant la mer turquoise qui s\u2019\u00e9tend \u00e0 perte de vue. Le bruit des vagues berce vos pens\u00e9es, et l\u2019air parfum\u00e9 du maquis vous r\u00e9g\u00e9n\u00e8re. Bienvenue \u00e0 <strong>Porto-Pollo<\/strong>, un petit hameau en <a href=\"https:\/\/discover.ulysse.com\/village-secret-de-corse-ou-les-retraites-trouvent-leur-havre-de-paix-entre-plages-et-maquis\">Corse-du-Sud<\/a> o\u00f9 la nature se d\u00e9ploie dans toute sa splendeur. Ici, les paysages sont spectaculaires : collines verdoyantes, plages de sable fin, eaux cristallines et montagnes majestueuses en toile de fond. Chaque coin de ce village pittoresque invite \u00e0 la d\u00e9tente et \u00e0 la contemplation.<\/span><\/p>\n<p><span style=\"font-weight: 400;\">Le climat m\u00e9diterran\u00e9en, doux toute l&#8217;ann\u00e9e avec plus de<strong> 300 jours de soleil<\/strong>, est un atout majeur pour profiter des plaisirs de la vie en ext\u00e9rieur. Les hivers sont cl\u00e9ments, permettant de savourer une promenade sur la plage ou un d\u00e9jeuner en terrasse, m\u00eame en dehors de la saison estivale. Ce n\u2019est pas pour rien que Porto-Pollo devient un havre de paix pour de nombreux retrait\u00e9s, qui appr\u00e9cient la douceur de vivre offerte par ce coin de paradis.<\/span><\/p>\n<blockquote class=\"instagram-media\" style=\"background: #FFF; border: 0; border-radius: 3px; margin: 1px; max-width: 540px; min-width: 326px; padding: 0; width: calc(100% - 2px);\" data-instgrm-captioned=\"\" data-instgrm-permalink=\"https:\/\/www.instagram.com\/p\/DNQeeAGohCt\/?utm_source=ig_embed&amp;utm_campaign=loading\" data-instgrm-version=\"14\">\n<div style=\"padding: 16px;\">\n<p>&nbsp;<\/p>\n<div style=\"flex-direction: row; align-items: center;\">\n<div style=\"background-color: #f4f4f4; border-radius: 50%; flex-grow: 0; height: 40px; margin-right: 14px; width: 40px;\"><\/div>\n<div style=\"flex-direction: column; flex-grow: 1; justify-content: center;\">\n<div style=\"background-color: #f4f4f4; border-radius: 4px; flex-grow: 0; height: 14px; margin-bottom: 6px; width: 100px;\"><\/div>\n<div style=\"background-color: #f4f4f4; border-radius: 4px; flex-grow: 0; height: 14px; width: 60px;\"><\/div>\n<\/div>\n<\/div>\n<div style=\"padding: 19% 0;\"><\/div>\n<div style=\"height: 50px; margin: 0 auto 12px; width: 50px;\"><\/div>\n<div style=\"padding-top: 8px;\">\n<div style=\"color: #3897f0; font-family: Arial,sans-serif; font-size: 14px; font-style: normal; font-weight: 550; line-height: 18px;\">Voir cette publication sur Instagram<\/div>\n<\/div>\n<div style=\"padding: 12.5% 0;\"><\/div>\n<div style=\"flex-direction: row; margin-bottom: 14px; align-items: center;\">\n<div>\n<div style=\"background-color: #f4f4f4; border-radius: 50%; height: 12.5px; width: 12.5px;\"><\/div>\n<div style=\"background-color: #f4f4f4; height: 12.5px; width: 12.5px; flex-grow: 0; margin-right: 14px; margin-left: 2px;\"><\/div>\n<div style=\"background-color: #f4f4f4; border-radius: 50%; height: 12.5px; width: 12.5px;\"><\/div>\n<\/div>\n<div style=\"margin-left: 8px;\">\n<div style=\"background-color: #f4f4f4; border-radius: 50%; flex-grow: 0; height: 20px; width: 20px;\"><\/div>\n<div style=\"width: 0; height: 0; border-top: 2px solid transparent; border-left: 6px solid #f4f4f4; border-bottom: 2px solid transparent;\"><\/div>\n<\/div>\n<div style=\"margin-left: auto;\">\n<div style=\"width: 0px; border-top: 8px solid #F4F4F4; border-right: 8px solid transparent;\"><\/div>\n<div style=\"background-color: #f4f4f4; flex-grow: 0; height: 12px; width: 16px;\"><\/div>\n<div style=\"width: 0; height: 0; border-top: 8px solid #F4F4F4; border-left: 8px solid transparent;\"><\/div>\n<\/div>\n<\/div>\n<div style=\"flex-direction: column; flex-grow: 1; justify-content: center; margin-bottom: 24px;\">\n<div style=\"background-color: #f4f4f4; border-radius: 4px; flex-grow: 0; height: 14px; margin-bottom: 6px; width: 224px;\"><\/div>\n<div style=\"background-color: #f4f4f4; border-radius: 4px; flex-grow: 0; height: 14px; width: 144px;\"><\/div>\n<\/div>\n<p>&nbsp;<\/p>\n<p style=\"color: #c9c8cd; font-family: Arial,sans-serif; font-size: 14px; line-height: 17px; margin-bottom: 0; margin-top: 8px; overflow: hidden; padding: 8px 0 7px; text-align: center;\"><a style=\"color: #c9c8cd; font-family: Arial,sans-serif; font-size: 14px; font-style: normal; font-weight: normal; line-height: 17px; text-decoration: none;\" href=\"https:\/\/www.instagram.com\/p\/DNQeeAGohCt\/?utm_source=ig_embed&amp;utm_campaign=loading\" target=\"_blank\" rel=\"noopener\">Une publication partag\u00e9e par Casalino (@casalino_homes)<\/a><\/p>\n<\/div>\n<\/blockquote>\n<h2><b>Des activit\u00e9s au quotidien : ici la retraite rime avec plaisir<\/b><\/h2>\n<p><span style=\"font-weight: 400;\">La retraite, ce n\u2019est pas synonyme d\u2019ennui, et \u00e0 Porto-Pollo, l\u2019activit\u00e9 ne manque pas ! Que vous soyez passionn\u00e9 par les<strong> randonn\u00e9es en montagne<\/strong>, les <strong>balades \u00e0 cheval<\/strong>, la <strong>baignade en mer<\/strong> ou m\u00eame la<strong> p\u00eache<\/strong>, ce petit coin de Corse saura vous combler. Le village regorge de sentiers de randonn\u00e9e qui serpentent le long de la c\u00f4te et \u00e0 travers les collines, vous offrant des panoramas inoubliables sur la mer et la nature environnante. Ces escapades sont id\u00e9ales pour rester actif tout en profitant de paysages magnifiques.<\/span><\/p>\n<p><span style=\"font-weight: 400;\">Les p\u00eacheurs du coin vous le diront : les eaux de Porto-Pollo regorgent de poissons d\u00e9licieux, et la p\u00eache en mer est un v\u00e9ritable hobby. Envie de d\u00e9couvrir une nouvelle passion ? Pourquoi ne pas tenter un atelier de cuisine corse ou un cours de langue pour vous immerger pleinement dans l\u2019\u00eele ? Les activit\u00e9s culturelles locales ne manquent pas, et vous aurez l\u2019occasion d\u2019apprendre les traditions corses tout en faisant de belles rencontres.<\/span><\/p>\n<blockquote class=\"instagram-media\" style=\"background: #FFF; border: 0; border-radius: 3px; margin: 1px; max-width: 540px; min-width: 326px; padding: 0; width: calc(100% - 2px);\" data-instgrm-captioned=\"\" data-instgrm-permalink=\"https:\/\/www.instagram.com\/p\/CrQA0tIM9Me\/?utm_source=ig_embed&amp;utm_campaign=loading\" data-instgrm-version=\"14\">\n<div style=\"padding: 16px;\">\n<p>&nbsp;<\/p>\n<div style=\"flex-direction: row; align-items: center;\">\n<div style=\"background-color: #f4f4f4; border-radius: 50%; flex-grow: 0; height: 40px; margin-right: 14px; width: 40px;\"><\/div>\n<div style=\"flex-direction: column; flex-grow: 1; justify-content: center;\">\n<div style=\"background-color: #f4f4f4; border-radius: 4px; flex-grow: 0; height: 14px; margin-bottom: 6px; width: 100px;\"><\/div>\n<div style=\"background-color: #f4f4f4; border-radius: 4px; flex-grow: 0; height: 14px; width: 60px;\"><\/div>\n<\/div>\n<\/div>\n<div style=\"padding: 19% 0;\"><\/div>\n<div style=\"height: 50px; margin: 0 auto 12px; width: 50px;\"><\/div>\n<div style=\"padding-top: 8px;\">\n<div style=\"color: #3897f0; font-family: Arial,sans-serif; font-size: 14px; font-style: normal; font-weight: 550; line-height: 18px;\">Voir cette publication sur Instagram<\/div>\n<\/div>\n<div style=\"padding: 12.5% 0;\"><\/div>\n<div style=\"flex-direction: row; margin-bottom: 14px; align-items: center;\">\n<div>\n<div style=\"background-color: #f4f4f4; border-radius: 50%; height: 12.5px; width: 12.5px;\"><\/div>\n<div style=\"background-color: #f4f4f4; height: 12.5px; width: 12.5px; flex-grow: 0; margin-right: 14px; margin-left: 2px;\"><\/div>\n<div style=\"background-color: #f4f4f4; border-radius: 50%; height: 12.5px; width: 12.5px;\"><\/div>\n<\/div>\n<div style=\"margin-left: 8px;\">\n<div style=\"background-color: #f4f4f4; border-radius: 50%; flex-grow: 0; height: 20px; width: 20px;\"><\/div>\n<div style=\"width: 0; height: 0; border-top: 2px solid transparent; border-left: 6px solid #f4f4f4; border-bottom: 2px solid transparent;\"><\/div>\n<\/div>\n<div style=\"margin-left: auto;\">\n<div style=\"width: 0px; border-top: 8px solid #F4F4F4; border-right: 8px solid transparent;\"><\/div>\n<div style=\"background-color: #f4f4f4; flex-grow: 0; height: 12px; width: 16px;\"><\/div>\n<div style=\"width: 0; height: 0; border-top: 8px solid #F4F4F4; border-left: 8px solid transparent;\"><\/div>\n<\/div>\n<\/div>\n<div style=\"flex-direction: column; flex-grow: 1; justify-content: center; margin-bottom: 24px;\">\n<div style=\"background-color: #f4f4f4; border-radius: 4px; flex-grow: 0; height: 14px; margin-bottom: 6px; width: 224px;\"><\/div>\n<div style=\"background-color: #f4f4f4; border-radius: 4px; flex-grow: 0; height: 14px; width: 144px;\"><\/div>\n<\/div>\n<p>&nbsp;<\/p>\n<p style=\"color: #c9c8cd; font-family: Arial,sans-serif; font-size: 14px; line-height: 17px; margin-bottom: 0; margin-top: 8px; overflow: hidden; padding: 8px 0 7px; text-align: center;\"><a style=\"color: #c9c8cd; font-family: Arial,sans-serif; font-size: 14px; font-style: normal; font-weight: normal; line-height: 17px; text-decoration: none;\" href=\"https:\/\/www.instagram.com\/p\/CrQA0tIM9Me\/?utm_source=ig_embed&amp;utm_campaign=loading\" target=\"_blank\" rel=\"noopener\">Une publication partag\u00e9e par H\u00f4tel Le Golfe **** (@hotel_le_golfe)<\/a><\/p>\n<\/div>\n<\/blockquote>\n<h2><b>Une communaut\u00e9 accueillante : l\u2019esprit de village, mais en grand !<\/b><\/h2>\n<p><span style=\"font-weight: 400;\">Changer de vie et s\u2019installer dans un nouveau lieu peut \u00eatre une grande \u00e9tape, surtout pour les retrait\u00e9s. Mais \u00e0 Porto-Pollo, l\u2019int\u00e9gration est un jeu d\u2019enfant ! Les habitants, connus pour leur accueil chaleureux, feront tout pour que vous vous sentiez ici chez vous. La vie de village y est plus vivante que jamais, avec des commerces de proximit\u00e9 o\u00f9 il fait bon fl\u00e2ner. <strong>L\u2019\u00e9picerie locale<\/strong>, tenue par une famille corse depuis des g\u00e9n\u00e9rations, offre des produits frais de qualit\u00e9, tandis que la boulangerie artisanale vous r\u00e9gale chaque jour avec son pain et ses p\u00e2tisseries.<\/span><\/p>\n<p><span style=\"font-weight: 400;\">Le village a su garder son caract\u00e8re authentique tout en s\u2019adaptant aux besoins modernes. Un m\u00e9decin g\u00e9n\u00e9raliste consulte r\u00e9guli\u00e8rement, et les services m\u00e9dicaux sp\u00e9cialis\u00e9s sont \u00e0 port\u00e9e de main, \u00e0 <a href=\"https:\/\/discover.ulysse.com\/voyager-ajaccio-detail-perturber-sejour\">Ajaccio<\/a>, \u00e0 seulement 40 kilom\u00e8tres. Une tranquillit\u00e9 d\u2019esprit non n\u00e9gligeable pour les retrait\u00e9s soucieux de leur bien-\u00eatre !<\/span><\/p>\n<blockquote class=\"instagram-media\" style=\"background: #FFF; border: 0; border-radius: 3px; margin: 1px; max-width: 540px; min-width: 326px; padding: 0; width: calc(100% - 2px);\" data-instgrm-captioned=\"\" data-instgrm-permalink=\"https:\/\/www.instagram.com\/p\/DJrk4jOI73w\/?utm_source=ig_embed&amp;utm_campaign=loading\" data-instgrm-version=\"14\">\n<div style=\"padding: 16px;\">\n<p>&nbsp;<\/p>\n<div style=\"flex-direction: row; align-items: center;\">\n<div style=\"background-color: #f4f4f4; border-radius: 50%; flex-grow: 0; height: 40px; margin-right: 14px; width: 40px;\"><\/div>\n<div style=\"flex-direction: column; flex-grow: 1; justify-content: center;\">\n<div style=\"background-color: #f4f4f4; border-radius: 4px; flex-grow: 0; height: 14px; margin-bottom: 6px; width: 100px;\"><\/div>\n<div style=\"background-color: #f4f4f4; border-radius: 4px; flex-grow: 0; height: 14px; width: 60px;\"><\/div>\n<\/div>\n<\/div>\n<div style=\"padding: 19% 0;\"><\/div>\n<div style=\"height: 50px; margin: 0 auto 12px; width: 50px;\"><\/div>\n<div style=\"padding-top: 8px;\">\n<div style=\"color: #3897f0; font-family: Arial,sans-serif; font-size: 14px; font-style: normal; font-weight: 550; line-height: 18px;\">Voir cette publication sur Instagram<\/div>\n<\/div>\n<div style=\"padding: 12.5% 0;\"><\/div>\n<div style=\"flex-direction: row; margin-bottom: 14px; align-items: center;\">\n<div>\n<div style=\"background-color: #f4f4f4; border-radius: 50%; height: 12.5px; width: 12.5px;\"><\/div>\n<div style=\"background-color: #f4f4f4; height: 12.5px; width: 12.5px; flex-grow: 0; margin-right: 14px; margin-left: 2px;\"><\/div>\n<div style=\"background-color: #f4f4f4; border-radius: 50%; height: 12.5px; width: 12.5px;\"><\/div>\n<\/div>\n<div style=\"margin-left: 8px;\">\n<div style=\"background-color: #f4f4f4; border-radius: 50%; flex-grow: 0; height: 20px; width: 20px;\"><\/div>\n<div style=\"width: 0; height: 0; border-top: 2px solid transparent; border-left: 6px solid #f4f4f4; border-bottom: 2px solid transparent;\"><\/div>\n<\/div>\n<div style=\"margin-left: auto;\">\n<div style=\"width: 0px; border-top: 8px solid #F4F4F4; border-right: 8px solid transparent;\"><\/div>\n<div style=\"background-color: #f4f4f4; flex-grow: 0; height: 12px; width: 16px;\"><\/div>\n<div style=\"width: 0; height: 0; border-top: 8px solid #F4F4F4; border-left: 8px solid transparent;\"><\/div>\n<\/div>\n<\/div>\n<div style=\"flex-direction: column; flex-grow: 1; justify-content: center; margin-bottom: 24px;\">\n<div style=\"background-color: #f4f4f4; border-radius: 4px; flex-grow: 0; height: 14px; margin-bottom: 6px; width: 224px;\"><\/div>\n<div style=\"background-color: #f4f4f4; border-radius: 4px; flex-grow: 0; height: 14px; width: 144px;\"><\/div>\n<\/div>\n<p>&nbsp;<\/p>\n<p style=\"color: #c9c8cd; font-family: Arial,sans-serif; font-size: 14px; line-height: 17px; margin-bottom: 0; margin-top: 8px; overflow: hidden; padding: 8px 0 7px; text-align: center;\"><a style=\"color: #c9c8cd; font-family: Arial,sans-serif; font-size: 14px; font-style: normal; font-weight: normal; line-height: 17px; text-decoration: none;\" href=\"https:\/\/www.instagram.com\/p\/DJrk4jOI73w\/?utm_source=ig_embed&amp;utm_campaign=loading\" target=\"_blank\" rel=\"noopener\">Une publication partag\u00e9e par La Barotte &#8211; Haute C\u00f4te d&#8217;Or (@labarottehco)<\/a><\/p>\n<\/div>\n<\/blockquote>\n<h2><b>Un march\u00e9 immobilier \u00e0 prix abordables : vivre au bord de la mer sans se ruiner<\/b><\/h2>\n<p><span style=\"font-weight: 400;\">Porto-Pollo est une destination parfaite pour les retrait\u00e9s qui r\u00eavent de vivre au bord de la mer sans sacrifier leur budget. Contrairement \u00e0 d&#8217;autres destinations m\u00e9diterran\u00e9ennes pris\u00e9es, le march\u00e9 immobilier \u00e0 Porto-Pollo reste abordable. Les maisons traditionnelles en pierre, souvent dot\u00e9es de jardins priv\u00e9s et de vues imprenables sur la mer, sont propos\u00e9es \u00e0 des prix tr\u00e8s raisonnables, compar\u00e9s \u00e0 ceux d\u2019autres stations baln\u00e9aires. Pour le prix d\u2019un petit appartement en banlieue parisienne, vous pouvez acqu\u00e9rir une maison de 80 m\u00b2 avec vue sur la mer.<\/span><\/p>\n<p><span style=\"font-weight: 400;\">Ce <strong>rapport qualit\u00e9\/prix fait de Porto-Pollo<\/strong> un choix attractif pour les retrait\u00e9s qui souhaitent investir dans une maison en bord de mer, tout en restant dans un budget raisonnable. Et, cerise sur le g\u00e2teau, les charges courantes restent faibles gr\u00e2ce au climat doux de l\u2019\u00eele et \u00e0 des tarifs d\u2019\u00e9lectricit\u00e9 pr\u00e9f\u00e9rentiels pour les insulaires. La vie y est tout simplement plus facile, plus calme et bien plus agr\u00e9able !<\/span><\/p>\n<blockquote class=\"instagram-media\" style=\"background: #FFF; border: 0; border-radius: 3px; margin: 1px; max-width: 540px; min-width: 326px; padding: 0; width: calc(100% - 2px);\" data-instgrm-captioned=\"\" data-instgrm-permalink=\"https:\/\/www.instagram.com\/p\/Cs_YUKwNtb2\/?utm_source=ig_embed&amp;utm_campaign=loading\" data-instgrm-version=\"14\">\n<div style=\"padding: 16px;\">\n<p>&nbsp;<\/p>\n<div style=\"flex-direction: row; align-items: center;\">\n<div style=\"background-color: #f4f4f4; border-radius: 50%; flex-grow: 0; height: 40px; margin-right: 14px; width: 40px;\"><\/div>\n<div style=\"flex-direction: column; flex-grow: 1; justify-content: center;\">\n<div style=\"background-color: #f4f4f4; border-radius: 4px; flex-grow: 0; height: 14px; margin-bottom: 6px; width: 100px;\"><\/div>\n<div style=\"background-color: #f4f4f4; border-radius: 4px; flex-grow: 0; height: 14px; width: 60px;\"><\/div>\n<\/div>\n<\/div>\n<div style=\"padding: 19% 0;\"><\/div>\n<div style=\"height: 50px; margin: 0 auto 12px; width: 50px;\"><\/div>\n<div style=\"padding-top: 8px;\">\n<div style=\"color: #3897f0; font-family: Arial,sans-serif; font-size: 14px; font-style: normal; font-weight: 550; line-height: 18px;\">Voir cette publication sur Instagram<\/div>\n<\/div>\n<div style=\"padding: 12.5% 0;\"><\/div>\n<div style=\"flex-direction: row; margin-bottom: 14px; align-items: center;\">\n<div>\n<div style=\"background-color: #f4f4f4; border-radius: 50%; height: 12.5px; width: 12.5px;\"><\/div>\n<div style=\"background-color: #f4f4f4; height: 12.5px; width: 12.5px; flex-grow: 0; margin-right: 14px; margin-left: 2px;\"><\/div>\n<div style=\"background-color: #f4f4f4; border-radius: 50%; height: 12.5px; width: 12.5px;\"><\/div>\n<\/div>\n<div style=\"margin-left: 8px;\">\n<div style=\"background-color: #f4f4f4; border-radius: 50%; flex-grow: 0; height: 20px; width: 20px;\"><\/div>\n<div style=\"width: 0; height: 0; border-top: 2px solid transparent; border-left: 6px solid #f4f4f4; border-bottom: 2px solid transparent;\"><\/div>\n<\/div>\n<div style=\"margin-left: auto;\">\n<div style=\"width: 0px; border-top: 8px solid #F4F4F4; border-right: 8px solid transparent;\"><\/div>\n<div style=\"background-color: #f4f4f4; flex-grow: 0; height: 12px; width: 16px;\"><\/div>\n<div style=\"width: 0; height: 0; border-top: 8px solid #F4F4F4; border-left: 8px solid transparent;\"><\/div>\n<\/div>\n<\/div>\n<div style=\"flex-direction: column; flex-grow: 1; justify-content: center; margin-bottom: 24px;\">\n<div style=\"background-color: #f4f4f4; border-radius: 4px; flex-grow: 0; height: 14px; margin-bottom: 6px; width: 224px;\"><\/div>\n<div style=\"background-color: #f4f4f4; border-radius: 4px; flex-grow: 0; height: 14px; width: 144px;\"><\/div>\n<\/div>\n<p>&nbsp;<\/p>\n<p style=\"color: #c9c8cd; font-family: Arial,sans-serif; font-size: 14px; line-height: 17px; margin-bottom: 0; margin-top: 8px; overflow: hidden; padding: 8px 0 7px; text-align: center;\"><a style=\"color: #c9c8cd; font-family: Arial,sans-serif; font-size: 14px; font-style: normal; font-weight: normal; line-height: 17px; text-decoration: none;\" href=\"https:\/\/www.instagram.com\/p\/Cs_YUKwNtb2\/?utm_source=ig_embed&amp;utm_campaign=loading\" target=\"_blank\" rel=\"noopener\">Une publication partag\u00e9e par Alfonsi Jean Charles (@lescale_portopollo)<\/a><\/p>\n<\/div>\n<\/blockquote>\n<h2><b>Se d\u00e9placer facilement : la Corse \u00e0 port\u00e9e de main<\/b><\/h2>\n<p><span style=\"font-weight: 400;\">Rien de plus simple pour rejoindre Porto-Pollo depuis la France. Vous pouvez prendre un train jusqu\u2019\u00e0 Nice ou Marseille, puis embarquer sur un ferry pour Ajaccio, qui vous am\u00e8nera directement en Corse. Comptez environ 12 heures de trajet pour traverser la mer M\u00e9diterran\u00e9e et rejoindre votre nouveau havre de paix. Une fois sur place, vous b\u00e9n\u00e9ficiez de transports en commun r\u00e9guliers, qui vous permettent de vous d\u00e9placer ais\u00e9ment vers les grandes villes voisines. Parfait pour les retrait\u00e9s qui veulent \u00eatre au calme, tout en restant connect\u00e9s aux services et aux commerces des villes.<\/span><\/p>\n<blockquote class=\"instagram-media\" style=\"background: #FFF; border: 0; border-radius: 3px; margin: 1px; max-width: 540px; min-width: 326px; padding: 0; width: calc(100% - 2px);\" data-instgrm-captioned=\"\" data-instgrm-permalink=\"https:\/\/www.instagram.com\/p\/DA6b079uAPm\/?utm_source=ig_embed&amp;utm_campaign=loading\" data-instgrm-version=\"14\">\n<div style=\"padding: 16px;\">\n<p>&nbsp;<\/p>\n<div style=\"flex-direction: row; align-items: center;\">\n<div style=\"background-color: #f4f4f4; border-radius: 50%; flex-grow: 0; height: 40px; margin-right: 14px; width: 40px;\"><\/div>\n<div style=\"flex-direction: column; flex-grow: 1; justify-content: center;\">\n<div style=\"background-color: #f4f4f4; border-radius: 4px; flex-grow: 0; height: 14px; margin-bottom: 6px; width: 100px;\"><\/div>\n<div style=\"background-color: #f4f4f4; border-radius: 4px; flex-grow: 0; height: 14px; width: 60px;\"><\/div>\n<\/div>\n<\/div>\n<div style=\"padding: 19% 0;\"><\/div>\n<div style=\"height: 50px; margin: 0 auto 12px; width: 50px;\"><\/div>\n<div style=\"padding-top: 8px;\">\n<div style=\"color: #3897f0; font-family: Arial,sans-serif; font-size: 14px; font-style: normal; font-weight: 550; line-height: 18px;\">Voir cette publication sur Instagram<\/div>\n<\/div>\n<div style=\"padding: 12.5% 0;\"><\/div>\n<div style=\"flex-direction: row; margin-bottom: 14px; align-items: center;\">\n<div>\n<div style=\"background-color: #f4f4f4; border-radius: 50%; height: 12.5px; width: 12.5px;\"><\/div>\n<div style=\"background-color: #f4f4f4; height: 12.5px; width: 12.5px; flex-grow: 0; margin-right: 14px; margin-left: 2px;\"><\/div>\n<div style=\"background-color: #f4f4f4; border-radius: 50%; height: 12.5px; width: 12.5px;\"><\/div>\n<\/div>\n<div style=\"margin-left: 8px;\">\n<div style=\"background-color: #f4f4f4; border-radius: 50%; flex-grow: 0; height: 20px; width: 20px;\"><\/div>\n<div style=\"width: 0; height: 0; border-top: 2px solid transparent; border-left: 6px solid #f4f4f4; border-bottom: 2px solid transparent;\"><\/div>\n<\/div>\n<div style=\"margin-left: auto;\">\n<div style=\"width: 0px; border-top: 8px solid #F4F4F4; border-right: 8px solid transparent;\"><\/div>\n<div style=\"background-color: #f4f4f4; flex-grow: 0; height: 12px; width: 16px;\"><\/div>\n<div style=\"width: 0; height: 0; border-top: 8px solid #F4F4F4; border-left: 8px solid transparent;\"><\/div>\n<\/div>\n<\/div>\n<div style=\"flex-direction: column; flex-grow: 1; justify-content: center; margin-bottom: 24px;\">\n<div style=\"background-color: #f4f4f4; border-radius: 4px; flex-grow: 0; height: 14px; margin-bottom: 6px; width: 224px;\"><\/div>\n<div style=\"background-color: #f4f4f4; border-radius: 4px; flex-grow: 0; height: 14px; width: 144px;\"><\/div>\n<\/div>\n<p>&nbsp;<\/p>\n<p style=\"color: #c9c8cd; font-family: Arial,sans-serif; font-size: 14px; line-height: 17px; margin-bottom: 0; margin-top: 8px; overflow: hidden; padding: 8px 0 7px; text-align: center;\"><a style=\"color: #c9c8cd; font-family: Arial,sans-serif; font-size: 14px; font-style: normal; font-weight: normal; line-height: 17px; text-decoration: none;\" href=\"https:\/\/www.instagram.com\/p\/DA6b079uAPm\/?utm_source=ig_embed&amp;utm_campaign=loading\" target=\"_blank\" rel=\"noopener\">Une publication partag\u00e9e par Robert Robert (@r_o_b_s_camera)<\/a><\/p>\n<\/div>\n<\/blockquote>\n<p><b>Porto-Pollo<\/b><span style=\"font-weight: 400;\"> n\u2019est pas juste un village corse comme les autres. C\u2019est une invitation \u00e0 vivre pleinement sa retraite au bord de l\u2019eau, dans un cadre naturel spectaculaire et une communaut\u00e9 chaleureuse. Ici, la tranquillit\u00e9 se conjugue avec l\u2019activit\u00e9, le confort et une qualit\u00e9 de vie incomparable. Pourquoi ne pas choisir Porto-Pollo pour votre prochaine grande aventure ?<\/span><\/p>\n","protected":false},"excerpt":{"rendered":"<p>Et si votre r\u00eave de retraite \u00e9tait enfin \u00e0 port\u00e9e de main ? Un endroit o\u00f9 le chant des vagues [&hellip;]<\/p>\n","protected":false},"author":3,"featured_media":35218,"comment_status":"open","ping_status":"closed","sticky":false,"template":"","format":"standard","meta":{"_acf_changed":false,"_sitemap_exclude":false,"_sitemap_priority":"","_sitemap_frequency":"","footnotes":"","rank_math_title":"","rank_math_description":"Pr\u00eat \u00e0 plonger dans le bonheur d\u2019une retraite au soleil ? Porto-Pollo vous attend, au c\u0153ur de la Corse-du-Sud.\n","rank_math_canonical_url":"","rank_math_focus_keyword":"retraite"},"categories":[3],"tags":[],"class_list":["post-35217","post","type-post","status-publish","format-standard","has-post-thumbnail","hentry","category-voyage"],"acf":[],"_links":{"self":[{"href":"https:\/\/ulysse.com\/news\/wp-json\/wp\/v2\/posts\/35217","targetHints":{"allow":["GET"]}}],"collection":[{"href":"https:\/\/ulysse.com\/news\/wp-json\/wp\/v2\/posts"}],"about":[{"href":"https:\/\/ulysse.com\/news\/wp-json\/wp\/v2\/types\/post"}],"author":[{"embeddable":true,"href":"https:\/\/ulysse.com\/news\/wp-json\/wp\/v2\/users\/3"}],"replies":[{"embeddable":true,"href":"https:\/\/ulysse.com\/news\/wp-json\/wp\/v2\/comments?post=35217"}],"version-history":[{"count":3,"href":"https:\/\/ulysse.com\/news\/wp-json\/wp\/v2\/posts\/35217\/revisions"}],"predecessor-version":[{"id":35237,"href":"https:\/\/ulysse.com\/news\/wp-json\/wp\/v2\/posts\/35217\/revisions\/35237"}],"wp:featuredmedia":[{"embeddable":true,"href":"https:\/\/ulysse.com\/news\/wp-json\/wp\/v2\/media\/35218"}],"wp:attachment":[{"href":"https:\/\/ulysse.com\/news\/wp-json\/wp\/v2\/media?parent=35217"}],"wp:term":[{"taxonomy":"category","embeddable":true,"href":"https:\/\/ulysse.com\/news\/wp-json\/wp\/v2\/categories?post=35217"},{"taxonomy":"post_tag","embeddable":true,"href":"https:\/\/ulysse.com\/news\/wp-json\/wp\/v2\/tags?post=35217"}],"curies":[{"name":"wp","href":"https:\/\/api.w.org\/{rel}","templated":true}]}}