{"id":35223,"date":"2025-09-19T14:00:16","date_gmt":"2025-09-19T13:00:16","guid":{"rendered":"https:\/\/discover.ulysse.com\/?p=35223"},"modified":"2025-09-19T09:57:07","modified_gmt":"2025-09-19T08:57:07","slug":"pres-de-la-france-un-littoral-obtient-une-nouvelle-etoile-voici-ce-qui-le-rend-exceptionnel","status":"publish","type":"post","link":"https:\/\/ulysse.com\/news\/pres-de-la-france-un-littoral-obtient-une-nouvelle-etoile-voici-ce-qui-le-rend-exceptionnel","title":{"rendered":"Pr\u00e8s de la France, un littoral obtient une nouvelle \u00e9toile, voici ce qui le rend exceptionnel"},"content":{"rendered":"<p><span style=\"font-weight: 400;\">Les <\/span><b>Dunes de Flandre<\/b><span style=\"font-weight: 400;\">, ce joyau cach\u00e9 entre <\/span><b>Dunkerque<\/b><span style=\"font-weight: 400;\"> et la fronti\u00e8re belge, viennent d\u2019ajouter une belle \u00e9toile \u00e0 leur palmar\u00e8s. <\/span><b>Grand Site de France<\/b><span style=\"font-weight: 400;\">, c\u2019est le nom de cette distinction qui vient couronner des ann\u00e9es de travail acharn\u00e9 pour pr\u00e9server ce site naturel tout en accueillant des millions de visiteurs. Cette nouvelle labellisation est bien plus qu&#8217;un simple titre : c\u2019est un v\u00e9ritable gage de qualit\u00e9 et un booster pour le tourisme local. Un petit coup de projecteur sur ce coin de paradis qui ne demande qu\u2019\u00e0 briller encore plus.<\/span><\/p>\n<h2><b>Un label qui fait briller le littoral nord<\/b><\/h2>\n<p><span style=\"font-weight: 400;\">Derri\u00e8re cette labellisation se cache une vraie volont\u00e9 de marier la beaut\u00e9 des paysages des <\/span><b>Dunes de Flandre<\/b><span style=\"font-weight: 400;\"> \u00e0 un tourisme responsable. <\/span><b>Le minist\u00e8re de l\u2019Environnement<\/b><span style=\"font-weight: 400;\">, en attribuant cette reconnaissance le <\/span><b>22 ao\u00fbt 2025<\/b><span style=\"font-weight: 400;\">, souligne une gestion exemplaire de ce site entre nature pr\u00e9serv\u00e9e et zones urbanis\u00e9es. Mais pourquoi ce label est-il si important pour la r\u00e9gion ?<\/span><\/p>\n<p><span style=\"font-weight: 400;\">C&#8217;est simple : les <\/span>Dunes de Flandre<span style=\"font-weight: 400;\"> s\u2019\u00e9tendent sur 15 kilom\u00e8tres de littoral, offrant une diversit\u00e9 de paysages qui attire aujourd&#8217;hui un nombre croissant de visiteurs. En 2023-2024, ce ne sont pas moins de <\/span><b>2,6 millions de visiteurs<\/b><span style=\"font-weight: 400;\"> qui ont foul\u00e9 ces terres. Ce chiffre impressionnant montre \u00e0 quel point ce coin de nature est devenu un incontournable du tourisme en <\/span><b>Hauts-de-France<\/b><span style=\"font-weight: 400;\">. Ce label va non seulement permettre de renforcer l\u2019attractivit\u00e9 du site, mais aussi d\u2019assurer qu\u2019il soit pr\u00e9serv\u00e9 pour les g\u00e9n\u00e9rations futures.<\/span><\/p>\n<blockquote class=\"instagram-media\" style=\"background: #FFF; border: 0; border-radius: 3px; margin: 1px; max-width: 540px; min-width: 326px; padding: 0; width: calc(100% - 2px);\" data-instgrm-captioned=\"\" data-instgrm-permalink=\"https:\/\/www.instagram.com\/p\/DOJca6XjAT2\/?utm_source=ig_embed&amp;utm_campaign=loading\" data-instgrm-version=\"14\">\n<div style=\"padding: 16px;\">\n<p>&nbsp;<\/p>\n<div style=\"flex-direction: row; align-items: center;\">\n<div style=\"background-color: #f4f4f4; border-radius: 50%; flex-grow: 0; height: 40px; margin-right: 14px; width: 40px;\"><\/div>\n<div style=\"flex-direction: column; flex-grow: 1; justify-content: center;\">\n<div style=\"background-color: #f4f4f4; border-radius: 4px; flex-grow: 0; height: 14px; margin-bottom: 6px; width: 100px;\"><\/div>\n<div style=\"background-color: #f4f4f4; border-radius: 4px; flex-grow: 0; height: 14px; width: 60px;\"><\/div>\n<\/div>\n<\/div>\n<div style=\"padding: 19% 0;\"><\/div>\n<div style=\"height: 50px; margin: 0 auto 12px; width: 50px;\"><\/div>\n<div style=\"padding-top: 8px;\">\n<div style=\"color: #3897f0; font-family: Arial,sans-serif; font-size: 14px; font-style: normal; font-weight: 550; line-height: 18px;\">Voir cette publication sur Instagram<\/div>\n<\/div>\n<div style=\"padding: 12.5% 0;\"><\/div>\n<div style=\"flex-direction: row; margin-bottom: 14px; align-items: center;\">\n<div>\n<div style=\"background-color: #f4f4f4; border-radius: 50%; height: 12.5px; width: 12.5px;\"><\/div>\n<div style=\"background-color: #f4f4f4; height: 12.5px; width: 12.5px; flex-grow: 0; margin-right: 14px; margin-left: 2px;\"><\/div>\n<div style=\"background-color: #f4f4f4; border-radius: 50%; height: 12.5px; width: 12.5px;\"><\/div>\n<\/div>\n<div style=\"margin-left: 8px;\">\n<div style=\"background-color: #f4f4f4; border-radius: 50%; flex-grow: 0; height: 20px; width: 20px;\"><\/div>\n<div style=\"width: 0; height: 0; border-top: 2px solid transparent; border-left: 6px solid #f4f4f4; border-bottom: 2px solid transparent;\"><\/div>\n<\/div>\n<div style=\"margin-left: auto;\">\n<div style=\"width: 0px; border-top: 8px solid #F4F4F4; border-right: 8px solid transparent;\"><\/div>\n<div style=\"background-color: #f4f4f4; flex-grow: 0; height: 12px; width: 16px;\"><\/div>\n<div style=\"width: 0; height: 0; border-top: 8px solid #F4F4F4; border-left: 8px solid transparent;\"><\/div>\n<\/div>\n<\/div>\n<div style=\"flex-direction: column; flex-grow: 1; justify-content: center; margin-bottom: 24px;\">\n<div style=\"background-color: #f4f4f4; border-radius: 4px; flex-grow: 0; height: 14px; margin-bottom: 6px; width: 224px;\"><\/div>\n<div style=\"background-color: #f4f4f4; border-radius: 4px; flex-grow: 0; height: 14px; width: 144px;\"><\/div>\n<\/div>\n<p>&nbsp;<\/p>\n<p style=\"color: #c9c8cd; font-family: Arial,sans-serif; font-size: 14px; line-height: 17px; margin-bottom: 0; margin-top: 8px; overflow: hidden; padding: 8px 0 7px; text-align: center;\"><a style=\"color: #c9c8cd; font-family: Arial,sans-serif; font-size: 14px; font-style: normal; font-weight: normal; line-height: 17px; text-decoration: none;\" href=\"https:\/\/www.instagram.com\/p\/DOJca6XjAT2\/?utm_source=ig_embed&amp;utm_campaign=loading\" target=\"_blank\" rel=\"noopener\">Une publication partag\u00e9e par Hauts-de-France Tourisme (@hdftourisme)<\/a><\/p>\n<\/div>\n<\/blockquote>\n<h2><b>Une gestion durable : Le secret de la r\u00e9ussite<\/b><\/h2>\n<p><span style=\"font-weight: 400;\">\u00catre labellis\u00e9 <\/span><a href=\"https:\/\/www.grandsitedefrance.com\/\" target=\"_blank\" rel=\"noopener\">Grand Site de France<\/a><span style=\"font-weight: 400;\">, c\u2019est avant tout un travail de longue haleine pour pr\u00e9server l\u2019\u00e9quilibre entre pr\u00e9servation et tourisme. Ce n\u2019est pas qu\u2019une histoire de beaux paysages, mais aussi de gestion durable. Les <\/span><b>Dunes de Flandre<\/b><span style=\"font-weight: 400;\"> sont un exemple parfait de cette gestion fine, o\u00f9 le respect de l\u2019environnement se conjugue avec un accueil soign\u00e9 pour les visiteurs. En <\/span>2012<span style=\"font-weight: 400;\">, la r\u00e9gion a commenc\u00e9 \u00e0 s\u2019engager dans cette d\u00e9marche collective. Aujourd&#8217;hui, ce travail porte ses fruits avec cette labellisation, qui est la reconnaissance des efforts pour pr\u00e9server les dunes, les plages et la biodiversit\u00e9 locale, tout en garantissant un accueil de qualit\u00e9.<\/span><\/p>\n<p><span style=\"font-weight: 400;\">On peut le dire, ce label, c&#8217;est aussi un \u00e9norme coup de pouce pour l\u2019\u00e9conomie locale. Commer\u00e7ants, h\u00f4teliers, restaurateurs : tout le monde en profite. Les visiteurs arrivent en nombre, mais la gestion des flux touristiques fait en sorte que le site reste agr\u00e9able et respectueux de son environnement. Un bel \u00e9quilibre entre pr\u00e9servation et d\u00e9veloppement touristique.<\/span><\/p>\n<blockquote class=\"instagram-media\" style=\"background: #FFF; border: 0; border-radius: 3px; margin: 1px; max-width: 540px; min-width: 326px; padding: 0; width: calc(100% - 2px);\" data-instgrm-captioned=\"\" data-instgrm-permalink=\"https:\/\/www.instagram.com\/p\/DMxzF0KN9wg\/?utm_source=ig_embed&amp;utm_campaign=loading\" data-instgrm-version=\"14\">\n<div style=\"padding: 16px;\">\n<p>&nbsp;<\/p>\n<div style=\"flex-direction: row; align-items: center;\">\n<div style=\"background-color: #f4f4f4; border-radius: 50%; flex-grow: 0; height: 40px; margin-right: 14px; width: 40px;\"><\/div>\n<div style=\"flex-direction: column; flex-grow: 1; justify-content: center;\">\n<div style=\"background-color: #f4f4f4; border-radius: 4px; flex-grow: 0; height: 14px; margin-bottom: 6px; width: 100px;\"><\/div>\n<div style=\"background-color: #f4f4f4; border-radius: 4px; flex-grow: 0; height: 14px; width: 60px;\"><\/div>\n<\/div>\n<\/div>\n<div style=\"padding: 19% 0;\"><\/div>\n<div style=\"height: 50px; margin: 0 auto 12px; width: 50px;\"><\/div>\n<div style=\"padding-top: 8px;\">\n<div style=\"color: #3897f0; font-family: Arial,sans-serif; font-size: 14px; font-style: normal; font-weight: 550; line-height: 18px;\">Voir cette publication sur Instagram<\/div>\n<\/div>\n<div style=\"padding: 12.5% 0;\"><\/div>\n<div style=\"flex-direction: row; margin-bottom: 14px; align-items: center;\">\n<div>\n<div style=\"background-color: #f4f4f4; border-radius: 50%; height: 12.5px; width: 12.5px;\"><\/div>\n<div style=\"background-color: #f4f4f4; height: 12.5px; width: 12.5px; flex-grow: 0; margin-right: 14px; margin-left: 2px;\"><\/div>\n<div style=\"background-color: #f4f4f4; border-radius: 50%; height: 12.5px; width: 12.5px;\"><\/div>\n<\/div>\n<div style=\"margin-left: 8px;\">\n<div style=\"background-color: #f4f4f4; border-radius: 50%; flex-grow: 0; height: 20px; width: 20px;\"><\/div>\n<div style=\"width: 0; height: 0; border-top: 2px solid transparent; border-left: 6px solid #f4f4f4; border-bottom: 2px solid transparent;\"><\/div>\n<\/div>\n<div style=\"margin-left: auto;\">\n<div style=\"width: 0px; border-top: 8px solid #F4F4F4; border-right: 8px solid transparent;\"><\/div>\n<div style=\"background-color: #f4f4f4; flex-grow: 0; height: 12px; width: 16px;\"><\/div>\n<div style=\"width: 0; height: 0; border-top: 8px solid #F4F4F4; border-left: 8px solid transparent;\"><\/div>\n<\/div>\n<\/div>\n<div style=\"flex-direction: column; flex-grow: 1; justify-content: center; margin-bottom: 24px;\">\n<div style=\"background-color: #f4f4f4; border-radius: 4px; flex-grow: 0; height: 14px; margin-bottom: 6px; width: 224px;\"><\/div>\n<div style=\"background-color: #f4f4f4; border-radius: 4px; flex-grow: 0; height: 14px; width: 144px;\"><\/div>\n<\/div>\n<p>&nbsp;<\/p>\n<p style=\"color: #c9c8cd; font-family: Arial,sans-serif; font-size: 14px; line-height: 17px; margin-bottom: 0; margin-top: 8px; overflow: hidden; padding: 8px 0 7px; text-align: center;\"><a style=\"color: #c9c8cd; font-family: Arial,sans-serif; font-size: 14px; font-style: normal; font-weight: normal; line-height: 17px; text-decoration: none;\" href=\"https:\/\/www.instagram.com\/p\/DMxzF0KN9wg\/?utm_source=ig_embed&amp;utm_campaign=loading\" target=\"_blank\" rel=\"noopener\">Une publication partag\u00e9e par Les Dunes de Flandre (@lesdunesdeflandre)<\/a><\/p>\n<\/div>\n<\/blockquote>\n<h2><b>Dunes de Flandre : Un atout pour le tourisme de demain<\/b><\/h2>\n<p><span style=\"font-weight: 400;\">L\u2019obtention de ce label vient aussi renforcer la place des <\/span><b>Dunes de Flandre<\/b><span style=\"font-weight: 400;\"> dans le paysage touristique des <\/span><a href=\"https:\/\/discover.ulysse.com\/a-la-rencontre-des-phoques-cette-plage-de-hauts-de-france-est-un-veritable-sanctuaire-naturel\">Hauts-de-France<\/a><span style=\"font-weight: 400;\">. Ce site rejoint les <\/span><b>Deux-Caps<\/b><span style=\"font-weight: 400;\"> et la <\/span><b>Baie de Somme<\/b><span style=\"font-weight: 400;\">, d\u00e9j\u00e0 labellis\u00e9s, cr\u00e9ant ainsi un trio de choc pour les amoureux de nature et de grands espaces. Et que dire de la <\/span><b>27e \u00e9dition des Rencontres du R\u00e9seau des Grands Sites de France<\/b><span style=\"font-weight: 400;\"> qui aura lieu ici, du <\/span><b>1er au 4 octobre 2025<\/b><span style=\"font-weight: 400;\"> ? Un \u00e9v\u00e9nement qui attirera encore plus de curieux et de professionnels du tourisme, d\u00e9sireux de d\u00e9couvrir les secrets de cette gestion durable.<\/span><\/p>\n<p><span style=\"font-weight: 400;\">Avec un tel label, la r\u00e9gion devient un p\u00f4le d\u2019attraction incontournable. Le tourisme ici se veut respectueux de l\u2019environnement, mais il est aussi synonyme de d\u00e9tente, de d\u00e9couverte et de plaisir pour les visiteurs. On vous promet que, pass\u00e9 la fronti\u00e8re, vous serez transport\u00e9 dans un autre univers o\u00f9 la nature, l\u2019histoire et la culture se rencontrent avec \u00e9l\u00e9gance.<\/span><\/p>\n<h2><b>Un enjeu de taille : L\u2019\u00e9quilibre \u00e0 pr\u00e9server<\/b><\/h2>\n<p><span style=\"font-weight: 400;\">Malgr\u00e9 cette belle labellisation, les <\/span><b>Dunes de Flandre<\/b><span style=\"font-weight: 400;\"> ne sont pas \u00e0 l\u2019abri des d\u00e9fis \u00e0 venir. En effet, l\u2019enjeu principal pour la r\u00e9gion sera de maintenir cet \u00e9quilibre fragile entre <\/span><b>pr\u00e9servation<\/b><span style=\"font-weight: 400;\"> et <\/span><b>fr\u00e9quentation touristique<\/b><span style=\"font-weight: 400;\">. Les millions de visiteurs, m\u00eame accueillis dans les meilleures conditions possibles, peuvent parfois avoir un impact. La gestion fine des flux, le respect des zones prot\u00e9g\u00e9es et l\u2019\u00e9ducation des visiteurs \u00e0 l\u2019importance de la pr\u00e9servation de ces espaces resteront des priorit\u00e9s pour maintenir ce label et \u00e9viter la surfr\u00e9quentation.<\/span><\/p>\n<p><span style=\"font-weight: 400;\">L\u2019avenir des <\/span>Dunes de Flandre<span style=\"font-weight: 400;\">, c\u2019est donc de continuer \u00e0 briller comme un mod\u00e8le de tourisme responsable. \u00c0 l\u2019heure o\u00f9 le <\/span><b>tourisme durable<\/b><span style=\"font-weight: 400;\"> prend de plus en plus de place, ces dunes sont un parfait exemple de ce que le futur du tourisme pourrait \u00eatre : un m\u00e9lange de beaut\u00e9 naturelle, de respect des ressources et d\u2019accueil chaleureux pour les voyageurs.<\/span><\/p>\n<blockquote class=\"instagram-media\" style=\"background: #FFF; border: 0; border-radius: 3px; margin: 1px; max-width: 540px; min-width: 326px; padding: 0; width: calc(100% - 2px);\" data-instgrm-captioned=\"\" data-instgrm-permalink=\"https:\/\/www.instagram.com\/p\/DMmpBCNy0Z8\/?utm_source=ig_embed&amp;utm_campaign=loading\" data-instgrm-version=\"14\">\n<div style=\"padding: 16px;\">\n<p>&nbsp;<\/p>\n<div style=\"flex-direction: row; align-items: center;\">\n<div style=\"background-color: #f4f4f4; border-radius: 50%; flex-grow: 0; height: 40px; margin-right: 14px; width: 40px;\"><\/div>\n<div style=\"flex-direction: column; flex-grow: 1; justify-content: center;\">\n<div style=\"background-color: #f4f4f4; border-radius: 4px; flex-grow: 0; height: 14px; margin-bottom: 6px; width: 100px;\"><\/div>\n<div style=\"background-color: #f4f4f4; border-radius: 4px; flex-grow: 0; height: 14px; width: 60px;\"><\/div>\n<\/div>\n<\/div>\n<div style=\"padding: 19% 0;\"><\/div>\n<div style=\"height: 50px; margin: 0 auto 12px; width: 50px;\"><\/div>\n<div style=\"padding-top: 8px;\">\n<div style=\"color: #3897f0; font-family: Arial,sans-serif; font-size: 14px; font-style: normal; font-weight: 550; line-height: 18px;\">Voir cette publication sur Instagram<\/div>\n<\/div>\n<div style=\"padding: 12.5% 0;\"><\/div>\n<div style=\"flex-direction: row; margin-bottom: 14px; align-items: center;\">\n<div>\n<div style=\"background-color: #f4f4f4; border-radius: 50%; height: 12.5px; width: 12.5px;\"><\/div>\n<div style=\"background-color: #f4f4f4; height: 12.5px; width: 12.5px; flex-grow: 0; margin-right: 14px; margin-left: 2px;\"><\/div>\n<div style=\"background-color: #f4f4f4; border-radius: 50%; height: 12.5px; width: 12.5px;\"><\/div>\n<\/div>\n<div style=\"margin-left: 8px;\">\n<div style=\"background-color: #f4f4f4; border-radius: 50%; flex-grow: 0; height: 20px; width: 20px;\"><\/div>\n<div style=\"width: 0; height: 0; border-top: 2px solid transparent; border-left: 6px solid #f4f4f4; border-bottom: 2px solid transparent;\"><\/div>\n<\/div>\n<div style=\"margin-left: auto;\">\n<div style=\"width: 0px; border-top: 8px solid #F4F4F4; border-right: 8px solid transparent;\"><\/div>\n<div style=\"background-color: #f4f4f4; flex-grow: 0; height: 12px; width: 16px;\"><\/div>\n<div style=\"width: 0; height: 0; border-top: 8px solid #F4F4F4; border-left: 8px solid transparent;\"><\/div>\n<\/div>\n<\/div>\n<div style=\"flex-direction: column; flex-grow: 1; justify-content: center; margin-bottom: 24px;\">\n<div style=\"background-color: #f4f4f4; border-radius: 4px; flex-grow: 0; height: 14px; margin-bottom: 6px; width: 224px;\"><\/div>\n<div style=\"background-color: #f4f4f4; border-radius: 4px; flex-grow: 0; height: 14px; width: 144px;\"><\/div>\n<\/div>\n<p>&nbsp;<\/p>\n<p style=\"color: #c9c8cd; font-family: Arial,sans-serif; font-size: 14px; line-height: 17px; margin-bottom: 0; margin-top: 8px; overflow: hidden; padding: 8px 0 7px; text-align: center;\"><a style=\"color: #c9c8cd; font-family: Arial,sans-serif; font-size: 14px; font-style: normal; font-weight: normal; line-height: 17px; text-decoration: none;\" href=\"https:\/\/www.instagram.com\/p\/DMmpBCNy0Z8\/?utm_source=ig_embed&amp;utm_campaign=loading\" target=\"_blank\" rel=\"noopener\">Une publication partag\u00e9e par Les Dunes de Flandre (@lesdunesdeflandre)<\/a><\/p>\n<\/div>\n<\/blockquote>\n<h2><b>Un futur prometteur pour les Dunes de Flandre<\/b><\/h2>\n<p><span style=\"font-weight: 400;\">Les <\/span>Dunes de Flandre<span style=\"font-weight: 400;\"> ne sont pas simplement un lieu \u00e0 visiter, elles sont un symbole. Un symbole d\u2019un tourisme qui peut \u00eatre \u00e0 la fois respectueux de la nature et porteur de b\u00e9n\u00e9fices pour les habitants locaux. Avec ce nouveau label, elles sont pr\u00eates \u00e0 franchir un nouveau cap et \u00e0 s\u2019imposer comme un des lieux phares du <\/span><a href=\"https:\/\/discover.ulysse.com\/cote-darmor-pourquoi-ce-littoral-attire-autant-les-regards\">littoral nord<\/a><span style=\"font-weight: 400;\"> de la France. Alors, pr\u00eat \u00e0 d\u00e9couvrir ce coin de paradis et \u00e0 profiter d\u2019une exp\u00e9rience unique, tout en contribuant \u00e0 sa pr\u00e9servation ? Les <\/span>Dunes de Flandre<span style=\"font-weight: 400;\"> vous attendent !<\/span><\/p>\n","protected":false},"excerpt":{"rendered":"<p>Les Dunes de Flandre, ce joyau cach\u00e9 entre Dunkerque et la fronti\u00e8re belge, viennent d\u2019ajouter une belle \u00e9toile \u00e0 leur [&hellip;]<\/p>\n","protected":false},"author":3,"featured_media":35224,"comment_status":"open","ping_status":"closed","sticky":false,"template":"","format":"standard","meta":{"_acf_changed":false,"_sitemap_exclude":false,"_sitemap_priority":"","_sitemap_frequency":"","footnotes":"","rank_math_title":"","rank_math_description":"Les Dunes de Flandre d\u00e9crochent le label Grand Site de France, un atout pour le tourisme durable du littoral nord de la France.\n","rank_math_canonical_url":"","rank_math_focus_keyword":"france"},"categories":[3],"tags":[],"class_list":["post-35223","post","type-post","status-publish","format-standard","has-post-thumbnail","hentry","category-voyage"],"acf":[],"_links":{"self":[{"href":"https:\/\/ulysse.com\/news\/wp-json\/wp\/v2\/posts\/35223","targetHints":{"allow":["GET"]}}],"collection":[{"href":"https:\/\/ulysse.com\/news\/wp-json\/wp\/v2\/posts"}],"about":[{"href":"https:\/\/ulysse.com\/news\/wp-json\/wp\/v2\/types\/post"}],"author":[{"embeddable":true,"href":"https:\/\/ulysse.com\/news\/wp-json\/wp\/v2\/users\/3"}],"replies":[{"embeddable":true,"href":"https:\/\/ulysse.com\/news\/wp-json\/wp\/v2\/comments?post=35223"}],"version-history":[{"count":3,"href":"https:\/\/ulysse.com\/news\/wp-json\/wp\/v2\/posts\/35223\/revisions"}],"predecessor-version":[{"id":35232,"href":"https:\/\/ulysse.com\/news\/wp-json\/wp\/v2\/posts\/35223\/revisions\/35232"}],"wp:featuredmedia":[{"embeddable":true,"href":"https:\/\/ulysse.com\/news\/wp-json\/wp\/v2\/media\/35224"}],"wp:attachment":[{"href":"https:\/\/ulysse.com\/news\/wp-json\/wp\/v2\/media?parent=35223"}],"wp:term":[{"taxonomy":"category","embeddable":true,"href":"https:\/\/ulysse.com\/news\/wp-json\/wp\/v2\/categories?post=35223"},{"taxonomy":"post_tag","embeddable":true,"href":"https:\/\/ulysse.com\/news\/wp-json\/wp\/v2\/tags?post=35223"}],"curies":[{"name":"wp","href":"https:\/\/api.w.org\/{rel}","templated":true}]}}