{"id":35229,"date":"2025-09-20T08:00:11","date_gmt":"2025-09-20T07:00:11","guid":{"rendered":"https:\/\/discover.ulysse.com\/?p=35229"},"modified":"2025-09-19T20:31:13","modified_gmt":"2025-09-19T19:31:13","slug":"lautomne-en-suisse-comme-vous-ne-lavez-jamais-vu-grace-a-ces-5-trajets-en-train","status":"publish","type":"post","link":"https:\/\/ulysse.com\/news\/lautomne-en-suisse-comme-vous-ne-lavez-jamais-vu-grace-a-ces-5-trajets-en-train","title":{"rendered":"L\u2019automne en Suisse comme vous ne l\u2019avez jamais vu gr\u00e2ce \u00e0 ces 5 trajets en train"},"content":{"rendered":"<p><span style=\"font-weight: 400;\">L\u2019automne, cette saison magique o\u00f9 les paysages se parent de teintes dor\u00e9es et orang\u00e9es, est une invitation \u00e0 la d\u00e9couverte. Et si vous profitiez de cette p\u00e9riode pour explorer la Suisse sous un angle nouveau ? Imaginez des montagnes majestueuses, des lacs cristallins et des villages pittoresques\u2026 et tout cela, accessible facilement en train ! <strong>L\u2019automne en Suisse,<\/strong> c\u2019est un voyage plein de surprises, o\u00f9 chaque r\u00e9gion vous offre une exp\u00e9rience unique. Pr\u00eats pour une aventure inoubliable \u00e0 travers cinq destinations incontournables, aux panoramas spectaculaires et aux couleurs \u00e9clatantes ? Montez \u00e0 bord et laissez-vous guider !<\/span><\/p>\n<h2><b>Le pays de Gruy\u00e8re : fromage, montagnes et paysages dor\u00e9s<\/b><\/h2>\n<p><span style=\"font-weight: 400;\"><a href=\"https:\/\/discover.ulysse.com\/ce-train-suisse-ne-ressemble-a-aucun-autre-mais-seuls-les-passagers-comprennent-pourquoi\">Gruy\u00e8res<\/a>, c\u2019est le symbole m\u00eame de la Suisse authentique : un village m\u00e9di\u00e9val aux ruelles pav\u00e9es, un ch\u00e2teau impr\u00e9gn\u00e9 d\u2019histoire et, bien s\u00fbr, le fameux fromage \u00e9ponyme. En automne, cette r\u00e9gion se transforme en un v\u00e9ritable tableau vivant. Les for\u00eats de m\u00e9l\u00e8zes et de h\u00eatres se parent de couleurs \u00e9clatantes, et le paysage est d\u2019une beaut\u00e9 \u00e0 couper le souffle. La randonn\u00e9e le long du <\/span><b>Stoos Ridge Trail<\/b><span style=\"font-weight: 400;\"> entre Schwytz et Uri, par exemple, vous fera traverser des cr\u00eates vertigineuses et des panoramas exceptionnels, parfaits pour ceux en qu\u00eate de sensations fortes. Le funiculaire, le plus raide du monde, vous emm\u00e8ne jusqu\u2019aux sommets pour une vue imprenable sur les Alpes et la vall\u00e9e.<\/span><\/p>\n<p><span style=\"font-weight: 400;\">Le village de Gruy\u00e8res, avec son atmosph\u00e8re paisible, est l\u2019endroit id\u00e9al pour une escale gourmande. Une fois sur place, ne manquez pas de visiter le mus\u00e9e HR Giger, c\u00e9l\u00e8bre pour ses \u0153uvres surr\u00e9alistes, ou de d\u00e9guster une fondue traditionnelle dans l\u2019un des restaurants typiques. Pour y arriver, le train est la meilleure option. Depuis Lausanne ou Gen\u00e8ve, vous pourrez rejoindre la gare de Bulle en moins de 2 heures, puis prendre le train \u00e0 cr\u00e9maill\u00e8re jusqu\u2019\u00e0 Gruy\u00e8res. Un voyage pittoresque d\u2019environ 30-40 CHF (30-35 \u20ac).<\/span><\/p>\n<blockquote class=\"instagram-media\" style=\"background: #FFF; border: 0; border-radius: 3px; margin: 1px; max-width: 540px; min-width: 326px; padding: 0; width: calc(100% - 2px);\" data-instgrm-captioned=\"\" data-instgrm-permalink=\"https:\/\/www.instagram.com\/p\/DOti1SZDKJ7\/?utm_source=ig_embed&amp;utm_campaign=loading\" data-instgrm-version=\"14\">\n<div style=\"padding: 16px;\">\n<p>&nbsp;<\/p>\n<div style=\"flex-direction: row; align-items: center;\">\n<div style=\"background-color: #f4f4f4; border-radius: 50%; flex-grow: 0; height: 40px; margin-right: 14px; width: 40px;\"><\/div>\n<div style=\"flex-direction: column; flex-grow: 1; justify-content: center;\">\n<div style=\"background-color: #f4f4f4; border-radius: 4px; flex-grow: 0; height: 14px; margin-bottom: 6px; width: 100px;\"><\/div>\n<div style=\"background-color: #f4f4f4; border-radius: 4px; flex-grow: 0; height: 14px; width: 60px;\"><\/div>\n<\/div>\n<\/div>\n<div style=\"padding: 19% 0;\"><\/div>\n<div style=\"height: 50px; margin: 0 auto 12px; width: 50px;\"><\/div>\n<div style=\"padding-top: 8px;\">\n<div style=\"color: #3897f0; font-family: Arial,sans-serif; font-size: 14px; font-style: normal; font-weight: 550; line-height: 18px;\">Voir cette publication sur Instagram<\/div>\n<\/div>\n<div style=\"padding: 12.5% 0;\"><\/div>\n<div style=\"flex-direction: row; margin-bottom: 14px; align-items: center;\">\n<div>\n<div style=\"background-color: #f4f4f4; border-radius: 50%; height: 12.5px; width: 12.5px;\"><\/div>\n<div style=\"background-color: #f4f4f4; height: 12.5px; width: 12.5px; flex-grow: 0; margin-right: 14px; margin-left: 2px;\"><\/div>\n<div style=\"background-color: #f4f4f4; border-radius: 50%; height: 12.5px; width: 12.5px;\"><\/div>\n<\/div>\n<div style=\"margin-left: 8px;\">\n<div style=\"background-color: #f4f4f4; border-radius: 50%; flex-grow: 0; height: 20px; width: 20px;\"><\/div>\n<div style=\"width: 0; height: 0; border-top: 2px solid transparent; border-left: 6px solid #f4f4f4; border-bottom: 2px solid transparent;\"><\/div>\n<\/div>\n<div style=\"margin-left: auto;\">\n<div style=\"width: 0px; border-top: 8px solid #F4F4F4; border-right: 8px solid transparent;\"><\/div>\n<div style=\"background-color: #f4f4f4; flex-grow: 0; height: 12px; width: 16px;\"><\/div>\n<div style=\"width: 0; height: 0; border-top: 8px solid #F4F4F4; border-left: 8px solid transparent;\"><\/div>\n<\/div>\n<\/div>\n<div style=\"flex-direction: column; flex-grow: 1; justify-content: center; margin-bottom: 24px;\">\n<div style=\"background-color: #f4f4f4; border-radius: 4px; flex-grow: 0; height: 14px; margin-bottom: 6px; width: 224px;\"><\/div>\n<div style=\"background-color: #f4f4f4; border-radius: 4px; flex-grow: 0; height: 14px; width: 144px;\"><\/div>\n<\/div>\n<p>&nbsp;<\/p>\n<p style=\"color: #c9c8cd; font-family: Arial,sans-serif; font-size: 14px; line-height: 17px; margin-bottom: 0; margin-top: 8px; overflow: hidden; padding: 8px 0 7px; text-align: center;\"><a style=\"color: #c9c8cd; font-family: Arial,sans-serif; font-size: 14px; font-style: normal; font-weight: normal; line-height: 17px; text-decoration: none;\" href=\"https:\/\/www.instagram.com\/p\/DOti1SZDKJ7\/?utm_source=ig_embed&amp;utm_campaign=loading\" target=\"_blank\" rel=\"noopener\">Une publication partag\u00e9e par Titouan Bessire (@titouanbessire)<\/a><\/p>\n<\/div>\n<\/blockquote>\n<h2><b>Zermatt : la majest\u00e9 du Cervin et des panoramas d\u2019automne \u00e9poustouflants<\/b><\/h2>\n<p><span style=\"font-weight: 400;\"><a href=\"https:\/\/discover.ulysse.com\/entre-les-embouteillages-de-grenoble-et-la-tranquillite-dun-village-sans-voiture-le-choix-est-facile\">Zermatt<\/a>, un petit paradis alpin, est le point de d\u00e9part id\u00e9al pour admirer<strong> le Cervin<\/strong>, l\u2019un des sommets les plus c\u00e9l\u00e8bres du monde. En automne, la r\u00e9gion se transforme en un lieu presque magique, avec des for\u00eats dor\u00e9es, un ciel d\u2019un bleu pur et des glaciers imposants. L\u2019ascension du <\/span><b>Gornergrat<\/b><span style=\"font-weight: 400;\"> en train \u00e0 cr\u00e9maill\u00e8re vous offrira une vue panoramique sur le Cervin et les glaciers du Gorner. Une exp\u00e9rience inoubliable pour tous les amoureux de la montagne.<\/span><\/p>\n<p><span style=\"font-weight: 400;\"><strong>Zermatt<\/strong> est aussi l\u2019endroit id\u00e9al pour une randonn\u00e9e au c\u0153ur des Alpes, avec des sentiers qui vous conduiront \u00e0 travers des paysages sauvages et isol\u00e9s. Apr\u00e8s l\u2019effort, le r\u00e9confort avec une pause dans un chalet typique pour go\u00fbter des sp\u00e9cialit\u00e9s locales comme la polenta et le fromage. Le trajet depuis Paris dure environ 8 heures en train, avec un tarif moyen entre 100 et 150 \u20ac, mais l\u2019exp\u00e9rience en vaut largement la peine !<\/span><\/p>\n<blockquote class=\"instagram-media\" style=\"background: #FFF; border: 0; border-radius: 3px; margin: 1px; max-width: 540px; min-width: 326px; padding: 0; width: calc(100% - 2px);\" data-instgrm-captioned=\"\" data-instgrm-permalink=\"https:\/\/www.instagram.com\/p\/DCo89s-sYSw\/?utm_source=ig_embed&amp;utm_campaign=loading\" data-instgrm-version=\"14\">\n<div style=\"padding: 16px;\">\n<p>&nbsp;<\/p>\n<div style=\"flex-direction: row; align-items: center;\">\n<div style=\"background-color: #f4f4f4; border-radius: 50%; flex-grow: 0; height: 40px; margin-right: 14px; width: 40px;\"><\/div>\n<div style=\"flex-direction: column; flex-grow: 1; justify-content: center;\">\n<div style=\"background-color: #f4f4f4; border-radius: 4px; flex-grow: 0; height: 14px; margin-bottom: 6px; width: 100px;\"><\/div>\n<div style=\"background-color: #f4f4f4; border-radius: 4px; flex-grow: 0; height: 14px; width: 60px;\"><\/div>\n<\/div>\n<\/div>\n<div style=\"padding: 19% 0;\"><\/div>\n<div style=\"height: 50px; margin: 0 auto 12px; width: 50px;\"><\/div>\n<div style=\"padding-top: 8px;\">\n<div style=\"color: #3897f0; font-family: Arial,sans-serif; font-size: 14px; font-style: normal; font-weight: 550; line-height: 18px;\">Voir cette publication sur Instagram<\/div>\n<\/div>\n<div style=\"padding: 12.5% 0;\"><\/div>\n<div style=\"flex-direction: row; margin-bottom: 14px; align-items: center;\">\n<div>\n<div style=\"background-color: #f4f4f4; border-radius: 50%; height: 12.5px; width: 12.5px;\"><\/div>\n<div style=\"background-color: #f4f4f4; height: 12.5px; width: 12.5px; flex-grow: 0; margin-right: 14px; margin-left: 2px;\"><\/div>\n<div style=\"background-color: #f4f4f4; border-radius: 50%; height: 12.5px; width: 12.5px;\"><\/div>\n<\/div>\n<div style=\"margin-left: 8px;\">\n<div style=\"background-color: #f4f4f4; border-radius: 50%; flex-grow: 0; height: 20px; width: 20px;\"><\/div>\n<div style=\"width: 0; height: 0; border-top: 2px solid transparent; border-left: 6px solid #f4f4f4; border-bottom: 2px solid transparent;\"><\/div>\n<\/div>\n<div style=\"margin-left: auto;\">\n<div style=\"width: 0px; border-top: 8px solid #F4F4F4; border-right: 8px solid transparent;\"><\/div>\n<div style=\"background-color: #f4f4f4; flex-grow: 0; height: 12px; width: 16px;\"><\/div>\n<div style=\"width: 0; height: 0; border-top: 8px solid #F4F4F4; border-left: 8px solid transparent;\"><\/div>\n<\/div>\n<\/div>\n<div style=\"flex-direction: column; flex-grow: 1; justify-content: center; margin-bottom: 24px;\">\n<div style=\"background-color: #f4f4f4; border-radius: 4px; flex-grow: 0; height: 14px; margin-bottom: 6px; width: 224px;\"><\/div>\n<div style=\"background-color: #f4f4f4; border-radius: 4px; flex-grow: 0; height: 14px; width: 144px;\"><\/div>\n<\/div>\n<p>&nbsp;<\/p>\n<p style=\"color: #c9c8cd; font-family: Arial,sans-serif; font-size: 14px; line-height: 17px; margin-bottom: 0; margin-top: 8px; overflow: hidden; padding: 8px 0 7px; text-align: center;\"><a style=\"color: #c9c8cd; font-family: Arial,sans-serif; font-size: 14px; font-style: normal; font-weight: normal; line-height: 17px; text-decoration: none;\" href=\"https:\/\/www.instagram.com\/p\/DCo89s-sYSw\/?utm_source=ig_embed&amp;utm_campaign=loading\" target=\"_blank\" rel=\"noopener\">Une publication partag\u00e9e par Maxime Lullo (@maxime_lullo)<\/a><\/p>\n<\/div>\n<\/blockquote>\n<h2><b>Interlaken et Lauterbrunnen : entre lacs, montagnes et chutes d\u2019eau spectaculaires<\/b><\/h2>\n<p><span style=\"font-weight: 400;\">Un autre incontournable de la Suisse, c\u2019est <\/span><b>Interlaken<\/b><span style=\"font-weight: 400;\">, la petite perle situ\u00e9e entre les lacs de Brienz et de Thoune. En automne, les montagnes qui l\u2019entourent se couvrent de couleurs flamboyantes et l\u2019air frais est parfait pour une randonn\u00e9e. \u00c0 quelques minutes en train d&#8217;Interlaken, <\/span><b>Lauterbrunnen<\/b><span style=\"font-weight: 400;\"> vous attend avec ses c\u00e9l\u00e8bres chutes d\u2019eau et sa vall\u00e9e majestueuse, souvent envelopp\u00e9e de brume matinale en automne, cr\u00e9ant une atmosph\u00e8re presque mystique.<\/span><\/p>\n<p><span style=\"font-weight: 400;\">Interlaken est aussi le point de d\u00e9part parfait pour une excursion \u00e0 <\/span><b>Harder Kulm<\/b><span style=\"font-weight: 400;\">, un sommet offrant une vue imprenable sur la ville et la r\u00e9gion. Pour une exp\u00e9rience encore plus magique, prenez le train pour Lauterbrunnen (\u00e0 seulement 20 minutes) et partez en randonn\u00e9e jusqu\u2019aux chutes du Staubbach, l\u2019une des plus impressionnantes de la r\u00e9gion. Le trajet en train entre les grandes villes suisses est rapide et abordable, avec un prix moyen de 70-100 \u20ac pour un aller-retour.<\/span><\/p>\n<blockquote class=\"instagram-media\" style=\"background: #FFF; border: 0; border-radius: 3px; margin: 1px; max-width: 540px; min-width: 326px; padding: 0; width: calc(100% - 2px);\" data-instgrm-captioned=\"\" data-instgrm-permalink=\"https:\/\/www.instagram.com\/p\/DKjPQC0tEXm\/?utm_source=ig_embed&amp;utm_campaign=loading\" data-instgrm-version=\"14\">\n<div style=\"padding: 16px;\">\n<p>&nbsp;<\/p>\n<div style=\"flex-direction: row; align-items: center;\">\n<div style=\"background-color: #f4f4f4; border-radius: 50%; flex-grow: 0; height: 40px; margin-right: 14px; width: 40px;\"><\/div>\n<div style=\"flex-direction: column; flex-grow: 1; justify-content: center;\">\n<div style=\"background-color: #f4f4f4; border-radius: 4px; flex-grow: 0; height: 14px; margin-bottom: 6px; width: 100px;\"><\/div>\n<div style=\"background-color: #f4f4f4; border-radius: 4px; flex-grow: 0; height: 14px; width: 60px;\"><\/div>\n<\/div>\n<\/div>\n<div style=\"padding: 19% 0;\"><\/div>\n<div style=\"height: 50px; margin: 0 auto 12px; width: 50px;\"><\/div>\n<div style=\"padding-top: 8px;\">\n<div style=\"color: #3897f0; font-family: Arial,sans-serif; font-size: 14px; font-style: normal; font-weight: 550; line-height: 18px;\">Voir cette publication sur Instagram<\/div>\n<\/div>\n<div style=\"padding: 12.5% 0;\"><\/div>\n<div style=\"flex-direction: row; margin-bottom: 14px; align-items: center;\">\n<div>\n<div style=\"background-color: #f4f4f4; border-radius: 50%; height: 12.5px; width: 12.5px;\"><\/div>\n<div style=\"background-color: #f4f4f4; height: 12.5px; width: 12.5px; flex-grow: 0; margin-right: 14px; margin-left: 2px;\"><\/div>\n<div style=\"background-color: #f4f4f4; border-radius: 50%; height: 12.5px; width: 12.5px;\"><\/div>\n<\/div>\n<div style=\"margin-left: 8px;\">\n<div style=\"background-color: #f4f4f4; border-radius: 50%; flex-grow: 0; height: 20px; width: 20px;\"><\/div>\n<div style=\"width: 0; height: 0; border-top: 2px solid transparent; border-left: 6px solid #f4f4f4; border-bottom: 2px solid transparent;\"><\/div>\n<\/div>\n<div style=\"margin-left: auto;\">\n<div style=\"width: 0px; border-top: 8px solid #F4F4F4; border-right: 8px solid transparent;\"><\/div>\n<div style=\"background-color: #f4f4f4; flex-grow: 0; height: 12px; width: 16px;\"><\/div>\n<div style=\"width: 0; height: 0; border-top: 8px solid #F4F4F4; border-left: 8px solid transparent;\"><\/div>\n<\/div>\n<\/div>\n<div style=\"flex-direction: column; flex-grow: 1; justify-content: center; margin-bottom: 24px;\">\n<div style=\"background-color: #f4f4f4; border-radius: 4px; flex-grow: 0; height: 14px; margin-bottom: 6px; width: 224px;\"><\/div>\n<div style=\"background-color: #f4f4f4; border-radius: 4px; flex-grow: 0; height: 14px; width: 144px;\"><\/div>\n<\/div>\n<p>&nbsp;<\/p>\n<p style=\"color: #c9c8cd; font-family: Arial,sans-serif; font-size: 14px; line-height: 17px; margin-bottom: 0; margin-top: 8px; overflow: hidden; padding: 8px 0 7px; text-align: center;\"><a style=\"color: #c9c8cd; font-family: Arial,sans-serif; font-size: 14px; font-style: normal; font-weight: normal; line-height: 17px; text-decoration: none;\" href=\"https:\/\/www.instagram.com\/p\/DKjPQC0tEXm\/?utm_source=ig_embed&amp;utm_campaign=loading\" target=\"_blank\" rel=\"noopener\">Une publication partag\u00e9e par Interlaken Tourism (@interlaken)<\/a><\/p>\n<\/div>\n<\/blockquote>\n<h2><b>Morat et le Vully : une explosion de couleurs entre vignes et vieille ville<\/b><\/h2>\n<p><span style=\"font-weight: 400;\">Si vous recherchez une escapade plus tranquille, le <\/span><b>lac de Morat<\/b><span style=\"font-weight: 400;\"> et la r\u00e9gion du <\/span><b>Vully<\/b><span style=\"font-weight: 400;\"> vous offriront une exp\u00e9rience automnale parfaite. Les vignobles du Vully, qui s\u2019\u00e9tendent sur les pentes des collines, sont un v\u00e9ritable tableau vivant en automne, avec des couleurs chatoyantes qui donnent envie de sortir ses pinceaux. Les vignerons de la r\u00e9gion vous accueilleront chaleureusement pour une d\u00e9gustation de vins, loin des foules touristiques, dans une atmosph\u00e8re authentique et passionn\u00e9e.<\/span><\/p>\n<p><span style=\"font-weight: 400;\">En automne, la vieille ville de <\/span><b>Morat<\/b><span style=\"font-weight: 400;\">, qui a plus de 1000 ans, se r\u00e9v\u00e8le dans toute sa noblesse, avec ses murs d\u2019enceinte et ses ruelles pav\u00e9es. Fl\u00e2nez \u00e0 travers les rues m\u00e9di\u00e9vales et profitez de la s\u00e9r\u00e9nit\u00e9 des lieux. Et si vous \u00eates un amateur de gastronomie, ne manquez pas la <\/span><b>chasse aux truffes<\/b><span style=\"font-weight: 400;\"> organis\u00e9e en novembre. Une v\u00e9ritable aventure sensorielle o\u00f9 patience et intuition sont de mise pour d\u00e9nicher ces petites merveilles de la nature.<\/span><\/p>\n<blockquote class=\"instagram-media\" style=\"background: #FFF; border: 0; border-radius: 3px; margin: 1px; max-width: 540px; min-width: 326px; padding: 0; width: calc(100% - 2px);\" data-instgrm-captioned=\"\" data-instgrm-permalink=\"https:\/\/www.instagram.com\/p\/BKJeXSMA6Bj\/?utm_source=ig_embed&amp;utm_campaign=loading\" data-instgrm-version=\"14\">\n<div style=\"padding: 16px;\">\n<p>&nbsp;<\/p>\n<div style=\"flex-direction: row; align-items: center;\">\n<div style=\"background-color: #f4f4f4; border-radius: 50%; flex-grow: 0; height: 40px; margin-right: 14px; width: 40px;\"><\/div>\n<div style=\"flex-direction: column; flex-grow: 1; justify-content: center;\">\n<div style=\"background-color: #f4f4f4; border-radius: 4px; flex-grow: 0; height: 14px; margin-bottom: 6px; width: 100px;\"><\/div>\n<div style=\"background-color: #f4f4f4; border-radius: 4px; flex-grow: 0; height: 14px; width: 60px;\"><\/div>\n<\/div>\n<\/div>\n<div style=\"padding: 19% 0;\"><\/div>\n<div style=\"height: 50px; margin: 0 auto 12px; width: 50px;\"><\/div>\n<div style=\"padding-top: 8px;\">\n<div style=\"color: #3897f0; font-family: Arial,sans-serif; font-size: 14px; font-style: normal; font-weight: 550; line-height: 18px;\">Voir cette publication sur Instagram<\/div>\n<\/div>\n<div style=\"padding: 12.5% 0;\"><\/div>\n<div style=\"flex-direction: row; margin-bottom: 14px; align-items: center;\">\n<div>\n<div style=\"background-color: #f4f4f4; border-radius: 50%; height: 12.5px; width: 12.5px;\"><\/div>\n<div style=\"background-color: #f4f4f4; height: 12.5px; width: 12.5px; flex-grow: 0; margin-right: 14px; margin-left: 2px;\"><\/div>\n<div style=\"background-color: #f4f4f4; border-radius: 50%; height: 12.5px; width: 12.5px;\"><\/div>\n<\/div>\n<div style=\"margin-left: 8px;\">\n<div style=\"background-color: #f4f4f4; border-radius: 50%; flex-grow: 0; height: 20px; width: 20px;\"><\/div>\n<div style=\"width: 0; height: 0; border-top: 2px solid transparent; border-left: 6px solid #f4f4f4; border-bottom: 2px solid transparent;\"><\/div>\n<\/div>\n<div style=\"margin-left: auto;\">\n<div style=\"width: 0px; border-top: 8px solid #F4F4F4; border-right: 8px solid transparent;\"><\/div>\n<div style=\"background-color: #f4f4f4; flex-grow: 0; height: 12px; width: 16px;\"><\/div>\n<div style=\"width: 0; height: 0; border-top: 8px solid #F4F4F4; border-left: 8px solid transparent;\"><\/div>\n<\/div>\n<\/div>\n<div style=\"flex-direction: column; flex-grow: 1; justify-content: center; margin-bottom: 24px;\">\n<div style=\"background-color: #f4f4f4; border-radius: 4px; flex-grow: 0; height: 14px; margin-bottom: 6px; width: 224px;\"><\/div>\n<div style=\"background-color: #f4f4f4; border-radius: 4px; flex-grow: 0; height: 14px; width: 144px;\"><\/div>\n<\/div>\n<p>&nbsp;<\/p>\n<p style=\"color: #c9c8cd; font-family: Arial,sans-serif; font-size: 14px; line-height: 17px; margin-bottom: 0; margin-top: 8px; overflow: hidden; padding: 8px 0 7px; text-align: center;\"><a style=\"color: #c9c8cd; font-family: Arial,sans-serif; font-size: 14px; font-style: normal; font-weight: normal; line-height: 17px; text-decoration: none;\" href=\"https:\/\/www.instagram.com\/p\/BKJeXSMA6Bj\/?utm_source=ig_embed&amp;utm_campaign=loading\" target=\"_blank\" rel=\"noopener\">Une publication partag\u00e9e par Alex Matcas (@alex_matcas87)<\/a><\/p>\n<\/div>\n<\/blockquote>\n<h2><b>Le Tessin : une touche m\u00e9diterran\u00e9enne au c\u0153ur de la Suisse<\/b><\/h2>\n<p><span style=\"font-weight: 400;\">Le <\/span><b>Tessin<\/b><span style=\"font-weight: 400;\">, le canton suisse le plus m\u00e9ridional, est une destination id\u00e9ale pour une escapade automnale au soleil. Avec son climat doux, ses paysages de montagnes et ses lacs, c\u2019est un v\u00e9ritable coin de paradis en automne. Le <\/span><b>Valle Verzasca<\/b><span style=\"font-weight: 400;\">, avec ses eaux vert \u00e9meraude, est particuli\u00e8rement beau pendant cette p\u00e9riode, lorsque les arbres se parent de couleurs or et rouille. Randonn\u00e9e apr\u00e8s randonn\u00e9e, vous d\u00e9couvrirez des grotti typiques o\u00f9 l\u2019on d\u00e9guste de la polenta pr\u00e9par\u00e9e selon la tradition.<\/span><\/p>\n<p><span style=\"font-weight: 400;\">Pour un panorama \u00e0 couper le souffle, dirigez-vous vers le <\/span><b>Monte Gambarogno<\/b><span style=\"font-weight: 400;\">, o\u00f9 vous pourrez profiter d\u2019une vue panoramique sur le lac Majeur. C\u2019est un endroit paisible et exclusif, id\u00e9al pour se ressourcer en automne, loin des foules de touristes. Le <\/span><b>Sentiero dell\u2019Olivo<\/b><span style=\"font-weight: 400;\"> vous guidera \u00e0 travers des paysages m\u00e9diterran\u00e9ens o\u00f9 les oliviers se parent de nuances dor\u00e9es \u00e0 l\u2019approche de l\u2019hiver. Depuis Lugano, le train vous emm\u00e8ne facilement dans cette r\u00e9gion en un peu plus d&#8217;une heure, pour un prix compris entre 40 et 70 \u20ac.<\/span><\/p>\n<blockquote class=\"instagram-media\" style=\"background: #FFF; border: 0; border-radius: 3px; margin: 1px; max-width: 540px; min-width: 326px; padding: 0; width: calc(100% - 2px);\" data-instgrm-captioned=\"\" data-instgrm-permalink=\"https:\/\/www.instagram.com\/p\/DJlQJL_IJjy\/?utm_source=ig_embed&amp;utm_campaign=loading\" data-instgrm-version=\"14\">\n<div style=\"padding: 16px;\">\n<p>&nbsp;<\/p>\n<div style=\"flex-direction: row; align-items: center;\">\n<div style=\"background-color: #f4f4f4; border-radius: 50%; flex-grow: 0; height: 40px; margin-right: 14px; width: 40px;\"><\/div>\n<div style=\"flex-direction: column; flex-grow: 1; justify-content: center;\">\n<div style=\"background-color: #f4f4f4; border-radius: 4px; flex-grow: 0; height: 14px; margin-bottom: 6px; width: 100px;\"><\/div>\n<div style=\"background-color: #f4f4f4; border-radius: 4px; flex-grow: 0; height: 14px; width: 60px;\"><\/div>\n<\/div>\n<\/div>\n<div style=\"padding: 19% 0;\"><\/div>\n<div style=\"height: 50px; margin: 0 auto 12px; width: 50px;\"><\/div>\n<div style=\"padding-top: 8px;\">\n<div style=\"color: #3897f0; font-family: Arial,sans-serif; font-size: 14px; font-style: normal; font-weight: 550; line-height: 18px;\">Voir cette publication sur Instagram<\/div>\n<\/div>\n<div style=\"padding: 12.5% 0;\"><\/div>\n<div style=\"flex-direction: row; margin-bottom: 14px; align-items: center;\">\n<div>\n<div style=\"background-color: #f4f4f4; border-radius: 50%; height: 12.5px; width: 12.5px;\"><\/div>\n<div style=\"background-color: #f4f4f4; height: 12.5px; width: 12.5px; flex-grow: 0; margin-right: 14px; margin-left: 2px;\"><\/div>\n<div style=\"background-color: #f4f4f4; border-radius: 50%; height: 12.5px; width: 12.5px;\"><\/div>\n<\/div>\n<div style=\"margin-left: 8px;\">\n<div style=\"background-color: #f4f4f4; border-radius: 50%; flex-grow: 0; height: 20px; width: 20px;\"><\/div>\n<div style=\"width: 0; height: 0; border-top: 2px solid transparent; border-left: 6px solid #f4f4f4; border-bottom: 2px solid transparent;\"><\/div>\n<\/div>\n<div style=\"margin-left: auto;\">\n<div style=\"width: 0px; border-top: 8px solid #F4F4F4; border-right: 8px solid transparent;\"><\/div>\n<div style=\"background-color: #f4f4f4; flex-grow: 0; height: 12px; width: 16px;\"><\/div>\n<div style=\"width: 0; height: 0; border-top: 8px solid #F4F4F4; border-left: 8px solid transparent;\"><\/div>\n<\/div>\n<\/div>\n<div style=\"flex-direction: column; flex-grow: 1; justify-content: center; margin-bottom: 24px;\">\n<div style=\"background-color: #f4f4f4; border-radius: 4px; flex-grow: 0; height: 14px; margin-bottom: 6px; width: 224px;\"><\/div>\n<div style=\"background-color: #f4f4f4; border-radius: 4px; flex-grow: 0; height: 14px; width: 144px;\"><\/div>\n<\/div>\n<p>&nbsp;<\/p>\n<p style=\"color: #c9c8cd; font-family: Arial,sans-serif; font-size: 14px; line-height: 17px; margin-bottom: 0; margin-top: 8px; overflow: hidden; padding: 8px 0 7px; text-align: center;\"><a style=\"color: #c9c8cd; font-family: Arial,sans-serif; font-size: 14px; font-style: normal; font-weight: normal; line-height: 17px; text-decoration: none;\" href=\"https:\/\/www.instagram.com\/p\/DJlQJL_IJjy\/?utm_source=ig_embed&amp;utm_campaign=loading\" target=\"_blank\" rel=\"noopener\">Une publication partag\u00e9e par Cl\u00e9mence Thomas &amp; Alexandre V. (@decouvrirensemble)<\/a><\/p>\n<\/div>\n<\/blockquote>\n<p><span style=\"font-weight: 400;\">L\u2019automne en Suisse n\u2019a jamais \u00e9t\u00e9 aussi vibrant ! Entre paysages spectaculaires, villages pittoresques et d\u00e9couvertes insolites, chaque destination offre une exp\u00e9rience unique. Et ce qui rend le voyage encore plus magique, c\u2019est qu&#8217;il commence d\u00e8s que vous montez \u00e0 bord du train. La Suisse vous attend, pr\u00eate \u00e0 vous offrir une aventure m\u00e9morable, pleine de couleurs et de sensations. Alors, \u00eates-vous pr\u00eat \u00e0 embarquer pour cette escapade automnale inoubliable ?<\/span><\/p>\n","protected":false},"excerpt":{"rendered":"<p>L\u2019automne, cette saison magique o\u00f9 les paysages se parent de teintes dor\u00e9es et orang\u00e9es, est une invitation \u00e0 la d\u00e9couverte. [&hellip;]<\/p>\n","protected":false},"author":3,"featured_media":35259,"comment_status":"open","ping_status":"closed","sticky":false,"template":"","format":"standard","meta":{"_acf_changed":false,"_sitemap_exclude":false,"_sitemap_priority":"","_sitemap_frequency":"","footnotes":"","rank_math_title":"","rank_math_description":"L'automne en Suisse vous attend : entre montagnes, lacs et villages pittoresques, embarquez pour une escapade color\u00e9e et pleine de surprises !\n","rank_math_canonical_url":"","rank_math_focus_keyword":"automne"},"categories":[3],"tags":[],"class_list":["post-35229","post","type-post","status-publish","format-standard","has-post-thumbnail","hentry","category-voyage"],"acf":[],"_links":{"self":[{"href":"https:\/\/ulysse.com\/news\/wp-json\/wp\/v2\/posts\/35229","targetHints":{"allow":["GET"]}}],"collection":[{"href":"https:\/\/ulysse.com\/news\/wp-json\/wp\/v2\/posts"}],"about":[{"href":"https:\/\/ulysse.com\/news\/wp-json\/wp\/v2\/types\/post"}],"author":[{"embeddable":true,"href":"https:\/\/ulysse.com\/news\/wp-json\/wp\/v2\/users\/3"}],"replies":[{"embeddable":true,"href":"https:\/\/ulysse.com\/news\/wp-json\/wp\/v2\/comments?post=35229"}],"version-history":[{"count":2,"href":"https:\/\/ulysse.com\/news\/wp-json\/wp\/v2\/posts\/35229\/revisions"}],"predecessor-version":[{"id":35261,"href":"https:\/\/ulysse.com\/news\/wp-json\/wp\/v2\/posts\/35229\/revisions\/35261"}],"wp:featuredmedia":[{"embeddable":true,"href":"https:\/\/ulysse.com\/news\/wp-json\/wp\/v2\/media\/35259"}],"wp:attachment":[{"href":"https:\/\/ulysse.com\/news\/wp-json\/wp\/v2\/media?parent=35229"}],"wp:term":[{"taxonomy":"category","embeddable":true,"href":"https:\/\/ulysse.com\/news\/wp-json\/wp\/v2\/categories?post=35229"},{"taxonomy":"post_tag","embeddable":true,"href":"https:\/\/ulysse.com\/news\/wp-json\/wp\/v2\/tags?post=35229"}],"curies":[{"name":"wp","href":"https:\/\/api.w.org\/{rel}","templated":true}]}}