{"id":35246,"date":"2025-09-21T07:00:36","date_gmt":"2025-09-21T06:00:36","guid":{"rendered":"https:\/\/discover.ulysse.com\/?p=35246"},"modified":"2025-09-21T00:37:46","modified_gmt":"2025-09-20T23:37:46","slug":"le-media-the-times-adore-ce-village-francais-et-le-classe-en-premiere-position","status":"publish","type":"post","link":"https:\/\/ulysse.com\/news\/le-media-the-times-adore-ce-village-francais-et-le-classe-en-premiere-position","title":{"rendered":"Le m\u00e9dia The Times adore ce village fran\u00e7ais et le classe en premi\u00e8re position"},"content":{"rendered":"<p data-start=\"292\" data-end=\"895\">On pourrait croire qu&#8217;un petit village perdu au milieu des montagnes basques serait un endroit calme et discret. Eh bien, oui\u2026 mais pas tout \u00e0 fait. Parce qu&#8217;il y a un village qui cache bien son jeu et qui, r\u00e9cemment, a attir\u00e9 l&#8217;attention de <em data-start=\"534\" data-end=\"545\">The Times<\/em>, qui l\u2019a plac\u00e9 en t\u00eate de son classement des meilleures destinations \u00e0 visiter. Curieux ? Ce village a une ambiance unique, un m\u00e9lange parfait de nature, de culture et de charme authentique. Mais attention, on ne va pas vous donner le nom tout de suite. Laissez-vous emporter par ce petit coin de paradis o\u00f9 l\u2019histoire se cache \u00e0 chaque coin de rue.<\/p>\n<h2 data-start=\"897\" data-end=\"967\">Un village basque qui vous invite \u00e0 d\u00e9couvrir ses secrets<\/h2>\n<p data-start=\"969\" data-end=\"1523\">Bienvenue \u00e0 Ainhoa. Ou plut\u00f4t\u2026 bienvenue \u00e0 l&#8217;un des plus beaux villages du Pays Basque, \u00e9lu r\u00e9cemment <em data-start=\"1071\" data-end=\"1081\">num\u00e9ro 1<\/em> par <em data-start=\"1086\" data-end=\"1097\">The Times<\/em>. Oui, vous avez bien lu. Ce village d\u2019\u00e0 peine 1 000 habitants a r\u00e9ussi \u00e0 se faire une place de choix dans le c\u0153ur des voyageurs du monde entier. Et pour cause, il a tout pour plaire : des maisons basques color\u00e9es aux fa\u00e7ades rouges et blanches, une \u00e9glise ancienne o\u00f9 l\u2019histoire semble prendre vie, des montagnes verdoyantes et une ambiance chaleureuse qui vous enveloppe d\u00e8s que vous mettez les pieds dans la rue principale.<\/p>\n<p data-start=\"1525\" data-end=\"2015\">Imaginez-vous fl\u00e2nant dans ces ruelles typiques, en respirant l&#8217;air frais de la montagne, avec le son des cloches qui r\u00e9sonne doucement dans le lointain. Ce n\u2019est pas un d\u00e9cor de film, c\u2019est Ainhoa, un petit village o\u00f9 chaque pierre raconte une histoire. Fond\u00e9 au XIIIe si\u00e8cle pour accueillir les p\u00e8lerins sur la route de Saint-Jacques-de-Compostelle, il a su garder son authenticit\u00e9 \u00e0 travers les si\u00e8cles. Et aujourd\u2019hui, ce village historique est une v\u00e9ritable destination incontournable.<\/p>\n<h2 data-start=\"2017\" data-end=\"2085\">Vous pouvez y passer des vacances sans vider votre porte-monnaie<\/h2>\n<p data-start=\"2087\" data-end=\"2383\">Passons aux choses s\u00e9rieuses. Vous vous demandez probablement : \u00ab Est-ce que je vais devoir vendre un rein pour passer un week-end \u00e0 Ainhoa ? \u00bb Pas du tout ! Bien que ce village ait tout du lieu idyllique, il reste abordable pour ceux qui veulent profiter de son charme sans exploser leur budget.<\/p>\n<p data-start=\"2385\" data-end=\"3043\">Pour une nuit en chambre double dans une petite auberge charmante, comptez environ 70 \u20ac. Si vous pr\u00e9f\u00e9rez un s\u00e9jour un peu plus haut de gamme (et franchement, vous devriez), la Maison Oppoca, cet h\u00f4tel datant du XVIIe si\u00e8cle, est un vrai coup de c\u0153ur. Vous y trouverez des chambres confortables et une ambiance de vieille maison basque. \u00c0 partir de 100 \u20ac par nuit, vous avez le luxe d\u2019une piscine ext\u00e9rieure chauff\u00e9e, avec une vue imprenable sur les collines. Et pour la nourriture, un d\u00eener dans l&#8217;un des restaurants locaux vous reviendra entre 30 et 50 \u20ac pour deux, avec des plats typiques comme le poulet basquaise et des pintxos d\u00e9licieux. Pas mal, non ?<\/p>\n<h2 data-start=\"3045\" data-end=\"3103\">Ainhoa, entre nature, culture et un petit peu de folie<\/h2>\n<p data-start=\"3105\" data-end=\"3582\">Les activit\u00e9s ne manquent pas \u00e0 Ainhoa, entre randonn\u00e9es dans la montagne, d\u00e9gustations de produits locaux et immersion dans la culture basque. Vous pouvez passer la journ\u00e9e \u00e0 explorer les paysages magnifiques qui entourent le village. La montagne de La Rhune est juste \u00e0 c\u00f4t\u00e9 et offre des vues spectaculaires sur l\u2019Atlantique. Si vous pr\u00e9f\u00e9rez rester dans le village, il y a aussi la possibilit\u00e9 de d\u00e9couvrir l&#8217;artisanat basque et de fl\u00e2ner dans les petites boutiques locales.<\/p>\n<p data-start=\"3584\" data-end=\"3940\">Et comme Ainhoa est un village o\u00f9 les traditions sont toujours bien vivantes, vous pourrez assister \u00e0 des \u00e9v\u00e9nements comme la f\u00eate de la Saint-Jacques ou participer \u00e0 des concours de pelote basque, un sport local tr\u00e8s populaire. Les habitants d&#8217;Ainhoa, fiers de leur culture, vous accueilleront avec un sourire chaleureux et une bonne dose de convivialit\u00e9.<\/p>\n<h2 data-start=\"3942\" data-end=\"3994\">Pourquoi ce classement de <em data-start=\"3972\" data-end=\"3983\">The Times<\/em> est m\u00e9rit\u00e9<\/h2>\n<p data-start=\"3996\" data-end=\"4490\">Alors, pourquoi ce petit village a-t-il attir\u00e9 l\u2019attention des journalistes de <em data-start=\"4075\" data-end=\"4086\">The Times<\/em> ? Parce qu\u2019Ainhoa combine tout ce qu\u2019un voyageur peut r\u00eaver de trouver : un cadre naturel \u00e9poustouflant, une riche histoire qui se lit dans chaque ruelle et une culture basque vibrante qui donne envie de revenir. Avec environ 100 000 visiteurs chaque ann\u00e9e, ce village ne se fait pas oublier, mais il conserve encore cette touche authentique qui fait tout son charme. Et c&#8217;est ce qui le rend si sp\u00e9cial.<\/p>\n<p data-start=\"4531\" data-end=\"4911\">Ainhoa, c\u2019est un peu la cerise sur le g\u00e2teau du Pays Basque. \u00c0 la fois authentique et moderne, ce village est une escale parfaite pour ceux qui cherchent \u00e0 se ressourcer, \u00e0 d\u00e9couvrir une culture unique et \u00e0 se perdre dans la beaut\u00e9 des paysages. C\u2019est un lieu o\u00f9 les histoires d\u2019antan rencontrent le pr\u00e9sent, un village qui a su pr\u00e9server son caract\u00e8re tout en s\u2019ouvrant au monde.<\/p>\n<p data-start=\"4913\" data-end=\"5093\">Alors, pr\u00eat \u00e0 embarquer pour cette aventure basque ? <em data-start=\"4966\" data-end=\"4977\">The Times<\/em> a donn\u00e9 son avis, et il ne s\u2019est pas tromp\u00e9. Ainhoa est d\u00e9finitivement un endroit o\u00f9 il fait bon vivre\u2026 et visiter.<\/p>\n","protected":false},"excerpt":{"rendered":"<p>On pourrait croire qu&#8217;un petit village perdu au milieu des montagnes basques serait un endroit calme et discret. Eh bien, [&hellip;]<\/p>\n","protected":false},"author":4,"featured_media":35282,"comment_status":"open","ping_status":"closed","sticky":false,"template":"","format":"standard","meta":{"_acf_changed":false,"_sitemap_exclude":false,"_sitemap_priority":"","_sitemap_frequency":"","footnotes":"","rank_math_title":"","rank_math_description":"","rank_math_canonical_url":"","rank_math_focus_keyword":"village"},"categories":[3],"tags":[],"class_list":["post-35246","post","type-post","status-publish","format-standard","has-post-thumbnail","hentry","category-voyage"],"acf":[],"_links":{"self":[{"href":"https:\/\/ulysse.com\/news\/wp-json\/wp\/v2\/posts\/35246","targetHints":{"allow":["GET"]}}],"collection":[{"href":"https:\/\/ulysse.com\/news\/wp-json\/wp\/v2\/posts"}],"about":[{"href":"https:\/\/ulysse.com\/news\/wp-json\/wp\/v2\/types\/post"}],"author":[{"embeddable":true,"href":"https:\/\/ulysse.com\/news\/wp-json\/wp\/v2\/users\/4"}],"replies":[{"embeddable":true,"href":"https:\/\/ulysse.com\/news\/wp-json\/wp\/v2\/comments?post=35246"}],"version-history":[{"count":2,"href":"https:\/\/ulysse.com\/news\/wp-json\/wp\/v2\/posts\/35246\/revisions"}],"predecessor-version":[{"id":35283,"href":"https:\/\/ulysse.com\/news\/wp-json\/wp\/v2\/posts\/35246\/revisions\/35283"}],"wp:featuredmedia":[{"embeddable":true,"href":"https:\/\/ulysse.com\/news\/wp-json\/wp\/v2\/media\/35282"}],"wp:attachment":[{"href":"https:\/\/ulysse.com\/news\/wp-json\/wp\/v2\/media?parent=35246"}],"wp:term":[{"taxonomy":"category","embeddable":true,"href":"https:\/\/ulysse.com\/news\/wp-json\/wp\/v2\/categories?post=35246"},{"taxonomy":"post_tag","embeddable":true,"href":"https:\/\/ulysse.com\/news\/wp-json\/wp\/v2\/tags?post=35246"}],"curies":[{"name":"wp","href":"https:\/\/api.w.org\/{rel}","templated":true}]}}