{"id":35251,"date":"2025-09-20T21:00:07","date_gmt":"2025-09-20T20:00:07","guid":{"rendered":"https:\/\/discover.ulysse.com\/?p=35251"},"modified":"2025-09-20T15:08:13","modified_gmt":"2025-09-20T14:08:13","slug":"un-chateau-espagnol-de-conte-de-fees-devient-enfin-accessible-au-public","status":"publish","type":"post","link":"https:\/\/ulysse.com\/news\/un-chateau-espagnol-de-conte-de-fees-devient-enfin-accessible-au-public","title":{"rendered":"Un ch\u00e2teau espagnol de conte de f\u00e9es devient enfin accessible au public"},"content":{"rendered":"<p data-start=\"226\" data-end=\"635\">Un ch\u00e2teau majestueux, en plein c\u0153ur de l\u2019Espagne, semble tout droit sorti d\u2019un livre de contes. Pourtant, ce monument, que vous avez probablement d\u00e9j\u00e0 vu dans un film d\u2019animation culte, existe bel et bien. Il est l\u00e0, en Castille-et-Le\u00f3n, \u00e0 seulement deux heures de vol de Paris, et d\u00e9sormais, il est ouvert aux visiteurs. Pr\u00eat \u00e0 d\u00e9couvrir le lieu qui a inspir\u00e9 l\u2019un des ch\u00e2teaux les plus c\u00e9l\u00e8bres du cin\u00e9ma ?<\/p>\n<h2 data-start=\"637\" data-end=\"716\">L\u2019Alc\u00e1zar de S\u00e9govie : un d\u00e9cor vivant de <em data-start=\"683\" data-end=\"716\">Blanche-Neige et les Sept Nains<\/em><\/h2>\n<p data-start=\"718\" data-end=\"1184\">Lorsque les animateurs de Disney ont dessin\u00e9 le ch\u00e2teau de la Reine dans <em data-start=\"791\" data-end=\"824\">Blanche-Neige et les Sept Nains<\/em>, ils ne sont pas partis d\u2019une feuille blanche. En r\u00e9alit\u00e9, l\u2019Alc\u00e1zar de S\u00e9govie a servi de mod\u00e8le direct pour la forteresse du film, avec ses tours \u00e9lanc\u00e9es et ses murs imposants qui semblent d\u00e9fier le temps. Si vous pensiez que le ch\u00e2teau de la Reine n\u2019\u00e9tait qu\u2019une pure invention, d\u00e9trompez-vous : il existe en Espagne et reste une merveille architecturale.<\/p>\n<p data-start=\"1186\" data-end=\"1802\">Construit au XIe si\u00e8cle, l\u2019Alc\u00e1zar de S\u00e9govie est une forteresse m\u00e9di\u00e9vale perch\u00e9e sur un \u00e9peron rocheux, entour\u00e9e de montagnes et d\u2019une nature sauvage. Son architecture, m\u00e9lange de styles romains, gothiques et Renaissance, fascine les visiteurs depuis des si\u00e8cles. Mais c\u2019est sa ressemblance frappante avec les ch\u00e2teaux d\u2019animation Disney qui a fait de lui une star internationale, attirant aujourd\u2019hui des milliers de curieux venus de partout dans le monde. Avec des d\u00e9tails spectaculaires, comme ses tourelles et ses murs blancs, il ne fait aucun doute que ce ch\u00e2teau est le d\u00e9cor parfait pour les contes de f\u00e9es.<\/p>\n<blockquote class=\"tiktok-embed\" style=\"max-width: 605px; min-width: 325px;\" cite=\"https:\/\/www.tiktok.com\/@radio_fanida\/video\/7337793598781443361\" data-video-id=\"7337793598781443361\">\n<section><a title=\"@radio_fanida\" href=\"https:\/\/www.tiktok.com\/@radio_fanida?refer=embed\" target=\"_blank\" rel=\"noopener\">@radio_fanida<\/a> L&#8217;Alcazar de S\u00e9govie a inspir\u00e9 Walt Disney pour cr\u00e9er le ch\u00e2teau de la reine dans Blanche-Neige <a title=\"waltdisney\" href=\"https:\/\/www.tiktok.com\/tag\/waltdisney?refer=embed\" target=\"_blank\" rel=\"noopener\">#waltdisney<\/a> <a title=\"maroc\" href=\"https:\/\/www.tiktok.com\/tag\/maroc?refer=embed\" target=\"_blank\" rel=\"noopener\">#maroc<\/a> <a title=\"seville\" href=\"https:\/\/www.tiktok.com\/tag\/seville?refer=embed\" target=\"_blank\" rel=\"noopener\">#seville<\/a> <a title=\"\u266c son original - Radio Fanida\" href=\"https:\/\/www.tiktok.com\/music\/son-original-Radio-Fanida-7337793734988335905?refer=embed\" target=\"_blank\" rel=\"noopener\">\u266c son original &#8211; Radio Fanida<\/a><\/section>\n<\/blockquote>\n<p><script async src=\"https:\/\/www.tiktok.com\/embed.js\"><\/script><\/p>\n<h2>Un voyage dans le temps \u00e0 10 euros<\/h2>\n<p data-start=\"1844\" data-end=\"2312\">Vous vous demandez peut-\u00eatre combien il vous en co\u00fbterait pour p\u00e9n\u00e9trer dans ce lieu magique. La r\u00e9ponse est simple : seulement 10 euros. Ce prix modique permet de visiter un site historique absolument fascinant, tout en d\u00e9couvrant des salles richement d\u00e9cor\u00e9es et des vues imprenables sur la ville de S\u00e9govie et ses alentours. Le ch\u00e2teau offre aussi une riche exposition sur son histoire, ses transformations au fil des si\u00e8cles et ses liens avec les rois de Castille.<\/p>\n<p data-start=\"2314\" data-end=\"2728\">L\u2019Alc\u00e1zar est non seulement un t\u00e9moignage d\u2019un pass\u00e9 majestueux, mais c\u2019est aussi un lieu qui continue de captiver les visiteurs, notamment gr\u00e2ce \u00e0 la popularit\u00e9 retrouv\u00e9e de cette forteresse gr\u00e2ce aux films Disney. Imaginez-vous d\u00e9ambulant dans ses couloirs, explorant ses chambres royales et d\u00e9couvrant les secrets de sa construction. C\u2019est un v\u00e9ritable voyage dans le temps qui vous attend, \u00e0 la port\u00e9e de tous.<\/p>\n<h2 data-start=\"2730\" data-end=\"2803\">L\u2019influence Disney et les visites modernes au rendez-vous<\/h2>\n<p data-start=\"2805\" data-end=\"3338\">L\u2019Alc\u00e1zar de S\u00e9govie ne se contente pas d\u2019\u00eatre une ruine historique. C\u2019est un lieu vivant, travers\u00e9 par l\u2019histoire et la culture espagnoles. Mais aujourd\u2019hui, ce ch\u00e2teau a aussi une place dans l\u2019univers du cin\u00e9ma. Il continue d\u2019inspirer, comme en t\u00e9moigne son r\u00f4le dans le remake en prises de vues r\u00e9elles de <em data-start=\"3114\" data-end=\"3129\">Blanche-Neige<\/em>, pr\u00e9vu pour 2025. L\u2019actrice principale de ce nouveau film a m\u00eame interpr\u00e9t\u00e9 l\u2019une des chansons cultes du film devant ce ch\u00e2teau, bouclant ainsi la boucle entre l\u2019univers de Disney et ce monument embl\u00e9matique.<\/p>\n<p data-start=\"3340\" data-end=\"3708\">Cette nouvelle adaptation rappelle combien l\u2019imaginaire collectif est toujours li\u00e9 \u00e0 ce lieu. En y visitant le ch\u00e2teau, les visiteurs peuvent s\u2019immerger dans cette culture populaire tout en admirant la beaut\u00e9 de ce site, qui n\u2019a rien perdu de son caract\u00e8re majestueux et captivant. C\u2019est une fusion parfaite entre l\u2019histoire, la culture et l\u2019univers cin\u00e9matographique.<\/p>\n","protected":false},"excerpt":{"rendered":"<p>Un ch\u00e2teau majestueux, en plein c\u0153ur de l\u2019Espagne, semble tout droit sorti d\u2019un livre de contes. Pourtant, ce monument, que [&hellip;]<\/p>\n","protected":false},"author":4,"featured_media":35277,"comment_status":"open","ping_status":"closed","sticky":false,"template":"","format":"standard","meta":{"_acf_changed":false,"_sitemap_exclude":false,"_sitemap_priority":"","_sitemap_frequency":"","footnotes":"","rank_math_title":"","rank_math_description":"","rank_math_canonical_url":"","rank_math_focus_keyword":"chateau"},"categories":[3],"tags":[],"class_list":["post-35251","post","type-post","status-publish","format-standard","has-post-thumbnail","hentry","category-voyage"],"acf":[],"_links":{"self":[{"href":"https:\/\/ulysse.com\/news\/wp-json\/wp\/v2\/posts\/35251","targetHints":{"allow":["GET"]}}],"collection":[{"href":"https:\/\/ulysse.com\/news\/wp-json\/wp\/v2\/posts"}],"about":[{"href":"https:\/\/ulysse.com\/news\/wp-json\/wp\/v2\/types\/post"}],"author":[{"embeddable":true,"href":"https:\/\/ulysse.com\/news\/wp-json\/wp\/v2\/users\/4"}],"replies":[{"embeddable":true,"href":"https:\/\/ulysse.com\/news\/wp-json\/wp\/v2\/comments?post=35251"}],"version-history":[{"count":2,"href":"https:\/\/ulysse.com\/news\/wp-json\/wp\/v2\/posts\/35251\/revisions"}],"predecessor-version":[{"id":35278,"href":"https:\/\/ulysse.com\/news\/wp-json\/wp\/v2\/posts\/35251\/revisions\/35278"}],"wp:featuredmedia":[{"embeddable":true,"href":"https:\/\/ulysse.com\/news\/wp-json\/wp\/v2\/media\/35277"}],"wp:attachment":[{"href":"https:\/\/ulysse.com\/news\/wp-json\/wp\/v2\/media?parent=35251"}],"wp:term":[{"taxonomy":"category","embeddable":true,"href":"https:\/\/ulysse.com\/news\/wp-json\/wp\/v2\/categories?post=35251"},{"taxonomy":"post_tag","embeddable":true,"href":"https:\/\/ulysse.com\/news\/wp-json\/wp\/v2\/tags?post=35251"}],"curies":[{"name":"wp","href":"https:\/\/api.w.org\/{rel}","templated":true}]}}