{"id":35262,"date":"2025-09-20T16:00:20","date_gmt":"2025-09-20T15:00:20","guid":{"rendered":"https:\/\/discover.ulysse.com\/?p=35262"},"modified":"2025-09-20T14:59:46","modified_gmt":"2025-09-20T13:59:46","slug":"ryanair-diminue-ses-vols-au-depart-dune-de-ses-bases-et-les-passagers-sinterrogent","status":"publish","type":"post","link":"https:\/\/ulysse.com\/news\/ryanair-diminue-ses-vols-au-depart-dune-de-ses-bases-et-les-passagers-sinterrogent","title":{"rendered":"Ryanair diminue ses vols au d\u00e9part d\u2019une de ses bases et les passagers s\u2019interrogent"},"content":{"rendered":"<p data-start=\"427\" data-end=\"1178\">Ryanair, l\u2019une des plus grandes compagnies low-cost en Europe, annonce la r\u00e9duction de ses services \u00e0 Vienne, avec la suppression de trois destinations et la baisse de la fr\u00e9quence de certains vols pour la saison hivernale. La raison invoqu\u00e9e ? Les taxes a\u00e9riennes. Une mesure qui soul\u00e8ve une question importante : est-ce un mal n\u00e9cessaire face \u00e0 des charges en constante augmentation, ou bien une d\u00e9cision strat\u00e9gique pour maximiser la rentabilit\u00e9 de l&#8217;entreprise ? Bien que les taxes sur les billets d&#8217;avion aient augment\u00e9 dans plusieurs pays europ\u00e9ens ces derni\u00e8res ann\u00e9es, Ryanair, qui affiche des b\u00e9n\u00e9fices records, pourrait-elle profiter de cette situation pour rationaliser son r\u00e9seau et concentrer ses ressources l\u00e0 o\u00f9 il y a plus de demande ?<\/p>\n<h2 data-start=\"1180\" data-end=\"1236\">L\u2019impact des taxes a\u00e9riennes sur le secteur low-cost<\/h2>\n<p data-start=\"1238\" data-end=\"1781\">Les taxes a\u00e9riennes ont toujours \u00e9t\u00e9 un sujet sensible pour les compagnies a\u00e9riennes, et notamment pour celles de la cat\u00e9gorie low-cost, dont le mod\u00e8le repose sur des co\u00fbts d\u2019exploitation r\u00e9duits. Les hausses successives de ces taxes, d\u00e9cid\u00e9es par plusieurs pays europ\u00e9ens pour financer des initiatives environnementales ou des mesures de s\u00e9curit\u00e9, p\u00e8sent lourdement sur les marges des compagnies comme Ryanair. Ce dernier a r\u00e9guli\u00e8rement d\u00e9nonc\u00e9 des charges fiscales excessives qu\u2019il consid\u00e8re comme un frein \u00e0 la comp\u00e9titivit\u00e9 de ses offres.<\/p>\n<p data-start=\"1783\" data-end=\"2416\">Cependant, cette \u00e9volution met \u00e9galement en lumi\u00e8re la difficult\u00e9 des compagnies \u00e0 s\u2019adapter \u00e0 un environnement \u00e9conomique en mutation, o\u00f9 la rentabilit\u00e9 ne repose plus seulement sur des prix bas, mais aussi sur des ajustements face \u00e0 des co\u00fbts externes de plus en plus \u00e9lev\u00e9s. \u00c0 une \u00e9poque o\u00f9 la durabilit\u00e9 devient une priorit\u00e9 pour de nombreux gouvernements, ces taxes a\u00e9riennes visent \u00e0 r\u00e9duire l&#8217;empreinte carbone du secteur. Pourtant, pour des g\u00e9ants comme Ryanair, qui g\u00e9n\u00e8rent des b\u00e9n\u00e9fices consid\u00e9rables, la question se pose : ces ajustements ne cachent-ils pas une volont\u00e9 de r\u00e9duire les services pour augmenter les marges ?<\/p>\n<h2 data-start=\"2418\" data-end=\"2487\">Les passagers, victimes collat\u00e9rales des ajustements strat\u00e9giques<\/h2>\n<p data-start=\"2489\" data-end=\"2908\">L\u2019annonce de la r\u00e9duction de certaines lignes et de la fr\u00e9quence des vols risque de nuire directement aux passagers, notamment ceux qui avaient pr\u00e9vu des d\u00e9placements r\u00e9guliers \u00e0 partir de Vienne. Si l\u2019impact imm\u00e9diat peut sembler limit\u00e9, il soul\u00e8ve une probl\u00e9matique plus vaste : celle de l\u2019\u00e9volution des attentes des consommateurs face \u00e0 des compagnies qui privil\u00e9gient la rentabilit\u00e9 au d\u00e9triment de l\u2019accessibilit\u00e9.<\/p>\n<p data-start=\"2910\" data-end=\"3364\">Dans un march\u00e9 o\u00f9 la concurrence est f\u00e9roce, Ryanair, en ajustant son offre pour rester rentable, pourrait bien perdre sa cr\u00e9dibilit\u00e9 aupr\u00e8s de ses fid\u00e8les clients. Les passagers, qui choisissent la compagnie en raison de ses prix attractifs, devront faire face \u00e0 des options de vols limit\u00e9es et potentiellement plus ch\u00e8res. Si la compagnie cherche \u00e0 optimiser son r\u00e9seau, elle court le risque de sacrifier l\u2019aspect \u00ab low-cost \u00bb qui l\u2019a rendue populaire.<\/p>\n<h2 data-start=\"3366\" data-end=\"3439\">La rentabilit\u00e9 de Ryanair face \u00e0 une fiscalit\u00e9 de plus en plus \u00e9lev\u00e9e<\/h2>\n<p data-start=\"3441\" data-end=\"4003\">Ryanair se positionne souvent comme un d\u00e9fenseur des prix bas, mais la r\u00e9alit\u00e9 \u00e9conomique de l\u2019entreprise semble plus complexe. Les b\u00e9n\u00e9fices colossaux qu&#8217;elle g\u00e9n\u00e8re, m\u00eame dans un contexte de hausse des taxes, t\u00e9moignent de la solidit\u00e9 de son mod\u00e8le \u00e9conomique. En 2024, Ryanair a annonc\u00e9 un b\u00e9n\u00e9fice net de plus d&#8217;un milliard d&#8217;euros. Une performance qui soul\u00e8ve une question : pourquoi cette compagnie, avec des r\u00e9sultats aussi solides, semble-t-elle se battre contre les taxes alors qu\u2019elle b\u00e9n\u00e9ficie d\u00e9j\u00e0 d\u2019une large part de march\u00e9 et d\u2019un mod\u00e8le efficace ?<\/p>\n<p data-start=\"4005\" data-end=\"4535\">Il est l\u00e9gitime que les entreprises s\u2019adaptent \u00e0 un environnement fiscal en constante \u00e9volution, mais Ryanair pourrait-elle faire plus pour \u00e9quilibrer ses b\u00e9n\u00e9fices et ses engagements envers ses passagers ? De nombreuses compagnies a\u00e9riennes dans le monde ont commenc\u00e9 \u00e0 investir dans des technologies plus vertes et des alternatives durables pour r\u00e9pondre \u00e0 ces nouvelles taxes, ce qui semble \u00eatre un tournant n\u00e9cessaire pour l\u2019industrie. Mais Ryanair semble choisir la voie de la r\u00e9duction de l\u2019offre plut\u00f4t que de l\u2019innovation.<\/p>\n","protected":false},"excerpt":{"rendered":"<p>Ryanair, l\u2019une des plus grandes compagnies low-cost en Europe, annonce la r\u00e9duction de ses services \u00e0 Vienne, avec la suppression [&hellip;]<\/p>\n","protected":false},"author":4,"featured_media":34682,"comment_status":"open","ping_status":"closed","sticky":false,"template":"","format":"standard","meta":{"_acf_changed":false,"_sitemap_exclude":false,"_sitemap_priority":"","_sitemap_frequency":"","footnotes":"","rank_math_title":"","rank_math_description":"","rank_math_canonical_url":"","rank_math_focus_keyword":"Ryanair"},"categories":[3],"tags":[],"class_list":["post-35262","post","type-post","status-publish","format-standard","has-post-thumbnail","hentry","category-voyage"],"acf":[],"_links":{"self":[{"href":"https:\/\/ulysse.com\/news\/wp-json\/wp\/v2\/posts\/35262","targetHints":{"allow":["GET"]}}],"collection":[{"href":"https:\/\/ulysse.com\/news\/wp-json\/wp\/v2\/posts"}],"about":[{"href":"https:\/\/ulysse.com\/news\/wp-json\/wp\/v2\/types\/post"}],"author":[{"embeddable":true,"href":"https:\/\/ulysse.com\/news\/wp-json\/wp\/v2\/users\/4"}],"replies":[{"embeddable":true,"href":"https:\/\/ulysse.com\/news\/wp-json\/wp\/v2\/comments?post=35262"}],"version-history":[{"count":2,"href":"https:\/\/ulysse.com\/news\/wp-json\/wp\/v2\/posts\/35262\/revisions"}],"predecessor-version":[{"id":35271,"href":"https:\/\/ulysse.com\/news\/wp-json\/wp\/v2\/posts\/35262\/revisions\/35271"}],"wp:featuredmedia":[{"embeddable":true,"href":"https:\/\/ulysse.com\/news\/wp-json\/wp\/v2\/media\/34682"}],"wp:attachment":[{"href":"https:\/\/ulysse.com\/news\/wp-json\/wp\/v2\/media?parent=35262"}],"wp:term":[{"taxonomy":"category","embeddable":true,"href":"https:\/\/ulysse.com\/news\/wp-json\/wp\/v2\/categories?post=35262"},{"taxonomy":"post_tag","embeddable":true,"href":"https:\/\/ulysse.com\/news\/wp-json\/wp\/v2\/tags?post=35262"}],"curies":[{"name":"wp","href":"https:\/\/api.w.org\/{rel}","templated":true}]}}