{"id":35298,"date":"2025-09-21T17:51:19","date_gmt":"2025-09-21T16:51:19","guid":{"rendered":"https:\/\/discover.ulysse.com\/?p=35298"},"modified":"2025-09-21T17:51:19","modified_gmt":"2025-09-21T16:51:19","slug":"lyon-va-t-elle-oser-deplacer-son-marche-de-noel-emblematique-a-bellecour","status":"publish","type":"post","link":"https:\/\/ulysse.com\/news\/lyon-va-t-elle-oser-deplacer-son-marche-de-noel-emblematique-a-bellecour","title":{"rendered":"Lyon va-t-elle oser d\u00e9placer son march\u00e9 de No\u00ebl embl\u00e9matique \u00e0 Bellecour ?"},"content":{"rendered":"<p data-start=\"79\" data-end=\"717\">Lyon, avec sa r\u00e9putation de ville des Lumi\u00e8res, est depuis longtemps un lieu de pr\u00e9dilection pour les march\u00e9s de No\u00ebl. Chaque ann\u00e9e, la place Carnot se transforme en un v\u00e9ritable village de No\u00ebl, attirant des milliers de visiteurs locaux et internationaux. Cependant, une nouvelle proposition a vu le jour : d\u00e9placer l&#8217;embl\u00e9matique march\u00e9 de No\u00ebl \u00e0 la place Bellecour, un emplacement bien plus vaste et central. Une p\u00e9tition lanc\u00e9e par Th\u00e9odore Lafond, un Lyonnais passionn\u00e9 par son patrimoine, soutient ce projet ambitieux, visant \u00e0 redynamiser la Presqu&#8217;\u00eele et \u00e0 offrir \u00e0 Lyon un march\u00e9 de No\u00ebl digne des grandes capitales europ\u00e9ennes.<\/p>\n<h2 data-start=\"719\" data-end=\"773\">Pourquoi d\u00e9placer le march\u00e9 de No\u00ebl \u00e0 Bellecour ?<\/h2>\n<p data-start=\"775\" data-end=\"1347\">Le march\u00e9 de No\u00ebl actuel, bien que charmant, occupe un espace relativement limit\u00e9. La place Carnot, dans le 2e arrondissement, est l\u2019un des points n\u00e9vralgiques de la ville, mais sa capacit\u00e9 d&#8217;accueil reste restreinte par rapport \u00e0 d&#8217;autres espaces plus vastes de Lyon. Th\u00e9odore Lafond propose de d\u00e9placer l&#8217;\u00e9v\u00e9nement sur la place Bellecour, un lieu embl\u00e9matique de la ville, six fois plus grand que la place Carnot. Selon lui, ce changement permettrait non seulement de doubler le nombre de chalets mais aussi d\u2019offrir un cadre plus adapt\u00e9 \u00e0 un \u00e9v\u00e9nement de cette ampleur.<\/p>\n<p data-start=\"1349\" data-end=\"1890\">Cette id\u00e9e a pour objectif de faire de Lyon une destination incontournable pendant la p\u00e9riode hivernale, attirant des visiteurs du monde entier. L\u2019ambition est de cr\u00e9er un march\u00e9 de No\u00ebl de dimension internationale, comparable \u00e0 ceux de Strasbourg ou de Cologne, r\u00e9put\u00e9s pour leur taille et leur ambiance festive. Le d\u00e9m\u00e9nagement \u00e0 Bellecour pourrait ainsi non seulement accro\u00eetre la capacit\u00e9 du march\u00e9, mais aussi contribuer \u00e0 redynamiser toute la Presqu&#8217;\u00eele de Lyon, en attirant davantage de touristes et en soutenant les commerces locaux.<\/p>\n<h2 data-start=\"1892\" data-end=\"1948\">Les avantages pour les visiteurs et les commer\u00e7ants<\/h2>\n<p data-start=\"1950\" data-end=\"2334\">La place Bellecour, situ\u00e9e au c\u0153ur de Lyon, est l&#8217;une des plus grandes places d\u2019Europe et l&#8217;une des plus visit\u00e9es par les touristes. En y installant le march\u00e9 de No\u00ebl, la ville offrirait un cadre spectaculaire aux visiteurs. Plus d\u2019espace signifierait \u00e9galement plus de chalets, de stands de nourriture et de d\u00e9corations, cr\u00e9ant ainsi une exp\u00e9rience encore plus immersive et festive.<\/p>\n<p data-start=\"2336\" data-end=\"2853\">Un tel march\u00e9, \u00e9tendu et diversifi\u00e9, pourrait attirer un public encore plus large, non seulement les Lyonnais et les Fran\u00e7ais, mais aussi des voyageurs \u00e9trangers. En parall\u00e8le, le d\u00e9m\u00e9nagement de l&#8217;\u00e9v\u00e9nement \u00e0 Bellecour stimulerait l\u2019\u00e9conomie locale. En effet, les h\u00f4tels, restaurants et boutiques des alentours b\u00e9n\u00e9ficieraient directement de l\u2019afflux de touristes. Les commer\u00e7ants, en particulier ceux de la Presqu&#8217;\u00eele, pourraient voir leurs ventes augmenter consid\u00e9rablement gr\u00e2ce \u00e0 la multiplication des visiteurs.<\/p>\n<h2 data-start=\"2855\" data-end=\"2918\">Les d\u00e9fis techniques et s\u00e9curitaires de la place Bellecour<\/h2>\n<p data-start=\"2920\" data-end=\"3392\">Cependant, malgr\u00e9 ses atouts \u00e9vidents, la place Bellecour pr\u00e9sente \u00e9galement des d\u00e9fis non n\u00e9gligeables pour l\u2019installation d\u2019un march\u00e9 de No\u00ebl. La place, bien que spacieuse, poss\u00e8de une structure technique particuli\u00e8re : le sol est tr\u00e8s instable \u00e0 cause des r\u00e9seaux souterrains et des infrastructures qui se trouvent en dessous. Cette configuration limite la capacit\u00e9 d\u2019accueil des chalets et pourrait compliquer l\u2019installation de grandes structures de mani\u00e8re s\u00e9curis\u00e9e.<\/p>\n<p data-start=\"3394\" data-end=\"3841\">De plus, la gestion de la s\u00e9curit\u00e9 repr\u00e9sente une pr\u00e9occupation majeure. Avec l&#8217;augmentation du nombre de chalets et de visiteurs, la place Bellecour, d\u00e9j\u00e0 occup\u00e9e par des \u00e9v\u00e9nements tels que la F\u00eate des Lumi\u00e8res ou la grande roue, pourrait devenir difficile \u00e0 s\u00e9curiser de mani\u00e8re efficace. La question de la surveillance, du contr\u00f4le des foules et de la gestion des risques li\u00e9s \u00e0 la s\u00e9curit\u00e9 serait cruciale, surtout dans un espace aussi vaste.<\/p>\n<h2 data-start=\"3843\" data-end=\"3895\">Le d\u00e9bat sur l\u2019avenir du march\u00e9 de No\u00ebl de Lyon<\/h2>\n<p data-start=\"3897\" data-end=\"4327\">Si l\u2019id\u00e9e d\u2019un march\u00e9 de No\u00ebl plus grand s\u00e9duit de nombreux partisans du projet, elle n\u2019est pas sans soulever des inqui\u00e9tudes. De nombreux Lyonnais et responsables municipaux se posent des questions sur la faisabilit\u00e9 d\u2019un tel projet. La question de l\u2019impact environnemental est \u00e9galement soulev\u00e9e : d\u00e9placer l\u2019\u00e9v\u00e9nement pourrait augmenter la consommation d\u2019\u00e9nergie, notamment pour la mise en lumi\u00e8re et l\u2019am\u00e9nagement des chalets.<\/p>\n<p data-start=\"4329\" data-end=\"4754\">Du c\u00f4t\u00e9 de la municipalit\u00e9, les autorit\u00e9s restent prudentes. Camille Augey, adjointe au commerce de la Ville de Lyon, a soulign\u00e9 que la place Bellecour pr\u00e9sente des contraintes techniques importantes, li\u00e9es \u00e0 son sous-sol, et que l\u2019installation d\u2019un march\u00e9 de No\u00ebl \u00e0 cet endroit serait compliqu\u00e9e. La s\u00e9curit\u00e9, mais aussi l&#8217;impact sur les infrastructures de la ville, sont des sujets sensibles qu&#8217;il faudra traiter avec soin.<\/p>\n<h2 data-start=\"4756\" data-end=\"4797\">Un projet en r\u00e9flexion pour l\u2019avenir<\/h2>\n<p data-start=\"4799\" data-end=\"5223\">En attendant de voir si ce projet aboutira, le <a href=\"https:\/\/discover.ulysse.com\/marche-noel-esslingen-ville-medievale\">march\u00e9 de No\u00ebl<\/a> de Lyon continue d&#8217;attirer des foules sur la place Carnot. Toutefois, la p\u00e9tition pour d\u00e9placer le march\u00e9 \u00e0 la place Bellecour a mis en lumi\u00e8re une volont\u00e9 de moderniser et d&#8217;agrandir cet \u00e9v\u00e9nement embl\u00e9matique. Le d\u00e9bat reste ouvert, et la ville pourrait tr\u00e8s bien \u00e9voluer en fonction des choix que les habitants et les autorit\u00e9s feront dans les ann\u00e9es \u00e0 venir.<\/p>\n<p data-start=\"5225\" data-end=\"5565\">Pour l&#8217;instant, il reste \u00e0 voir si ce projet deviendra une r\u00e9alit\u00e9. Les voyageurs qui envisagent de d\u00e9couvrir Lyon pendant les f\u00eates de fin d&#8217;ann\u00e9e pourront encore profiter de l&#8217;authenticit\u00e9 du march\u00e9 de No\u00ebl de la place Carnot, tout en esp\u00e9rant que l&#8217;avenir r\u00e9serve des surprises et de nouvelles exp\u00e9riences pour cette tradition lyonnaise.<\/p>\n","protected":false},"excerpt":{"rendered":"<p>Lyon, avec sa r\u00e9putation de ville des Lumi\u00e8res, est depuis longtemps un lieu de pr\u00e9dilection pour les march\u00e9s de No\u00ebl. [&hellip;]<\/p>\n","protected":false},"author":4,"featured_media":22972,"comment_status":"open","ping_status":"closed","sticky":false,"template":"","format":"standard","meta":{"_acf_changed":false,"_sitemap_exclude":false,"_sitemap_priority":"","_sitemap_frequency":"","footnotes":"","rank_math_title":"","rank_math_description":"","rank_math_canonical_url":"","rank_math_focus_keyword":"march\u00e9 de No\u00ebl"},"categories":[3],"tags":[],"class_list":["post-35298","post","type-post","status-publish","format-standard","has-post-thumbnail","hentry","category-voyage"],"acf":[],"_links":{"self":[{"href":"https:\/\/ulysse.com\/news\/wp-json\/wp\/v2\/posts\/35298","targetHints":{"allow":["GET"]}}],"collection":[{"href":"https:\/\/ulysse.com\/news\/wp-json\/wp\/v2\/posts"}],"about":[{"href":"https:\/\/ulysse.com\/news\/wp-json\/wp\/v2\/types\/post"}],"author":[{"embeddable":true,"href":"https:\/\/ulysse.com\/news\/wp-json\/wp\/v2\/users\/4"}],"replies":[{"embeddable":true,"href":"https:\/\/ulysse.com\/news\/wp-json\/wp\/v2\/comments?post=35298"}],"version-history":[{"count":3,"href":"https:\/\/ulysse.com\/news\/wp-json\/wp\/v2\/posts\/35298\/revisions"}],"predecessor-version":[{"id":35301,"href":"https:\/\/ulysse.com\/news\/wp-json\/wp\/v2\/posts\/35298\/revisions\/35301"}],"wp:featuredmedia":[{"embeddable":true,"href":"https:\/\/ulysse.com\/news\/wp-json\/wp\/v2\/media\/22972"}],"wp:attachment":[{"href":"https:\/\/ulysse.com\/news\/wp-json\/wp\/v2\/media?parent=35298"}],"wp:term":[{"taxonomy":"category","embeddable":true,"href":"https:\/\/ulysse.com\/news\/wp-json\/wp\/v2\/categories?post=35298"},{"taxonomy":"post_tag","embeddable":true,"href":"https:\/\/ulysse.com\/news\/wp-json\/wp\/v2\/tags?post=35298"}],"curies":[{"name":"wp","href":"https:\/\/api.w.org\/{rel}","templated":true}]}}