{"id":35436,"date":"2025-09-24T10:00:49","date_gmt":"2025-09-24T09:00:49","guid":{"rendered":"https:\/\/discover.ulysse.com\/?p=35436"},"modified":"2025-09-24T10:00:49","modified_gmt":"2025-09-24T09:00:49","slug":"optimum-sncf-nouvelle-classe-premium-janvier","status":"publish","type":"post","link":"https:\/\/ulysse.com\/news\/optimum-sncf-nouvelle-classe-premium-janvier","title":{"rendered":"Optimum : la SNCF lance sa nouvelle classe premium en janvier 2026 !"},"content":{"rendered":"<p><span style=\"font-weight: 400;\">Les voyageurs \u00e0 la recherche d\u2019une exp\u00e9rience plus chic et plus confortable sur les rails seront servis ! \u00c0 partir de janvier 2026, la<strong> SNCF<\/strong> va bouleverser son offre avec le lancement de <\/span><b>la classe Optimum<\/b><span style=\"font-weight: 400;\">. Exit la Business Premi\u00e8re, place \u00e0 une nouvelle cat\u00e9gorie premium, plus accessible, plus moderne, et surtout, plus pratique. Disponible sur toutes les radiales, cette classe s\u2019annonce comme l&#8217;option r\u00eav\u00e9e pour ceux qui veulent voyager en toute tranquillit\u00e9, avec un service haut de gamme, sans pour autant casser la tirelire.<\/span><\/p>\n<h2><b>Une nouvelle offre plus accessible pour tous<\/b><\/h2>\n<p><span style=\"font-weight: 400;\">Fini les codes un peu fig\u00e9s de la Business Premi\u00e8re. La <a href=\"https:\/\/discover.ulysse.com\/sncf-introduit-un-nouveau-systeme-tgv-inoui\">SNCF<\/a> a d\u00e9cid\u00e9 de tout revoir pour offrir une exp\u00e9rience premium non seulement aux voyageurs d&#8217;affaires, mais aussi \u00e0 tous ceux qui veulent voyager dans des conditions exceptionnelles. La classe Optimum sera disponible <\/span><b>sur toutes les radiales<\/b><span style=\"font-weight: 400;\">, c\u2019est-\u00e0-dire sur les trajets reliant Paris aux grandes villes comme Lyon, Marseille, Bordeaux, ou Strasbourg. Fini les restrictions de destinations, tous les passagers pourront profiter de ce service premium sur les trajets les plus populaires.<\/span><\/p>\n<p><span style=\"font-weight: 400;\">Et c\u00f4t\u00e9 tarifs, la diff\u00e9rence avec la <\/span><b>Flex Premi\u00e8re<\/b><span style=\"font-weight: 400;\"> est minime : seulement <\/span><b>2 euros de plus<\/b><span style=\"font-weight: 400;\"> environ. Pas de quoi se ruiner pour un confort de premier ordre. La SNCF a bien compris qu\u2019en 2026, le voyage premium doit \u00eatre <\/span>flexible<span style=\"font-weight: 400;\"> et accessible, tout en offrant une exp\u00e9rience de qualit\u00e9. C\u2019est exactement ce que propose la classe Optimum : un service haut de gamme, mais pour un prix abordable. La SNCF promet de vous offrir &#8220;le meilleur de son savoir-faire&#8221; pour un voyage en toute s\u00e9r\u00e9nit\u00e9, sans avoir \u00e0 faire exploser son budget.<\/span><\/p>\n<h2><b>Confort et service au top, \u00e0 bord des TGV InOui et TGV M<\/b><\/h2>\n<p><span style=\"font-weight: 400;\">Vous vous demandez ce que la classe Optimum a dans le ventre ? Une exp\u00e9rience \u00e0 la hauteur des attentes des voyageurs modernes ! D\u2019abord, \u00e0 bord des <\/span><strong>TGV InOui<\/strong><span style=\"font-weight: 400;\">, vous trouverez une demi-voiture r\u00e9serv\u00e9e \u00e0 la classe Optimum, soit 39 espaces d\u00e9di\u00e9s pour garantir <\/span><b>calme<\/b><span style=\"font-weight: 400;\"> et <\/span><b>confort<\/b><span style=\"font-weight: 400;\">. Et d\u00e8s l\u2019arriv\u00e9e des <\/span>nouveaux<a href=\"https:\/\/discover.ulysse.com\/tgvm-train-futur-2025-revolutionnaire\"> TGV M<\/a><span style=\"font-weight: 400;\">, attendus en 2027, 30 places suppl\u00e9mentaires seront r\u00e9serv\u00e9es \u00e0 cette classe premium. Bref, plus de place pour vous installer confortablement et profiter d\u2019un voyage tranquille.<\/span><\/p>\n<p><span style=\"font-weight: 400;\">Le service ? Il sera impeccable ! Le personnel de bord sera form\u00e9 pour offrir une <\/span><b>r\u00e9activit\u00e9 maximale<\/b><span style=\"font-weight: 400;\">. Vous avez une question ? Vous voulez un service particulier ? Pas de souci, vous serez pris en charge imm\u00e9diatement. De plus, un espace calme et d\u00e9di\u00e9 vous permettra de travailler ou de vous reposer sans \u00eatre d\u00e9rang\u00e9. En r\u00e9sum\u00e9, la classe Optimum s\u2019adapte \u00e0 vos besoins, que vous soyez l\u00e0 pour bosser ou juste pour profiter d\u2019un moment de d\u00e9tente.<\/span><\/p>\n<h2><b>Plus qu\u2019un changement de nom : un v\u00e9ritable tournant pour la SNCF<\/b><\/h2>\n<p><span style=\"font-weight: 400;\">Avec la classe Optimum, la SNCF mise sur un <\/span><b>nouveau positionnement<\/b><span style=\"font-weight: 400;\"> pour s\u00e9duire une client\u00e8le plus large, loin du seul monde des voyageurs d\u2019affaires. En renon\u00e7ant au terme \u00ab Business \u00bb, la SNCF veut attirer \u00e9galement une client\u00e8le loisirs, mais toujours soucieuse de la qualit\u00e9. L\u2019id\u00e9e ? Offrir \u00e0 chacun la possibilit\u00e9 de vivre une exp\u00e9rience de <\/span><b>haut de gamme<\/b><span style=\"font-weight: 400;\">, sans avoir \u00e0 se limiter \u00e0 un billet au prix astronomique. Ce changement s\u2019inscrit dans une dynamique plus large de transformation du secteur, o\u00f9 la SNCF souhaite r\u00e9pondre \u00e0 des <\/span><b>exigences de qualit\u00e9<\/b><span style=\"font-weight: 400;\">, sans sacrifier la simplicit\u00e9 et la flexibilit\u00e9 des r\u00e9servations.<\/span><\/p>\n<p><span style=\"font-weight: 400;\">La SNCF ne se contente pas de suivre la tendance. Si l\u2019arriv\u00e9e de Trenitalia en France a bien secou\u00e9 le march\u00e9, J\u00e9r\u00e9mie Zeguerman, directeur marketing des TGV, assure que cette \u00e9volution ne r\u00e9pond pas uniquement \u00e0 une concurrence accrue, relate <a href=\"https:\/\/www.lechotouristique.com\/article\/sncf-voyageurs-repense-la-classe-business-premiere-et-lance-optimum\" target=\"_blank\" rel=\"noopener\">L&#8217;Echo Touristique<\/a>. C\u2019est une d\u00e9marche <\/span>volontaire<span style=\"font-weight: 400;\"> pour rendre le voyage premium plus accessible et diversifi\u00e9, en s\u2019inspirant des meilleures offres ferroviaires europ\u00e9ennes, tout en restant fid\u00e8le \u00e0 son image.<\/span><\/p>\n<h2><b>Un service \u00ab Optimum + \u00bb sur les lignes les plus fr\u00e9quent\u00e9es<\/b><\/h2>\n<p><span style=\"font-weight: 400;\">Pour les trajets les plus populaires, comme le Paris-Lyon, la SNCF va encore plus loin avec une offre <\/span><b>&#8220;Optimum +&#8221;<\/b><span style=\"font-weight: 400;\">. Cette version am\u00e9lior\u00e9e proposera un service de <\/span><b>restauration repens\u00e9<\/b><span style=\"font-weight: 400;\"> pour ceux qui souhaitent profiter d&#8217;un repas \u00e0 bord, tout en continuant \u00e0 travailler ou se d\u00e9tendre. Ce service sera propos\u00e9 notamment sur les lignes Paris-Lyon, qui accueillent environ 40% de voyageurs d\u2019affaires. Pour un trajet \u00e0 la fois professionnel et agr\u00e9able, la classe Optimum + a tout ce qu\u2019il vous faut.<\/span><\/p>\n<h2><b>La transition sera fluide et sans accroc<\/b><\/h2>\n<p><span style=\"font-weight: 400;\">Et pour les plus press\u00e9s, la SNCF a pens\u00e9 \u00e0 tout. Les <\/span><b>r\u00e9servations pour la classe Optimum ouvriront d\u00e8s d\u00e9cembre 2025<\/b><span style=\"font-weight: 400;\">, bien avant la mise en circulation des premiers trains, pr\u00e9vue pour le <\/span><b>8 janvier 2026<\/b><span style=\"font-weight: 400;\">. La classe Business Premi\u00e8re sera encore disponible jusqu\u2019\u00e0 fin novembre 2025, vous laissant ainsi le temps de vous adapter \u00e0 ce changement. Pas de panique, si la classe Optimum est pleine, la <\/span><b>Flex Premi\u00e8re<\/b><span style=\"font-weight: 400;\"> sera encore propos\u00e9e en remplacement. Mais une chose est s\u00fbre : la SNCF mettra tout en \u0153uvre pour garantir une transition fluide pour ses clients.<\/span><\/p>\n<h2><b>Une nouvelle \u00e8re du voyage en train<\/b><\/h2>\n<p><span style=\"font-weight: 400;\">Avec l\u2019arriv\u00e9e de la classe Optimum, la SNCF pr\u00e9pare une v\u00e9ritable <\/span><b>r\u00e9volution<\/b><span style=\"font-weight: 400;\"> du voyage en train. Un service haut de gamme, plus accessible, plus moderne et plus flexible : voil\u00e0 ce qui vous attend \u00e0 partir de janvier 2026. Vous n\u2019avez plus qu\u2019\u00e0 r\u00e9server et \u00e0 profiter d\u2019un voyage dans le <\/span><b>confort absolu<\/b><span style=\"font-weight: 400;\">, que vous soyez en d\u00e9placement professionnel ou en escapade. Alors, pr\u00eat \u00e0 d\u00e9couvrir la classe Optimum ? Le train de l\u2019avenir est d\u00e9j\u00e0 sur les rails.<\/span><\/p>\n","protected":false},"excerpt":{"rendered":"<p>Les voyageurs \u00e0 la recherche d\u2019une exp\u00e9rience plus chic et plus confortable sur les rails seront servis ! \u00c0 partir [&hellip;]<\/p>\n","protected":false},"author":3,"featured_media":35438,"comment_status":"open","ping_status":"closed","sticky":false,"template":"","format":"standard","meta":{"_acf_changed":false,"_sitemap_exclude":false,"_sitemap_priority":"","_sitemap_frequency":"","footnotes":"","rank_math_title":"","rank_math_description":"D\u00e9couvrez la classe Optimum de la SNCF : confort premium et tarifs accessibles d\u00e8s janvier 2026 pour un voyage haut de gamme.\n","rank_math_canonical_url":"","rank_math_focus_keyword":"Optimum"},"categories":[3],"tags":[],"class_list":["post-35436","post","type-post","status-publish","format-standard","has-post-thumbnail","hentry","category-voyage"],"acf":[],"_links":{"self":[{"href":"https:\/\/ulysse.com\/news\/wp-json\/wp\/v2\/posts\/35436","targetHints":{"allow":["GET"]}}],"collection":[{"href":"https:\/\/ulysse.com\/news\/wp-json\/wp\/v2\/posts"}],"about":[{"href":"https:\/\/ulysse.com\/news\/wp-json\/wp\/v2\/types\/post"}],"author":[{"embeddable":true,"href":"https:\/\/ulysse.com\/news\/wp-json\/wp\/v2\/users\/3"}],"replies":[{"embeddable":true,"href":"https:\/\/ulysse.com\/news\/wp-json\/wp\/v2\/comments?post=35436"}],"version-history":[{"count":2,"href":"https:\/\/ulysse.com\/news\/wp-json\/wp\/v2\/posts\/35436\/revisions"}],"predecessor-version":[{"id":35449,"href":"https:\/\/ulysse.com\/news\/wp-json\/wp\/v2\/posts\/35436\/revisions\/35449"}],"wp:featuredmedia":[{"embeddable":true,"href":"https:\/\/ulysse.com\/news\/wp-json\/wp\/v2\/media\/35438"}],"wp:attachment":[{"href":"https:\/\/ulysse.com\/news\/wp-json\/wp\/v2\/media?parent=35436"}],"wp:term":[{"taxonomy":"category","embeddable":true,"href":"https:\/\/ulysse.com\/news\/wp-json\/wp\/v2\/categories?post=35436"},{"taxonomy":"post_tag","embeddable":true,"href":"https:\/\/ulysse.com\/news\/wp-json\/wp\/v2\/tags?post=35436"}],"curies":[{"name":"wp","href":"https:\/\/api.w.org\/{rel}","templated":true}]}}