{"id":35484,"date":"2025-09-25T15:00:22","date_gmt":"2025-09-25T14:00:22","guid":{"rendered":"https:\/\/discover.ulysse.com\/?p=35484"},"modified":"2025-09-25T12:58:35","modified_gmt":"2025-09-25T11:58:35","slug":"cite-bleue-ardennes-douceurs-sucrees","status":"publish","type":"post","link":"https:\/\/ulysse.com\/news\/cite-bleue-ardennes-douceurs-sucrees","title":{"rendered":"Cette cit\u00e9 bleue est le joyau cach\u00e9 des Ardennes : Entre fortifications Vauban et douceurs sucr\u00e9es, une ville \u00e0 d\u00e9couvrir absolument"},"content":{"rendered":"<p><span style=\"font-weight: 400;\">Qui aurait cru que dans le c\u0153ur des <strong>Ardennes<\/strong>, une ville aussi \u00e9tonnante que <strong>Givet<\/strong> attendait patiemment d&#8217;\u00eatre d\u00e9couverte ? Une cit\u00e9 o\u00f9 l&#8217;histoire rencontre la douceur de vivre, et o\u00f9 chaque coin de rue, chaque ruelle pav\u00e9e, semble vous d\u00e9voiler un secret bien gard\u00e9. Givet, la perle bleue des Ardennes, est l\u2019endroit o\u00f9 les fortifications de Vauban, l&#8217;architecture ancienne et des saveurs uniques se m\u00e9langent pour offrir une exp\u00e9rience tout simplement irr\u00e9sistible. Imaginez-vous d\u00e9ambuler dans une ville qui semble fig\u00e9e dans le temps, tout en \u00e9tant pleine de vie et d&#8217;\u00e9nergie. Son patrimoine impressionnant, ses paysages \u00e0 couper le souffle et ses sp\u00e9cialit\u00e9s sucr\u00e9es vous embarquent pour une escapade hors du commun. Vous \u00eates pr\u00eats \u00e0 vivre cette aventure ?<\/span><\/p>\n<h2><b>Givet, entre histoire et fortifications : un voyage dans le temps qui d\u00e9coiffe !<\/b><\/h2>\n<p><span style=\"font-weight: 400;\">S\u2019il y a bien un endroit o\u00f9 l\u2019histoire se lit dans chaque pierre, c\u2019est \u00e0<strong> Givet<\/strong>. Cette petite ville situ\u00e9e sur les <strong>rives de la Meuse<\/strong>, \u00e0 deux pas de la<a href=\"https:\/\/discover.ulysse.com\/pres-de-la-france-un-littoral-obtient-une-nouvelle-etoile-voici-ce-qui-le-rend-exceptionnel\"> fronti\u00e8re belge<\/a>, abrite un tr\u00e9sor d\u2019histoire militaire : le<strong> fort de Charlemont<\/strong>. Construite \u00e0 l\u2019origine sous Charles Quint, puis retravaill\u00e9e par Vauban, la fortification est aujourd\u2019hui un t\u00e9moin majeur de l\u2019architecture militaire du XVIIe si\u00e8cle. Perch\u00e9e sur son promontoire, elle domine la ville et offre des vues imprenables sur la vall\u00e9e de la Meuse. Mais attention, ne vous contentez pas d\u2019admirer la silhouette du fort depuis le bas, partez \u00e0 sa d\u00e9couverte en visitant ce monument historique et plongez dans les r\u00e9cits fascinants de son pass\u00e9 tumultueux.<\/span><\/p>\n<p><span style=\"font-weight: 400;\">Les murs de Givet, comme les pierres du fort, respirent l\u2019histoire, mais la ville a su garder un esprit jeune et dynamique. Se promener dans ses rues \u00e9troites et sinueuses, c\u2019est comme remonter le temps tout en profitant de l\u2019authenticit\u00e9 d\u2019une ville vivante. Les b\u00e2timents en pierre, les petites places o\u00f9 l\u2019on peut s\u2019arr\u00eater prendre un caf\u00e9, et l\u2019ombre des arbres qui bordent les quais de la Meuse cr\u00e9ent une ambiance parfaite pour fl\u00e2ner.<\/span><\/p>\n<blockquote class=\"instagram-media\" style=\"background: #FFF; border: 0; border-radius: 3px; margin: 1px; max-width: 540px; min-width: 326px; padding: 0; width: calc(100% - 2px);\" data-instgrm-captioned=\"\" data-instgrm-permalink=\"https:\/\/www.instagram.com\/p\/DO0MqrpjXEo\/?utm_source=ig_embed&amp;utm_campaign=loading\" data-instgrm-version=\"14\">\n<div style=\"padding: 16px;\">\n<p>&nbsp;<\/p>\n<div style=\"flex-direction: row; align-items: center;\">\n<div style=\"background-color: #f4f4f4; border-radius: 50%; flex-grow: 0; height: 40px; margin-right: 14px; width: 40px;\"><\/div>\n<div style=\"flex-direction: column; flex-grow: 1; justify-content: center;\">\n<div style=\"background-color: #f4f4f4; border-radius: 4px; flex-grow: 0; height: 14px; margin-bottom: 6px; width: 100px;\"><\/div>\n<div style=\"background-color: #f4f4f4; border-radius: 4px; flex-grow: 0; height: 14px; width: 60px;\"><\/div>\n<\/div>\n<\/div>\n<div style=\"padding: 19% 0;\"><\/div>\n<div style=\"height: 50px; margin: 0 auto 12px; width: 50px;\"><\/div>\n<div style=\"padding-top: 8px;\">\n<div style=\"color: #3897f0; font-family: Arial,sans-serif; font-size: 14px; font-style: normal; font-weight: 550; line-height: 18px;\">Voir cette publication sur Instagram<\/div>\n<\/div>\n<div style=\"padding: 12.5% 0;\"><\/div>\n<div style=\"flex-direction: row; margin-bottom: 14px; align-items: center;\">\n<div>\n<div style=\"background-color: #f4f4f4; border-radius: 50%; height: 12.5px; width: 12.5px;\"><\/div>\n<div style=\"background-color: #f4f4f4; height: 12.5px; width: 12.5px; flex-grow: 0; margin-right: 14px; margin-left: 2px;\"><\/div>\n<div style=\"background-color: #f4f4f4; border-radius: 50%; height: 12.5px; width: 12.5px;\"><\/div>\n<\/div>\n<div style=\"margin-left: 8px;\">\n<div style=\"background-color: #f4f4f4; border-radius: 50%; flex-grow: 0; height: 20px; width: 20px;\"><\/div>\n<div style=\"width: 0; height: 0; border-top: 2px solid transparent; border-left: 6px solid #f4f4f4; border-bottom: 2px solid transparent;\"><\/div>\n<\/div>\n<div style=\"margin-left: auto;\">\n<div style=\"width: 0px; border-top: 8px solid #F4F4F4; border-right: 8px solid transparent;\"><\/div>\n<div style=\"background-color: #f4f4f4; flex-grow: 0; height: 12px; width: 16px;\"><\/div>\n<div style=\"width: 0; height: 0; border-top: 8px solid #F4F4F4; border-left: 8px solid transparent;\"><\/div>\n<\/div>\n<\/div>\n<div style=\"flex-direction: column; flex-grow: 1; justify-content: center; margin-bottom: 24px;\">\n<div style=\"background-color: #f4f4f4; border-radius: 4px; flex-grow: 0; height: 14px; margin-bottom: 6px; width: 224px;\"><\/div>\n<div style=\"background-color: #f4f4f4; border-radius: 4px; flex-grow: 0; height: 14px; width: 144px;\"><\/div>\n<\/div>\n<p>&nbsp;<\/p>\n<p style=\"color: #c9c8cd; font-family: Arial,sans-serif; font-size: 14px; line-height: 17px; margin-bottom: 0; margin-top: 8px; overflow: hidden; padding: 8px 0 7px; text-align: center;\"><a style=\"color: #c9c8cd; font-family: Arial,sans-serif; font-size: 14px; font-style: normal; font-weight: normal; line-height: 17px; text-decoration: none;\" href=\"https:\/\/www.instagram.com\/p\/DO0MqrpjXEo\/?utm_source=ig_embed&amp;utm_campaign=loading\" target=\"_blank\" rel=\"noopener\">Une publication partag\u00e9e par Charlemont (@charlemont_givet)<\/a><\/p>\n<\/div>\n<\/blockquote>\n<h2><b>La pierre bleue : une sp\u00e9cialit\u00e9 qui fait fondre les c\u0153urs (et les papilles)<\/b><\/h2>\n<p><span style=\"font-weight: 400;\">\u00c0 Givet, il n\u2019y a pas que le pass\u00e9 qui brille : la ville a su transformer une simple pierre en un symbole culinaire unique. Cette fameuse <strong>pierre bleue<\/strong>, dont les carri\u00e8res se trouvent \u00e0 proximit\u00e9, a inspir\u00e9 bien plus que l\u2019architecture de la ville. Elle s\u2019invite d\u00e9sormais dans votre assiette ! Oui, vous avez bien entendu : \u00e0 Givet, la pierre bleue est aussi une confiserie, et pas n\u2019importe laquelle. Cette <strong>douceur sucr\u00e9e<\/strong>, \u00e0 base de chocolat noir parfum\u00e9 \u00e0 la myrtille, enrob\u00e9e de chocolat bleu et roul\u00e9e dans du sucre glace, est devenue la fiert\u00e9 locale. Un v\u00e9ritable d\u00e9lice qui vous plonge dans l\u2019univers de Givet, un go\u00fbt sucr\u00e9 qui est une invitation \u00e0 d\u00e9couvrir encore plus de surprises gastronomiques.<\/span><\/p>\n<p><span style=\"font-weight: 400;\">En plus de cette sp\u00e9cialit\u00e9, la ville regorge de<strong> petites p\u00e2tisseries<\/strong> et chocolateries o\u00f9 vous pourrez d\u00e9guster des cr\u00e9ations locales qui ne manqueront pas de ravir vos papilles. Vous aimez les saveurs authentiques ? Givet vous offre bien plus que des bonbons : des produits artisanaux, des recettes du terroir \u00e0 base de miel, de fruits et de chocolat qui t\u00e9moignent de la richesse de la r\u00e9gion.<\/span><\/p>\n<blockquote class=\"instagram-media\" style=\"background: #FFF; border: 0; border-radius: 3px; margin: 1px; max-width: 540px; min-width: 326px; padding: 0; width: calc(100% - 2px);\" data-instgrm-captioned=\"\" data-instgrm-permalink=\"https:\/\/www.instagram.com\/p\/CsjR1VBNPP_\/?utm_source=ig_embed&amp;utm_campaign=loading\" data-instgrm-version=\"14\">\n<div style=\"padding: 16px;\">\n<p>&nbsp;<\/p>\n<div style=\"flex-direction: row; align-items: center;\">\n<div style=\"background-color: #f4f4f4; border-radius: 50%; flex-grow: 0; height: 40px; margin-right: 14px; width: 40px;\"><\/div>\n<div style=\"flex-direction: column; flex-grow: 1; justify-content: center;\">\n<div style=\"background-color: #f4f4f4; border-radius: 4px; flex-grow: 0; height: 14px; margin-bottom: 6px; width: 100px;\"><\/div>\n<div style=\"background-color: #f4f4f4; border-radius: 4px; flex-grow: 0; height: 14px; width: 60px;\"><\/div>\n<\/div>\n<\/div>\n<div style=\"padding: 19% 0;\"><\/div>\n<div style=\"height: 50px; margin: 0 auto 12px; width: 50px;\"><\/div>\n<div style=\"padding-top: 8px;\">\n<div style=\"color: #3897f0; font-family: Arial,sans-serif; font-size: 14px; font-style: normal; font-weight: 550; line-height: 18px;\">Voir cette publication sur Instagram<\/div>\n<\/div>\n<div style=\"padding: 12.5% 0;\"><\/div>\n<div style=\"flex-direction: row; margin-bottom: 14px; align-items: center;\">\n<div>\n<div style=\"background-color: #f4f4f4; border-radius: 50%; height: 12.5px; width: 12.5px;\"><\/div>\n<div style=\"background-color: #f4f4f4; height: 12.5px; width: 12.5px; flex-grow: 0; margin-right: 14px; margin-left: 2px;\"><\/div>\n<div style=\"background-color: #f4f4f4; border-radius: 50%; height: 12.5px; width: 12.5px;\"><\/div>\n<\/div>\n<div style=\"margin-left: 8px;\">\n<div style=\"background-color: #f4f4f4; border-radius: 50%; flex-grow: 0; height: 20px; width: 20px;\"><\/div>\n<div style=\"width: 0; height: 0; border-top: 2px solid transparent; border-left: 6px solid #f4f4f4; border-bottom: 2px solid transparent;\"><\/div>\n<\/div>\n<div style=\"margin-left: auto;\">\n<div style=\"width: 0px; border-top: 8px solid #F4F4F4; border-right: 8px solid transparent;\"><\/div>\n<div style=\"background-color: #f4f4f4; flex-grow: 0; height: 12px; width: 16px;\"><\/div>\n<div style=\"width: 0; height: 0; border-top: 8px solid #F4F4F4; border-left: 8px solid transparent;\"><\/div>\n<\/div>\n<\/div>\n<div style=\"flex-direction: column; flex-grow: 1; justify-content: center; margin-bottom: 24px;\">\n<div style=\"background-color: #f4f4f4; border-radius: 4px; flex-grow: 0; height: 14px; margin-bottom: 6px; width: 224px;\"><\/div>\n<div style=\"background-color: #f4f4f4; border-radius: 4px; flex-grow: 0; height: 14px; width: 144px;\"><\/div>\n<\/div>\n<p>&nbsp;<\/p>\n<p style=\"color: #c9c8cd; font-family: Arial,sans-serif; font-size: 14px; line-height: 17px; margin-bottom: 0; margin-top: 8px; overflow: hidden; padding: 8px 0 7px; text-align: center;\"><a style=\"color: #c9c8cd; font-family: Arial,sans-serif; font-size: 14px; font-style: normal; font-weight: normal; line-height: 17px; text-decoration: none;\" href=\"https:\/\/www.instagram.com\/p\/CsjR1VBNPP_\/?utm_source=ig_embed&amp;utm_campaign=loading\" target=\"_blank\" rel=\"noopener\">Une publication partag\u00e9e par J&amp;J | Road trips et balades en famille (@vanlife_voyages)<\/a><\/p>\n<\/div>\n<\/blockquote>\n<h2><b>Une nature envo\u00fbtante : Givet, un coin de paradis entre eau et for\u00eats<\/b><\/h2>\n<p><span style=\"font-weight: 400;\">L\u2019un des grands atouts de Givet, c\u2019est son incroyable cadre naturel. La ville est situ\u00e9e dans la r\u00e9serve naturelle de la <strong>Pointe de Givet,<\/strong> un v\u00e9ritable havre de paix pour les amoureux de nature. Ici, pas de bruit de la ville, seulement le chant des oiseaux et le murmure de la Meuse qui serpente paisiblement \u00e0 travers les paysages. Les for\u00eats, les collines verdoyantes et les bords de rivi\u00e8re offrent un d\u00e9cor parfait pour une pause en pleine nature.<\/span><\/p>\n<p><span style=\"font-weight: 400;\">Les sentiers de randonn\u00e9e sont nombreux et permettent de d\u00e9couvrir la r\u00e9gion sous diff\u00e9rents angles. Du Fort de Charlemont, vous pourrez admirer une vue panoramique sur les for\u00eats et les montagnes des Ardennes, avec, en toile de fond, la vall\u00e9e de la Meuse qui semble s\u2019\u00e9tirer \u00e0 l\u2019infini. Une occasion en or pour les photographes ou pour ceux qui souhaitent simplement profiter d\u2019un moment de s\u00e9r\u00e9nit\u00e9.<\/span><\/p>\n<p><span style=\"font-weight: 400;\">Si vous \u00eates plut\u00f4t du genre sportif, Givet propose aussi des activit\u00e9s comme le v\u00e9lo ou m\u00eame la navigation sur <a href=\"https:\/\/discover.ulysse.com\/meuse-lieu-meconnu-prochaine-destination\">la Meuse<\/a>. Les amateurs de sports nautiques appr\u00e9cieront la possibilit\u00e9 de faire du kayak ou du cano\u00eb pour explorer la r\u00e9gion autrement. Le tout, dans un cadre paisible, o\u00f9 la beaut\u00e9 naturelle est omnipr\u00e9sente.<\/span><\/p>\n<blockquote class=\"instagram-media\" style=\"background: #FFF; border: 0; border-radius: 3px; margin: 1px; max-width: 540px; min-width: 326px; padding: 0; width: calc(100% - 2px);\" data-instgrm-captioned=\"\" data-instgrm-permalink=\"https:\/\/www.instagram.com\/p\/DOyceZGDHnD\/?utm_source=ig_embed&amp;utm_campaign=loading\" data-instgrm-version=\"14\">\n<div style=\"padding: 16px;\">\n<p>&nbsp;<\/p>\n<div style=\"flex-direction: row; align-items: center;\">\n<div style=\"background-color: #f4f4f4; border-radius: 50%; flex-grow: 0; height: 40px; margin-right: 14px; width: 40px;\"><\/div>\n<div style=\"flex-direction: column; flex-grow: 1; justify-content: center;\">\n<div style=\"background-color: #f4f4f4; border-radius: 4px; flex-grow: 0; height: 14px; margin-bottom: 6px; width: 100px;\"><\/div>\n<div style=\"background-color: #f4f4f4; border-radius: 4px; flex-grow: 0; height: 14px; width: 60px;\"><\/div>\n<\/div>\n<\/div>\n<div style=\"padding: 19% 0;\"><\/div>\n<div style=\"height: 50px; margin: 0 auto 12px; width: 50px;\"><\/div>\n<div style=\"padding-top: 8px;\">\n<div style=\"color: #3897f0; font-family: Arial,sans-serif; font-size: 14px; font-style: normal; font-weight: 550; line-height: 18px;\">Voir cette publication sur Instagram<\/div>\n<\/div>\n<div style=\"padding: 12.5% 0;\"><\/div>\n<div style=\"flex-direction: row; margin-bottom: 14px; align-items: center;\">\n<div>\n<div style=\"background-color: #f4f4f4; border-radius: 50%; height: 12.5px; width: 12.5px;\"><\/div>\n<div style=\"background-color: #f4f4f4; height: 12.5px; width: 12.5px; flex-grow: 0; margin-right: 14px; margin-left: 2px;\"><\/div>\n<div style=\"background-color: #f4f4f4; border-radius: 50%; height: 12.5px; width: 12.5px;\"><\/div>\n<\/div>\n<div style=\"margin-left: 8px;\">\n<div style=\"background-color: #f4f4f4; border-radius: 50%; flex-grow: 0; height: 20px; width: 20px;\"><\/div>\n<div style=\"width: 0; height: 0; border-top: 2px solid transparent; border-left: 6px solid #f4f4f4; border-bottom: 2px solid transparent;\"><\/div>\n<\/div>\n<div style=\"margin-left: auto;\">\n<div style=\"width: 0px; border-top: 8px solid #F4F4F4; border-right: 8px solid transparent;\"><\/div>\n<div style=\"background-color: #f4f4f4; flex-grow: 0; height: 12px; width: 16px;\"><\/div>\n<div style=\"width: 0; height: 0; border-top: 8px solid #F4F4F4; border-left: 8px solid transparent;\"><\/div>\n<\/div>\n<\/div>\n<div style=\"flex-direction: column; flex-grow: 1; justify-content: center; margin-bottom: 24px;\">\n<div style=\"background-color: #f4f4f4; border-radius: 4px; flex-grow: 0; height: 14px; margin-bottom: 6px; width: 224px;\"><\/div>\n<div style=\"background-color: #f4f4f4; border-radius: 4px; flex-grow: 0; height: 14px; width: 144px;\"><\/div>\n<\/div>\n<p>&nbsp;<\/p>\n<p style=\"color: #c9c8cd; font-family: Arial,sans-serif; font-size: 14px; line-height: 17px; margin-bottom: 0; margin-top: 8px; overflow: hidden; padding: 8px 0 7px; text-align: center;\"><a style=\"color: #c9c8cd; font-family: Arial,sans-serif; font-size: 14px; font-style: normal; font-weight: normal; line-height: 17px; text-decoration: none;\" href=\"https:\/\/www.instagram.com\/p\/DOyceZGDHnD\/?utm_source=ig_embed&amp;utm_campaign=loading\" target=\"_blank\" rel=\"noopener\">Une publication partag\u00e9e par Charlemont (@charlemont_givet)<\/a><\/p>\n<\/div>\n<\/blockquote>\n<h2><b>Comment se rendre \u00e0 Givet : Le train, un moyen simple et agr\u00e9able d\u2019y arriver<\/b><\/h2>\n<p><span style=\"font-weight: 400;\">Givet est facilement accessible depuis les grandes villes fran\u00e7aises, et le train est un excellent moyen pour s\u2019y rendre. Depuis Paris, il vous suffit de prendre un TGV direction Charleville-M\u00e9zi\u00e8res, puis de poursuivre en train local jusqu\u2019\u00e0 Givet. Le trajet dure environ 2h30 et vous offre une belle opportunit\u00e9 de d\u00e9couvrir la campagne ardennaise. Comptez entre 25 et 45 euros pour un billet aller-retour, selon la p\u00e9riode.<\/span><\/p>\n<p><span style=\"font-weight: 400;\">Si vous partez depuis Lyon, le voyage prendra un peu plus de temps (environ 4h) avec une correspondance \u00e0 Reims ou Charleville-M\u00e9zi\u00e8res. Les prix des billets varient entre 30 et 50 euros, mais le confort du train et la beaut\u00e9 des paysages en valent largement la peine. Depuis Strasbourg, comptez environ 3h30 pour rejoindre Givet. Un voyage sans stress et dans un cadre agr\u00e9able.<\/span><\/p>\n<blockquote class=\"instagram-media\" style=\"background: #FFF; border: 0; border-radius: 3px; margin: 1px; max-width: 540px; min-width: 326px; padding: 0; width: calc(100% - 2px);\" data-instgrm-captioned=\"\" data-instgrm-permalink=\"https:\/\/www.instagram.com\/p\/DOtS4zoE4FG\/?utm_source=ig_embed&amp;utm_campaign=loading\" data-instgrm-version=\"14\">\n<div style=\"padding: 16px;\">\n<p>&nbsp;<\/p>\n<div style=\"flex-direction: row; align-items: center;\">\n<div style=\"background-color: #f4f4f4; border-radius: 50%; flex-grow: 0; height: 40px; margin-right: 14px; width: 40px;\"><\/div>\n<div style=\"flex-direction: column; flex-grow: 1; justify-content: center;\">\n<div style=\"background-color: #f4f4f4; border-radius: 4px; flex-grow: 0; height: 14px; margin-bottom: 6px; width: 100px;\"><\/div>\n<div style=\"background-color: #f4f4f4; border-radius: 4px; flex-grow: 0; height: 14px; width: 60px;\"><\/div>\n<\/div>\n<\/div>\n<div style=\"padding: 19% 0;\"><\/div>\n<div style=\"height: 50px; margin: 0 auto 12px; width: 50px;\"><\/div>\n<div style=\"padding-top: 8px;\">\n<div style=\"color: #3897f0; font-family: Arial,sans-serif; font-size: 14px; font-style: normal; font-weight: 550; line-height: 18px;\">Voir cette publication sur Instagram<\/div>\n<\/div>\n<div style=\"padding: 12.5% 0;\"><\/div>\n<div style=\"flex-direction: row; margin-bottom: 14px; align-items: center;\">\n<div>\n<div style=\"background-color: #f4f4f4; border-radius: 50%; height: 12.5px; width: 12.5px;\"><\/div>\n<div style=\"background-color: #f4f4f4; height: 12.5px; width: 12.5px; flex-grow: 0; margin-right: 14px; margin-left: 2px;\"><\/div>\n<div style=\"background-color: #f4f4f4; border-radius: 50%; height: 12.5px; width: 12.5px;\"><\/div>\n<\/div>\n<div style=\"margin-left: 8px;\">\n<div style=\"background-color: #f4f4f4; border-radius: 50%; flex-grow: 0; height: 20px; width: 20px;\"><\/div>\n<div style=\"width: 0; height: 0; border-top: 2px solid transparent; border-left: 6px solid #f4f4f4; border-bottom: 2px solid transparent;\"><\/div>\n<\/div>\n<div style=\"margin-left: auto;\">\n<div style=\"width: 0px; border-top: 8px solid #F4F4F4; border-right: 8px solid transparent;\"><\/div>\n<div style=\"background-color: #f4f4f4; flex-grow: 0; height: 12px; width: 16px;\"><\/div>\n<div style=\"width: 0; height: 0; border-top: 8px solid #F4F4F4; border-left: 8px solid transparent;\"><\/div>\n<\/div>\n<\/div>\n<div style=\"flex-direction: column; flex-grow: 1; justify-content: center; margin-bottom: 24px;\">\n<div style=\"background-color: #f4f4f4; border-radius: 4px; flex-grow: 0; height: 14px; margin-bottom: 6px; width: 224px;\"><\/div>\n<div style=\"background-color: #f4f4f4; border-radius: 4px; flex-grow: 0; height: 14px; width: 144px;\"><\/div>\n<\/div>\n<p>&nbsp;<\/p>\n<p style=\"color: #c9c8cd; font-family: Arial,sans-serif; font-size: 14px; line-height: 17px; margin-bottom: 0; margin-top: 8px; overflow: hidden; padding: 8px 0 7px; text-align: center;\"><a style=\"color: #c9c8cd; font-family: Arial,sans-serif; font-size: 14px; font-style: normal; font-weight: normal; line-height: 17px; text-decoration: none;\" href=\"https:\/\/www.instagram.com\/p\/DOtS4zoE4FG\/?utm_source=ig_embed&amp;utm_campaign=loading\" target=\"_blank\" rel=\"noopener\">Une publication partag\u00e9e par Charlemont (@charlemont_givet)<\/a><\/p>\n<\/div>\n<\/blockquote>\n<h2><b>Givet, une ville pleine de surprises \u00e0 d\u00e9couvrir sans tarder !<\/b><\/h2>\n<p><span style=\"font-weight: 400;\">Givet, la cit\u00e9 bleue, c\u2019est bien plus qu\u2019un simple passage dans les Ardennes. C\u2019est un voyage au c\u0153ur de l\u2019histoire, des saveurs et des paysages de cette r\u00e9gion m\u00e9connue. Si vous cherchez \u00e0 d\u00e9couvrir une ville pleine de charme, de secrets et de douceurs, ne cherchez plus : Givet est le joyau cach\u00e9 des Ardennes. Alors, qu\u2019attendez-vous pour partir \u00e0 sa d\u00e9couverte ? Un tr\u00e9sor \u00e0 d\u00e9couvrir dans les Ardennes\u2026 et vous ne serez pas d\u00e9\u00e7u !<\/span><\/p>\n","protected":false},"excerpt":{"rendered":"<p>Qui aurait cru que dans le c\u0153ur des Ardennes, une ville aussi \u00e9tonnante que Givet attendait patiemment d&#8217;\u00eatre d\u00e9couverte ? [&hellip;]<\/p>\n","protected":false},"author":3,"featured_media":35485,"comment_status":"open","ping_status":"closed","sticky":false,"template":"","format":"standard","meta":{"_acf_changed":false,"_sitemap_exclude":false,"_sitemap_priority":"","_sitemap_frequency":"","footnotes":"","rank_math_title":"","rank_math_description":"Givet, la cit\u00e9 bleue des Ardennes, entre fortifications historiques et douceurs sucr\u00e9es, vous r\u00e9serve une escapade inoubliable !\n","rank_math_canonical_url":"","rank_math_focus_keyword":"ardennes,bleu"},"categories":[3],"tags":[],"class_list":["post-35484","post","type-post","status-publish","format-standard","has-post-thumbnail","hentry","category-voyage"],"acf":[],"_links":{"self":[{"href":"https:\/\/ulysse.com\/news\/wp-json\/wp\/v2\/posts\/35484","targetHints":{"allow":["GET"]}}],"collection":[{"href":"https:\/\/ulysse.com\/news\/wp-json\/wp\/v2\/posts"}],"about":[{"href":"https:\/\/ulysse.com\/news\/wp-json\/wp\/v2\/types\/post"}],"author":[{"embeddable":true,"href":"https:\/\/ulysse.com\/news\/wp-json\/wp\/v2\/users\/3"}],"replies":[{"embeddable":true,"href":"https:\/\/ulysse.com\/news\/wp-json\/wp\/v2\/comments?post=35484"}],"version-history":[{"count":2,"href":"https:\/\/ulysse.com\/news\/wp-json\/wp\/v2\/posts\/35484\/revisions"}],"predecessor-version":[{"id":35502,"href":"https:\/\/ulysse.com\/news\/wp-json\/wp\/v2\/posts\/35484\/revisions\/35502"}],"wp:featuredmedia":[{"embeddable":true,"href":"https:\/\/ulysse.com\/news\/wp-json\/wp\/v2\/media\/35485"}],"wp:attachment":[{"href":"https:\/\/ulysse.com\/news\/wp-json\/wp\/v2\/media?parent=35484"}],"wp:term":[{"taxonomy":"category","embeddable":true,"href":"https:\/\/ulysse.com\/news\/wp-json\/wp\/v2\/categories?post=35484"},{"taxonomy":"post_tag","embeddable":true,"href":"https:\/\/ulysse.com\/news\/wp-json\/wp\/v2\/tags?post=35484"}],"curies":[{"name":"wp","href":"https:\/\/api.w.org\/{rel}","templated":true}]}}