{"id":35494,"date":"2025-09-26T20:00:28","date_gmt":"2025-09-26T19:00:28","guid":{"rendered":"https:\/\/discover.ulysse.com\/?p=35494"},"modified":"2025-09-26T10:38:31","modified_gmt":"2025-09-26T09:38:31","slug":"cette-ile-europeenne-ou-des-retraites-vivent-mieux-pour-1000e-par-mois-ce-que-la-france-ne-propose-plus","status":"publish","type":"post","link":"https:\/\/ulysse.com\/news\/cette-ile-europeenne-ou-des-retraites-vivent-mieux-pour-1000e-par-mois-ce-que-la-france-ne-propose-plus","title":{"rendered":"Cette \u00eele europ\u00e9enne o\u00f9 des retrait\u00e9s vivent mieux pour 1000\u20ac par mois \u2013 ce que la France ne propose plus"},"content":{"rendered":"<p>Imaginez une \u00eele o\u00f9, pour 1 200 euros par mois, vous pourriez profiter d\u2019un cadre de vie idyllique, d\u2019un climat doux toute l\u2019ann\u00e9e et de paysages \u00e0 couper le souffle. Un endroit o\u00f9 la retraite devient un v\u00e9ritable r\u00eave, loin du stress quotidien et des co\u00fbts de la vie \u00e9lev\u00e9s. Ce lieu existe : il s\u2019agit de Mad\u00e8re, un petit paradis portugais qui attire de plus en plus de Fran\u00e7ais en qu\u00eate d\u2019une retraite plus sereine et abordable. Mais ce qui fait de cette \u00eele un havre pour les retrait\u00e9s, c\u2019est bien plus que ses plages de r\u00eave. D\u00e9couvrez pourquoi Mad\u00e8re devient le nouveau lieu de vie privil\u00e9gi\u00e9 pour ceux qui veulent vivre mieux pour moins cher.<\/p>\n<h2>Le co\u00fbt de la vie \u00e0 Mad\u00e8re : une bouff\u00e9e d&#8217;air frais pour les retrait\u00e9s<\/h2>\n<p>En choisissant <a href=\"https:\/\/discover.ulysse.com\/jardins-envoutants-madere\">Mad\u00e8re<\/a>, beaucoup de retrait\u00e9s fran\u00e7ais d\u00e9couvrent que leur pension leur permet de vivre largement mieux qu\u2019en France, o\u00f9 le co\u00fbt de la vie ne cesse d\u2019augmenter. \u00c0 Mad\u00e8re, pour 1 200 euros par mois, il est possible de louer un appartement confortable, loin des zones touristiques, pour environ 600 \u00e0 800 euros. Cela repr\u00e9sente une r\u00e9duction substantielle par rapport aux loyers pratiqu\u00e9s dans les grandes villes fran\u00e7aises. Le reste du budget est largement suffisant pour profiter des nombreuses activit\u00e9s gratuites ou peu co\u00fbteuses que l\u2019\u00eele offre. Les produits locaux sont aussi bien moins chers qu\u2019en m\u00e9tropole, notamment les fruits, l\u00e9gumes et sp\u00e9cialit\u00e9s locales disponibles sur les march\u00e9s de Funchal, la capitale de l&#8217;\u00eele. L&#8217;absence de taxes suppl\u00e9mentaires sur les pensions de retraite, gr\u00e2ce \u00e0 la convention fiscale franco-portugaise, permet \u00e9galement de maximiser son pouvoir d\u2019achat.<\/p>\n<h2>Un climat doux et des paysages exceptionnels pour un cadre de vie id\u00e9al<\/h2>\n<p>Mad\u00e8re s\u00e9duit avant tout pour son climat agr\u00e9able, loin des extr\u00eames climatiques. En hiver, les temp\u00e9ratures restent autour de 15-16\u00b0C, et l\u2019\u00e9t\u00e9, la chaleur est att\u00e9nu\u00e9e par l\u2019altitude et l\u2019influence maritime, cr\u00e9ant des conditions id\u00e9ales pour une vie confortable et active. La beaut\u00e9 naturelle de l\u2019\u00eele n\u2019est pas en reste, avec ses falaises vertigineuses, ses for\u00eats laurif\u00e8res class\u00e9es au patrimoine mondial de l\u2019UNESCO et ses &#8220;levadas&#8221;, ces canaux d\u2019irrigation transform\u00e9s en sentiers de randonn\u00e9e. Les retrait\u00e9s y trouvent une grande vari\u00e9t\u00e9 d\u2019activit\u00e9s de plein air \u00e0 moindre co\u00fbt. Parmi les plus populaires : les randonn\u00e9es dans les montagnes, offrant des vues imprenables sur l&#8217;oc\u00e9an et des vall\u00e9es verdoyantes. Ces balades sont totalement gratuites et accessibles \u00e0 tous, quel que soit le niveau de forme physique.<\/p>\n<blockquote class=\"tiktok-embed\" style=\"max-width: 605px; min-width: 325px;\" cite=\"https:\/\/www.tiktok.com\/@lieu.insolite_\/video\/7550363155541609750\" data-video-id=\"7550363155541609750\">\n<section><a title=\"@lieu.insolite_\" href=\"https:\/\/www.tiktok.com\/@lieu.insolite_?refer=embed\" target=\"_blank\" rel=\"noopener\">@lieu.insolite_<\/a> \ud83c\udf34 Bienvenue \u00e0 Mad\u00e8re, le Hawaii d\u2019Europe \ud83c\uddf5\ud83c\uddf9 Volcanique, sauvage, pas ch\u00e8re\u2026 cette \u00eele est un bijou au large du Portugal, entre falaises vertigineuses, piscines naturelles et routes de folie. \ud83d\udccd Vol A\/R depuis la France d\u00e8s 60 \u20ac \ud83c\udfe8 H\u00f4tel avec vue : d\u00e8s 50 \u20ac \/ nuit \ud83d\ude97 Location de voiture : d\u00e8s 20 \u20ac \/ jour Et parfois, 4 jours tout compris \u00e0 Mad\u00e8re pour moins de 290 \u20ac\u2026 oui, t\u2019as bien lu. \ud83e\udee2 \u2705 Parfait pour les randonneurs (levadas), les fans de road trips, ou juste les gens qui veulent changer d\u2019air sans exploser le budget. Alors, qui vient se perdre dans la jungle ? \ud83c\udf0b\ud83c\udf0a <a title=\"madere\" href=\"https:\/\/www.tiktok.com\/tag\/madere?refer=embed\" target=\"_blank\" rel=\"noopener\">#madere<\/a> <a title=\"lieuinsolite\" href=\"https:\/\/www.tiktok.com\/tag\/lieuinsolite?refer=embed\" target=\"_blank\" rel=\"noopener\">#lieuinsolite<\/a> <a title=\"voyage\" href=\"https:\/\/www.tiktok.com\/tag\/voyage?refer=embed\" target=\"_blank\" rel=\"noopener\">#voyage<\/a> <a title=\"conseilvoyage\" href=\"https:\/\/www.tiktok.com\/tag\/conseilvoyage?refer=embed\" target=\"_blank\" rel=\"noopener\">#conseilvoyage<\/a> <a title=\"paysage\" href=\"https:\/\/www.tiktok.com\/tag\/paysage?refer=embed\" target=\"_blank\" rel=\"noopener\">#paysage<\/a> <a title=\"\u266c son original - lieu.insolite_\" href=\"https:\/\/www.tiktok.com\/music\/son-original-7550363158116829974?refer=embed\" target=\"_blank\" rel=\"noopener\">\u266c son original &#8211; lieu.insolite_<\/a><\/section>\n<\/blockquote>\n<p><script async src=\"https:\/\/www.tiktok.com\/embed.js\"><\/script><\/p>\n<h2>Une qualit\u00e9 de vie rassurante et une s\u00e9curit\u00e9 \u00e9lev\u00e9e<\/h2>\n<p>En plus du co\u00fbt de la vie attractif, Mad\u00e8re est aussi reconnue pour sa s\u00e9curit\u00e9. L\u2019\u00eele b\u00e9n\u00e9ficie d\u2019un faible taux de criminalit\u00e9, et ses habitants sont r\u00e9put\u00e9s pour leur accueil chaleureux. Les retrait\u00e9s fran\u00e7ais appr\u00e9cient la tranquillit\u00e9 et la s\u00e9curit\u00e9 qu\u2019ils trouvent sur l\u2019\u00eele, loin des agitations des grandes m\u00e9tropoles. Mad\u00e8re est \u00e9galement bien reli\u00e9e au reste de l\u2019Europe, facilitant les d\u00e9placements et les visites de la famille ou des amis. Avec ses infrastructures modernes, une bonne couverture de soins m\u00e9dicaux et une ambiance conviviale, Mad\u00e8re r\u00e9pond parfaitement aux besoins des retrait\u00e9s qui cherchent \u00e0 allier s\u00e9r\u00e9nit\u00e9 et confort.<\/p>\n","protected":false},"excerpt":{"rendered":"<p>Imaginez une \u00eele o\u00f9, pour 1 200 euros par mois, vous pourriez profiter d\u2019un cadre de vie idyllique, d\u2019un climat [&hellip;]<\/p>\n","protected":false},"author":4,"featured_media":35535,"comment_status":"open","ping_status":"closed","sticky":false,"template":"","format":"standard","meta":{"_acf_changed":false,"_sitemap_exclude":false,"_sitemap_priority":"","_sitemap_frequency":"","footnotes":"","rank_math_title":"","rank_math_description":"","rank_math_canonical_url":"","rank_math_focus_keyword":"retrait\u00e9"},"categories":[3],"tags":[],"class_list":["post-35494","post","type-post","status-publish","format-standard","has-post-thumbnail","hentry","category-voyage"],"acf":[],"_links":{"self":[{"href":"https:\/\/ulysse.com\/news\/wp-json\/wp\/v2\/posts\/35494","targetHints":{"allow":["GET"]}}],"collection":[{"href":"https:\/\/ulysse.com\/news\/wp-json\/wp\/v2\/posts"}],"about":[{"href":"https:\/\/ulysse.com\/news\/wp-json\/wp\/v2\/types\/post"}],"author":[{"embeddable":true,"href":"https:\/\/ulysse.com\/news\/wp-json\/wp\/v2\/users\/4"}],"replies":[{"embeddable":true,"href":"https:\/\/ulysse.com\/news\/wp-json\/wp\/v2\/comments?post=35494"}],"version-history":[{"count":2,"href":"https:\/\/ulysse.com\/news\/wp-json\/wp\/v2\/posts\/35494\/revisions"}],"predecessor-version":[{"id":35536,"href":"https:\/\/ulysse.com\/news\/wp-json\/wp\/v2\/posts\/35494\/revisions\/35536"}],"wp:featuredmedia":[{"embeddable":true,"href":"https:\/\/ulysse.com\/news\/wp-json\/wp\/v2\/media\/35535"}],"wp:attachment":[{"href":"https:\/\/ulysse.com\/news\/wp-json\/wp\/v2\/media?parent=35494"}],"wp:term":[{"taxonomy":"category","embeddable":true,"href":"https:\/\/ulysse.com\/news\/wp-json\/wp\/v2\/categories?post=35494"},{"taxonomy":"post_tag","embeddable":true,"href":"https:\/\/ulysse.com\/news\/wp-json\/wp\/v2\/tags?post=35494"}],"curies":[{"name":"wp","href":"https:\/\/api.w.org\/{rel}","templated":true}]}}