{"id":35496,"date":"2025-09-25T16:02:49","date_gmt":"2025-09-25T15:02:49","guid":{"rendered":"https:\/\/discover.ulysse.com\/?p=35496"},"modified":"2025-09-25T14:31:02","modified_gmt":"2025-09-25T13:31:02","slug":"ile-de-france-se-met-en-hauteur-avec-son-premier-telepherique","status":"publish","type":"post","link":"https:\/\/ulysse.com\/news\/ile-de-france-se-met-en-hauteur-avec-son-premier-telepherique","title":{"rendered":"\u00cele-de-France se met en hauteur avec son premier t\u00e9l\u00e9ph\u00e9rique"},"content":{"rendered":"<p data-start=\"94\" data-end=\"613\">Le 13 d\u00e9cembre prochain, un \u00e9v\u00e9nement marquera un tournant dans l\u2019histoire des transports en \u00cele-de-France. En effet, la r\u00e9gion inaugurera son tout premier t\u00e9l\u00e9ph\u00e9rique urbain : le C1. Ce projet ambitieux, port\u00e9 par Val\u00e9rie P\u00e9cresse, pr\u00e9sidente d\u2019\u00cele-de-France Mobilit\u00e9s, vise \u00e0 am\u00e9liorer la mobilit\u00e9 des Franciliens tout en apportant une solution innovante aux probl\u00e8mes de congestion des transports en commun. Mais que signifie v\u00e9ritablement cette arriv\u00e9e pour les habitants de la r\u00e9gion ? Voici ce qu\u2019il faut savoir.<\/p>\n<h2 data-start=\"615\" data-end=\"675\">Un transport r\u00e9volutionnaire pour d\u00e9sengorger la banlieue<\/h2>\n<p data-start=\"677\" data-end=\"1237\">\u00c0 l\u2019heure o\u00f9 les bouchons et les transports satur\u00e9s sont des probl\u00e8mes quotidiens pour les Franciliens, le t\u00e9l\u00e9ph\u00e9rique C1 offre une r\u00e9ponse audacieuse. En reliant deux points strat\u00e9giques de la banlieue parisienne, ce t\u00e9l\u00e9ph\u00e9rique permettra de d\u00e9sengorger les axes routiers souvent congestionn\u00e9s et de faciliter les d\u00e9placements dans une zone difficilement accessible par d&#8217;autres moyens de transport. Ce projet s&#8217;inscrit dans une volont\u00e9 plus large de diversifier les modes de transport pour r\u00e9pondre \u00e0 la demande croissante de mobilit\u00e9 dans l\u2019\u00cele-de-France.<\/p>\n<p data-start=\"1239\" data-end=\"1716\">Le C1 sera une alternative rapide et \u00e9cologique aux transports traditionnels, tout en offrant une exp\u00e9rience unique aux usagers, avec des vues imprenables sur la ville et ses alentours. Le t\u00e9l\u00e9ph\u00e9rique permettra de relier des zones mal desservies par le m\u00e9tro ou le RER, ce qui facilitera les trajets quotidiens pour de nombreux Franciliens. Ce n\u2019est pas seulement un projet d\u2019infrastructure, mais un v\u00e9ritable changement de paradigme pour les transports en commun franciliens.<\/p>\n<h2 data-start=\"1718\" data-end=\"1754\">Un projet ambitieux mais r\u00e9fl\u00e9chi<\/h2>\n<p data-start=\"1756\" data-end=\"2251\">Si le t\u00e9l\u00e9ph\u00e9rique de la capitale semble \u00eatre un projet novateur, il s\u2019inscrit dans une r\u00e9flexion plus globale sur la modernisation des transports publics. Val\u00e9rie P\u00e9cresse a soulign\u00e9 \u00e0 plusieurs reprises que ce projet vise \u00e0 compl\u00e9ter le r\u00e9seau de transport existant en offrant des solutions innovantes. La r\u00e9gion \u00cele-de-France, dens\u00e9ment peupl\u00e9e, souffre de la saturation de ses infrastructures traditionnelles. Dans ce contexte, un t\u00e9l\u00e9ph\u00e9rique urbain semble \u00eatre la r\u00e9ponse \u00e0 certains d\u00e9fis.<\/p>\n<p data-start=\"2253\" data-end=\"2742\">Avec un co\u00fbt de construction relativement faible par rapport aux autres infrastructures de transport en commun, le t\u00e9l\u00e9ph\u00e9rique C1 repr\u00e9sente un excellent compromis pour r\u00e9pondre aux besoins de mobilit\u00e9 de mani\u00e8re rapide et efficace. De plus, cette solution durable s&#8217;inscrit parfaitement dans les objectifs \u00e9cologiques de la r\u00e9gion. Le C1 contribuera \u00e0 la r\u00e9duction de l&#8217;empreinte carbone des transports franciliens, en offrant une alternative moins polluante que les bus ou les voitures.<\/p>\n<h2 data-start=\"2744\" data-end=\"2787\">L&#8217;impact pour les habitants de la r\u00e9gion<\/h2>\n<p data-start=\"2789\" data-end=\"3202\">Pour les habitants des zones concern\u00e9es, ce t\u00e9l\u00e9ph\u00e9rique pourrait bien transformer leur quotidien. Les d\u00e9placements seront plus rapides, plus directs et moins contraignants, notamment pour ceux qui doivent r\u00e9guli\u00e8rement traverser des zones urbaines denses. Mais au-del\u00e0 de l\u2019aspect pratique, ce projet pourrait aussi am\u00e9liorer la qualit\u00e9 de vie des Franciliens en r\u00e9duisant la d\u00e9pendance aux transports polluants.<\/p>\n<p data-start=\"3204\" data-end=\"3607\">Le C1 est \u00e9galement un projet symbolique de la volont\u00e9 de r\u00e9inventer la mani\u00e8re dont les Franciliens se d\u00e9placent au quotidien. Il est \u00e0 la fois une r\u00e9ponse \u00e0 la congestion du trafic et une solution moderne face aux d\u00e9fis du transport urbain. D\u2019autres projets similaires pourraient voir le jour dans la r\u00e9gion, marquant un virage vers des solutions plus vertes et plus durables pour le transport public.<\/p>\n","protected":false},"excerpt":{"rendered":"<p>Le 13 d\u00e9cembre prochain, un \u00e9v\u00e9nement marquera un tournant dans l\u2019histoire des transports en \u00cele-de-France. En effet, la r\u00e9gion inaugurera [&hellip;]<\/p>\n","protected":false},"author":4,"featured_media":35507,"comment_status":"open","ping_status":"closed","sticky":false,"template":"","format":"standard","meta":{"_acf_changed":false,"_sitemap_exclude":false,"_sitemap_priority":"","_sitemap_frequency":"","footnotes":"","rank_math_title":"","rank_math_description":"","rank_math_canonical_url":"","rank_math_focus_keyword":"t\u00e9l\u00e9ph\u00e9rique"},"categories":[3],"tags":[],"class_list":["post-35496","post","type-post","status-publish","format-standard","has-post-thumbnail","hentry","category-voyage"],"acf":[],"_links":{"self":[{"href":"https:\/\/ulysse.com\/news\/wp-json\/wp\/v2\/posts\/35496","targetHints":{"allow":["GET"]}}],"collection":[{"href":"https:\/\/ulysse.com\/news\/wp-json\/wp\/v2\/posts"}],"about":[{"href":"https:\/\/ulysse.com\/news\/wp-json\/wp\/v2\/types\/post"}],"author":[{"embeddable":true,"href":"https:\/\/ulysse.com\/news\/wp-json\/wp\/v2\/users\/4"}],"replies":[{"embeddable":true,"href":"https:\/\/ulysse.com\/news\/wp-json\/wp\/v2\/comments?post=35496"}],"version-history":[{"count":2,"href":"https:\/\/ulysse.com\/news\/wp-json\/wp\/v2\/posts\/35496\/revisions"}],"predecessor-version":[{"id":35508,"href":"https:\/\/ulysse.com\/news\/wp-json\/wp\/v2\/posts\/35496\/revisions\/35508"}],"wp:featuredmedia":[{"embeddable":true,"href":"https:\/\/ulysse.com\/news\/wp-json\/wp\/v2\/media\/35507"}],"wp:attachment":[{"href":"https:\/\/ulysse.com\/news\/wp-json\/wp\/v2\/media?parent=35496"}],"wp:term":[{"taxonomy":"category","embeddable":true,"href":"https:\/\/ulysse.com\/news\/wp-json\/wp\/v2\/categories?post=35496"},{"taxonomy":"post_tag","embeddable":true,"href":"https:\/\/ulysse.com\/news\/wp-json\/wp\/v2\/tags?post=35496"}],"curies":[{"name":"wp","href":"https:\/\/api.w.org\/{rel}","templated":true}]}}