{"id":35526,"date":"2025-09-26T15:00:54","date_gmt":"2025-09-26T14:00:54","guid":{"rendered":"https:\/\/discover.ulysse.com\/?p=35526"},"modified":"2025-09-26T10:18:31","modified_gmt":"2025-09-26T09:18:31","slug":"ce-village-intimiste-perche-entre-mer-et-montagnes-incarne-lessence-de-la-cote-dazur","status":"publish","type":"post","link":"https:\/\/ulysse.com\/news\/ce-village-intimiste-perche-entre-mer-et-montagnes-incarne-lessence-de-la-cote-dazur","title":{"rendered":"Ce village intimiste, perch\u00e9 entre mer et montagnes, incarne l\u2019essence de la C\u00f4te d&#8217;Azur"},"content":{"rendered":"<p data-start=\"0\" data-end=\"658\">Imaginez un village perch\u00e9 \u00e0 800 m\u00e8tres d\u2019altitude, o\u00f9 chaque ruelle semble murmur\u00e9e par l\u2019histoire. Entre les montagnes majestueuses et la mer M\u00e9diterran\u00e9e qui scintille au loin, ce lieu offre un panorama \u00e0 couper le souffle. Si l\u2019on vous disait qu\u2019il est le plus haut village du littoral europ\u00e9en, cela attiserait s\u00fbrement votre curiosit\u00e9. Ce petit coin de paradis, \u00e0 quelques kilom\u00e8tres de Menton et dans le d\u00e9partement des Alpes-Maritimes, cache bien des secrets. Vous avez devin\u00e9 ? C\u2019est Sainte-Agn\u00e8s, un village qui vous transportera dans une aventure \u00e0 la fois historique et naturelle.<\/p>\n<h2 data-start=\"660\" data-end=\"709\">Un voyage dans le temps \u00e0 chaque coin de rue<\/h2>\n<p data-start=\"710\" data-end=\"1328\">Derri\u00e8re ses maisons en pierre et ses ruelles pittoresques, Sainte-Agn\u00e8s raconte une histoire fascinante. Le ch\u00e2teau en ruines, datant du XIIe si\u00e8cle, est l\u2019un des vestiges les plus impressionnants du village. Autour de ce monument, l\u2019histoire se tisse : des destructions sous Louis XIV, des r\u00e9sonances de la guerre de succession d\u2019Autriche, et une place cl\u00e9 dans la ligne Maginot pendant la Seconde Guerre mondiale. Si vous aimez les voyages dans le temps, les fortifications restaur\u00e9es de la ligne Maginot sont un incontournable. Sainte-Agn\u00e8s n\u2019est pas seulement un village charmant, c\u2019est un t\u00e9moin vivant du pass\u00e9.<\/p>\n<p data-start=\"1330\" data-end=\"1473\">Avec moins de 1 000 habitants, le village conserve une ambiance intimiste et se laisse facilement d\u00e9couvrir \u00e0 travers ses vestiges historiques.<\/p>\n<h2 data-start=\"1475\" data-end=\"1544\">Des panoramas \u00e0 couper le souffle : un balcon sur la C\u00f4te d&#8217;Azur<\/h2>\n<p data-start=\"1545\" data-end=\"2134\">Ce village est un v\u00e9ritable balcon sur la <a href=\"https:\/\/discover.ulysse.com\/alpes-france-regions-francaises-ete-difficile\">C\u00f4te d&#8217;Azur<\/a>. Imaginez la mer M\u00e9diterran\u00e9e, les montagnes \u00e0 perte de vue, le tout envelopp\u00e9 dans une lumi\u00e8re qui change \u00e0 chaque instant de la journ\u00e9e. Sainte-Agn\u00e8s, c\u2019est un spot id\u00e9al pour les amoureux de randonn\u00e9e. En partant de Menton, \u00e0 seulement 10 kilom\u00e8tres, vous pourrez emprunter des sentiers qui vous guideront \u00e0 travers des paysages \u00e9poustouflants. Deux heures de marche et vous voil\u00e0 au sommet, avec une vue qui semble toucher le ciel. Le village est un parfait m\u00e9lange de nature sauvage et de calme absolu, un v\u00e9ritable havre de paix.<\/p>\n<p data-start=\"2136\" data-end=\"2331\">Sainte-Agn\u00e8s, c\u2019est aussi le genre d\u2019endroit o\u00f9 vous pouvez vous perdre dans ses ruelles m\u00e9di\u00e9vales, entre artisanat local et petites \u00e9choppes. C\u2019est le lieu r\u00eav\u00e9 pour une escapade hors du temps.<\/p>\n<blockquote class=\"tiktok-embed\" style=\"max-width: 605px; min-width: 325px;\" cite=\"https:\/\/www.tiktok.com\/@bianca_eza\/video\/7466126246963973398\" data-video-id=\"7466126246963973398\">\n<section><a title=\"@bianca_eza\" href=\"https:\/\/www.tiktok.com\/@bianca_eza?refer=embed\" target=\"_blank\" rel=\"noopener\">@bianca_eza<\/a> \ud83c\udfde\ufe0f Sainte-Agn\u00e8s : Le village littoral le plus haut d\u2019Europe, perch\u00e9 \u00e0 800m d\u2019altitude avec une vue imprenable sur la M\u00e9diterran\u00e9e Un v\u00e9ritable voyage dans le temps entre ruelles m\u00e9di\u00e9vales pav\u00e9es et fort militaire de la ligne Maginot. La vue \u00e0 360\u00b0 sur la mer et les montagnes nous a litt\u00e9ralement coup\u00e9 le souffle ! \ud83d\udccd Infos pratiques : \u2022 D\u00e9part : Sainte-Agn\u00e8s (Alpes-Maritimes) \u2022 Distance : 1-2 km pour le tour du village \u2022 D\u00e9nivel\u00e9 : 50-100m dans le village \u2022 Difficult\u00e9 : \ud83d\udfe2 Facile \u2022 Dur\u00e9e : 2-3h (avec visite) \u2022 \ud83d\udc68\u200d\ud83d\udc69\u200d\ud83d\udc67\u200d\ud83d\udc66 Familles : adapt\u00e9e \u2022 \ud83d\udc15 Chiens : autoris\u00e9s en laisse \u2022 \u267f PMR : partiellement adapt\u00e9 (ruelles pav\u00e9es et escaliers) \u2022 \ud83c\udf1e Meilleure p\u00e9riode : Printemps\/Automne, d\u00e9but de matin\u00e9e pour la lumi\u00e8re \u2022 Particularit\u00e9s : Jardin m\u00e9di\u00e9val gratuit (possibilit\u00e9 de faire un don), Fort Maginot \u00e0 visiter, cascade \u00e0 proximit\u00e9 \ud83d\udd0e Le saviez-vous ? Sainte-Agn\u00e8s est class\u00e9 parmi les \u201cPlus Beaux Villages de France\u201d depuis 1997.\u2028Sainte-Agn\u00e8s doit son nom \u00e0 une l\u00e9gende : une princesse romaine nomm\u00e9e Agn\u00e8s se serait r\u00e9fugi\u00e9e dans une grotte pendant un violent orage. \ud83d\udcf1 Plus d\u2019info\u2028- \ud83d\udcda Story \u00e0 la une : Fiches rando d\u00e9taill\u00e9es \u00e0 screenshoter\u2028- \ud83d\uddfa\ufe0f Mapstr : Tous mes spots favoris et points d\u2019int\u00e9r\u00eat \u00e0 proximit\u00e9 (lien en bio) \ud83d\udcac Avez-vous d\u00e9j\u00e0 visit\u00e9 un village perch\u00e9 de la C\u00f4te d\u2019Azur ? \u2728 Abonnez-vous pour d\u00e9couvrir chaque semaine de nouveaux tr\u00e9sors de notre magnifique r\u00e9gion PACA ! <a title=\"sainteagnes\" href=\"https:\/\/www.tiktok.com\/tag\/sainteagnes?refer=embed\" target=\"_blank\" rel=\"noopener\">#SainteAgnes<\/a> <a title=\"villagemedieval\" href=\"https:\/\/www.tiktok.com\/tag\/villagemedieval?refer=embed\" target=\"_blank\" rel=\"noopener\">#VillageMedieval<\/a> <a title=\"cotedazur\" href=\"https:\/\/www.tiktok.com\/tag\/cotedazur?refer=embed\" target=\"_blank\" rel=\"noopener\">#CotedAzur<\/a> <a title=\"alpesmaritimes\" href=\"https:\/\/www.tiktok.com\/tag\/alpesmaritimes?refer=embed\" target=\"_blank\" rel=\"noopener\">#AlpesMaritimes<\/a> <a title=\"visitcotedazur\" href=\"https:\/\/www.tiktok.com\/tag\/visitcotedazur?refer=embed\" target=\"_blank\" rel=\"noopener\">#VisitCotedAzur<\/a> <a title=\"menton\" href=\"https:\/\/www.tiktok.com\/tag\/menton?refer=embed\" target=\"_blank\" rel=\"noopener\">#Menton<\/a> <a title=\"plusbeauxvillagesdefrance\" href=\"https:\/\/www.tiktok.com\/tag\/plusbeauxvillagesdefrance?refer=embed\" target=\"_blank\" rel=\"noopener\">#PlusBeauxVillagesDeFrance<\/a> <a title=\"villagefrance\" href=\"https:\/\/www.tiktok.com\/tag\/villagefrance?refer=embed\" target=\"_blank\" rel=\"noopener\">#VillageFrance<\/a> <a title=\"patrimoinefrance\" href=\"https:\/\/www.tiktok.com\/tag\/patrimoinefrance?refer=embed\" target=\"_blank\" rel=\"noopener\">#PatrimoineFrance<\/a> <a title=\"tourismepaca\" href=\"https:\/\/www.tiktok.com\/tag\/tourismepaca?refer=embed\" target=\"_blank\" rel=\"noopener\">#TourismePACA<\/a> <a title=\"exploreprovence\" href=\"https:\/\/www.tiktok.com\/tag\/exploreprovence?refer=embed\" target=\"_blank\" rel=\"noopener\">#ExploreProvence<\/a> <a title=\"provence\" href=\"https:\/\/www.tiktok.com\/tag\/provence?refer=embed\" target=\"_blank\" rel=\"noopener\">#Provence<\/a> <a title=\"rivierafrance\" href=\"https:\/\/www.tiktok.com\/tag\/rivierafrance?refer=embed\" target=\"_blank\" rel=\"noopener\">#RivieraFrance<\/a> <a title=\"frenchriviera\" href=\"https:\/\/www.tiktok.com\/tag\/frenchriviera?refer=embed\" target=\"_blank\" rel=\"noopener\">#FrenchRiviera<\/a> <a title=\"villageperche\" href=\"https:\/\/www.tiktok.com\/tag\/villageperche?refer=embed\" target=\"_blank\" rel=\"noopener\">#VillagePerche<\/a> <a title=\"randonn\u00e9e\" href=\"https:\/\/www.tiktok.com\/tag\/randonn%C3%A9e?refer=embed\" target=\"_blank\" rel=\"noopener\">#Randonn\u00e9e<\/a> <a title=\"balade\" href=\"https:\/\/www.tiktok.com\/tag\/balade?refer=embed\" target=\"_blank\" rel=\"noopener\">#Balade<\/a> <a title=\"provencealpescotedazur\" href=\"https:\/\/www.tiktok.com\/tag\/provencealpescotedazur?refer=embed\" target=\"_blank\" rel=\"noopener\">#provencealpescotedazur<\/a> <a title=\"\u266c Me Time - Carneyval &amp; Lourdiz\" href=\"https:\/\/www.tiktok.com\/music\/Me-Time-7161975874454194177?refer=embed\" target=\"_blank\" rel=\"noopener\">\u266c Me Time &#8211; Carneyval &amp; Lourdiz<\/a><\/section>\n<\/blockquote>\n<p><script async src=\"https:\/\/www.tiktok.com\/embed.js\"><\/script><\/p>\n<h2 data-start=\"2333\" data-end=\"2380\">Traditions vivantes et \u00e9v\u00e9nements vibrants<\/h2>\n<p data-start=\"2381\" data-end=\"2805\">Sainte-Agn\u00e8s n\u2019est pas un village fig\u00e9 dans le pass\u00e9, bien au contraire. Il est aussi un lieu vivant, vibrant de festivit\u00e9s tout au long de l\u2019ann\u00e9e. La F\u00eate de la Lavande \u00e0 la fin juillet, ou la F\u00eate M\u00e9di\u00e9vale en ao\u00fbt, sont l\u2019occasion pour les habitants et les visiteurs de c\u00e9l\u00e9brer la culture locale dans une atmosph\u00e8re chaleureuse. Ces \u00e9v\u00e9nements attirent de nombreux curieux, mais l&#8217;authenticit\u00e9 du village reste intacte.<\/p>\n<p data-start=\"2807\" data-end=\"3138\">Ce n\u2019est pas rare de croiser des artisans cr\u00e9ant des \u0153uvres en vitrail ou des bijoux dans les ruelles. Sainte-Agn\u00e8s, c\u2019est aussi un lieu o\u00f9 l\u2019art et la tradition se rencontrent dans une explosion de couleurs et de savoir-faire. Chaque ann\u00e9e, ce sont pr\u00e8s de 100 000 visiteurs qui viennent d\u00e9couvrir ce village au charme ind\u00e9niable.<\/p>\n<p data-start=\"3140\" data-end=\"3311\" data-is-last-node=\"\" data-is-only-node=\"\">Sainte-Agn\u00e8s, c\u2019est le mariage parfait entre l\u2019histoire, la nature et les traditions. Un village qui se d\u00e9voile lentement, pour offrir \u00e0 chacun un peu de magie \u00e0 emporter.<\/p>\n","protected":false},"excerpt":{"rendered":"<p>Imaginez un village perch\u00e9 \u00e0 800 m\u00e8tres d\u2019altitude, o\u00f9 chaque ruelle semble murmur\u00e9e par l\u2019histoire. Entre les montagnes majestueuses et [&hellip;]<\/p>\n","protected":false},"author":4,"featured_media":35530,"comment_status":"open","ping_status":"closed","sticky":false,"template":"","format":"standard","meta":{"_acf_changed":false,"_sitemap_exclude":false,"_sitemap_priority":"","_sitemap_frequency":"","footnotes":"","rank_math_title":"","rank_math_description":"","rank_math_canonical_url":"","rank_math_focus_keyword":"C\u00f4te d'Azur"},"categories":[3],"tags":[],"class_list":["post-35526","post","type-post","status-publish","format-standard","has-post-thumbnail","hentry","category-voyage"],"acf":[],"_links":{"self":[{"href":"https:\/\/ulysse.com\/news\/wp-json\/wp\/v2\/posts\/35526","targetHints":{"allow":["GET"]}}],"collection":[{"href":"https:\/\/ulysse.com\/news\/wp-json\/wp\/v2\/posts"}],"about":[{"href":"https:\/\/ulysse.com\/news\/wp-json\/wp\/v2\/types\/post"}],"author":[{"embeddable":true,"href":"https:\/\/ulysse.com\/news\/wp-json\/wp\/v2\/users\/4"}],"replies":[{"embeddable":true,"href":"https:\/\/ulysse.com\/news\/wp-json\/wp\/v2\/comments?post=35526"}],"version-history":[{"count":1,"href":"https:\/\/ulysse.com\/news\/wp-json\/wp\/v2\/posts\/35526\/revisions"}],"predecessor-version":[{"id":35531,"href":"https:\/\/ulysse.com\/news\/wp-json\/wp\/v2\/posts\/35526\/revisions\/35531"}],"wp:featuredmedia":[{"embeddable":true,"href":"https:\/\/ulysse.com\/news\/wp-json\/wp\/v2\/media\/35530"}],"wp:attachment":[{"href":"https:\/\/ulysse.com\/news\/wp-json\/wp\/v2\/media?parent=35526"}],"wp:term":[{"taxonomy":"category","embeddable":true,"href":"https:\/\/ulysse.com\/news\/wp-json\/wp\/v2\/categories?post=35526"},{"taxonomy":"post_tag","embeddable":true,"href":"https:\/\/ulysse.com\/news\/wp-json\/wp\/v2\/tags?post=35526"}],"curies":[{"name":"wp","href":"https:\/\/api.w.org\/{rel}","templated":true}]}}