{"id":35603,"date":"2025-09-28T19:00:05","date_gmt":"2025-09-28T18:00:05","guid":{"rendered":"https:\/\/discover.ulysse.com\/?p=35603"},"modified":"2025-09-28T13:37:17","modified_gmt":"2025-09-28T12:37:17","slug":"une-nouvelle-journee-de-greve-approche-a-paris-et-en-ile-de-france-que-faut-il-vraiment-attendre-pour-le-2-octobre","status":"publish","type":"post","link":"https:\/\/ulysse.com\/news\/une-nouvelle-journee-de-greve-approche-a-paris-et-en-ile-de-france-que-faut-il-vraiment-attendre-pour-le-2-octobre","title":{"rendered":"Une nouvelle journ\u00e9e de gr\u00e8ve approche \u00e0 Paris et en \u00cele-de-France : que faut-il vraiment attendre pour le 2 octobre ?"},"content":{"rendered":"<p data-start=\"126\" data-end=\"682\">Le mois d&#8217;octobre commence sur une note agit\u00e9e pour la capitale et ses environs. Tandis que la France se pr\u00e9pare \u00e0 une nouvelle journ\u00e9e de gr\u00e8ve, certains secteurs vont se mobiliser pour d\u00e9fendre des causes qui leur tiennent \u00e0 c\u0153ur. Si vous \u00eates habitant ou simple visiteur, une question s&#8217;impose : comment cette journ\u00e9e impactera-t-elle vos trajets et vos habitudes du quotidien ? Entre les perturbations dans les transports publics, les manifestations et un vent de m\u00e9contentement social qui souffle sur plusieurs secteurs, mieux vaut \u00eatre bien pr\u00e9par\u00e9.<\/p>\n<h2 data-start=\"684\" data-end=\"750\">Une journ\u00e9e de gr\u00e8ve qui touche bien plus que les transports<\/h2>\n<p data-start=\"751\" data-end=\"1457\">Si le <strong data-start=\"757\" data-end=\"770\">2 octobre<\/strong> semble anodin au premier abord, il pourrait bien transformer vos habitudes de d\u00e9placements dans Paris et ses alentours. \u00c0 la RATP et \u00e0 la <a href=\"https:\/\/discover.ulysse.com\/optimum-sncf-nouvelle-classe-premium-janvier\">SNCF<\/a>, les syndicats appellent \u00e0 la gr\u00e8ve pour exprimer leur m\u00e9contentement vis-\u00e0-vis des r\u00e9formes gouvernementales, notamment celle des retraites, qui continue de diviser. Le trafic sur les lignes de m\u00e9tro sera fortement perturb\u00e9, surtout sur les lignes non automatis\u00e9es. Le RER et les trains sont \u00e9galement concern\u00e9s, avec un service limit\u00e9 et des risques de <strong data-start=\"1269\" data-end=\"1280\">retards<\/strong> importants. Si vous comptez sur le r\u00e9seau de transports publics, pr\u00e9voyez des alternatives et consultez r\u00e9guli\u00e8rement les mises \u00e0 jour sur les horaires et les lignes affect\u00e9es.<\/p>\n<p data-start=\"1459\" data-end=\"1996\">Cependant, cette gr\u00e8ve ne se limite pas aux transports. <strong data-start=\"1515\" data-end=\"1530\">L\u2019\u00e9ducation<\/strong> et la <strong data-start=\"1537\" data-end=\"1546\">sant\u00e9<\/strong> seront \u00e9galement touch\u00e9es par la mobilisation. Les syndicats des enseignants et des soignants ont annonc\u00e9 leur participation. En cons\u00e9quence, certains \u00e9tablissements scolaires pourraient \u00eatre ferm\u00e9s ou ne fonctionner qu&#8217;\u00e0 moiti\u00e9, et des services hospitaliers seront impact\u00e9s. Le 2 octobre ne sera donc pas qu\u2019une simple journ\u00e9e de transport perturb\u00e9 : il marquera un vrai moment de pression sociale et de protestation dans plusieurs secteurs vitaux.<\/p>\n<blockquote class=\"tiktok-embed\" style=\"max-width: 605px; min-width: 325px;\" cite=\"https:\/\/www.tiktok.com\/@publicsenat\/video\/7553647644837514529\" data-video-id=\"7553647644837514529\">\n<section><a title=\"@publicsenat\" href=\"https:\/\/www.tiktok.com\/@publicsenat?refer=embed\" target=\"_blank\" rel=\"noopener\">@publicsenat<\/a>\ud83d\udcc5 L&#8217;intersyndicale annonce une journ\u00e9e de mobilisation le 2 octobre Re\u00e7ue pendant pr\u00e8s de 2h30 par S\u00e9bastien Lecornu ce matin, l\u2019intersyndicale a appel\u00e9 en sortant de Matignon \u00e0 une nouvelle journ\u00e9e de mobilisation le 2 octobre. Apr\u00e8s la gr\u00e8ve du 18 septembre qui a r\u00e9uni entre 500 000 et 1 million de personnes, les syndicats estiment \u00eatre \u00ab en position de force \u00bb, selon Sophie Binet.<a title=\"\u266c son original - Public S\u00e9nat\" href=\"https:\/\/www.tiktok.com\/music\/son-original-Public-S\u00e9nat-7553647686893767457?refer=embed\" target=\"_blank\" rel=\"noopener\">\u266c son original &#8211; Public S\u00e9nat<\/a><\/p>\n<\/section>\n<\/blockquote>\n<p><script async src=\"https:\/\/www.tiktok.com\/embed.js\"><\/script><\/p>\n<h2 data-start=\"1998\" data-end=\"2062\">Pourquoi cette gr\u00e8ve s\u2019annonce massive ?<\/h2>\n<p data-start=\"2063\" data-end=\"2616\">Cette journ\u00e9e de gr\u00e8ve fait suite \u00e0 plusieurs mois de m\u00e9contentement et de discussions difficiles avec le gouvernement. Les r\u00e9formes \u00e9conomiques, notamment la question des retraites et de l\u2019assurance ch\u00f4mage, sont au centre des pr\u00e9occupations. Les syndicats ont insist\u00e9 sur le fait que leurs demandes de r\u00e9ajustement ont \u00e9t\u00e9 ignor\u00e9es, d\u2019o\u00f9 l\u2019appel \u00e0 une <strong data-start=\"2417\" data-end=\"2442\">mobilisation g\u00e9n\u00e9rale<\/strong>. Les pr\u00e9c\u00e9dentes gr\u00e8ves de cette ampleur ont montr\u00e9 une forte mobilisation, avec des milliers de manifestants \u00e0 Paris, et cette nouvelle action s\u2019annonce encore plus suivie.<\/p>\n<p data-start=\"2618\" data-end=\"3103\">Les chiffres de la participation \u00e0 la gr\u00e8ve, bien que difficiles \u00e0 anticiper pr\u00e9cis\u00e9ment, risquent de marquer une intensit\u00e9 croissante dans la contestation sociale. En 2024, plus de <strong data-start=\"2800\" data-end=\"2824\">100 000 manifestants<\/strong> avaient d\u00e9fil\u00e9 dans les rues de Paris lors de mouvements similaires, et la tendance semble s\u2019acc\u00e9l\u00e9rer. Le <strong data-start=\"2932\" data-end=\"2945\">2 octobre<\/strong> pourrait donc se transformer en un \u00e9v\u00e9nement majeur dans l\u2019agenda des mobilisations sociales, avec un impact qui va bien au-del\u00e0 des simples lignes de m\u00e9tro.<\/p>\n<p data-start=\"3105\" data-end=\"3385\">Dans ce climat de tension, mieux vaut \u00eatre pr\u00e9par\u00e9 \u00e0 une journ\u00e9e o\u00f9 la normalit\u00e9 ne sera pas au rendez-vous. Que ce soit pour \u00e9viter les embouteillages ou choisir d\u2019autres moyens de transport, l\u2019information en temps r\u00e9el sera votre meilleure alli\u00e9e pour vous d\u00e9placer sereinement.<\/p>\n<p data-start=\"3387\" data-end=\"3559\" data-is-last-node=\"\" data-is-only-node=\"\">Les d\u00e9tails exacts sur l&#8217;ampleur des perturbations seront r\u00e9v\u00e9l\u00e9s dans les heures pr\u00e9c\u00e9dant la gr\u00e8ve, mais en attendant, restez inform\u00e9 et ajustez vos plans en cons\u00e9quence.<\/p>\n","protected":false},"excerpt":{"rendered":"<p>Le mois d&#8217;octobre commence sur une note agit\u00e9e pour la capitale et ses environs. Tandis que la France se pr\u00e9pare [&hellip;]<\/p>\n","protected":false},"author":4,"featured_media":35615,"comment_status":"open","ping_status":"closed","sticky":false,"template":"","format":"standard","meta":{"_acf_changed":false,"_sitemap_exclude":false,"_sitemap_priority":"","_sitemap_frequency":"","footnotes":"","rank_math_title":"","rank_math_description":"","rank_math_canonical_url":"","rank_math_focus_keyword":"greve"},"categories":[3],"tags":[],"class_list":["post-35603","post","type-post","status-publish","format-standard","has-post-thumbnail","hentry","category-voyage"],"acf":[],"_links":{"self":[{"href":"https:\/\/ulysse.com\/news\/wp-json\/wp\/v2\/posts\/35603","targetHints":{"allow":["GET"]}}],"collection":[{"href":"https:\/\/ulysse.com\/news\/wp-json\/wp\/v2\/posts"}],"about":[{"href":"https:\/\/ulysse.com\/news\/wp-json\/wp\/v2\/types\/post"}],"author":[{"embeddable":true,"href":"https:\/\/ulysse.com\/news\/wp-json\/wp\/v2\/users\/4"}],"replies":[{"embeddable":true,"href":"https:\/\/ulysse.com\/news\/wp-json\/wp\/v2\/comments?post=35603"}],"version-history":[{"count":4,"href":"https:\/\/ulysse.com\/news\/wp-json\/wp\/v2\/posts\/35603\/revisions"}],"predecessor-version":[{"id":35618,"href":"https:\/\/ulysse.com\/news\/wp-json\/wp\/v2\/posts\/35603\/revisions\/35618"}],"wp:featuredmedia":[{"embeddable":true,"href":"https:\/\/ulysse.com\/news\/wp-json\/wp\/v2\/media\/35615"}],"wp:attachment":[{"href":"https:\/\/ulysse.com\/news\/wp-json\/wp\/v2\/media?parent=35603"}],"wp:term":[{"taxonomy":"category","embeddable":true,"href":"https:\/\/ulysse.com\/news\/wp-json\/wp\/v2\/categories?post=35603"},{"taxonomy":"post_tag","embeddable":true,"href":"https:\/\/ulysse.com\/news\/wp-json\/wp\/v2\/tags?post=35603"}],"curies":[{"name":"wp","href":"https:\/\/api.w.org\/{rel}","templated":true}]}}