{"id":35605,"date":"2025-09-28T17:00:05","date_gmt":"2025-09-28T16:00:05","guid":{"rendered":"https:\/\/discover.ulysse.com\/?p=35605"},"modified":"2025-09-28T13:33:55","modified_gmt":"2025-09-28T12:33:55","slug":"410-nouveaux-metros-debarquent-a-paris-des-octobre-2025","status":"publish","type":"post","link":"https:\/\/ulysse.com\/news\/410-nouveaux-metros-debarquent-a-paris-des-octobre-2025","title":{"rendered":"410 nouveaux m\u00e9tros d\u00e9barquent \u00e0 Paris d\u00e8s octobre 2025"},"content":{"rendered":"<p data-start=\"63\" data-end=\"613\">Le 16 octobre 2025 marquera l\u2019arriv\u00e9e d\u2019un nouveau m\u00e9tro sur la ligne 10 de Paris. Ce sera le premier train MF19 \u00e0 commencer ses circulations apr\u00e8s plusieurs mois d\u2019essais. Cette nouvelle g\u00e9n\u00e9ration de trains, qui remplace les anciens MF67 datant des ann\u00e9es 60-70, promet de transformer l&#8217;exp\u00e9rience des voyageurs avec des \u00e9quipements modernes comme la climatisation, des ports USB, et une circulation fluide d&#8217;une voiture \u00e0 l&#8217;autre. Au total, 410 de ces nouveaux trains seront d\u00e9ploy\u00e9s sur plusieurs lignes du m\u00e9tro parisien jusqu&#8217;en 2033.<\/p>\n<h2 data-start=\"615\" data-end=\"680\">Des trains modernes pour plus de confort et d\u2019accessibilit\u00e9<\/h2>\n<p data-start=\"681\" data-end=\"1445\">Les nouveaux m\u00e9tros MF19 viennent avec de nombreux avantages pratiques. Ils seront \u00e9quip\u00e9s de quatre ou cinq voitures, et offriront une circulation facilit\u00e9e entre elles, une ventilation r\u00e9frig\u00e9r\u00e9e, ainsi qu&#8217;une vid\u00e9osurveillance pour plus de s\u00e9curit\u00e9. En termes d\u2019accessibilit\u00e9, des emplacements r\u00e9serv\u00e9s pour fauteuils roulants et des portes \u00e9largies sont int\u00e9gr\u00e9es pour faciliter l\u2019acc\u00e8s des personnes \u00e0 mobilit\u00e9 r\u00e9duite. Les nouveaux trains afficheront \u00e9galement des informations de parcours et des annonces sonores, ainsi que des \u00e9crans pour les plans de ligne, permettant une meilleure exp\u00e9rience pour les usagers. Ces am\u00e9liorations visent \u00e0 rendre les d\u00e9placements en m\u00e9tro plus confortables et plus pratiques pour tout le monde.<\/p>\n<blockquote class=\"tiktok-embed\" style=\"max-width: 605px; min-width: 325px;\" cite=\"https:\/\/www.tiktok.com\/@leparisien\/video\/7519865767295225121\" data-video-id=\"7519865767295225121\">\n<section><a title=\"@leparisien\" href=\"https:\/\/www.tiktok.com\/@leparisien?refer=embed\" target=\"_blank\" rel=\"noopener\">@leparisien<\/a>Le m\u00e9tro du futur, le MF19 accueillera ses premiers voyageurs entre gare d\u2019Austerlitz et Pont de Saint-Cloud d&#8217;ici l\u2019automne prochain. En attendant, les rames d\u2019essai doivent encore subir de nombreuses nuits de test en conditions r\u00e9elles.<\/p>\n<p><a title=\"\u266c son original - Le Parisien\" href=\"https:\/\/www.tiktok.com\/music\/son-original-7519865839076592416?refer=embed\" target=\"_blank\" rel=\"noopener\">\u266c son original &#8211; Le Parisien<\/a><\/p>\n<\/section>\n<\/blockquote>\n<p><script async src=\"https:\/\/www.tiktok.com\/embed.js\"><\/script><\/p>\n<h2 data-start=\"1447\" data-end=\"1496\">Un remplacement progressif des vieux trains<\/h2>\n<p data-start=\"1497\" data-end=\"2069\">Le remplacement des trains sur les lignes 3, 3bis, 7, 7bis, 8, 12 et 13 s\u2019\u00e9talera de 2025 \u00e0 2033. Les anciens MF67, en service depuis plus de 50 ans, sont enfin remplac\u00e9s pour offrir des conditions de transport plus modernes et adapt\u00e9es aux besoins des usagers. Le mat\u00e9riel roulant des autres lignes sera progressivement chang\u00e9, \u00e0 l&#8217;exception notable de la ligne 13 qui sera modifi\u00e9e pour \u00eatre automatis\u00e9e d&#8217;ici 2032. Cette \u00e9volution fait partie d&#8217;un projet de modernisation du <a href=\"https:\/\/discover.ulysse.com\/ces-stations-de-metro-oubliees-a-paris-sont-toujours-la-mais-invisibles\">m\u00e9tro parisien<\/a> qui va am\u00e9liorer le confort de plusieurs millions de passagers chaque jour.<\/p>\n<p data-start=\"2071\" data-end=\"2216\" data-is-last-node=\"\" data-is-only-node=\"\">Les MF19 sont donc un pas important vers un r\u00e9seau de transport public plus moderne et accessible, pr\u00eat \u00e0 r\u00e9pondre aux d\u00e9fis de la capitale.<\/p>\n","protected":false},"excerpt":{"rendered":"<p>Le 16 octobre 2025 marquera l\u2019arriv\u00e9e d\u2019un nouveau m\u00e9tro sur la ligne 10 de Paris. Ce sera le premier train [&hellip;]<\/p>\n","protected":false},"author":4,"featured_media":35613,"comment_status":"open","ping_status":"closed","sticky":false,"template":"","format":"standard","meta":{"_acf_changed":false,"_sitemap_exclude":false,"_sitemap_priority":"","_sitemap_frequency":"","footnotes":"","rank_math_title":"","rank_math_description":"","rank_math_canonical_url":"","rank_math_focus_keyword":"metro"},"categories":[3],"tags":[],"class_list":["post-35605","post","type-post","status-publish","format-standard","has-post-thumbnail","hentry","category-voyage"],"acf":[],"_links":{"self":[{"href":"https:\/\/ulysse.com\/news\/wp-json\/wp\/v2\/posts\/35605","targetHints":{"allow":["GET"]}}],"collection":[{"href":"https:\/\/ulysse.com\/news\/wp-json\/wp\/v2\/posts"}],"about":[{"href":"https:\/\/ulysse.com\/news\/wp-json\/wp\/v2\/types\/post"}],"author":[{"embeddable":true,"href":"https:\/\/ulysse.com\/news\/wp-json\/wp\/v2\/users\/4"}],"replies":[{"embeddable":true,"href":"https:\/\/ulysse.com\/news\/wp-json\/wp\/v2\/comments?post=35605"}],"version-history":[{"count":2,"href":"https:\/\/ulysse.com\/news\/wp-json\/wp\/v2\/posts\/35605\/revisions"}],"predecessor-version":[{"id":35614,"href":"https:\/\/ulysse.com\/news\/wp-json\/wp\/v2\/posts\/35605\/revisions\/35614"}],"wp:featuredmedia":[{"embeddable":true,"href":"https:\/\/ulysse.com\/news\/wp-json\/wp\/v2\/media\/35613"}],"wp:attachment":[{"href":"https:\/\/ulysse.com\/news\/wp-json\/wp\/v2\/media?parent=35605"}],"wp:term":[{"taxonomy":"category","embeddable":true,"href":"https:\/\/ulysse.com\/news\/wp-json\/wp\/v2\/categories?post=35605"},{"taxonomy":"post_tag","embeddable":true,"href":"https:\/\/ulysse.com\/news\/wp-json\/wp\/v2\/tags?post=35605"}],"curies":[{"name":"wp","href":"https:\/\/api.w.org\/{rel}","templated":true}]}}