{"id":35609,"date":"2025-09-28T14:00:13","date_gmt":"2025-09-28T13:00:13","guid":{"rendered":"https:\/\/discover.ulysse.com\/?p=35609"},"modified":"2025-09-28T13:28:56","modified_gmt":"2025-09-28T12:28:56","slug":"cette-plage-de-vendee-pourrait-elle-detroner-toutes-les-autres-pour-devenir-la-preferee-des-francais","status":"publish","type":"post","link":"https:\/\/ulysse.com\/news\/cette-plage-de-vendee-pourrait-elle-detroner-toutes-les-autres-pour-devenir-la-preferee-des-francais","title":{"rendered":"Cette plage de Vend\u00e9e pourrait-elle d\u00e9tr\u00f4ner toutes les autres pour devenir la pr\u00e9f\u00e9r\u00e9e des Fran\u00e7ais ?"},"content":{"rendered":"<p data-start=\"82\" data-end=\"615\">Jusqu\u2019au 12 octobre 2025, un concours original organis\u00e9 par la Surfrider Foundation permet \u00e0 tous les citoyens de participer \u00e0 l\u2019\u00e9lection de la plage pr\u00e9f\u00e9r\u00e9e des Fran\u00e7ais. \u00c0 la mani\u00e8re du concours du village ou du monument pr\u00e9f\u00e9r\u00e9, cette initiative invite les Fran\u00e7ais \u00e0 voter pour la plage qui les touche le plus, qu\u2019il s\u2019agisse de celle de leur enfance ou de leur destination de vacances favorite. Parmi les candidates, plusieurs plages de Vend\u00e9e, dont certaines de Les Sables-d\u2019Olonne, figurent en bonne position.<\/p>\n<h2 data-start=\"617\" data-end=\"689\">Un concours ludique et f\u00e9d\u00e9rateur pour d\u00e9fendre le littoral fran\u00e7ais<\/h2>\n<p data-start=\"691\" data-end=\"1143\">La <a href=\"https:\/\/www.surfrider.fr\/\" target=\"_blank\" rel=\"noopener\">Surfrider Foundation<\/a>, militante pour la protection des oc\u00e9ans et des littoraux, offre un format innovant et participatif. Ce concours se veut non seulement une occasion de c\u00e9l\u00e9brer les plages qui ont marqu\u00e9 des souvenirs mais aussi un moyen de sensibiliser \u00e0 la protection du littoral. En votant, les participants se retrouvent au c\u0153ur d\u2019une dynamique de pr\u00e9servation tout en exprimant leur attachement \u00e0 un espace naturel qui leur est cher.<\/p>\n<p data-start=\"1145\" data-end=\"1644\">Les <a href=\"https:\/\/discover.ulysse.com\/200-000-visiteurs-annuels-et-des-plages-de-sable-fin-ce-village-de-vendee-fait-carton-plein\">plages vend\u00e9ennes<\/a>, notamment celles des Sables-d\u2019Olonne, jouent un r\u00f4le majeur dans cette comp\u00e9tition. Leur beaut\u00e9 naturelle et leurs paysages pr\u00e9serv\u00e9s s\u00e9duisent de plus en plus de visiteurs chaque ann\u00e9e. Ce concours permet aussi de rappeler que la protection de ces plages va au-del\u00e0 de l\u2019esth\u00e9tique. Un grand nettoyage des plages gagnantes sera organis\u00e9 par la Surfrider Foundation pour ramasser les d\u00e9chets, une d\u00e9marche symbolique mais aussi pratique pour garder nos plages propres.<\/p>\n<blockquote class=\"tiktok-embed\" style=\"max-width: 605px; min-width: 325px;\" cite=\"https:\/\/www.tiktok.com\/@franceinfo\/video\/7534388978317839648\" data-video-id=\"7534388978317839648\">\n<section><a title=\"@franceinfo\" href=\"https:\/\/www.tiktok.com\/@franceinfo?refer=embed\" target=\"_blank\" rel=\"noopener\">@franceinfo<\/a> Aux Sables-d&#8217;Olonne (Vend\u00e9e), cette ann\u00e9e marque les 200 ans de l\u2019\u00e9l\u00e9gance sablaise. Mais en \u00e9t\u00e9, celle-ci est mise \u00e0 mal par certains vacanciers. Le maire rappelle qu\u2019il est interdit de se promener en maillot de bain ou torse nu dans les rues de la ville. <a title=\"sinformersurtiktok\" href=\"https:\/\/www.tiktok.com\/tag\/sinformersurtiktok?refer=embed\" target=\"_blank\" rel=\"noopener\">#sinformersurtiktok<\/a> <a title=\"\u266c son original - Franceinfo\" href=\"https:\/\/www.tiktok.com\/music\/son-original-7534389848501652257?refer=embed\" target=\"_blank\" rel=\"noopener\">\u266c son original &#8211; Franceinfo<\/a><\/section>\n<\/blockquote>\n<p><script async src=\"https:\/\/www.tiktok.com\/embed.js\"><\/script><\/p>\n<h2 data-start=\"1646\" data-end=\"1729\">Des plages comme Sauveterre, Veillon ou Sauzaie en t\u00eate du concours<\/h2>\n<p data-start=\"1731\" data-end=\"2285\">Plusieurs plages de la Vend\u00e9e se distinguent dans le concours, notamment la plage de Sauveterre \u00e0 Les Sables-d\u2019Olonne, une plage sauvage et vaste qui offre une beaut\u00e9 naturelle unique. Autre concurrent de poids, la plage du Veillon, \u00e0 Talmont-Saint-Hilaire, pl\u00e9biscit\u00e9e pour ses paysages magnifiques et sa tranquillit\u00e9. Ces plages font partie d\u2019un territoire littoral de plus en plus attractif pour les familles et les amoureux de la nature, mais aussi pour ceux qui cherchent un endroit calme loin des foules des plages plus fr\u00e9quent\u00e9es.<\/p>\n<p data-start=\"2287\" data-end=\"2594\">Des plages comme la <strong>Sauzaie \u00e0 Br\u00e9tignolles-sur-Mer<\/strong> ou encore la plage de l\u2019Aubraie font aussi partie des candidates. Elles attirent des vacanciers avec leurs grandes \u00e9tendues de sable fin et leurs conditions id\u00e9ales pour les activit\u00e9s nautiques comme le surf, le kitesurf, ou encore la baignade.<\/p>\n<h2 data-start=\"2596\" data-end=\"2662\">La bataille pour la premi\u00e8re place : une comp\u00e9tition r\u00e9gionale<\/h2>\n<p data-start=\"2664\" data-end=\"3318\">Une fois les r\u00e9sultats de la premi\u00e8re phase du concours r\u00e9colt\u00e9s, les plages s\u00e9lectionn\u00e9es s\u2019affronteront dans un tournoi sur les r\u00e9seaux sociaux \u00e0 partir du 13 octobre, sous forme de battles r\u00e9gionales. Ce format ludique permettra aux plages d\u2019\u00eatre mises en avant dans une s\u00e9rie de quarts de finale, demi-finales et, enfin, une grande finale. C\u2019est sur Instagram et Facebook que cette comp\u00e9tition prendra toute son ampleur. La plage gagnante sera annonc\u00e9e le 30 octobre et aura l\u2019honneur de recevoir une grande collecte citoyenne de d\u00e9chets, un geste symbolique pour souligner l\u2019importance de la pr\u00e9servation du littoral.<\/p>\n<h2 data-start=\"3320\" data-end=\"3366\">Un concours plus qu\u2019une simple comp\u00e9tition<\/h2>\n<p data-start=\"3368\" data-end=\"3834\">Le concours organis\u00e9 par la Surfrider Foundation est bien plus qu\u2019une simple \u00e9lection. Il est une occasion de montrer l\u2019attachement des Fran\u00e7ais \u00e0 leurs plages, mais aussi de promouvoir la pr\u00e9servation de l\u2019environnement. Lionel Cheylus, responsable des relations m\u00e9dias chez Surfrider, d\u00e9crit cette initiative comme un moyen de \u201cd\u00e9fendre fi\u00e8rement son littoral\u201d tout en s\u2019amusant et en sensibilisant le grand public \u00e0 des enjeux cruciaux de protection de la nature.<\/p>\n<p data-start=\"3836\" data-end=\"4070\">La comp\u00e9tition met aussi en lumi\u00e8re la richesse des plages fran\u00e7aises et leur diversit\u00e9. Elle rappelle que chaque r\u00e9gion, avec ses plages, ses dunes et ses paysages marins, poss\u00e8de des tr\u00e9sors naturels qu\u2019il est essentiel de prot\u00e9ger.<\/p>\n<h2 data-start=\"4072\" data-end=\"4129\">Pourquoi ce concours attire-t-il autant l\u2019attention ?<\/h2>\n<p data-start=\"4131\" data-end=\"4622\">Derri\u00e8re le c\u00f4t\u00e9 ludique du concours se cache une prise de conscience collective de l\u2019importance de nos espaces naturels. En votant, chaque participant peut se sentir acteur du changement, contribuant \u00e0 la mise en avant des plages fran\u00e7aises tout en soutenant des initiatives de nettoyage et de pr\u00e9servation. La participation \u00e0 un tel concours est \u00e9galement une mani\u00e8re de rendre hommage \u00e0 la beaut\u00e9 de ces lieux et de marquer l\u2019engagement de chacun en faveur de l\u2019environnement.<\/p>\n<p data-start=\"4624\" data-end=\"5141\" data-is-last-node=\"\" data-is-only-node=\"\">En conclusion, le concours de la plage pr\u00e9f\u00e9r\u00e9e des Fran\u00e7ais n\u2019est pas simplement une comp\u00e9tition de popularit\u00e9. Il est un moyen d\u2019engager les citoyens dans la protection de l\u2019environnement, tout en c\u00e9l\u00e9brant les plages de notre pays. La Vend\u00e9e, avec ses plages magnifiques et pr\u00e9serv\u00e9es, a bien des chances de rafler la premi\u00e8re place. Mais au-del\u00e0 du r\u00e9sultat, c\u2019est la prise de conscience collective et la mobilisation autour de la protection de nos plages qui restera le v\u00e9ritable gagnant de cette initiative.<\/p>\n","protected":false},"excerpt":{"rendered":"<p>Jusqu\u2019au 12 octobre 2025, un concours original organis\u00e9 par la Surfrider Foundation permet \u00e0 tous les citoyens de participer \u00e0 [&hellip;]<\/p>\n","protected":false},"author":4,"featured_media":35611,"comment_status":"open","ping_status":"closed","sticky":false,"template":"","format":"standard","meta":{"_acf_changed":false,"_sitemap_exclude":false,"_sitemap_priority":"","_sitemap_frequency":"","footnotes":"","rank_math_title":"","rank_math_description":"","rank_math_canonical_url":"","rank_math_focus_keyword":"vend\u00e9e"},"categories":[3],"tags":[],"class_list":["post-35609","post","type-post","status-publish","format-standard","has-post-thumbnail","hentry","category-voyage"],"acf":[],"_links":{"self":[{"href":"https:\/\/ulysse.com\/news\/wp-json\/wp\/v2\/posts\/35609","targetHints":{"allow":["GET"]}}],"collection":[{"href":"https:\/\/ulysse.com\/news\/wp-json\/wp\/v2\/posts"}],"about":[{"href":"https:\/\/ulysse.com\/news\/wp-json\/wp\/v2\/types\/post"}],"author":[{"embeddable":true,"href":"https:\/\/ulysse.com\/news\/wp-json\/wp\/v2\/users\/4"}],"replies":[{"embeddable":true,"href":"https:\/\/ulysse.com\/news\/wp-json\/wp\/v2\/comments?post=35609"}],"version-history":[{"count":2,"href":"https:\/\/ulysse.com\/news\/wp-json\/wp\/v2\/posts\/35609\/revisions"}],"predecessor-version":[{"id":35612,"href":"https:\/\/ulysse.com\/news\/wp-json\/wp\/v2\/posts\/35609\/revisions\/35612"}],"wp:featuredmedia":[{"embeddable":true,"href":"https:\/\/ulysse.com\/news\/wp-json\/wp\/v2\/media\/35611"}],"wp:attachment":[{"href":"https:\/\/ulysse.com\/news\/wp-json\/wp\/v2\/media?parent=35609"}],"wp:term":[{"taxonomy":"category","embeddable":true,"href":"https:\/\/ulysse.com\/news\/wp-json\/wp\/v2\/categories?post=35609"},{"taxonomy":"post_tag","embeddable":true,"href":"https:\/\/ulysse.com\/news\/wp-json\/wp\/v2\/tags?post=35609"}],"curies":[{"name":"wp","href":"https:\/\/api.w.org\/{rel}","templated":true}]}}