{"id":35672,"date":"2025-09-30T07:00:50","date_gmt":"2025-09-30T06:00:50","guid":{"rendered":"https:\/\/discover.ulysse.com\/?p=35672"},"modified":"2025-09-29T16:03:15","modified_gmt":"2025-09-29T15:03:15","slug":"une-ville-europeenne-veut-imposer-une-taxe-sur-les-chiens-des-touristes","status":"publish","type":"post","link":"https:\/\/ulysse.com\/news\/une-ville-europeenne-veut-imposer-une-taxe-sur-les-chiens-des-touristes","title":{"rendered":"Une ville europ\u00e9enne veut imposer une taxe sur les chiens des touristes"},"content":{"rendered":"<p data-start=\"77\" data-end=\"677\">Les vacances en famille viennent souvent avec un membre \u00e0 quatre pattes, mais pour les touristes se rendant dans certaines villes europ\u00e9ennes, un frais inattendu pourrait bient\u00f4t s\u2019ajouter au co\u00fbt de leur s\u00e9jour. Cette nouvelle taxe, qui cible sp\u00e9cifiquement les chiens des voyageurs, risque de faire grincer bien des dents et de susciter la col\u00e8re de nombreux propri\u00e9taires d\u2019animaux. Mais derri\u00e8re cette d\u00e9cision se cache une probl\u00e9matique bien plus complexe qui pourrait remettre en question la fa\u00e7on dont les destinations touristiques g\u00e8rent leur afflux de visiteurs et les questions de propret\u00e9.<\/p>\n<h2 data-start=\"679\" data-end=\"772\"><strong data-start=\"679\" data-end=\"772\">Les touristes risquent de se retrouver avec une facture sal\u00e9e pour leur compagnon \u00e0 poils<\/strong><\/h2>\n<p data-start=\"774\" data-end=\"1718\">\u00c0 partir de 2026, une ville europ\u00e9enne va exiger que les propri\u00e9taires de chiens payent une taxe de 1,50 euro par jour pour chaque chien voyageant avec eux. Bien que cela puisse sembler une petite somme, cette taxe va probablement \u00eatre mal per\u00e7ue par de nombreux touristes, qui pourraient voir dans cette mesure un obstacle suppl\u00e9mentaire \u00e0 la d\u00e9couverte d&#8217;une nouvelle destination. Apr\u00e8s tout, de plus en plus de familles choisissent de voyager avec leur animal, et la taxation de ces compagnons pourrait mettre une pression financi\u00e8re suppl\u00e9mentaire sur ceux qui essaient de profiter de leurs vacances.<\/p>\n<p data-start=\"774\" data-end=\"1718\">D\u2019autant plus que des \u00e9tudes montrent qu&#8217;environ 20% des touristes europ\u00e9ens voyageant avec un chien n\u2019h\u00e9sitent pas \u00e0 choisir des destinations qui leur permettent de voyager avec leur animal sans restrictions financi\u00e8res. Cette mesure pourrait donc cr\u00e9er un pr\u00e9c\u00e9dent difficile \u00e0 dig\u00e9rer pour une grande partie de ce march\u00e9 en plein essor.<\/p>\n<h2 data-start=\"1720\" data-end=\"1791\"><strong data-start=\"1720\" data-end=\"1791\">Bolzano, une station baln\u00e9aire alpine sous tension<\/strong><\/h2>\n<p data-start=\"1793\" data-end=\"2537\">Cette taxe controvers\u00e9e est en r\u00e9alit\u00e9 mise en place par Bolzano, une ville situ\u00e9e dans le nord de l&#8217;Italie, au pied des <a href=\"https:\/\/discover.ulysse.com\/un-village-aux-couleurs-pastel-qui-change-tout-ce-que-vous-pensiez-des-dolomites\">Dolomites<\/a>. Pourquoi une telle mesure dans une destination aussi pris\u00e9e ? Le conseiller municipal Luis Walcher affirme <q>Sinon, le nettoyage des trottoirs serait la responsabilit\u00e9 de toute la communaut\u00e9, alors qu&#8217;il faut bien dire que les seules salet\u00e9s sont les d\u00e9jections canines. <a href=\"https:\/\/corrieredellaltoadige.corriere.it\/notizie\/politica\/25_settembre_23\/l-alto-adige-vuole-la-tassa-sui-cani-100-euro-per-i-residenti-e-1-50-a-notte-per-i-turisti-le-nostre-citta-sono-sporche-b2275cae-d92b-4722-841b-bfc56d3eaxlk.shtml?fbclid=IwY2xjawNElHZleHRuA2FlbQIxMABicmlkETFDcDBaUFdZV1Q0a1ZGUlVYAR6BHsCsmbeb1ygswVN1Xu4p9xFePNbCq3-XtSg6yfe6qq2lKeRpm3_I7fn5vA_aem_1Gq5OjLuQvkDqbH7qR7f2A\" target=\"_blank\" rel=\"noopener\">Aupr\u00e8s d&#8217;un m\u00e9dia local. <\/a><\/q><\/p>\n<p data-start=\"1793\" data-end=\"2537\">Le probl\u00e8me des d\u00e9jections canines en centre-ville est un d\u00e9fi r\u00e9current dans les zones touristiques, et l\u2019introduction de cette taxe est cens\u00e9e compenser les efforts n\u00e9cessaires pour maintenir la propret\u00e9. Bolzano cherche donc \u00e0 r\u00e9pondre \u00e0 une pression croissante en mati\u00e8re de gestion des d\u00e9chets et de respect des normes environnementales, notamment avec l\u2019afflux massif de visiteurs chaque ann\u00e9e.<\/p>\n<blockquote class=\"tiktok-embed\" style=\"max-width: 605px; min-width: 325px;\" cite=\"https:\/\/www.tiktok.com\/@ciezarowkaprzezwlochy\/video\/7517796095674699030\" data-video-id=\"7517796095674699030\">\n<section><a title=\"@ciezarowkaprzezwlochy\" href=\"https:\/\/www.tiktok.com\/@ciezarowkaprzezwlochy?refer=embed\" target=\"_blank\" rel=\"noopener\">@ciezarowkaprzezwlochy<\/a> <a title=\"bolzano\ud83c\uddee\ud83c\uddf9\" href=\"https:\/\/www.tiktok.com\/tag\/bolzano%F0%9F%87%AE%F0%9F%87%B9?refer=embed\" target=\"_blank\" rel=\"noopener\">#bolzano\ud83c\uddee\ud83c\uddf9<\/a> <a title=\"poland\ud83c\uddf5\ud83c\uddf1\" href=\"https:\/\/www.tiktok.com\/tag\/poland%F0%9F%87%B5%F0%9F%87%B1?refer=embed\" target=\"_blank\" rel=\"noopener\">#poland\ud83c\uddf5\ud83c\uddf1<\/a> <a title=\"italy\ud83c\uddee\ud83c\uddf9\" href=\"https:\/\/www.tiktok.com\/tag\/italy%F0%9F%87%AE%F0%9F%87%B9?refer=embed\" target=\"_blank\" rel=\"noopener\">#italy\ud83c\uddee\ud83c\uddf9<\/a> <a title=\"austria\" href=\"https:\/\/www.tiktok.com\/tag\/austria?refer=embed\" target=\"_blank\" rel=\"noopener\">#Austria<\/a> <a title=\"deutschland\ud83c\udde9\ud83c\uddea\" href=\"https:\/\/www.tiktok.com\/tag\/deutschland%F0%9F%87%A9%F0%9F%87%AA?refer=embed\" target=\"_blank\" rel=\"noopener\">#deutschland\ud83c\udde9\ud83c\uddea<\/a> <a title=\"italienlogistik\" href=\"https:\/\/www.tiktok.com\/tag\/italienlogistik?refer=embed\" target=\"_blank\" rel=\"noopener\">#italienlogistik<\/a> <a title=\"truckerlife\" href=\"https:\/\/www.tiktok.com\/tag\/truckerlife?refer=embed\" target=\"_blank\" rel=\"noopener\">#truckerlife<\/a> <a title=\"driver\" href=\"https:\/\/www.tiktok.com\/tag\/driver?refer=embed\" target=\"_blank\" rel=\"noopener\">#driver<\/a> <a title=\"driver\" href=\"https:\/\/www.tiktok.com\/tag\/driver?refer=embed\" target=\"_blank\" rel=\"noopener\">#driver<\/a> <a title=\"kingoftheroadscan\u0131a\" href=\"https:\/\/www.tiktok.com\/tag\/kingoftheroadscan%C4%B1a?refer=embed\" target=\"_blank\" rel=\"noopener\">#kingoftheroadscan\u0131a<\/a> <a title=\"polskifacet\ud83d\ude1b\ud83d\udcaa\ud83c\uddf5\ud83c\uddf1\" href=\"https:\/\/www.tiktok.com\/tag\/polskifacet%F0%9F%98%9B%F0%9F%92%AA%F0%9F%87%B5%F0%9F%87%B1?refer=embed\" target=\"_blank\" rel=\"noopener\">#polskifacet\ud83d\ude1b\ud83d\udcaa\ud83c\uddf5\ud83c\uddf1<\/a> <a title=\"\u266c som original - Cl\u00e9sio \u2022 Shop Creator\" href=\"https:\/\/www.tiktok.com\/music\/som-original-7440119807463344951?refer=embed\" target=\"_blank\" rel=\"noopener\">\u266c som original &#8211; Cl\u00e9sio \u2022 Shop Creator<\/a><\/section>\n<\/blockquote>\n<p><script async src=\"https:\/\/www.tiktok.com\/embed.js\"><\/script><\/p>\n<p data-start=\"2627\" data-end=\"3322\">Alors que la ville cherche \u00e0 contr\u00f4ler les incivilit\u00e9s li\u00e9es aux animaux, la mise en place d\u2019une telle taxe pourrait bien avoir l&#8217;effet inverse. En effet, cette d\u00e9cision pourrait \u00eatre per\u00e7ue comme une entrave \u00e0 la libert\u00e9 des touristes et dissuader une partie de la client\u00e8le. Les familles qui aiment voyager avec leurs chiens, consid\u00e9r\u00e9s comme des membres \u00e0 part enti\u00e8re, pourraient se d\u00e9tourner de la destination, pr\u00e9f\u00e9rant choisir des villes sans telles restrictions. Et si la question de la propret\u00e9 est l\u00e9gitime, la solution pourrait bien passer par des campagnes de sensibilisation et une meilleure gestion des espaces publics, plut\u00f4t que d&#8217;imposer des frais suppl\u00e9mentaires aux voyageurs.<\/p>\n","protected":false},"excerpt":{"rendered":"<p>Les vacances en famille viennent souvent avec un membre \u00e0 quatre pattes, mais pour les touristes se rendant dans certaines [&hellip;]<\/p>\n","protected":false},"author":4,"featured_media":35673,"comment_status":"open","ping_status":"closed","sticky":false,"template":"","format":"standard","meta":{"_acf_changed":false,"_sitemap_exclude":false,"_sitemap_priority":"","_sitemap_frequency":"","footnotes":"","rank_math_title":"","rank_math_description":"","rank_math_canonical_url":"","rank_math_focus_keyword":"taxe"},"categories":[3],"tags":[],"class_list":["post-35672","post","type-post","status-publish","format-standard","has-post-thumbnail","hentry","category-voyage"],"acf":[],"_links":{"self":[{"href":"https:\/\/ulysse.com\/news\/wp-json\/wp\/v2\/posts\/35672","targetHints":{"allow":["GET"]}}],"collection":[{"href":"https:\/\/ulysse.com\/news\/wp-json\/wp\/v2\/posts"}],"about":[{"href":"https:\/\/ulysse.com\/news\/wp-json\/wp\/v2\/types\/post"}],"author":[{"embeddable":true,"href":"https:\/\/ulysse.com\/news\/wp-json\/wp\/v2\/users\/4"}],"replies":[{"embeddable":true,"href":"https:\/\/ulysse.com\/news\/wp-json\/wp\/v2\/comments?post=35672"}],"version-history":[{"count":2,"href":"https:\/\/ulysse.com\/news\/wp-json\/wp\/v2\/posts\/35672\/revisions"}],"predecessor-version":[{"id":35675,"href":"https:\/\/ulysse.com\/news\/wp-json\/wp\/v2\/posts\/35672\/revisions\/35675"}],"wp:featuredmedia":[{"embeddable":true,"href":"https:\/\/ulysse.com\/news\/wp-json\/wp\/v2\/media\/35673"}],"wp:attachment":[{"href":"https:\/\/ulysse.com\/news\/wp-json\/wp\/v2\/media?parent=35672"}],"wp:term":[{"taxonomy":"category","embeddable":true,"href":"https:\/\/ulysse.com\/news\/wp-json\/wp\/v2\/categories?post=35672"},{"taxonomy":"post_tag","embeddable":true,"href":"https:\/\/ulysse.com\/news\/wp-json\/wp\/v2\/tags?post=35672"}],"curies":[{"name":"wp","href":"https:\/\/api.w.org\/{rel}","templated":true}]}}