{"id":35741,"date":"2025-10-01T11:00:46","date_gmt":"2025-10-01T10:00:46","guid":{"rendered":"https:\/\/discover.ulysse.com\/?p=35741"},"modified":"2025-10-01T10:47:48","modified_gmt":"2025-10-01T09:47:48","slug":"panne-massive-des-pass-navigo-des-milliers-dusagers-bloques-sans-recharge","status":"publish","type":"post","link":"https:\/\/ulysse.com\/news\/panne-massive-des-pass-navigo-des-milliers-dusagers-bloques-sans-recharge","title":{"rendered":"Panne massive des pass Navigo : des milliers d&#8217;usagers bloqu\u00e9s sans recharge"},"content":{"rendered":"<p data-start=\"64\" data-end=\"689\">Depuis ce matin, une panne importante touche les utilisateurs de la carte Navigo en \u00cele-de-France, les emp\u00eachant de recharger leur pass. De nombreux usagers rencontrent des difficult\u00e9s avec les bornes de recharge et les services en ligne. Ce probl\u00e8me survient dans un contexte d\u00e9j\u00e0 tendu, avec une journ\u00e9e de gr\u00e8ve pr\u00e9vue, ce qui complique davantage les d\u00e9placements. Les raisons de cette panne n&#8217;ont pas encore \u00e9t\u00e9 clarifi\u00e9es, mais les utilisateurs signalent un impact significatif sur leur capacit\u00e9 \u00e0 renouveler leurs abonnements, notamment pour ceux qui d\u00e9pendent de ces recharges mensuelles pour leurs trajets quotidiens.<\/p>\n<h2 data-start=\"691\" data-end=\"751\">Des perturbations qui compliquent la rentr\u00e9e des usagers<\/h2>\n<p data-start=\"753\" data-end=\"1403\">Cette panne de recharge survient au mauvais moment, alors que beaucoup d\u2019usagers cherchent \u00e0 mettre \u00e0 jour leur abonnement Navigo en ce d\u00e9but de mois. La plupart des bornes dans les stations de m\u00e9tro et de RER semblent \u00eatre hors ligne, rendant l\u2019acc\u00e8s aux transports publics encore plus compliqu\u00e9. Dans un contexte de gr\u00e8ve o\u00f9 le trafic est d\u00e9j\u00e0 perturb\u00e9, cette panne technique aggrave la situation pour les franciliens qui n\u2019ont pas pu recharger leur pass \u00e0 temps. Nombreux sont ceux qui expriment leur frustration sur les r\u00e9seaux sociaux, se demandant pourquoi un tel probl\u00e8me survient pr\u00e9cis\u00e9ment lorsque les d\u00e9placements sont les plus essentiels.<\/p>\n<p data-start=\"1405\" data-end=\"1819\">Les autorit\u00e9s n&#8217;ont pas encore fourni d\u2019explications claires sur l\u2019origine de cette panne, ni sur le temps n\u00e9cessaire pour la r\u00e9soudre. Alors que des solutions de secours, comme le paiement via carte bancaire, existent, elles ne sont pas toujours accessibles ou pratiques pour tout le monde. Cette situation cr\u00e9e une incertitude suppl\u00e9mentaire pour les voyageurs, qui d\u00e9pendent de ces recharges pour leurs trajets.<\/p>\n<h2 data-start=\"1821\" data-end=\"1879\">Un incident r\u00e9v\u00e9lateur des failles de l\u2019infrastructure<\/h2>\n<p data-start=\"1881\" data-end=\"2517\">Au-del\u00e0 de l&#8217;impact imm\u00e9diat sur les usagers, cette panne soul\u00e8ve des questions plus larges sur la fiabilit\u00e9 des syst\u00e8mes de recharge du <a href=\"https:\/\/discover.ulysse.com\/bientot-la-rentree-quelles-aides-pour-le-pass-navigo-en-ile-de-france\">Navigo<\/a>. Les services de transport en \u00cele-de-France, bien qu\u2019ayant am\u00e9lior\u00e9 leur infrastructure ces derni\u00e8res ann\u00e9es, semblent encore vuln\u00e9rables face \u00e0 ce genre de pannes techniques. En effet, ces bornes sont cruciales pour des millions de voyageurs qui n\u2019ont d\u2019autre choix que de s\u2019y fier pour leur abonnement mensuel. Les pannes r\u00e9currentes dans ces syst\u00e8mes peuvent affecter gravement la confiance des usagers, surtout dans un contexte o\u00f9 la fiabilit\u00e9 est essentielle pour des trajets quotidiens.<\/p>\n<blockquote class=\"twitter-tweet\">\n<p dir=\"ltr\" lang=\"fr\">Bonjour <a href=\"https:\/\/twitter.com\/IDFmobilites?ref_src=twsrc%5Etfw\" target=\"_blank\" rel=\"noopener\">@IDFmobilites<\/a> impossible de me connecter \u00e0 mon compte pour recharger mon pass navigo ce matin sur mon t\u00e9l\u00e9phone, j&#8217;ai d\u00fb payer un billet \u00e0 la place. Je fais comment ?<\/p>\n<p>Merci <a href=\"https:\/\/t.co\/Fnh5jWIGfq\">pic.twitter.com\/Fnh5jWIGfq<\/a><\/p>\n<p>\u2014 Nicolas (@ATSouhaits) <a href=\"https:\/\/twitter.com\/ATSouhaits\/status\/1973283738290360361?ref_src=twsrc%5Etfw\" target=\"_blank\" rel=\"noopener\">October 1, 2025<\/a><\/p><\/blockquote>\n<p><script async src=\"https:\/\/platform.twitter.com\/widgets.js\" charset=\"utf-8\"><\/script><\/p>\n<p data-start=\"2519\" data-end=\"3016\">Les autorit\u00e9s de transport doivent prendre cette situation au s\u00e9rieux et chercher des solutions \u00e0 long terme, tant pour \u00e9viter ces pannes que pour garantir une meilleure gestion de l\u2019infrastructure. Les technologies utilis\u00e9es pour la recharge des abonnements Navigo sont-elles suffisantes pour r\u00e9pondre aux besoins croissants des usagers ? Cette panne met en lumi\u00e8re l\u2019importance de moderniser et de maintenir de mani\u00e8re proactive ces syst\u00e8mes, afin d\u2019\u00e9viter de nouvelles perturbations \u00e0 l&#8217;avenir.<\/p>\n<h2 data-start=\"3018\" data-end=\"3085\">Le r\u00f4le crucial de la communication dans la gestion de la crise<\/h2>\n<p data-start=\"3087\" data-end=\"3720\">Alors que les utilisateurs se tournent vers les r\u00e9seaux sociaux pour signaler leurs probl\u00e8mes, l&#8217;absence de communication claire de la part des autorit\u00e9s r\u00e9gionales aggrave la situation. Un manque de transparence sur la dur\u00e9e de la panne et les solutions propos\u00e9es laisse les usagers dans l&#8217;incertitude. La gestion de la crise passe aussi par une communication rapide et efficace, qui pourrait apaiser une partie du m\u00e9contentement. La r\u00e9gion \u00cele-de-France et la RATP doivent rapidement fournir des informations aux usagers sur les alternatives possibles pour recharger leur pass, et sur le temps estim\u00e9 pour la r\u00e9paration des bornes.<\/p>\n<p data-start=\"3722\" data-end=\"4117\">Dans un tel contexte, l\u2019am\u00e9lioration de la communication en temps r\u00e9el et la mise en place d\u2019une assistance d\u00e9di\u00e9e pourraient limiter les frustrations et permettre aux usagers de mieux g\u00e9rer leurs d\u00e9placements. Les autorit\u00e9s doivent \u00e9galement envisager de renforcer les solutions de secours, comme la possibilit\u00e9 de recharger via des applications mobiles ou d&#8217;autres points de recharge externes.<\/p>\n","protected":false},"excerpt":{"rendered":"<p>Depuis ce matin, une panne importante touche les utilisateurs de la carte Navigo en \u00cele-de-France, les emp\u00eachant de recharger leur [&hellip;]<\/p>\n","protected":false},"author":4,"featured_media":22143,"comment_status":"open","ping_status":"closed","sticky":false,"template":"","format":"standard","meta":{"_acf_changed":false,"_sitemap_exclude":false,"_sitemap_priority":"","_sitemap_frequency":"","footnotes":"","rank_math_title":"","rank_math_description":"","rank_math_canonical_url":"","rank_math_focus_keyword":"pass navigo"},"categories":[3],"tags":[],"class_list":["post-35741","post","type-post","status-publish","format-standard","has-post-thumbnail","hentry","category-voyage"],"acf":[],"_links":{"self":[{"href":"https:\/\/ulysse.com\/news\/wp-json\/wp\/v2\/posts\/35741","targetHints":{"allow":["GET"]}}],"collection":[{"href":"https:\/\/ulysse.com\/news\/wp-json\/wp\/v2\/posts"}],"about":[{"href":"https:\/\/ulysse.com\/news\/wp-json\/wp\/v2\/types\/post"}],"author":[{"embeddable":true,"href":"https:\/\/ulysse.com\/news\/wp-json\/wp\/v2\/users\/4"}],"replies":[{"embeddable":true,"href":"https:\/\/ulysse.com\/news\/wp-json\/wp\/v2\/comments?post=35741"}],"version-history":[{"count":3,"href":"https:\/\/ulysse.com\/news\/wp-json\/wp\/v2\/posts\/35741\/revisions"}],"predecessor-version":[{"id":35744,"href":"https:\/\/ulysse.com\/news\/wp-json\/wp\/v2\/posts\/35741\/revisions\/35744"}],"wp:featuredmedia":[{"embeddable":true,"href":"https:\/\/ulysse.com\/news\/wp-json\/wp\/v2\/media\/22143"}],"wp:attachment":[{"href":"https:\/\/ulysse.com\/news\/wp-json\/wp\/v2\/media?parent=35741"}],"wp:term":[{"taxonomy":"category","embeddable":true,"href":"https:\/\/ulysse.com\/news\/wp-json\/wp\/v2\/categories?post=35741"},{"taxonomy":"post_tag","embeddable":true,"href":"https:\/\/ulysse.com\/news\/wp-json\/wp\/v2\/tags?post=35741"}],"curies":[{"name":"wp","href":"https:\/\/api.w.org\/{rel}","templated":true}]}}