{"id":35817,"date":"2025-10-03T17:00:55","date_gmt":"2025-10-03T16:00:55","guid":{"rendered":"https:\/\/discover.ulysse.com\/?p=35817"},"modified":"2025-10-03T11:37:31","modified_gmt":"2025-10-03T10:37:31","slug":"pourquoi-endurer-10c-a-la-toussaint-cette-destination-a-2h-de-la-france-vous-offre-20c-des-novembre","status":"publish","type":"post","link":"https:\/\/ulysse.com\/news\/pourquoi-endurer-10c-a-la-toussaint-cette-destination-a-2h-de-la-france-vous-offre-20c-des-novembre","title":{"rendered":"Pourquoi endurer 10\u00b0C \u00e0 la Toussaint ? Cette destination \u00e0 2h de la France vous offre 20\u00b0C d\u00e8s novembre"},"content":{"rendered":"<p data-start=\"110\" data-end=\"693\">L\u2019automne est bien install\u00e9 en Europe, mais certains lieux \u00e9chappent \u00e0 la grisaille et aux temp\u00e9ratures fra\u00eeches. Vous r\u00eavez de prolonger l&#8217;\u00e9t\u00e9, sans la foule des plages bond\u00e9es de la haute saison ? Imaginez une \u00eele o\u00f9 il fait encore plus de 20\u00b0C d\u00e9but novembre, o\u00f9 vous pouvez vous baigner et profiter d\u2019une ambiance baln\u00e9aire apaisante. Mais ce n\u2019est pas tout : ici, les voitures n\u2019ont pas leur place, vous offrant ainsi une tranquillit\u00e9 rare. Si vous n\u2019y avez jamais pens\u00e9, il est peut-\u00eatre temps de d\u00e9couvrir cette destination \u00e9tonnante pour vos prochaines vacances de Toussaint.<\/p>\n<h2 data-start=\"695\" data-end=\"750\"><strong data-start=\"695\" data-end=\"750\">Une destination sans voitures pour un s\u00e9jour apais\u00e9<\/strong><\/h2>\n<p data-start=\"752\" data-end=\"1615\">Si l\u2019id\u00e9e d\u2019une \u00eele calme vous s\u00e9duit, vous allez \u00eatre conquis par <strong data-start=\"819\" data-end=\"833\">Formentera<\/strong>, une petite perle des <a href=\"https:\/\/discover.ulysse.com\/meilleures-activites-aventure-nautique-iles-baleares\">\u00eeles Bal\u00e9ares<\/a>, situ\u00e9e au sud de l&#8217;\u00eele d&#8217;Ibiza, en Espagne. L\u2019une des premi\u00e8res particularit\u00e9s qui frappe, c\u2019est l&#8217;absence de voitures dans les rues. Le seul bruit de moteurs provient de quelques v\u00e9hicules de service ou de scooters \u00e9lectriques utilis\u00e9s par les habitants. Les visiteurs, quant \u00e0 eux, circulent principalement \u00e0 v\u00e9lo, une mani\u00e8re id\u00e9ale de d\u00e9couvrir l&#8217;\u00eele tout en respirant l\u2019air pur, loin du tumulte des voitures. La location de v\u00e9los est \u00e0 des prix abordables, que ce soit \u00e0 l&#8217;heure ou \u00e0 la journ\u00e9e, et vous pouvez aussi opter pour les navettes \u00e9lectriques qui traversent l\u2019\u00eele, une alternative pratique pour les distances un peu plus longues. Si l\u2019id\u00e9e de marcher vous tente, l&#8217;\u00eele propose aussi des sentiers parfaits pour les balades \u00e0 pied.<\/p>\n<p data-start=\"1617\" data-end=\"1941\">Cela cr\u00e9e un cadre exceptionnellement calme et reposant, un v\u00e9ritable havre de paix, surtout \u00e0 la Toussaint, quand la majorit\u00e9 des destinations europ\u00e9ennes sont noy\u00e9es dans les embouteillages et les foules touristiques. Ici, chaque coin de rue, chaque plage, se vit dans une s\u00e9r\u00e9nit\u00e9 qu\u2019il est difficile de trouver ailleurs.<\/p>\n<blockquote class=\"tiktok-embed\" style=\"max-width: 605px; min-width: 325px;\" cite=\"https:\/\/www.tiktok.com\/@maddie_pain\/video\/7255788231483084059\" data-video-id=\"7255788231483084059\">\n<section><a title=\"@maddie_pain\" href=\"https:\/\/www.tiktok.com\/@maddie_pain?refer=embed\" target=\"_blank\" rel=\"noopener\">@maddie_pain<\/a> Was still a cute day tho x <a title=\"formentera\" href=\"https:\/\/www.tiktok.com\/tag\/formentera?refer=embed\" target=\"_blank\" rel=\"noopener\">#formentera<\/a> <a title=\"ibiza\" href=\"https:\/\/www.tiktok.com\/tag\/ibiza?refer=embed\" target=\"_blank\" rel=\"noopener\">#ibiza<\/a> <a title=\"formenterabeach\" href=\"https:\/\/www.tiktok.com\/tag\/formenterabeach?refer=embed\" target=\"_blank\" rel=\"noopener\">#formenterabeach<\/a> <a title=\"formenteraibiza\" href=\"https:\/\/www.tiktok.com\/tag\/formenteraibiza?refer=embed\" target=\"_blank\" rel=\"noopener\">#formenteraibiza<\/a> <a title=\"instavsreality\" href=\"https:\/\/www.tiktok.com\/tag\/instavsreality?refer=embed\" target=\"_blank\" rel=\"noopener\">#instavsreality<\/a> <a title=\"\u266c september on crack ft. a recorder (Earth, Wind &amp; Fire - September) - frickin weeb\" href=\"https:\/\/www.tiktok.com\/music\/september-on-crack-ft-a-recorder-Earth-Wind-Fire-September-6809152516526312198?refer=embed\" target=\"_blank\" rel=\"noopener\">\u266c september on crack ft. a recorder (Earth, Wind &amp; Fire &#8211; September) &#8211; frickin weeb<\/a><\/section>\n<\/blockquote>\n<p><script async src=\"https:\/\/www.tiktok.com\/embed.js\"><\/script><\/p>\n<h2 data-start=\"1943\" data-end=\"2002\"><strong data-start=\"1943\" data-end=\"2002\">Un climat agr\u00e9able et des plages accessibles en automne<\/strong><\/h2>\n<p data-start=\"2004\" data-end=\"2507\">Quand les temp\u00e9ratures baissent en Europe continentale, <strong data-start=\"2060\" data-end=\"2074\">Formentera<\/strong> reste une v\u00e9ritable exception. D\u00e8s la Toussaint, les temp\u00e9ratures d\u00e9passent encore les 20\u00b0C, vous permettant de profiter de journ\u00e9es ensoleill\u00e9es, de baignades tardives et de repas en terrasse, dans une ambiance douce et agr\u00e9able. Si l&#8217;eau de mer commence \u00e0 \u00eatre plus fra\u00eeche que pendant l&#8217;\u00e9t\u00e9, elle reste largement praticable pour les baignades, offrant un contraste parfait avec les temp\u00e9ratures souvent fra\u00eeches sur le continent.<\/p>\n<p data-start=\"2509\" data-end=\"2893\">Les plages, plus d\u00e9sert\u00e9es qu\u2019en plein \u00e9t\u00e9, vous offrent un cadre idyllique pour vous d\u00e9tendre. Profitez du sable chaud et de l\u2019eau cristalline sans avoir \u00e0 chercher un coin libre sur la plage. L&#8217;atmosph\u00e8re baln\u00e9aire persiste dans le calendrier, mais sans la surpopulation de la haute saison. Les paysages pittoresques et l&#8217;air marin font de cet endroit un v\u00e9ritable paradis automnal.<\/p>\n<h2 data-start=\"2895\" data-end=\"2940\"><strong data-start=\"2895\" data-end=\"2940\">Des h\u00e9bergements charmants et accessibles<\/strong><\/h2>\n<p data-start=\"2942\" data-end=\"3477\">Autre atout de <strong data-start=\"2957\" data-end=\"2971\">Formentera<\/strong> : ses h\u00e9bergements. Loin des complexes h\u00f4teliers immenses, cette destination privil\u00e9gie l\u2019accueil authentique avec des pensions familiales et des h\u00f4tels de charme, souvent install\u00e9s dans de vieilles demeures restaur\u00e9es. Les prix, bien s\u00fbr, varient en fonction de la saison, mais ils restent raisonnables une fois que l\u2019\u00e9t\u00e9 est termin\u00e9. Finies les hausses vertigineuses des tarifs de juillet et ao\u00fbt : l\u2019automne, en particulier la Toussaint, est la p\u00e9riode id\u00e9ale pour un s\u00e9jour \u00e0 des prix plus abordables.<\/p>\n<p data-start=\"3479\" data-end=\"3823\">Que vous optiez pour un petit h\u00f4tel de charme ou une pension typique, vous trouverez des options adapt\u00e9es \u00e0 tous les budgets, sans sacrifier le confort ni l\u2019authenticit\u00e9. Ce cadre intime et paisible, sans l&#8217;agitation touristique excessive de la haute saison, vous permettra de profiter pleinement de votre s\u00e9jour et de la tranquillit\u00e9 de l\u2019\u00eele.<\/p>\n<p data-start=\"3825\" data-end=\"3960\"><strong data-start=\"3825\" data-end=\"3839\">Formentera<\/strong> est donc la destination id\u00e9ale pour ceux qui cherchent \u00e0 \u00e9chapper \u00e0 la foule et profiter d&#8217;un automne doux et paisible.<\/p>\n","protected":false},"excerpt":{"rendered":"<p>L\u2019automne est bien install\u00e9 en Europe, mais certains lieux \u00e9chappent \u00e0 la grisaille et aux temp\u00e9ratures fra\u00eeches. Vous r\u00eavez de [&hellip;]<\/p>\n","protected":false},"author":4,"featured_media":35834,"comment_status":"open","ping_status":"closed","sticky":false,"template":"","format":"standard","meta":{"_acf_changed":false,"_sitemap_exclude":false,"_sitemap_priority":"","_sitemap_frequency":"","footnotes":"","rank_math_title":"","rank_math_description":"","rank_math_canonical_url":"","rank_math_focus_keyword":"toussaint"},"categories":[3],"tags":[],"class_list":["post-35817","post","type-post","status-publish","format-standard","has-post-thumbnail","hentry","category-voyage"],"acf":[],"_links":{"self":[{"href":"https:\/\/ulysse.com\/news\/wp-json\/wp\/v2\/posts\/35817","targetHints":{"allow":["GET"]}}],"collection":[{"href":"https:\/\/ulysse.com\/news\/wp-json\/wp\/v2\/posts"}],"about":[{"href":"https:\/\/ulysse.com\/news\/wp-json\/wp\/v2\/types\/post"}],"author":[{"embeddable":true,"href":"https:\/\/ulysse.com\/news\/wp-json\/wp\/v2\/users\/4"}],"replies":[{"embeddable":true,"href":"https:\/\/ulysse.com\/news\/wp-json\/wp\/v2\/comments?post=35817"}],"version-history":[{"count":3,"href":"https:\/\/ulysse.com\/news\/wp-json\/wp\/v2\/posts\/35817\/revisions"}],"predecessor-version":[{"id":35836,"href":"https:\/\/ulysse.com\/news\/wp-json\/wp\/v2\/posts\/35817\/revisions\/35836"}],"wp:featuredmedia":[{"embeddable":true,"href":"https:\/\/ulysse.com\/news\/wp-json\/wp\/v2\/media\/35834"}],"wp:attachment":[{"href":"https:\/\/ulysse.com\/news\/wp-json\/wp\/v2\/media?parent=35817"}],"wp:term":[{"taxonomy":"category","embeddable":true,"href":"https:\/\/ulysse.com\/news\/wp-json\/wp\/v2\/categories?post=35817"},{"taxonomy":"post_tag","embeddable":true,"href":"https:\/\/ulysse.com\/news\/wp-json\/wp\/v2\/tags?post=35817"}],"curies":[{"name":"wp","href":"https:\/\/api.w.org\/{rel}","templated":true}]}}