{"id":35847,"date":"2025-10-05T09:15:50","date_gmt":"2025-10-05T08:15:50","guid":{"rendered":"https:\/\/discover.ulysse.com\/?p=35847"},"modified":"2025-10-05T09:15:50","modified_gmt":"2025-10-05T08:15:50","slug":"bon-plan-vacances-la-toussaint-famille-paris-gratuites","status":"publish","type":"post","link":"https:\/\/ulysse.com\/news\/bon-plan-vacances-la-toussaint-famille-paris-gratuites","title":{"rendered":"Parents \u00e0 la bourre ? Le bon plan pour des vacances de la Toussaint en famille \u00e0 deux pas de Paris et presque gratuites"},"content":{"rendered":"<p data-start=\"192\" data-end=\"722\">Les vacances de la Toussaint sont presque l\u00e0, et si, comme beaucoup de parents, vous avez tard\u00e9 \u00e0 planifier des activit\u00e9s pour occuper vos enfants, ne paniquez pas : il est encore temps de d\u00e9crocher une sortie magique \u00e0 seulement une heure de Paris. Un lieu o\u00f9 l\u2019histoire, la beaut\u00e9 et la nature se rencontrent pour offrir \u00e0 toute la famille un moment inoubliable. Le Ch\u00e2teau de Vaux-le-Vicomte, v\u00e9ritable joyau du patrimoine fran\u00e7ais, est l\u2019escapade id\u00e9ale pour combler votre retard et offrir \u00e0 vos enfants une exp\u00e9rience unique.<\/p>\n<h2 data-start=\"724\" data-end=\"790\">Vaux-le-Vicomte : le ch\u00e2teau qui va enchanter toute la famille<\/h2>\n<p data-start=\"792\" data-end=\"1246\">\u00c0 50 km de <a href=\"https:\/\/discover.ulysse.com\/le-paradis-des-retraites-est-a-deux-heures-de-vol-et-il-coute-moins-cher-quun-dejeuner-a-paris\">Paris<\/a>, le Ch\u00e2teau de Vaux-le-Vicomte est le compromis parfait pour une sortie familiale r\u00e9ussie pendant les vacances de la Toussaint. Si vous n\u2019avez pas encore trouv\u00e9 le programme id\u00e9al, ce ch\u00e2teau vous garantit une exp\u00e9rience aussi captivante qu\u2019enrichissante. Non seulement il est facilement accessible en transport, mais il offre une multitude d\u2019activit\u00e9s ludiques et \u00e9ducatives pour les enfants, et des moments de d\u00e9tente pour les parents.<\/p>\n<p data-start=\"1248\" data-end=\"1683\">Inspir\u00e9 de Versailles, ce ch\u00e2teau du XVIIe si\u00e8cle vous plonge dans une ambiance royale. Lors de la visite, petits et grands pourront explorer ses salons richement d\u00e9cor\u00e9s, d\u00e9couvrir les secrets de sa construction et se laisser transporter dans l\u2019univers fascinant de l\u2019\u00e9poque. Pour les enfants, un parcours sonore immersif, inclus dans le billet d\u2019entr\u00e9e, rendra la visite encore plus captivante, comme une aventure \u00e0 travers le temps.<\/p>\n<blockquote class=\"tiktok-embed\" style=\"max-width: 605px; min-width: 325px;\" cite=\"https:\/\/www.tiktok.com\/@v_torresr\/video\/7537322443086564630\" data-video-id=\"7537322443086564630\">\n<section><a title=\"@v_torresr\" href=\"https:\/\/www.tiktok.com\/@v_torresr?refer=embed\" target=\"_blank\" rel=\"noopener\">@v_torresr<\/a>Follow for more things to do in Paris ! \ud83d\udda4 A night wrapped in candlelight\u2026 \u2728 From strolling through 2,000 flickering flames in the gardens, to dining with the ch\u00e2teau as a backdrop, to ending the evening under a golden firework sky. A glimpse into 17th-century grandeur, lived in the most romantic way possible. \ud83d\udd6f\ufe0f<a title=\"\u266c Adagio in C Minor - Nicholas Britell\" href=\"https:\/\/www.tiktok.com\/music\/Adagio-in-C-Minor-6723045948013938690?refer=embed\" target=\"_blank\" rel=\"noopener\">\u266c Adagio in C Minor &#8211; Nicholas Britell<\/a><\/p>\n<\/section>\n<\/blockquote>\n<p><script async src=\"https:\/\/www.tiktok.com\/embed.js\"><\/script><\/p>\n<h2 data-start=\"1685\" data-end=\"1754\">Les jardins de Vaux-le-Vicomte : un d\u00e9cor f\u00e9\u00e9rique pour l\u2019automne<\/h2>\n<p data-start=\"1756\" data-end=\"2199\">Mais l\u2019attraction ne s\u2019arr\u00eate pas l\u00e0 : les jardins du Ch\u00e2teau, cr\u00e9\u00e9s par le c\u00e9l\u00e8bre paysagiste Andr\u00e9 Le N\u00f4tre, sont un v\u00e9ritable spectacle en cette saison automnale. Les couleurs chatoyantes de l\u2019automne m\u00e9tamorphosent le parc, le rev\u00eatant de teintes dor\u00e9es, rouges et cuivr\u00e9es. Loin des distractions de la ville, vous pourrez fl\u00e2ner en famille dans ce d\u00e9cor \u00e9poustouflant, tout en profitant de l\u2019air frais et de la lumi\u00e8re douce de l\u2019automne.<\/p>\n<p data-start=\"2201\" data-end=\"2561\">Les grandes perspectives du parc prennent une dimension magique \u00e0 cette \u00e9poque de l\u2019ann\u00e9e. Les statues et fontaines, soulign\u00e9es par le faible soleil d\u2019automne, cr\u00e9ent une atmosph\u00e8re presque irr\u00e9elle, id\u00e9ale pour une promenade tranquille. C\u2019est l\u2019occasion parfaite pour sensibiliser vos enfants \u00e0 la beaut\u00e9 de la nature et \u00e0 l\u2019histoire du jardin \u00e0 la fran\u00e7aise.<\/p>\n<h2 data-start=\"2563\" data-end=\"2637\">Des activit\u00e9s pour tous les go\u00fbts pendant les vacances de la Toussaint<\/h2>\n<p data-start=\"2639\" data-end=\"3098\">Vaux-le-Vicomte ne se contente pas d\u2019\u00eatre un lieu de visite. Pendant les vacances de la Toussaint, le ch\u00e2teau se transforme en un terrain de jeu magique pour les familles. Le domaine propose des illuminations f\u00e9eriques, des d\u00e9ambulations costum\u00e9es et des d\u00e9corations inspir\u00e9es d\u2019Halloween qui plongent petits et grands dans une ambiance myst\u00e9rieuse et f\u00e9erique. Un moyen ludique de c\u00e9l\u00e9brer la saison, tout en d\u00e9couvrant un lieu plein de charme et de myst\u00e8re.<\/p>\n<p data-start=\"3100\" data-end=\"3505\">Les enfants pourront \u00e9galement participer \u00e0 des animations sp\u00e9cialement con\u00e7ues pour eux, avec des activit\u00e9s interactives et des visites \u00e0 th\u00e8me. En soir\u00e9e, le ch\u00e2teau se pare de ses plus beaux atours pour des moments inoubliables, o\u00f9 les parents et enfants peuvent s\u2019amuser ensemble dans un d\u00e9cor enchanteur. C\u2019est la sortie id\u00e9ale pour les familles qui cherchent \u00e0 combiner culture, nature et amusement.<\/p>\n","protected":false},"excerpt":{"rendered":"<p>Les vacances de la Toussaint sont presque l\u00e0, et si, comme beaucoup de parents, vous avez tard\u00e9 \u00e0 planifier des [&hellip;]<\/p>\n","protected":false},"author":4,"featured_media":35891,"comment_status":"open","ping_status":"closed","sticky":false,"template":"","format":"standard","meta":{"_acf_changed":false,"_sitemap_exclude":false,"_sitemap_priority":"","_sitemap_frequency":"","footnotes":"","rank_math_title":"","rank_math_description":"","rank_math_canonical_url":"","rank_math_focus_keyword":"toussaint"},"categories":[3],"tags":[],"class_list":["post-35847","post","type-post","status-publish","format-standard","has-post-thumbnail","hentry","category-voyage"],"acf":[],"_links":{"self":[{"href":"https:\/\/ulysse.com\/news\/wp-json\/wp\/v2\/posts\/35847","targetHints":{"allow":["GET"]}}],"collection":[{"href":"https:\/\/ulysse.com\/news\/wp-json\/wp\/v2\/posts"}],"about":[{"href":"https:\/\/ulysse.com\/news\/wp-json\/wp\/v2\/types\/post"}],"author":[{"embeddable":true,"href":"https:\/\/ulysse.com\/news\/wp-json\/wp\/v2\/users\/4"}],"replies":[{"embeddable":true,"href":"https:\/\/ulysse.com\/news\/wp-json\/wp\/v2\/comments?post=35847"}],"version-history":[{"count":4,"href":"https:\/\/ulysse.com\/news\/wp-json\/wp\/v2\/posts\/35847\/revisions"}],"predecessor-version":[{"id":35894,"href":"https:\/\/ulysse.com\/news\/wp-json\/wp\/v2\/posts\/35847\/revisions\/35894"}],"wp:featuredmedia":[{"embeddable":true,"href":"https:\/\/ulysse.com\/news\/wp-json\/wp\/v2\/media\/35891"}],"wp:attachment":[{"href":"https:\/\/ulysse.com\/news\/wp-json\/wp\/v2\/media?parent=35847"}],"wp:term":[{"taxonomy":"category","embeddable":true,"href":"https:\/\/ulysse.com\/news\/wp-json\/wp\/v2\/categories?post=35847"},{"taxonomy":"post_tag","embeddable":true,"href":"https:\/\/ulysse.com\/news\/wp-json\/wp\/v2\/tags?post=35847"}],"curies":[{"name":"wp","href":"https:\/\/api.w.org\/{rel}","templated":true}]}}