{"id":35936,"date":"2025-10-05T16:00:10","date_gmt":"2025-10-05T15:00:10","guid":{"rendered":"https:\/\/discover.ulysse.com\/?p=35936"},"modified":"2025-10-09T13:48:58","modified_gmt":"2025-10-09T12:48:58","slug":"maroc-les-manifestations-violentes-impactent-elles-les-touristes-francais","status":"publish","type":"post","link":"https:\/\/ulysse.com\/news\/maroc-les-manifestations-violentes-impactent-elles-les-touristes-francais","title":{"rendered":"Maroc : Les manifestations violentes impactent-elles les touristes fran\u00e7ais ?"},"content":{"rendered":"<p data-start=\"90\" data-end=\"708\">Le Maroc, destination phare des voyageurs fran\u00e7ais, fait face \u00e0 des tensions sociales croissantes, notamment autour de la ville d&#8217;Agadir. Depuis quelques semaines, des manifestations violentes ont \u00e9clat\u00e9, aliment\u00e9es par des revendications concernant l\u2019allocation des ressources publiques, notamment dans les secteurs de la sant\u00e9 et de l&#8217;\u00e9ducation, au d\u00e9triment de projets d&#8217;infrastructure comme ceux d\u00e9di\u00e9s \u00e0 la Coupe du monde 2030. Ce climat de protestation soul\u00e8ve des interrogations sur la s\u00e9curit\u00e9 des touristes fran\u00e7ais au Maroc, d\u2019autant que la r\u00e9gion reste une des plus fr\u00e9quent\u00e9es par les voyageurs europ\u00e9ens.<\/p>\n<h2 data-start=\"710\" data-end=\"790\">L\u2019impact limit\u00e9 des manifestations sur le tourisme, selon les professionnels<\/h2>\n<p data-start=\"792\" data-end=\"1455\">D\u2019apr\u00e8s un <a href=\"https:\/\/www.letelegramme.fr\/monde\/manifestations-violentes-au-maroc-peut-on-y-voyager-en-toute-securite-6902946.php\" target=\"_blank\" rel=\"noopener\">article du T\u00e9l\u00e9gramme<\/a>, malgr\u00e9 la mont\u00e9e des tensions, les professionnels du secteur touristique assurent que ces \u00e9v\u00e9nements n\u2019ont pas eu de r\u00e9percussions notables sur les flux touristiques, du moins pour l\u2019instant. Le minist\u00e8re fran\u00e7ais des Affaires \u00e9trang\u00e8res n\u2019a pas \u00e9mis de nouvelles consignes de s\u00e9curit\u00e9 pour les voyageurs se rendant au Maroc, et aucune recommandation particuli\u00e8re n\u2019a \u00e9t\u00e9 formul\u00e9e par les organismes de tourisme fran\u00e7ais et internationaux. Ces \u00e9l\u00e9ments sugg\u00e8rent que les zones touristiques, particuli\u00e8rement celles les plus visit\u00e9es comme Marrakech, F\u00e8s ou Casablanca, ne sont pas affect\u00e9es par les troubles sociaux en cours.<\/p>\n<p data-start=\"1457\" data-end=\"1856\">En outre, aucune alerte n\u2019a \u00e9t\u00e9 lanc\u00e9e par les autorit\u00e9s marocaines, ce qui indique que le pays reste globalement s\u00e9curis\u00e9 pour les touristes. Cela devrait rassurer les milliers de Fran\u00e7ais qui pr\u00e9voient de <a href=\"https:\/\/discover.ulysse.com\/le-maroc-souvre-a-vous-avec-des-vols-a-25e-et-des-trains-rapides-pour-explorer-le-pays\">se rendre au Maroc<\/a> pendant les vacances de la Toussaint. Toutefois, comme pour tout d\u00e9placement \u00e0 l&#8217;\u00e9tranger, il est recommand\u00e9 de rester vigilant et de suivre les conseils de s\u00e9curit\u00e9 locaux.<\/p>\n<blockquote class=\"tiktok-embed\" style=\"max-width: 605px; min-width: 325px;\" cite=\"https:\/\/www.tiktok.com\/@brutofficiel\/video\/7555936504065920278\" data-video-id=\"7555936504065920278\">\n<section><a title=\"@brutofficiel\" href=\"https:\/\/www.tiktok.com\/@brutofficiel?refer=embed\" target=\"_blank\" rel=\"noopener\">@brutofficiel<\/a>On fait le point sur la situation au Maroc.<\/p>\n<p><a title=\"\u266c son original - Brut.\" href=\"https:\/\/www.tiktok.com\/music\/son-original-7555936541705505558?refer=embed\" target=\"_blank\" rel=\"noopener\">\u266c son original &#8211; Brut.<\/a><\/p>\n<\/section>\n<\/blockquote>\n<p><script async src=\"https:\/\/www.tiktok.com\/embed.js\"><\/script><\/p>\n<h2 data-start=\"1858\" data-end=\"1903\">Une situation \u00e0 suivre, mais sans panique<\/h2>\n<p data-start=\"1905\" data-end=\"2270\">Si les manifestations ont eu lieu dans certaines zones du pays, notamment dans les r\u00e9gions rurales, les zones touristiques principales restent \u00e0 l&#8217;\u00e9cart de ces troubles. Les manifestations sont en grande partie concentr\u00e9es autour des grandes questions socio-\u00e9conomiques du pays, et n&#8217;ont pas perturb\u00e9 de mani\u00e8re significative l&#8217;acc\u00e8s aux sites touristiques majeurs.<\/p>\n<p data-start=\"2272\" data-end=\"2795\">Il reste essentiel de rester inform\u00e9 sur l\u2019\u00e9volution de la situation. Les voyageurs doivent consulter r\u00e9guli\u00e8rement les recommandations sur le site du minist\u00e8re des Affaires \u00e9trang\u00e8res ou les alertes \u00e9mises par les agences de voyage. Le cas \u00e9ch\u00e9ant, les autorit\u00e9s locales mettent en place des mesures de s\u00e9curit\u00e9 pour assurer la protection des citoyens et des touristes. Si la situation venait \u00e0 se d\u00e9grader, les voyageurs devraient \u00eatre pr\u00eats \u00e0 adapter leurs itin\u00e9raires ou leurs plans en fonction des informations re\u00e7ues.<\/p>\n","protected":false},"excerpt":{"rendered":"<p>Le Maroc, destination phare des voyageurs fran\u00e7ais, fait face \u00e0 des tensions sociales croissantes, notamment autour de la ville d&#8217;Agadir. [&hellip;]<\/p>\n","protected":false},"author":4,"featured_media":35937,"comment_status":"open","ping_status":"closed","sticky":false,"template":"","format":"standard","meta":{"_acf_changed":false,"_sitemap_exclude":false,"_sitemap_priority":"","_sitemap_frequency":"","footnotes":"","rank_math_title":"","rank_math_description":"","rank_math_canonical_url":"","rank_math_focus_keyword":"maroc"},"categories":[3],"tags":[],"class_list":["post-35936","post","type-post","status-publish","format-standard","has-post-thumbnail","hentry","category-voyage"],"acf":[],"_links":{"self":[{"href":"https:\/\/ulysse.com\/news\/wp-json\/wp\/v2\/posts\/35936","targetHints":{"allow":["GET"]}}],"collection":[{"href":"https:\/\/ulysse.com\/news\/wp-json\/wp\/v2\/posts"}],"about":[{"href":"https:\/\/ulysse.com\/news\/wp-json\/wp\/v2\/types\/post"}],"author":[{"embeddable":true,"href":"https:\/\/ulysse.com\/news\/wp-json\/wp\/v2\/users\/4"}],"replies":[{"embeddable":true,"href":"https:\/\/ulysse.com\/news\/wp-json\/wp\/v2\/comments?post=35936"}],"version-history":[{"count":2,"href":"https:\/\/ulysse.com\/news\/wp-json\/wp\/v2\/posts\/35936\/revisions"}],"predecessor-version":[{"id":35939,"href":"https:\/\/ulysse.com\/news\/wp-json\/wp\/v2\/posts\/35936\/revisions\/35939"}],"wp:featuredmedia":[{"embeddable":true,"href":"https:\/\/ulysse.com\/news\/wp-json\/wp\/v2\/media\/35937"}],"wp:attachment":[{"href":"https:\/\/ulysse.com\/news\/wp-json\/wp\/v2\/media?parent=35936"}],"wp:term":[{"taxonomy":"category","embeddable":true,"href":"https:\/\/ulysse.com\/news\/wp-json\/wp\/v2\/categories?post=35936"},{"taxonomy":"post_tag","embeddable":true,"href":"https:\/\/ulysse.com\/news\/wp-json\/wp\/v2\/tags?post=35936"}],"curies":[{"name":"wp","href":"https:\/\/api.w.org\/{rel}","templated":true}]}}