{"id":36123,"date":"2025-10-09T15:00:33","date_gmt":"2025-10-09T14:00:33","guid":{"rendered":"https:\/\/discover.ulysse.com\/?p=36123"},"modified":"2025-10-09T10:08:47","modified_gmt":"2025-10-09T09:08:47","slug":"marseille-en-alerte-des-chutes-de-pierres-forcent-la-fermeture-de-sites-populaires","status":"publish","type":"post","link":"https:\/\/ulysse.com\/news\/marseille-en-alerte-des-chutes-de-pierres-forcent-la-fermeture-de-sites-populaires","title":{"rendered":"Marseille en alerte : des chutes de pierres forcent la fermeture de sites populaires"},"content":{"rendered":"<p data-start=\"105\" data-end=\"648\">Mauvaise nouvelle pour les amoureux de randonn\u00e9e dans les calanques de Marseille. En raison d\u2019un incident survenu le 1er octobre, l\u2019acc\u00e8s aux calanques de Sugiton et des Pierres Tomb\u00e9es est d\u00e9sormais interdit &#8220;jusqu\u2019\u00e0 nouvel ordre&#8221;. Une chute de blocs a en effet eu lieu au pied d\u2019une falaise qui longe un sentier menant \u00e0 ces lieux pris\u00e9s des randonneurs. Cette mesure de s\u00e9curit\u00e9 a \u00e9t\u00e9 prise apr\u00e8s un premier diagnostic g\u00e9otechnique effectu\u00e9 par la Ville de Marseille, qui a d\u00e9termin\u00e9 que la zone \u00e9tait trop dangereuse pour \u00eatre accessible.<\/p>\n<h2 data-start=\"650\" data-end=\"707\">Une chute de blocs qui paralyse l\u2019acc\u00e8s aux calanques<\/h2>\n<p data-start=\"709\" data-end=\"1309\">Le 1er octobre dernier, une chute de pierres importante a \u00e9t\u00e9 observ\u00e9e sur un sentier menant aux calanques de Sugiton et des Pierres Tomb\u00e9es, deux des plus populaires de la r\u00e9gion. Cet incident a pouss\u00e9 les autorit\u00e9s \u00e0 prendre des mesures imm\u00e9diates pour assurer la s\u00e9curit\u00e9 des randonneurs et visiteurs. Le Parc national des Calanques a donc d\u00e9cid\u00e9 de fermer l\u2019acc\u00e8s \u00e0 ces zones jusqu\u2019\u00e0 nouvel ordre. Bien que l\u2019incident ne semble pas avoir fait de victimes, la chute de blocs pr\u00e9sente un danger consid\u00e9rable pour les promeneurs, en particulier ceux qui empruntent ces sentiers de mani\u00e8re r\u00e9guli\u00e8re.<\/p>\n<blockquote class=\"twitter-tweet\">\n<p dir=\"ltr\" lang=\"fr\">Des expertises sont en cours apr\u00e8s une chute de blocs de pierre la semaine derni\u00e8re dans ces Calanques embl\u00e9matiques de Marseille<\/p>\n<p>A LIRE ici \u27a1\ufe0f <a href=\"https:\/\/t.co\/2laOVmJ1Dc\">https:\/\/t.co\/2laOVmJ1Dc<\/a> <a href=\"https:\/\/t.co\/hW16w5cUUT\">pic.twitter.com\/hW16w5cUUT<\/a><\/p>\n<p>\u2014 ici Provence (@ici_provence) <a href=\"https:\/\/twitter.com\/ici_provence\/status\/1975937780950749302?ref_src=twsrc%5Etfw\" target=\"_blank\" rel=\"noopener\">October 8, 2025<\/a><\/p><\/blockquote>\n<p><script async src=\"https:\/\/platform.twitter.com\/widgets.js\" charset=\"utf-8\"><\/script><\/p>\n<h2 data-start=\"1311\" data-end=\"1374\">Des investigations compl\u00e9mentaires pour \u00e9valuer les risques<\/h2>\n<p data-start=\"1376\" data-end=\"1963\">Depuis l\u2019incident, des expertises g\u00e9otechniques ont \u00e9t\u00e9 lanc\u00e9es afin de d\u00e9terminer la stabilit\u00e9 de la falaise et des zones voisines. Le premier diagnostic a r\u00e9v\u00e9l\u00e9 qu\u2019une partie de la zone pourrait pr\u00e9senter des risques accrus de nouvelles chutes de pierres. Le Parc national a donc jug\u00e9 n\u00e9cessaire de fermer imm\u00e9diatement l\u2019acc\u00e8s aux calanques de Sugiton et des Pierres Tomb\u00e9es. La Ville de <a href=\"https:\/\/discover.ulysse.com\/cette-calanque-secrete-de-marseille-que-seuls-les-aventuriers-connaissent\">Marseille<\/a>, qui supervise la s\u00e9curit\u00e9 sur ces sentiers, a pr\u00e9cis\u00e9 que des investigations suppl\u00e9mentaires sont en cours pour \u00e9valuer de mani\u00e8re plus pr\u00e9cise la situation g\u00e9otechnique de la falaise.<\/p>\n<h2 data-start=\"1965\" data-end=\"2002\">Quand l\u2019acc\u00e8s sera-t-il r\u00e9tabli ?<\/h2>\n<p data-start=\"2004\" data-end=\"2483\">Aucune date pr\u00e9cise n\u2019a encore \u00e9t\u00e9 fix\u00e9e pour la r\u00e9ouverture des calanques. Les autorit\u00e9s attendent que les expertises et les travaux de s\u00e9curisation \u00e9ventuels soient termin\u00e9s avant de permettre \u00e0 nouveau l\u2019acc\u00e8s. La s\u00e9curit\u00e9 des visiteurs est la priorit\u00e9, et tant que la zone ne sera pas jug\u00e9e enti\u00e8rement s\u00e9curis\u00e9e, l\u2019interdiction restera en vigueur. Les amateurs de nature devront donc prendre leur mal en patience avant de pouvoir retrouver ces magnifiques sites marseillais.<\/p>\n<p data-start=\"2485\" data-end=\"2594\" data-is-last-node=\"\" data-is-only-node=\"\">Les autorit\u00e9s rappellent l&#8217;importance de respecter les interdictions d\u2019acc\u00e8s pour \u00e9viter tout risque inutile.<\/p>\n","protected":false},"excerpt":{"rendered":"<p>Mauvaise nouvelle pour les amoureux de randonn\u00e9e dans les calanques de Marseille. En raison d\u2019un incident survenu le 1er octobre, [&hellip;]<\/p>\n","protected":false},"author":4,"featured_media":36124,"comment_status":"open","ping_status":"closed","sticky":false,"template":"","format":"standard","meta":{"_acf_changed":false,"_sitemap_exclude":false,"_sitemap_priority":"","_sitemap_frequency":"","footnotes":"","rank_math_title":"","rank_math_description":"","rank_math_canonical_url":"","rank_math_focus_keyword":"Marseille"},"categories":[3],"tags":[],"class_list":["post-36123","post","type-post","status-publish","format-standard","has-post-thumbnail","hentry","category-voyage"],"acf":[],"_links":{"self":[{"href":"https:\/\/ulysse.com\/news\/wp-json\/wp\/v2\/posts\/36123","targetHints":{"allow":["GET"]}}],"collection":[{"href":"https:\/\/ulysse.com\/news\/wp-json\/wp\/v2\/posts"}],"about":[{"href":"https:\/\/ulysse.com\/news\/wp-json\/wp\/v2\/types\/post"}],"author":[{"embeddable":true,"href":"https:\/\/ulysse.com\/news\/wp-json\/wp\/v2\/users\/4"}],"replies":[{"embeddable":true,"href":"https:\/\/ulysse.com\/news\/wp-json\/wp\/v2\/comments?post=36123"}],"version-history":[{"count":2,"href":"https:\/\/ulysse.com\/news\/wp-json\/wp\/v2\/posts\/36123\/revisions"}],"predecessor-version":[{"id":36127,"href":"https:\/\/ulysse.com\/news\/wp-json\/wp\/v2\/posts\/36123\/revisions\/36127"}],"wp:featuredmedia":[{"embeddable":true,"href":"https:\/\/ulysse.com\/news\/wp-json\/wp\/v2\/media\/36124"}],"wp:attachment":[{"href":"https:\/\/ulysse.com\/news\/wp-json\/wp\/v2\/media?parent=36123"}],"wp:term":[{"taxonomy":"category","embeddable":true,"href":"https:\/\/ulysse.com\/news\/wp-json\/wp\/v2\/categories?post=36123"},{"taxonomy":"post_tag","embeddable":true,"href":"https:\/\/ulysse.com\/news\/wp-json\/wp\/v2\/tags?post=36123"}],"curies":[{"name":"wp","href":"https:\/\/api.w.org\/{rel}","templated":true}]}}