{"id":36131,"date":"2025-10-09T19:00:44","date_gmt":"2025-10-09T18:00:44","guid":{"rendered":"https:\/\/discover.ulysse.com\/?p=36131"},"modified":"2025-10-09T10:38:23","modified_gmt":"2025-10-09T09:38:23","slug":"la-bretagne-defiguree-la-pollution-des-plages-perdure-meme-sans-les-touristes","status":"publish","type":"post","link":"https:\/\/ulysse.com\/news\/la-bretagne-defiguree-la-pollution-des-plages-perdure-meme-sans-les-touristes","title":{"rendered":"La Bretagne d\u00e9figur\u00e9e : la pollution des plages perdure, m\u00eame sans les touristes"},"content":{"rendered":"<p data-start=\"69\" data-end=\"680\">Chaque ann\u00e9e, des milliers de visiteurs viennent chercher la beaut\u00e9 sauvage des plages bretonnes, attir\u00e9s par l\u2019immensit\u00e9 de la mer et la puret\u00e9 des paysages. Mais derri\u00e8re ces images de carte postale, un probl\u00e8me se cache, bien loin des regards estivants. Selon une \u00e9tude de l\u2019association <em data-start=\"359\" data-end=\"388\">Eau et Rivi\u00e8res de Bretagne<\/em> (ERB), les plages bretonnes sont pollu\u00e9es non seulement en plein \u00e9t\u00e9, mais aussi bien apr\u00e8s la saison touristique. En fait, certaines plages sont m\u00eame plus pollu\u00e9es en hiver. La mer, loin de se purifier, semble \u00eatre un r\u00e9servoir de polluants invisibles, surtout quand la vigilance s\u2019estompe.<\/p>\n<h2 data-start=\"682\" data-end=\"740\">L&#8217;hiver serait-il un r\u00e9pit illusoire pour les plages bretonnes ?<\/h2>\n<p data-start=\"742\" data-end=\"1146\">L&#8217;hiver en Bretagne, c\u2019est un silence \u00e9trange qui envahit les plages habituellement bond\u00e9es de touristes. La mer, calme et glac\u00e9e, semble se replier sur elle-m\u00eame. Les vagues frappent les rochers dans un va-et-vient r\u00e9gulier, et les plages d\u00e9sert\u00e9es par les baigneurs semblent enfin souffler. Mais cette tranquillit\u00e9 est trompeuse. Loin des regards et des foules, la pollution continue de s\u2019y accumuler.<\/p>\n<p data-start=\"1148\" data-end=\"1723\"><em data-start=\"1148\" data-end=\"1177\">Eau et Rivi\u00e8res de Bretagne<\/em> a men\u00e9 des campagnes de pr\u00e9l\u00e8vements pour \u00e9valuer la qualit\u00e9 des eaux sur plusieurs plages, m\u00eame en hiver, comme le rapporte le <a href=\"https:\/\/reporterre.net\/Les-plages-bretonnes-toujours-polluees-meme-hors-saison\" target=\"_blank\" rel=\"noopener\">m\u00e9dia Reporterre<\/a>. Les r\u00e9sultats sont sans appel : des traces de pollution, bien plus pr\u00e9sentes que ce que l\u2019on imaginait. Bact\u00e9ries, polluants industriels et substances agricoles, tous invisibles \u00e0 l&#8217;\u0153il nu, se retrouvent dans l&#8217;eau. L&#8217;id\u00e9e selon laquelle la mer se &#8220;nettoie&#8221; d&#8217;elle-m\u00eame une fois l\u2019\u00e9t\u00e9 termin\u00e9 s\u2019av\u00e8re \u00eatre un mythe. Les plages bretonnes, en dehors de la saison touristique, sont toujours expos\u00e9es \u00e0 une pollution persistante et invisible.<\/p>\n<h2 data-start=\"1725\" data-end=\"1787\">Les plages qui sont pollu\u00e9es en \u00e9t\u00e9 le sont aussi en hiver<\/h2>\n<p data-start=\"1789\" data-end=\"2217\">L&#8217;une des r\u00e9v\u00e9lations les plus frappantes de l\u2019\u00e9tude men\u00e9e par l\u2019association est que certaines plages sont m\u00eame plus pollu\u00e9es en hiver qu\u2019en \u00e9t\u00e9. Le manque de surveillance une fois l\u2019afflux touristique pass\u00e9 semble en \u00eatre une des causes. Alors que les autorit\u00e9s intensifient les contr\u00f4les durant la haute saison, les plages sont laiss\u00e9es sans surveillance l&#8217;hiver, p\u00e9riode pendant laquelle la pollution continue de s&#8217;accumuler.<\/p>\n<p data-start=\"2219\" data-end=\"2844\">Des plages comme celles de Saint-Malo ou de la presqu\u2019\u00eele de Crozon, pourtant r\u00e9put\u00e9es pour leur beaut\u00e9 et leur qualit\u00e9 d\u2019eau, se r\u00e9v\u00e8lent \u00eatre de v\u00e9ritables foyers de pollution une fois les foules parties. &#8220;La pollution ne prend pas de vacances&#8221;, avertit <em data-start=\"2475\" data-end=\"2504\">Eau et Rivi\u00e8res de Bretagne<\/em>. Les ph\u00e9nom\u00e8nes de pollution ne d\u00e9pendent pas uniquement des touristes et de leur impact direct. M\u00eame en hiver, des sources de pollution li\u00e9es aux rejets industriels, aux activit\u00e9s agricoles et aux d\u00e9chets plastiques continuent de se d\u00e9verser dans l&#8217;eau, rendant l\u2019\u00e9tat des plages aussi pr\u00e9occupant pendant cette p\u00e9riode que pendant l\u2019\u00e9t\u00e9.<\/p>\n<blockquote class=\"tiktok-embed\" style=\"max-width: 605px; min-width: 325px;\" cite=\"https:\/\/www.tiktok.com\/@konbini\/video\/7528437897280638230\" data-video-id=\"7528437897280638230\">\n<section><a title=\"@konbini\" href=\"https:\/\/www.tiktok.com\/@konbini?refer=embed\" target=\"_blank\" rel=\"noopener\">@konbini<\/a> Quelles sont les plages fran\u00e7aises pollu\u00e9s a absolument \u00e9viter cette ann\u00e9e ? On te d\u00e9voile le classement. <a title=\"sinformersurtiktok\" href=\"https:\/\/www.tiktok.com\/tag\/sinformersurtiktok?refer=embed\" target=\"_blank\" rel=\"noopener\">#sinformersurtiktok<\/a> <a title=\"apprendresurtiktok\" href=\"https:\/\/www.tiktok.com\/tag\/apprendresurtiktok?refer=embed\" target=\"_blank\" rel=\"noopener\">#apprendresurtiktok<\/a> <a title=\"plage\" href=\"https:\/\/www.tiktok.com\/tag\/plage?refer=embed\" target=\"_blank\" rel=\"noopener\">#plage<\/a> <a title=\"pollution\" href=\"https:\/\/www.tiktok.com\/tag\/pollution?refer=embed\" target=\"_blank\" rel=\"noopener\">#pollution<\/a> <a title=\"\u266c son original - Konbini\" href=\"https:\/\/www.tiktok.com\/music\/son-original-Konbini-7528437924822453014?refer=embed\" target=\"_blank\" rel=\"noopener\">\u266c son original &#8211; Konbini<\/a><\/section>\n<\/blockquote>\n<p><script async src=\"https:\/\/www.tiktok.com\/embed.js\"><\/script><\/p>\n<h2 data-start=\"2846\" data-end=\"2911\">L\u2019appel \u00e0 une surveillance constante pour une gestion durable<\/h2>\n<p data-start=\"2913\" data-end=\"3348\">Pour l&#8217;association, il est plus que temps que la gestion de la qualit\u00e9 des <a href=\"https:\/\/discover.ulysse.com\/des-plages-aux-montagnes-les-20-destinations-phares-des-francais-pour-2025\">plages bretonnes<\/a> change radicalement. La surveillance des eaux ne doit pas se limiter \u00e0 l&#8217;\u00e9t\u00e9, mais s&#8217;\u00e9tendre sur toute l&#8217;ann\u00e9e. Les plages doivent \u00eatre surveill\u00e9es et nettoy\u00e9es de mani\u00e8re continue, ind\u00e9pendamment de la saison. Les rejets industriels, les pratiques agricoles, ainsi que les d\u00e9chets marins doivent \u00eatre pris en compte tout au long de l&#8217;ann\u00e9e.<\/p>\n<p data-start=\"3350\" data-end=\"3956\" data-is-last-node=\"\" data-is-only-node=\"\">Les autorit\u00e9s locales et r\u00e9gionales doivent mettre en place des mesures permanentes de contr\u00f4le et de gestion des eaux de baignade, pour \u00e9viter que la pollution ne s\u2019accumule dans l\u2019ombre des saisons creuses. L\u2019enjeu est majeur : si rien ne change, c\u2019est non seulement la sant\u00e9 des \u00e9cosyst\u00e8mes marins qui sera menac\u00e9e, mais aussi l\u2019image de la Bretagne, territoire connu pour ses paysages naturels et ses c\u00f4tes pr\u00e9serv\u00e9es. La mer n&#8217;attend pas les touristes pour se d\u00e9grader. C\u2019est pourquoi <em data-start=\"3840\" data-end=\"3869\">Eau et Rivi\u00e8res de Bretagne<\/em> appelle \u00e0 une prise de conscience urgente et \u00e0 l\u2019action avant qu&#8217;il ne soit trop tard.<\/p>\n","protected":false},"excerpt":{"rendered":"<p>Chaque ann\u00e9e, des milliers de visiteurs viennent chercher la beaut\u00e9 sauvage des plages bretonnes, attir\u00e9s par l\u2019immensit\u00e9 de la mer [&hellip;]<\/p>\n","protected":false},"author":4,"featured_media":36134,"comment_status":"open","ping_status":"closed","sticky":false,"template":"","format":"standard","meta":{"_acf_changed":false,"_sitemap_exclude":false,"_sitemap_priority":"","_sitemap_frequency":"","footnotes":"","rank_math_title":"","rank_math_description":"","rank_math_canonical_url":"","rank_math_focus_keyword":"bretagne"},"categories":[3],"tags":[],"class_list":["post-36131","post","type-post","status-publish","format-standard","has-post-thumbnail","hentry","category-voyage"],"acf":[],"_links":{"self":[{"href":"https:\/\/ulysse.com\/news\/wp-json\/wp\/v2\/posts\/36131","targetHints":{"allow":["GET"]}}],"collection":[{"href":"https:\/\/ulysse.com\/news\/wp-json\/wp\/v2\/posts"}],"about":[{"href":"https:\/\/ulysse.com\/news\/wp-json\/wp\/v2\/types\/post"}],"author":[{"embeddable":true,"href":"https:\/\/ulysse.com\/news\/wp-json\/wp\/v2\/users\/4"}],"replies":[{"embeddable":true,"href":"https:\/\/ulysse.com\/news\/wp-json\/wp\/v2\/comments?post=36131"}],"version-history":[{"count":3,"href":"https:\/\/ulysse.com\/news\/wp-json\/wp\/v2\/posts\/36131\/revisions"}],"predecessor-version":[{"id":36137,"href":"https:\/\/ulysse.com\/news\/wp-json\/wp\/v2\/posts\/36131\/revisions\/36137"}],"wp:featuredmedia":[{"embeddable":true,"href":"https:\/\/ulysse.com\/news\/wp-json\/wp\/v2\/media\/36134"}],"wp:attachment":[{"href":"https:\/\/ulysse.com\/news\/wp-json\/wp\/v2\/media?parent=36131"}],"wp:term":[{"taxonomy":"category","embeddable":true,"href":"https:\/\/ulysse.com\/news\/wp-json\/wp\/v2\/categories?post=36131"},{"taxonomy":"post_tag","embeddable":true,"href":"https:\/\/ulysse.com\/news\/wp-json\/wp\/v2\/tags?post=36131"}],"curies":[{"name":"wp","href":"https:\/\/api.w.org\/{rel}","templated":true}]}}