{"id":36264,"date":"2025-10-14T08:00:22","date_gmt":"2025-10-14T07:00:22","guid":{"rendered":"https:\/\/discover.ulysse.com\/?p=36264"},"modified":"2025-10-14T00:17:29","modified_gmt":"2025-10-13T23:17:29","slug":"tresors-vie-culture-retraites-ville","status":"publish","type":"post","link":"https:\/\/ulysse.com\/news\/tresors-vie-culture-retraites-ville","title":{"rendered":"Des tr\u00e9sors architecturaux et une vie culturelle riche\u2026 D\u00e9couvrez pourquoi les retrait\u00e9s sont envo\u00fbt\u00e9s par cette ville au cadre idyllique"},"content":{"rendered":"<p><span style=\"font-weight: 400;\">Lorsqu\u2019on parle de destinations id\u00e9ales pour profiter de sa retraite, certaines villes se distinguent par leur combinaison unique de tranquillit\u00e9, de beaut\u00e9 et de richesse culturelle. Parmi ces p\u00e9pites, <\/span><b>Albi<\/b><span style=\"font-weight: 400;\"> s\u2019impose comme une v\u00e9ritable perle du <strong>Sud-Ouest de la France<\/strong>, o\u00f9 l\u2019architecture m\u00e9di\u00e9vale rencontre une vie culturelle vibrante, le tout dans un cadre idyllique. Que vous soyez en qu\u00eate de calme, d\u2019art ou de d\u00e9couvertes historiques, Albi saura r\u00e9pondre \u00e0 vos attentes. Et vous, avez-vous d\u00e9j\u00e0 imagin\u00e9 fl\u00e2ner sous les arcades de la ville, vous perdre dans ses mus\u00e9es ou savourer un caf\u00e9 sur la place du village ? Laissez-vous guider dans cette ville o\u00f9 chaque instant semble un voyage \u00e0 part enti\u00e8re.<\/span><\/p>\n<h2><b>La majest\u00e9 de l\u2019architecture albigeoise : un voyage dans le temps<\/b><\/h2>\n<p><span style=\"font-weight: 400;\">Quand on parle d\u2019Albi, difficile de ne pas \u00e9voquer sa <\/span><b>cath\u00e9drale Sainte-C\u00e9cile<\/b><span style=\"font-weight: 400;\">, v\u00e9ritable joyau du patrimoine mondial de l&#8217;UNESCO. Avec ses briques rouges qui semblent rayonner sous le soleil du Sud, cette immense structure gothique est bien plus qu\u2019un simple \u00e9difice religieux : c\u2019est un <\/span>panorama vivant de l\u2019histoire<span style=\"font-weight: 400;\">. \u00c0 l\u2019int\u00e9rieur, les fresques et les d\u00e9tails architecturaux transportent les visiteurs dans un autre temps. Imaginez un instant fl\u00e2ner dans ces lieux empreints de mysticisme, sentir l\u2019odeur du vieux bois et admirer les peintures qui ornent les murs. Cela a un c\u00f4t\u00e9 apaisant, presque m\u00e9ditatif.<\/span><\/p>\n<p><span style=\"font-weight: 400;\">Mais Albi ne se limite pas \u00e0 sa cath\u00e9drale. <\/span><b>Le Palais de la Berbie<\/b><span style=\"font-weight: 400;\">, cet ancien ch\u00e2teau fort qui surplombe la ville, abrite aujourd\u2019hui un mus\u00e9e o\u00f9 l\u2019on peut d\u00e9couvrir des tr\u00e9sors de l\u2019artiste <\/span><b>Toulouse-Lautrec<\/b><span style=\"font-weight: 400;\">. Ce dernier, originaire de la ville, a su capter l\u2019effervescence artistique de son \u00e9poque \u00e0 travers des portraits fascinants. Pour les retrait\u00e9s en qu\u00eate d\u2019une petite touche d\u2019histoire, de culture et de contemplation, <\/span><b>Albi<\/b><span style=\"font-weight: 400;\"> offre une v\u00e9ritable immersion dans l\u2019art, la beaut\u00e9 et l\u2019\u00e9motion. Ces lieux prestigieux sont \u00e0 quelques pas l\u2019un de l\u2019autre, parfaits pour une balade d\u00e9tendue \u00e0 la d\u00e9couverte des tr\u00e9sors architecturaux d\u2019une \u00e9poque r\u00e9volue.<\/span><\/p>\n<blockquote class=\"instagram-media\" style=\"background: #FFF; border: 0; border-radius: 3px; margin: 1px; max-width: 540px; min-width: 326px; padding: 0; width: calc(100% - 2px);\" data-instgrm-captioned=\"\" data-instgrm-permalink=\"https:\/\/www.instagram.com\/p\/DOQM734jKyL\/?utm_source=ig_embed&amp;utm_campaign=loading\" data-instgrm-version=\"14\">\n<div style=\"padding: 16px;\">\n<p>&nbsp;<\/p>\n<div style=\"flex-direction: row; align-items: center;\">\n<div style=\"background-color: #f4f4f4; border-radius: 50%; flex-grow: 0; height: 40px; margin-right: 14px; width: 40px;\"><\/div>\n<div style=\"flex-direction: column; flex-grow: 1; justify-content: center;\">\n<div style=\"background-color: #f4f4f4; border-radius: 4px; flex-grow: 0; height: 14px; margin-bottom: 6px; width: 100px;\"><\/div>\n<div style=\"background-color: #f4f4f4; border-radius: 4px; flex-grow: 0; height: 14px; width: 60px;\"><\/div>\n<\/div>\n<\/div>\n<div style=\"padding: 19% 0;\"><\/div>\n<div style=\"height: 50px; margin: 0 auto 12px; width: 50px;\"><\/div>\n<div style=\"padding-top: 8px;\">\n<div style=\"color: #3897f0; font-family: Arial,sans-serif; font-size: 14px; font-style: normal; font-weight: 550; line-height: 18px;\">Voir cette publication sur Instagram<\/div>\n<\/div>\n<div style=\"padding: 12.5% 0;\"><\/div>\n<div style=\"flex-direction: row; margin-bottom: 14px; align-items: center;\">\n<div>\n<div style=\"background-color: #f4f4f4; border-radius: 50%; height: 12.5px; width: 12.5px;\"><\/div>\n<div style=\"background-color: #f4f4f4; height: 12.5px; width: 12.5px; flex-grow: 0; margin-right: 14px; margin-left: 2px;\"><\/div>\n<div style=\"background-color: #f4f4f4; border-radius: 50%; height: 12.5px; width: 12.5px;\"><\/div>\n<\/div>\n<div style=\"margin-left: 8px;\">\n<div style=\"background-color: #f4f4f4; border-radius: 50%; flex-grow: 0; height: 20px; width: 20px;\"><\/div>\n<div style=\"width: 0; height: 0; border-top: 2px solid transparent; border-left: 6px solid #f4f4f4; border-bottom: 2px solid transparent;\"><\/div>\n<\/div>\n<div style=\"margin-left: auto;\">\n<div style=\"width: 0px; border-top: 8px solid #F4F4F4; border-right: 8px solid transparent;\"><\/div>\n<div style=\"background-color: #f4f4f4; flex-grow: 0; height: 12px; width: 16px;\"><\/div>\n<div style=\"width: 0; height: 0; border-top: 8px solid #F4F4F4; border-left: 8px solid transparent;\"><\/div>\n<\/div>\n<\/div>\n<div style=\"flex-direction: column; flex-grow: 1; justify-content: center; margin-bottom: 24px;\">\n<div style=\"background-color: #f4f4f4; border-radius: 4px; flex-grow: 0; height: 14px; margin-bottom: 6px; width: 224px;\"><\/div>\n<div style=\"background-color: #f4f4f4; border-radius: 4px; flex-grow: 0; height: 14px; width: 144px;\"><\/div>\n<\/div>\n<p>&nbsp;<\/p>\n<p style=\"color: #c9c8cd; font-family: Arial,sans-serif; font-size: 14px; line-height: 17px; margin-bottom: 0; margin-top: 8px; overflow: hidden; padding: 8px 0 7px; text-align: center;\"><a style=\"color: #c9c8cd; font-family: Arial,sans-serif; font-size: 14px; font-style: normal; font-weight: normal; line-height: 17px; text-decoration: none;\" href=\"https:\/\/www.instagram.com\/p\/DOQM734jKyL\/?utm_source=ig_embed&amp;utm_campaign=loading\" target=\"_blank\" rel=\"noopener\">Une publication partag\u00e9e par Ville d&#8217;Albi (@ville_albi)<\/a><\/p>\n<\/div>\n<\/blockquote>\n<h2><b>Une vie culturelle dynamique : l\u2019art \u00e0 port\u00e9e de main<\/b><\/h2>\n<p><span style=\"font-weight: 400;\">Si Albi s\u00e9duit par son architecture, c\u2019est aussi pour sa <\/span>vie culturelle riche et diversifi\u00e9e. Ce n\u2019est pas juste une ville o\u00f9 l\u2019on fl\u00e2ne au rythme des vieilles pierres, c\u2019est une ville o\u00f9 l\u2019art et la culture respirent \u00e0 chaque coin de rue<span style=\"font-weight: 400;\">. Chaque ann\u00e9e, de nombreux \u00e9v\u00e9nements viennent enrichir l\u2019agenda culturel de la ville, comme le festival <\/span><b>Pause Guitare<\/b><span style=\"font-weight: 400;\">, un rendez-vous musical o\u00f9 se c\u00f4toient talents locaux et stars internationales. Ce festival attire une foule joyeuse, mais garde cette atmosph\u00e8re d\u00e9tendue et conviviale propre aux petites villes du Sud.<\/span><\/p>\n<p><span style=\"font-weight: 400;\">Les retrait\u00e9s sont particuli\u00e8rement s\u00e9duits par l\u2019univers de l\u2019<\/span><b>Universit\u00e9 du Temps Libre<\/b><span style=\"font-weight: 400;\">, un v\u00e9ritable centre de d\u00e9couvertes o\u00f9 l\u2019on peut assister \u00e0 des conf\u00e9rences sur une multitude de sujets allant de l\u2019histoire de l\u2019art \u00e0 la g\u00e9opolitique. Les conf\u00e9rences se tiennent r\u00e9guli\u00e8rement et permettent de tordre le cou \u00e0 l\u2019ennui, tout en cultivant son esprit. Loin du tumulte des grandes m\u00e9tropoles, Albi propose une <\/span>\u00e9vasion culturelle accessible<span style=\"font-weight: 400;\">, parfaite pour ceux qui aiment allier d\u00e9tente et enrichissement personnel.<\/span><\/p>\n<blockquote class=\"instagram-media\" style=\"background: #FFF; border: 0; border-radius: 3px; margin: 1px; max-width: 540px; min-width: 326px; padding: 0; width: calc(100% - 2px);\" data-instgrm-captioned=\"\" data-instgrm-permalink=\"https:\/\/www.instagram.com\/p\/DOIl_C9jCv_\/?utm_source=ig_embed&amp;utm_campaign=loading\" data-instgrm-version=\"14\">\n<div style=\"padding: 16px;\">\n<p>&nbsp;<\/p>\n<div style=\"flex-direction: row; align-items: center;\">\n<div style=\"background-color: #f4f4f4; border-radius: 50%; flex-grow: 0; height: 40px; margin-right: 14px; width: 40px;\"><\/div>\n<div style=\"flex-direction: column; flex-grow: 1; justify-content: center;\">\n<div style=\"background-color: #f4f4f4; border-radius: 4px; flex-grow: 0; height: 14px; margin-bottom: 6px; width: 100px;\"><\/div>\n<div style=\"background-color: #f4f4f4; border-radius: 4px; flex-grow: 0; height: 14px; width: 60px;\"><\/div>\n<\/div>\n<\/div>\n<div style=\"padding: 19% 0;\"><\/div>\n<div style=\"height: 50px; margin: 0 auto 12px; width: 50px;\"><\/div>\n<div style=\"padding-top: 8px;\">\n<div style=\"color: #3897f0; font-family: Arial,sans-serif; font-size: 14px; font-style: normal; font-weight: 550; line-height: 18px;\">Voir cette publication sur Instagram<\/div>\n<\/div>\n<div style=\"padding: 12.5% 0;\"><\/div>\n<div style=\"flex-direction: row; margin-bottom: 14px; align-items: center;\">\n<div>\n<div style=\"background-color: #f4f4f4; border-radius: 50%; height: 12.5px; width: 12.5px;\"><\/div>\n<div style=\"background-color: #f4f4f4; height: 12.5px; width: 12.5px; flex-grow: 0; margin-right: 14px; margin-left: 2px;\"><\/div>\n<div style=\"background-color: #f4f4f4; border-radius: 50%; height: 12.5px; width: 12.5px;\"><\/div>\n<\/div>\n<div style=\"margin-left: 8px;\">\n<div style=\"background-color: #f4f4f4; border-radius: 50%; flex-grow: 0; height: 20px; width: 20px;\"><\/div>\n<div style=\"width: 0; height: 0; border-top: 2px solid transparent; border-left: 6px solid #f4f4f4; border-bottom: 2px solid transparent;\"><\/div>\n<\/div>\n<div style=\"margin-left: auto;\">\n<div style=\"width: 0px; border-top: 8px solid #F4F4F4; border-right: 8px solid transparent;\"><\/div>\n<div style=\"background-color: #f4f4f4; flex-grow: 0; height: 12px; width: 16px;\"><\/div>\n<div style=\"width: 0; height: 0; border-top: 8px solid #F4F4F4; border-left: 8px solid transparent;\"><\/div>\n<\/div>\n<\/div>\n<div style=\"flex-direction: column; flex-grow: 1; justify-content: center; margin-bottom: 24px;\">\n<div style=\"background-color: #f4f4f4; border-radius: 4px; flex-grow: 0; height: 14px; margin-bottom: 6px; width: 224px;\"><\/div>\n<div style=\"background-color: #f4f4f4; border-radius: 4px; flex-grow: 0; height: 14px; width: 144px;\"><\/div>\n<\/div>\n<p>&nbsp;<\/p>\n<p style=\"color: #c9c8cd; font-family: Arial,sans-serif; font-size: 14px; line-height: 17px; margin-bottom: 0; margin-top: 8px; overflow: hidden; padding: 8px 0 7px; text-align: center;\"><a style=\"color: #c9c8cd; font-family: Arial,sans-serif; font-size: 14px; font-style: normal; font-weight: normal; line-height: 17px; text-decoration: none;\" href=\"https:\/\/www.instagram.com\/p\/DOIl_C9jCv_\/?utm_source=ig_embed&amp;utm_campaign=loading\" target=\"_blank\" rel=\"noopener\">Une publication partag\u00e9e par Ville d&#8217;Albi (@ville_albi)<\/a><\/p>\n<\/div>\n<\/blockquote>\n<h2><b>\u00c0 pied ou en barque : un cadre de vie apaisant<\/b><\/h2>\n<p><span style=\"font-weight: 400;\">Une des raisons pour lesquelles les retrait\u00e9s se sentent si bien \u00e0 Albi, c\u2019est la <\/span>douceur de vivre<span style=\"font-weight: 400;\"> qui se d\u00e9gage de cette ville. Albi n\u2019est pas une ville qui court apr\u00e8s le temps, elle prend son temps et invite chacun \u00e0 profiter pleinement de chaque instant. Imaginez une promenade au <\/span>bord du<a href=\"https:\/\/discover.ulysse.com\/sud-france-boheme-village-tarn-et-garonne\"> Tarn<\/a><span style=\"font-weight: 400;\">, longeant les berges ombrag\u00e9es o\u00f9 l\u2019on peut s\u2019arr\u00eater pour observer la lumi\u00e8re se jouer sur l\u2019eau, ou encore une balade en barque, avec un doux vent du sud effleurant votre visage. Il est aussi tr\u00e8s agr\u00e9able de fl\u00e2ner sur la <\/span><b>place du Vigan<\/b><span style=\"font-weight: 400;\">, un lieu \u00e0 la fois vivant et tranquille, parfait pour s\u2019installer \u00e0 une terrasse et observer le ballet des passants.<\/span><\/p>\n<p><span style=\"font-weight: 400;\">Le <\/span><b>co\u00fbt de la vie \u00e0 Albi<\/b><span style=\"font-weight: 400;\"> reste, en plus, relativement raisonnable. Compar\u00e9e \u00e0 d\u2019autres villes fran\u00e7aises comme Toulouse ou Bordeaux, la vie \u00e0 Albi permet de profiter d\u2019un confort de vie sup\u00e9rieur sans se ruiner. Les retrait\u00e9s peuvent y vivre sereinement, sans les tracas des grandes villes, tout en b\u00e9n\u00e9ficiant d\u2019une offre de commerces locaux, de restaurants o\u00f9 l\u2019on mange pour un prix abordable, et des services de qualit\u00e9. Pour les amateurs de gastronomie, les march\u00e9s locaux regorgent de produits frais de qualit\u00e9, comme le foie gras, les fruits de saison, ou encore les produits issus des nombreux vignobles alentours.<\/span><\/p>\n<blockquote class=\"instagram-media\" style=\"background: #FFF; border: 0; border-radius: 3px; margin: 1px; max-width: 540px; min-width: 326px; padding: 0; width: calc(100% - 2px);\" data-instgrm-captioned=\"\" data-instgrm-permalink=\"https:\/\/www.instagram.com\/p\/DOT-xyjirTD\/?utm_source=ig_embed&amp;utm_campaign=loading\" data-instgrm-version=\"14\">\n<div style=\"padding: 16px;\">\n<p>&nbsp;<\/p>\n<div style=\"flex-direction: row; align-items: center;\">\n<div style=\"background-color: #f4f4f4; border-radius: 50%; flex-grow: 0; height: 40px; margin-right: 14px; width: 40px;\"><\/div>\n<div style=\"flex-direction: column; flex-grow: 1; justify-content: center;\">\n<div style=\"background-color: #f4f4f4; border-radius: 4px; flex-grow: 0; height: 14px; margin-bottom: 6px; width: 100px;\"><\/div>\n<div style=\"background-color: #f4f4f4; border-radius: 4px; flex-grow: 0; height: 14px; width: 60px;\"><\/div>\n<\/div>\n<\/div>\n<div style=\"padding: 19% 0;\"><\/div>\n<div style=\"height: 50px; margin: 0 auto 12px; width: 50px;\"><\/div>\n<div style=\"padding-top: 8px;\">\n<div style=\"color: #3897f0; font-family: Arial,sans-serif; font-size: 14px; font-style: normal; font-weight: 550; line-height: 18px;\">Voir cette publication sur Instagram<\/div>\n<\/div>\n<div style=\"padding: 12.5% 0;\"><\/div>\n<div style=\"flex-direction: row; margin-bottom: 14px; align-items: center;\">\n<div>\n<div style=\"background-color: #f4f4f4; border-radius: 50%; height: 12.5px; width: 12.5px;\"><\/div>\n<div style=\"background-color: #f4f4f4; height: 12.5px; width: 12.5px; flex-grow: 0; margin-right: 14px; margin-left: 2px;\"><\/div>\n<div style=\"background-color: #f4f4f4; border-radius: 50%; height: 12.5px; width: 12.5px;\"><\/div>\n<\/div>\n<div style=\"margin-left: 8px;\">\n<div style=\"background-color: #f4f4f4; border-radius: 50%; flex-grow: 0; height: 20px; width: 20px;\"><\/div>\n<div style=\"width: 0; height: 0; border-top: 2px solid transparent; border-left: 6px solid #f4f4f4; border-bottom: 2px solid transparent;\"><\/div>\n<\/div>\n<div style=\"margin-left: auto;\">\n<div style=\"width: 0px; border-top: 8px solid #F4F4F4; border-right: 8px solid transparent;\"><\/div>\n<div style=\"background-color: #f4f4f4; flex-grow: 0; height: 12px; width: 16px;\"><\/div>\n<div style=\"width: 0; height: 0; border-top: 8px solid #F4F4F4; border-left: 8px solid transparent;\"><\/div>\n<\/div>\n<\/div>\n<div style=\"flex-direction: column; flex-grow: 1; justify-content: center; margin-bottom: 24px;\">\n<div style=\"background-color: #f4f4f4; border-radius: 4px; flex-grow: 0; height: 14px; margin-bottom: 6px; width: 224px;\"><\/div>\n<div style=\"background-color: #f4f4f4; border-radius: 4px; flex-grow: 0; height: 14px; width: 144px;\"><\/div>\n<\/div>\n<p>&nbsp;<\/p>\n<p style=\"color: #c9c8cd; font-family: Arial,sans-serif; font-size: 14px; line-height: 17px; margin-bottom: 0; margin-top: 8px; overflow: hidden; padding: 8px 0 7px; text-align: center;\"><a style=\"color: #c9c8cd; font-family: Arial,sans-serif; font-size: 14px; font-style: normal; font-weight: normal; line-height: 17px; text-decoration: none;\" href=\"https:\/\/www.instagram.com\/p\/DOT-xyjirTD\/?utm_source=ig_embed&amp;utm_campaign=loading\" target=\"_blank\" rel=\"noopener\">Une publication partag\u00e9e par Natacha (@natacha__b2)<\/a><\/p>\n<\/div>\n<\/blockquote>\n<h2><b>L\u2019accessibilit\u00e9 d\u2019Albi : entre tranquillit\u00e9 et mobilit\u00e9<\/b><\/h2>\n<p><span style=\"font-weight: 400;\">L\u2019un des autres grands atouts d\u2019<a href=\"https:\/\/discover.ulysse.com\/departement-record-beaux-villages-france\">Albi<\/a> pour les retrait\u00e9s, c\u2019est sa <\/span>facilit\u00e9 d\u2019acc\u00e8s. Bien qu\u2019un peu \u00e0 l\u2019\u00e9cart des grands axes touristiques, la ville est tr\u00e8s bien desservie en train. Depuis Paris, vous pouvez rejoindre Albi en un peu plus de 5 heures, avec une correspondance \u00e0 Toulouse. Depuis Lyon, le trajet est encore plus rapide, avec seulement une petite correspondance \u00e0 Toulouse. Il existe \u00e9galement des trains directs depuis des villes comme Bordeaux ou Montpellier, parfaits pour ceux qui souhaitent profiter d\u2019un s\u00e9jour sans se soucier de la voiture.<\/p>\n<p>Il existe aussi des autocars et des trains r\u00e9gionaux, ce qui rend la ville encore plus accessible, m\u00eame pour ceux qui ne sont pas \u00e0 l\u2019aise avec les grandes lignes ferroviaires. L&#8217;important, c\u2019est que le trajet vers Albi<span style=\"font-weight: 400;\"> est simple, rapide et confortable, une bonne nouvelle pour ceux qui veulent s\u2019\u00e9vader sans trop de tracas.<\/span><\/p>\n<blockquote class=\"instagram-media\" style=\"background: #FFF; border: 0; border-radius: 3px; margin: 1px; max-width: 540px; min-width: 326px; padding: 0; width: calc(100% - 2px);\" data-instgrm-captioned=\"\" data-instgrm-permalink=\"https:\/\/www.instagram.com\/p\/DOBuhv2jENV\/?utm_source=ig_embed&amp;utm_campaign=loading\" data-instgrm-version=\"14\">\n<div style=\"padding: 16px;\">\n<p>&nbsp;<\/p>\n<div style=\"flex-direction: row; align-items: center;\">\n<div style=\"background-color: #f4f4f4; border-radius: 50%; flex-grow: 0; height: 40px; margin-right: 14px; width: 40px;\"><\/div>\n<div style=\"flex-direction: column; flex-grow: 1; justify-content: center;\">\n<div style=\"background-color: #f4f4f4; border-radius: 4px; flex-grow: 0; height: 14px; margin-bottom: 6px; width: 100px;\"><\/div>\n<div style=\"background-color: #f4f4f4; border-radius: 4px; flex-grow: 0; height: 14px; width: 60px;\"><\/div>\n<\/div>\n<\/div>\n<div style=\"padding: 19% 0;\"><\/div>\n<div style=\"height: 50px; margin: 0 auto 12px; width: 50px;\"><\/div>\n<div style=\"padding-top: 8px;\">\n<div style=\"color: #3897f0; font-family: Arial,sans-serif; font-size: 14px; font-style: normal; font-weight: 550; line-height: 18px;\">Voir cette publication sur Instagram<\/div>\n<\/div>\n<div style=\"padding: 12.5% 0;\"><\/div>\n<div style=\"flex-direction: row; margin-bottom: 14px; align-items: center;\">\n<div>\n<div style=\"background-color: #f4f4f4; border-radius: 50%; height: 12.5px; width: 12.5px;\"><\/div>\n<div style=\"background-color: #f4f4f4; height: 12.5px; width: 12.5px; flex-grow: 0; margin-right: 14px; margin-left: 2px;\"><\/div>\n<div style=\"background-color: #f4f4f4; border-radius: 50%; height: 12.5px; width: 12.5px;\"><\/div>\n<\/div>\n<div style=\"margin-left: 8px;\">\n<div style=\"background-color: #f4f4f4; border-radius: 50%; flex-grow: 0; height: 20px; width: 20px;\"><\/div>\n<div style=\"width: 0; height: 0; border-top: 2px solid transparent; border-left: 6px solid #f4f4f4; border-bottom: 2px solid transparent;\"><\/div>\n<\/div>\n<div style=\"margin-left: auto;\">\n<div style=\"width: 0px; border-top: 8px solid #F4F4F4; border-right: 8px solid transparent;\"><\/div>\n<div style=\"background-color: #f4f4f4; flex-grow: 0; height: 12px; width: 16px;\"><\/div>\n<div style=\"width: 0; height: 0; border-top: 8px solid #F4F4F4; border-left: 8px solid transparent;\"><\/div>\n<\/div>\n<\/div>\n<div style=\"flex-direction: column; flex-grow: 1; justify-content: center; margin-bottom: 24px;\">\n<div style=\"background-color: #f4f4f4; border-radius: 4px; flex-grow: 0; height: 14px; margin-bottom: 6px; width: 224px;\"><\/div>\n<div style=\"background-color: #f4f4f4; border-radius: 4px; flex-grow: 0; height: 14px; width: 144px;\"><\/div>\n<\/div>\n<p>&nbsp;<\/p>\n<p style=\"color: #c9c8cd; font-family: Arial,sans-serif; font-size: 14px; line-height: 17px; margin-bottom: 0; margin-top: 8px; overflow: hidden; padding: 8px 0 7px; text-align: center;\"><a style=\"color: #c9c8cd; font-family: Arial,sans-serif; font-size: 14px; font-style: normal; font-weight: normal; line-height: 17px; text-decoration: none;\" href=\"https:\/\/www.instagram.com\/p\/DOBuhv2jENV\/?utm_source=ig_embed&amp;utm_campaign=loading\" target=\"_blank\" rel=\"noopener\">Une publication partag\u00e9e par Ville d&#8217;Albi (@ville_albi)<\/a><\/p>\n<\/div>\n<\/blockquote>\n<h2><b>Le cadre id\u00e9al pour une retraite \u00e9panouie<\/b><\/h2>\n<p><span style=\"font-weight: 400;\">\u00a0Albi est une destination id\u00e9ale pour les retrait\u00e9s \u00e0 la recherche d&#8217;un <\/span>cadre de vie apaisant, mais dynamique, o\u00f9 il fait bon vivre tout en ayant l\u2019opportunit\u00e9 de se cultiver et de d\u00e9couvrir. Cette ville offre l\u2019\u00e9quilibre parfait entre d\u00e9tente et d\u00e9couverte culturelle<span style=\"font-weight: 400;\">, entre nature et patrimoine. En fl\u00e2nant dans ses rues, vous y trouverez tout ce qu\u2019il faut pour un s\u00e9jour agr\u00e9able : une architecture splendide, des mus\u00e9es fascinants, une vie locale chaleureuse et un co\u00fbt de la vie qui reste raisonnable. Albi, c\u2019est un peu comme une bonne recette : un m\u00e9lange d\u2019histoire, de culture, de beaut\u00e9 et de bien-\u00eatre, avec un soup\u00e7on de soleil. Bref, un endroit parfait pour savourer la retraite en toute s\u00e9r\u00e9nit\u00e9.<\/span><\/p>\n","protected":false},"excerpt":{"rendered":"<p>Lorsqu\u2019on parle de destinations id\u00e9ales pour profiter de sa retraite, certaines villes se distinguent par leur combinaison unique de tranquillit\u00e9, [&hellip;]<\/p>\n","protected":false},"author":3,"featured_media":36265,"comment_status":"open","ping_status":"closed","sticky":false,"template":"","format":"standard","meta":{"_acf_changed":false,"_sitemap_exclude":false,"_sitemap_priority":"","_sitemap_frequency":"","footnotes":"","rank_math_title":"","rank_math_description":"Albi, entre art, histoire, culture et s\u00e9r\u00e9nit\u00e9, est la destination id\u00e9ale pour une retraite \u00e9panouie au c\u0153ur d'un cadre enchanteur.\n","rank_math_canonical_url":"","rank_math_focus_keyword":"culture"},"categories":[3],"tags":[],"class_list":["post-36264","post","type-post","status-publish","format-standard","has-post-thumbnail","hentry","category-voyage"],"acf":[],"_links":{"self":[{"href":"https:\/\/ulysse.com\/news\/wp-json\/wp\/v2\/posts\/36264","targetHints":{"allow":["GET"]}}],"collection":[{"href":"https:\/\/ulysse.com\/news\/wp-json\/wp\/v2\/posts"}],"about":[{"href":"https:\/\/ulysse.com\/news\/wp-json\/wp\/v2\/types\/post"}],"author":[{"embeddable":true,"href":"https:\/\/ulysse.com\/news\/wp-json\/wp\/v2\/users\/3"}],"replies":[{"embeddable":true,"href":"https:\/\/ulysse.com\/news\/wp-json\/wp\/v2\/comments?post=36264"}],"version-history":[{"count":2,"href":"https:\/\/ulysse.com\/news\/wp-json\/wp\/v2\/posts\/36264\/revisions"}],"predecessor-version":[{"id":36321,"href":"https:\/\/ulysse.com\/news\/wp-json\/wp\/v2\/posts\/36264\/revisions\/36321"}],"wp:featuredmedia":[{"embeddable":true,"href":"https:\/\/ulysse.com\/news\/wp-json\/wp\/v2\/media\/36265"}],"wp:attachment":[{"href":"https:\/\/ulysse.com\/news\/wp-json\/wp\/v2\/media?parent=36264"}],"wp:term":[{"taxonomy":"category","embeddable":true,"href":"https:\/\/ulysse.com\/news\/wp-json\/wp\/v2\/categories?post=36264"},{"taxonomy":"post_tag","embeddable":true,"href":"https:\/\/ulysse.com\/news\/wp-json\/wp\/v2\/tags?post=36264"}],"curies":[{"name":"wp","href":"https:\/\/api.w.org\/{rel}","templated":true}]}}