{"id":36317,"date":"2025-10-15T16:00:15","date_gmt":"2025-10-15T15:00:15","guid":{"rendered":"https:\/\/discover.ulysse.com\/?p=36317"},"modified":"2025-10-15T12:30:35","modified_gmt":"2025-10-15T11:30:35","slug":"thailande-antilles-prix-billets-avion","status":"publish","type":"post","link":"https:\/\/ulysse.com\/news\/thailande-antilles-prix-billets-avion","title":{"rendered":"La Tha\u00eflande devient moins ch\u00e8re, les Antilles plus ch\u00e8res : Les derni\u00e8res tendances sur les prix des billets d&#8217;avion"},"content":{"rendered":"<p data-start=\"123\" data-end=\"795\">Avec la fin de la p\u00e9riode estivale, les tendances sur le march\u00e9 des billets d\u2019avion connaissent un v\u00e9ritable changement. Alors que l\u2019\u00e9t\u00e9 tire sa r\u00e9v\u00e9rence, une dynamique diff\u00e9rente \u00e9merge, marqu\u00e9e par une l\u00e9g\u00e8re baisse des prix pour certaines destinations, notamment les contr\u00e9es exotiques comme la Tha\u00eflande et d\u2019autres r\u00e9gions asiatiques. Cependant, si certaines destinations b\u00e9n\u00e9ficient de cette stabilisation tarifaire, d\u2019autres, comme les Antilles et les \u00c9mirats, voient leurs prix grimper. Ce ph\u00e9nom\u00e8ne s&#8217;inscrit dans une analyse plus large men\u00e9e par le Barom\u00e8tre Digitrips pour <em data-start=\"708\" data-end=\"728\">L&#8217;Echo Touristique<\/em>, qui met en lumi\u00e8re les fluctuations actuelles des tarifs a\u00e9riens.<\/p>\n<h2 data-start=\"797\" data-end=\"873\">Une baisse de prix bienvenue pour ceux \u00e0 destination de la Tha\u00eflande et l&#8217;Asie<\/h2>\n<p data-start=\"875\" data-end=\"1838\">Septembre 2025 marque un tournant pour les voyageurs en qu\u00eate de destinations lointaines \u00e0 prix abordables. Selon le <a href=\"https:\/\/www.lechotouristique.com\/article\/billets-davion-les-prix-reculent-vers-la-thailande-et-dautres-destinations-selon-le-barometre-digitrips-lecho\" target=\"_blank\" rel=\"noopener\">Barom\u00e8tre Digitrips pour <em data-start=\"1017\" data-end=\"1037\">L\u2019Echo Touristique<\/em><\/a>, les billets d\u2019avion vers la Tha\u00eflande enregistrent une <strong>baisse significative de 14 %<\/strong> par rapport \u00e0 l\u2019ann\u00e9e pr\u00e9c\u00e9dente. En septembre 2024, les voyageurs d\u00e9boursaient en moyenne 903 euros pour un vol, tandis que cette ann\u00e9e, ce tarif est tomb\u00e9 \u00e0 781 euros.<\/p>\n<blockquote class=\"tiktok-embed\" style=\"max-width: 605px; min-width: 325px;\" cite=\"https:\/\/www.tiktok.com\/@lei.cta\/video\/7471005038769442070\" data-video-id=\"7471005038769442070\">\n<section><a title=\"@lei.cta\" href=\"https:\/\/www.tiktok.com\/@lei.cta?refer=embed\" target=\"_blank\" rel=\"noopener\">@lei.cta<\/a> si tu d\u00e9cides de passer 10 \u00e0 12 jours en Tha\u00eflande, tu ne pourras pas tout visiter. je te propose mon itin\u00e9raire qui se concentre sur les \u00eeles du sud-est afin de profiter quand m\u00eame et de ne pas passer son temps dans les transports. jours 1-2-3 : Paris &#8211; Bangkok &#8211; Koh Samui : je te recommande d\u2019encha\u00eener directement avec un vol pour Surat Thani ou Koh Samui afin de ne pas perdre de temps. Koh Samui est une grande \u00eele tu peux y passer au moins 2 \u00e0 3 jours. jours 3-4-5 : direction Koh Phangan, la travers\u00e9e est super rapide. m\u00eame si tu n\u2019y vas pas en p\u00e9riode de full moon ou pour faire la f\u00eate, l\u2019\u00eele a vraiment une bonne ambiance et des beaux paysages, je recommande d\u2019y passer 2 jours. jours 5-6-7-(8) : direction Koh Tao, une toute petite \u00eele mais qui vaut tellement le coup, elle a un peu une vibe Bali\/Tulum, tr\u00e8s chill, j\u2019ai ador\u00e9 cette \u00eele je n\u2019y ai pass\u00e9 que 2 jours mais j\u2019aurai aim\u00e9 y rajouter au moins 2 jours ! jours 8-9-10 : enfin retour \u00e0 Bangkok, les gens qui recommandent de ne pas s\u2019attarder sur la capitale mentent, cette ville est incroyable!! des milliers de choses \u00e0 faire mais tu devras choisir car m\u00eame avec 2 ou 3 jours pleins tu ne pourras pas tout faire. jour 11 : retour en France\u2639\ufe0f si tu as des questions n\u2019h\u00e9site pas, ce n\u2019est pas ma premi\u00e8re fois en Tha\u00eflande donc je peux te renseigner sur pleins de points\ud83e\udd70 <a title=\"thailande\" href=\"https:\/\/www.tiktok.com\/tag\/thailande?refer=embed\" target=\"_blank\" rel=\"noopener\">#thailande<\/a> <a title=\"tha\u00eflande\" href=\"https:\/\/www.tiktok.com\/tag\/tha%C3%AFlande?refer=embed\" target=\"_blank\" rel=\"noopener\">#tha\u00eflande<\/a> <a title=\"thailand\" href=\"https:\/\/www.tiktok.com\/tag\/thailand?refer=embed\" target=\"_blank\" rel=\"noopener\">#thailand<\/a> <a title=\"bangkok\" href=\"https:\/\/www.tiktok.com\/tag\/bangkok?refer=embed\" target=\"_blank\" rel=\"noopener\">#bangkok<\/a> <a title=\"kohsamui\" href=\"https:\/\/www.tiktok.com\/tag\/kohsamui?refer=embed\" target=\"_blank\" rel=\"noopener\">#kohsamui<\/a> <a title=\"kohphangan\" href=\"https:\/\/www.tiktok.com\/tag\/kohphangan?refer=embed\" target=\"_blank\" rel=\"noopener\">#kohphangan<\/a> <a title=\"kohtao\" href=\"https:\/\/www.tiktok.com\/tag\/kohtao?refer=embed\" target=\"_blank\" rel=\"noopener\">#kohtao<\/a> <a title=\"itinerary\" href=\"https:\/\/www.tiktok.com\/tag\/itinerary?refer=embed\" target=\"_blank\" rel=\"noopener\">#itinerary<\/a> <a title=\"vacances\" href=\"https:\/\/www.tiktok.com\/tag\/vacances?refer=embed\" target=\"_blank\" rel=\"noopener\">#vacances<\/a> <a title=\"pourtoi\" href=\"https:\/\/www.tiktok.com\/tag\/pourtoi?refer=embed\" target=\"_blank\" rel=\"noopener\">#pourtoi<\/a> <a title=\"fyp\" href=\"https:\/\/www.tiktok.com\/tag\/fyp?refer=embed\" target=\"_blank\" rel=\"noopener\">#fyp<\/a> <a title=\"\u266c Storytelling - Adriel\" href=\"https:\/\/www.tiktok.com\/music\/Storytelling-7031101555747080194?refer=embed\" target=\"_blank\" rel=\"noopener\">\u266c Storytelling &#8211; Adriel<\/a><\/section>\n<\/blockquote>\n<p><script async src=\"https:\/\/www.tiktok.com\/embed.js\"><\/script><\/p>\n<p data-start=\"875\" data-end=\"1838\">Une r\u00e9duction bienvenue pour les amateurs de culture asiatique, qui peuvent d\u00e9sormais s\u2019offrir un s\u00e9jour en Tha\u00eflande \u00e0 moindre co\u00fbt. Mais cette tendance ne se limite pas qu&#8217;\u00e0 la Tha\u00eflande : d&#8217;autres destinations asiatiques, telles que le <a href=\"https:\/\/discover.ulysse.com\/majestueux-sites-nord-vietnam\">Vietnam<\/a>, suivent \u00e9galement cette dynamique de baisse des tarifs. Cela refl\u00e8te un contexte de reprise apr\u00e8s une p\u00e9riode de forte inflation des prix, o\u00f9 les compagnies a\u00e9riennes, d\u00e9sormais mieux pr\u00e9par\u00e9es \u00e0 r\u00e9pondre \u00e0 la demande, ajustent leurs offres pour relancer les r\u00e9servations et attirer les voyageurs.<\/p>\n<h2 data-start=\"1840\" data-end=\"1904\">Des hausses tarifaires pour les Antilles et les \u00c9mirats en t\u00eate<\/h2>\n<p data-start=\"1906\" data-end=\"2675\">En parall\u00e8le, certaines destinations font face \u00e0 une pression tarifaire croissante. C&#8217;est le cas de la <a href=\"https:\/\/discover.ulysse.com\/republique-dominicaine-destination-tendance\">R\u00e9publique dominicaine<\/a>, o\u00f9 les <strong>prix des billets augmentent de 13 %<\/strong> en raison d&#8217;une reprise des liaisons a\u00e9riennes, aliment\u00e9e par le retour d&#8217;<a href=\"https:\/\/discover.ulysse.com\/air-france-depart-paris-destination-voyageurs\">Air France<\/a> sur cette ligne.<\/p>\n<blockquote class=\"tiktok-embed\" style=\"max-width: 605px; min-width: 325px;\" cite=\"https:\/\/www.tiktok.com\/@camsoutravel\/video\/7475066995277352214\" data-video-id=\"7475066995277352214\">\n<section><a title=\"@camsoutravel\" href=\"https:\/\/www.tiktok.com\/@camsoutravel?refer=embed\" target=\"_blank\" rel=\"noopener\">@camsoutravel<\/a> \u00ab\u00a0Ne vas pas en R\u00e9publique Dominicaine tu vas le regretter\u00a0\u00bb \ud83d\ude33 Abonne-toi \u00e0 @camsoutravel pour ne pas louper les prochaines p\u00e9pites \ud83e\udef6\ud83c\udffc Si tu te poses la question \u00ab\u00a0est-ce que la R\u00e9publique Dominicaine vaut le coup\u00a0\u00bb voici ma r\u00e9ponse \ud83d\udc47\ud83c\udffc \u00c9videmment que cette \u00eele en vaut la peine m\u00eame si je pense qu\u2019il y a quand m\u00eame un pi\u00e8ge \u00e0 \u00e9viter (j\u2019en parlerai dans d\u2019autres vid\u00e9os) \ud83e\udd70 J\u2019ai beaucoup \u00e0 te partager sur cette destination et cette vid\u00e9o est un peu comme un \u00ab\u00a0teaser\u00a0\u00bb \ud83d\ude05 Merci \u00e0 @Mondexplore_ pour l\u2019organisation de ce voyage incroyable, si t\u2019as besoin d\u2019aide pour organiser tes voyages je te la recommande les yeux ferm\u00e9s \ud83e\udd79 Bon voyage \ud83e\udd0d <a title=\"republiquedominicaine\" href=\"https:\/\/www.tiktok.com\/tag\/republiquedominicaine?refer=embed\" target=\"_blank\" rel=\"noopener\">#republiquedominicaine<\/a> <a title=\"puntacana\" href=\"https:\/\/www.tiktok.com\/tag\/puntacana?refer=embed\" target=\"_blank\" rel=\"noopener\">#puntacana<\/a> <a title=\"visitrepublicadominicana\" href=\"https:\/\/www.tiktok.com\/tag\/visitrepublicadominicana?refer=embed\" target=\"_blank\" rel=\"noopener\">#visitrepublicadominicana<\/a> <a title=\"\u266c original sound - Camsou \ud83e\udd0d\u2708\ufe0f\" href=\"https:\/\/www.tiktok.com\/music\/original-sound-7475067006547593986?refer=embed\" target=\"_blank\" rel=\"noopener\">\u266c original sound &#8211; Camsou \ud83e\udd0d\u2708\ufe0f<\/a><\/section>\n<\/blockquote>\n<p><script async src=\"https:\/\/www.tiktok.com\/embed.js\"><\/script><\/p>\n<p data-start=\"1906\" data-end=\"2675\">De m\u00eame, l&#8217;\u00eele Maurice, les <a href=\"https:\/\/discover.ulysse.com\/disney-debarque-a-abu-dhabi-attirer-touristes\">\u00c9mirats arabes unis<\/a> et la Martinique suivent cette tendance inflationniste, avec des hausses respectives de 7 \u00e0 9 %. Ces augmentations sont en partie li\u00e9es \u00e0 la saturation de l\u2019offre sur certaines routes a\u00e9riennes, combin\u00e9e \u00e0 des co\u00fbts suppl\u00e9mentaires, tels que la Taxe de solidarit\u00e9 sur la billetterie a\u00e9rienne (TSBA). Ce facteur, en constante \u00e9volution, impacte directement les tarifs des vols long-courriers, rendant ces destinations plus on\u00e9reuses que par le pass\u00e9.<\/p>\n<h2 data-start=\"2677\" data-end=\"2749\">Le Canada : une destination en plein essor malgr\u00e9 la hausse des prix<\/h2>\n<p data-start=\"2751\" data-end=\"3468\">Si certaines r\u00e9gions voient leurs prix grimper, d&#8217;autres, comme le <a href=\"https:\/\/discover.ulysse.com\/voyageurs-air-canada-points-fidelite-argent\">Canada<\/a>, connaissent une belle dynamique. Malgr\u00e9 une l\u00e9g\u00e8re augmentation des tarifs, le pays nord-am\u00e9ricain progresse de trois places dans le classement des destinations les plus populaires, port\u00e9 par une r\u00e9duction de 60 euros sur les tarifs des vols en septembre 2025. Cette baisse a attir\u00e9 un nombre croissant de Fran\u00e7ais, s\u00e9duits par la diversit\u00e9 et la beaut\u00e9 des paysages canadiens.<\/p>\n<blockquote class=\"tiktok-embed\" style=\"max-width: 605px; min-width: 325px;\" cite=\"https:\/\/www.tiktok.com\/@stephaniebureau\/video\/7522850941846998277\" data-video-id=\"7522850941846998277\">\n<section><a title=\"@stephaniebureau\" href=\"https:\/\/www.tiktok.com\/@stephaniebureau?refer=embed\" target=\"_blank\" rel=\"noopener\">@stephaniebureau<\/a> On vient de terminer un road trip de 10 jours avec @Tourisme C\u00f4te-Nord et on a v\u00e9cu un s\u00e9jour incroyable, cette r\u00e9gion a tellement \u00e0 offrir! \ud83d\udc0b\ud83d\udc99 On a TOUT aim\u00e9, et voici 7 raisons pour lesquelles tu dois absolument ajouter la C\u00f4te-Nord \u00e0 ta bucket list cet \u00e9t\u00e9 &#8211; \ud83d\udccc Enregistre ce post pour ne rien manquer! 1\ufe0f\u20e3 Faire une excursion en kayak jusqu\u2019\u00e0 l\u2019\u00eele aux Perroquets avec Noryak Aventures. Un beau 10 km aller-retour en kayak qui te permettra de voir les macareux de tr\u00e8s pr\u00e8s \ud83d\udc27\ud83e\udd79 2\ufe0f\u20e3 S\u00e9journer chez @Attitudenordique: Un arr\u00eat obligatoire \u00e0 Baie-Comeau pour les amoureux de plein air! Kayak, tyrolienne, pont suspendu, et tu pourras m\u00eame dormir devant le fleuve avec ta tente. Le r\u00eave! \ud83d\ude0d 3\ufe0f\u20e3 Camper sur l\u2019\u00eele Grande Basque: Tu peux explorer l\u2019\u00eele en une seule journ\u00e9e ou bien y camper. On a eu un gros coup de coeur pour le campement de l\u2019Anse \u00e0 la Prairie (se trouve \u00e0 3,4 km du quai, donc il faudra tra\u00eener tout ton mat\u00e9riel en mode backpacking). Il y a aussi d\u2019autres options plus faciles d\u2019acc\u00e8s pour camper pr\u00e8s du quai. \u26fa\ufe0f\ud83c\udfdd\ufe0f 4\ufe0f\u20e3 Explorer la r\u00e9serve faunique de Port-Cartier\u2013Sept-\u00celes: Il y a des terrains pour camper en tente ou stationner ta van\/roulotte. Je te conseille de randonner jusqu\u2019\u00e0 la chute MacDonald et d\u2019apporter ton embarcation pour profiter du lac \ud83e\udd7e\ud83c\udf32. Si tu ne le savais pas, c\u2019est aussi le lac le plus profond du Qu\u00e9bec! Ses parois rocheuses sont vraiment impressionnantes \ud83d\ude0d 5\ufe0f\u20e3 T\u2019initier au surf \u00e0 Sept-\u00celes: Oui oui, du surf sur la C\u00f4te-Nord! On a pris un cours avec le surfshack, une exp\u00e9rience unique dans la r\u00e9gion \ud83c\udfc4\u200d 6\ufe0f\u20e3 D\u00e9couvrir l\u2019archipel de Mingan: On a explor\u00e9 l\u2019\u00eele Quarry, connue pour ses impressionnants monolithes \ud83d\uddff! On a dormi dans les tentes Otentik, une exp\u00e9rience glamping qu\u2019on a vraiment ador\u00e9. @Services Maritimes Bor\u00e9ale 7\ufe0f\u20e3 Observer les baleines: Impossible d\u2019aller sur la C\u00f4te-Nord sans une croisi\u00e8re aux baleines. Avec Croisi\u00e8re Essipit, on a eu la chance d\u2019en voir plusieurs et plein de cute petits phoques! Un moment inoubliable! \u26f4\ufe0f Quelle activit\u00e9 aimerais-tu le plus faire sur la C\u00f4te-Nord ? \ud83d\udc0b\ud83d\udc99 <a title=\"quebec\" href=\"https:\/\/www.tiktok.com\/tag\/quebec?refer=embed\" target=\"_blank\" rel=\"noopener\">#quebec<\/a> <a title=\"qc\" href=\"https:\/\/www.tiktok.com\/tag\/qc?refer=embed\" target=\"_blank\" rel=\"noopener\">#qc<\/a> <a title=\"cotenord\" href=\"https:\/\/www.tiktok.com\/tag\/cotenord?refer=embed\" target=\"_blank\" rel=\"noopener\">#cotenord<\/a> <a title=\"\u266c original sound - Gigi Perez\" href=\"https:\/\/www.tiktok.com\/music\/original-sound-7393519057422535455?refer=embed\" target=\"_blank\" rel=\"noopener\">\u266c original sound &#8211; Gigi Perez<\/a><\/section>\n<\/blockquote>\n<p><script async src=\"https:\/\/www.tiktok.com\/embed.js\"><\/script><\/p>\n<p data-start=\"2751\" data-end=\"3468\">Par ailleurs, des pays comme l\u2019Inde, l\u2019\u00c9gypte et le Vietnam connaissent \u00e9galement une hausse de leurs r\u00e9servations, enregistrant des progr\u00e8s notables en termes de popularit\u00e9, en particulier parmi les voyageurs en qu\u00eate d\u2019options \u00e0 la fois exotiques et \u00e9conomiques.<\/p>\n<h2 data-start=\"3470\" data-end=\"3541\">Un d\u00e9lai d\u2019anticipation plus long observ\u00e9 dans le comportement des voyageurs<\/h2>\n<p data-start=\"3543\" data-end=\"4478\">Une autre tendance significative qui \u00e9merge cette ann\u00e9e est l\u2019allongement du d\u00e9lai moyen d&#8217;anticipation des r\u00e9servations. Toujours selon le Barom\u00e8tre Digitrips pour <em data-start=\"3699\" data-end=\"3719\">L\u2019Echo Touristique<\/em>, les Fran\u00e7ais prennent d\u00e9sormais plus de temps pour r\u00e9server leurs billets d\u2019avion.<\/p>\n<p data-start=\"3543\" data-end=\"4478\">En septembre 2025, le d\u00e9lai moyen d&#8217;anticipation atteint 62 jours, soit 4 jours de plus par rapport \u00e0 l\u2019ann\u00e9e pr\u00e9c\u00e9dente. Cette \u00e9volution peut \u00eatre attribu\u00e9e \u00e0 la conjoncture \u00e9conomique actuelle, o\u00f9 les pr\u00e9occupations li\u00e9es \u00e0 l&#8217;inflation et \u00e0 l&#8217;incertitude \u00e9conomique poussent les voyageurs \u00e0 \u00eatre plus r\u00e9fl\u00e9chis dans leurs choix de voyage.<\/p>\n<p data-start=\"3543\" data-end=\"4478\">Ainsi, les voyageurs prennent davantage le temps d\u2019analyser les offres et d\u2019opter pour des options plus strat\u00e9giques. Pour les compagnies a\u00e9riennes, cette nouvelle dynamique signifie un besoin d&#8217;adaptation, en ajustant leurs prix et en proposant des offres plus flexibles pour correspondre \u00e0 ces nouvelles habitudes de consommation.<\/p>\n","protected":false},"excerpt":{"rendered":"<p>Avec la fin de la p\u00e9riode estivale, les tendances sur le march\u00e9 des billets d\u2019avion connaissent un v\u00e9ritable changement. Alors [&hellip;]<\/p>\n","protected":false},"author":4,"featured_media":36406,"comment_status":"open","ping_status":"closed","sticky":false,"template":"","format":"standard","meta":{"_acf_changed":false,"_sitemap_exclude":false,"_sitemap_priority":"","_sitemap_frequency":"","footnotes":"","rank_math_title":"","rank_math_description":"","rank_math_canonical_url":"","rank_math_focus_keyword":"avion"},"categories":[3],"tags":[],"class_list":["post-36317","post","type-post","status-publish","format-standard","has-post-thumbnail","hentry","category-voyage"],"acf":[],"_links":{"self":[{"href":"https:\/\/ulysse.com\/news\/wp-json\/wp\/v2\/posts\/36317","targetHints":{"allow":["GET"]}}],"collection":[{"href":"https:\/\/ulysse.com\/news\/wp-json\/wp\/v2\/posts"}],"about":[{"href":"https:\/\/ulysse.com\/news\/wp-json\/wp\/v2\/types\/post"}],"author":[{"embeddable":true,"href":"https:\/\/ulysse.com\/news\/wp-json\/wp\/v2\/users\/4"}],"replies":[{"embeddable":true,"href":"https:\/\/ulysse.com\/news\/wp-json\/wp\/v2\/comments?post=36317"}],"version-history":[{"count":5,"href":"https:\/\/ulysse.com\/news\/wp-json\/wp\/v2\/posts\/36317\/revisions"}],"predecessor-version":[{"id":36410,"href":"https:\/\/ulysse.com\/news\/wp-json\/wp\/v2\/posts\/36317\/revisions\/36410"}],"wp:featuredmedia":[{"embeddable":true,"href":"https:\/\/ulysse.com\/news\/wp-json\/wp\/v2\/media\/36406"}],"wp:attachment":[{"href":"https:\/\/ulysse.com\/news\/wp-json\/wp\/v2\/media?parent=36317"}],"wp:term":[{"taxonomy":"category","embeddable":true,"href":"https:\/\/ulysse.com\/news\/wp-json\/wp\/v2\/categories?post=36317"},{"taxonomy":"post_tag","embeddable":true,"href":"https:\/\/ulysse.com\/news\/wp-json\/wp\/v2\/tags?post=36317"}],"curies":[{"name":"wp","href":"https:\/\/api.w.org\/{rel}","templated":true}]}}