{"id":36345,"date":"2025-10-14T13:00:33","date_gmt":"2025-10-14T12:00:33","guid":{"rendered":"https:\/\/discover.ulysse.com\/?p=36345"},"modified":"2025-10-14T10:58:05","modified_gmt":"2025-10-14T09:58:05","slug":"pays-retraites-expatries","status":"publish","type":"post","link":"https:\/\/ulysse.com\/news\/pays-retraites-expatries","title":{"rendered":"C&#8217;est officiel ! \u00c0 2 heures de vol, ce pays devient le refuge des retrait\u00e9s et expatri\u00e9s cherchant \u00e0 \u00e9chapper au stress fran\u00e7ais"},"content":{"rendered":"<p data-start=\"128\" data-end=\"899\">Le Portugal a un petit quelque chose en plus ces derniers temps qui attire de plus en plus de Fran\u00e7ais. Et non, ce n&#8217;est pas seulement pour son soleil, ses plages dor\u00e9es et ses d\u00e9licieux <strong data-start=\"315\" data-end=\"334\">past\u00e9is de nata<\/strong>. Il y a quelques jours, le pays a annonc\u00e9 une performance \u00e9conomique impressionnante : pour la deuxi\u00e8me ann\u00e9e cons\u00e9cutive, le Portugal va enregistrer un <strong>exc\u00e9dent budg\u00e9taire<\/strong>, un fait in\u00e9dit depuis 1974. Ce r\u00e9sultat, coupl\u00e9 \u00e0 des augmentations de retraites et une baisse des imp\u00f4ts, fait du pays une destination encore plus attractive pour les expatri\u00e9s. Une occasion en or pour ceux qui cherchent \u00e0 quitter la pression fiscale en France et trouver un havre de paix \u00e9conomique. Et avec cette nouvelle, le Portugal va encore gagner en popularit\u00e9 aupr\u00e8s des Fran\u00e7ais !<\/p>\n<h2 data-start=\"901\" data-end=\"963\">Un exc\u00e9dent budg\u00e9taire historique pour le pays<\/h2>\n<p data-start=\"965\" data-end=\"1605\">On ne peut pas passer \u00e0 c\u00f4t\u00e9 de cette info : pour la deuxi\u00e8me ann\u00e9e cons\u00e9cutive, le Portugal affiche un exc\u00e9dent budg\u00e9taire. C\u2019est un exploit rare qui t\u00e9moigne d\u2019une gestion \u00e9conomique exemplaire. Apr\u00e8s des ann\u00e9es de contraintes budg\u00e9taires, le pays r\u00e9colte les fruits d\u2019une politique rigoureuse et d\u2019un d\u00e9veloppement \u00e9quilibr\u00e9. Et cette nouvelle n\u2019a pas seulement r\u00e9joui les \u00e9conomistes : elle est une v\u00e9ritable aubaine pour les expatri\u00e9s et futurs expatri\u00e9s, notamment les Fran\u00e7ais. Dans un contexte o\u00f9 la fiscalit\u00e9 en France devient de plus en plus pesante, beaucoup voient dans cette annonce une excellente opportunit\u00e9 de changer d&#8217;air.<\/p>\n<p data-start=\"1607\" data-end=\"2121\">Cette performance va permettre au gouvernement portugais d\u2019investir dans des secteurs cl\u00e9s, comme la sant\u00e9 et l\u2019\u00e9ducation, tout en <strong>augmentant les retraites<\/strong> et en <strong>r\u00e9duisant les imp\u00f4ts<\/strong>. Un combo gagnant pour les habitants, mais aussi pour ceux qui envisagent de fuir un syst\u00e8me fiscal plus lourd. D\u2019autant plus que, comme le <a href=\"https:\/\/www.bfmtv.com\/economie\/economie-social\/union-europeenne\/du-jamais-vu-depuis-1974-le-portugal-va-etre-en-excedent-budgetaire-pour-la-2eme-annee-il-va-augmenter-les-retraites-et-baisser-les-impots_AN-202510120110.html\" target=\"_blank\" rel=\"noopener\">rapporte BFM TV<\/a>, le Portugal est d\u00e9sormais un endroit o\u00f9 les finances sont solides, et o\u00f9 il fait bon vivre sans les tracas \u00e9conomiques habituels. Cela va clairement faire des envieux !<\/p>\n<blockquote class=\"tiktok-embed\" style=\"max-width: 605px; min-width: 325px;\" cite=\"https:\/\/www.tiktok.com\/@lemeilleurduportugal\/video\/7558811767850274070\" data-video-id=\"7558811767850274070\">\n<section><a title=\"@lemeilleurduportugal\" href=\"https:\/\/www.tiktok.com\/@lemeilleurduportugal?refer=embed\" target=\"_blank\" rel=\"noopener\">@lemeilleurduportugal<\/a><a title=\"\u266c Albufeira - PDM\" href=\"https:\/\/www.tiktok.com\/music\/Albufeira-7532856581361600528?refer=embed\" target=\"_blank\" rel=\"noopener\">\u266c Albufeira &#8211; PDM<\/a><\/p>\n<\/section>\n<\/blockquote>\n<p><script async src=\"https:\/\/www.tiktok.com\/embed.js\"><\/script><\/p>\n<h2 data-start=\"2123\" data-end=\"2169\">Le Portugal ? Un pays o\u00f9 il fait bon vivre<\/h2>\n<p data-start=\"2171\" data-end=\"2798\">Mais alors, pourquoi tout ce monde se pr\u00e9cipite-t-il vers le <a href=\"https:\/\/discover.ulysse.com\/inconnu-jusquici-ce-village-portuaire-est-maintenant-le-plus-beau-du-portugal\">Portugal<\/a> ? Bien s\u00fbr, ce n\u2019est pas que pour ses nouvelles mesures \u00e9conomiques (bien que \u00e7a aide), mais aussi pour son cadre de vie. Ce pays est tout simplement irr\u00e9sistible. Si vous n\u2019avez pas encore mis les pieds \u00e0 Lisbonne ou Porto, vous ne savez pas ce que vous ratez ! Ces villes regorgent de charme, de culture, de gastronomie, et d\u2019une ambiance cosmopolite qui attire de plus en plus d\u2019expatri\u00e9s. Entre ses petites ruelles pav\u00e9es, ses tramways jaunes, et son climat doux, le Portugal a ce je-ne-sais-quoi qui vous fait vous sentir chez vous d\u00e8s le premier jour.<\/p>\n<p data-start=\"2800\" data-end=\"3268\"><a href=\"https:\/\/discover.ulysse.com\/le-road-trip-ultime-au-portugal-20-jours-de-liberte-entre-lisbonne-et-les-plages-sauvages-en-camping-car\">Lisbonne<\/a>, capitale dynamique et en pleine effervescence, s\u00e9duit une population jeune et cosmopolite. Porto, quant \u00e0 elle, reste un endroit plus tranquille mais tout aussi fascinant, avec ses b\u00e2timents color\u00e9s et ses vues imprenables sur le fleuve Douro. Mais si vous cherchez quelque chose de plus calme et nature, l\u2019Algarve avec ses plages \u00e9poustouflantes et ses paysages pittoresques, s\u2019impose comme un choix parfait pour ceux qui r\u00eavent de la dolce vita au soleil.<\/p>\n<p data-start=\"3270\" data-end=\"3983\">Mais ce n\u2019est pas tout. Le Portugal est devenu l\u2019un des pays les <a href=\"https:\/\/discover.ulysse.com\/ce-pays-nordique-simpose-comme-la-destination-de-retraite-n1-pour-2025\">plus pris\u00e9s pour les retrait\u00e9s<\/a>. En plus de son r\u00e9gime fiscal attractif pour les expatri\u00e9s, il propose une qualit\u00e9 de vie de r\u00eave. \u00c0 Lisbonne, vous pouvez profiter d\u2019un verre de vin en terrasse tout en admirant le coucher de soleil sur l\u2019Atlantique. \u00c0 Porto, vous go\u00fbterez les meilleurs vins de la r\u00e9gion tout en fl\u00e2nant dans ses petites ruelles. Si vous aimez les d\u00e9couvertes gastronomiques, le Portugal ne vous d\u00e9cevra pas, avec ses sp\u00e9cialit\u00e9s locales comme le <strong data-start=\"3798\" data-end=\"3810\">bacalhau<\/strong> (morue sal\u00e9e) ou encore les fameuses <strong data-start=\"3848\" data-end=\"3867\">pasteis de nata<\/strong>, ces petites cr\u00e8mes p\u00e2tissi\u00e8res qui feront fondre votre c\u0153ur (et votre taille de pantalon, mais on en parle apr\u00e8s).<\/p>\n<h2 data-start=\"3985\" data-end=\"4017\">Un pays o\u00f9 tout est possible pour tout le monde<\/h2>\n<p data-start=\"4019\" data-end=\"4654\">Outre la qualit\u00e9 de vie, le Portugal est aussi devenu un terrain de jeu pour les entrepreneurs et les freelances. Si vous \u00eates dans le secteur des technologies, du design, ou m\u00eame du marketing, Lisbonne est devenue un hub d\u2019innovation et d\u2019opportunit\u00e9s professionnelles. Vous y trouverez une sc\u00e8ne start-up dynamique et un march\u00e9 en pleine expansion, avec une communaut\u00e9 internationale qui ne cesse de grandir. Les imp\u00f4ts sur les entreprises sont bien plus avantageux qu\u2019en France, et la connexion avec le reste du monde via des a\u00e9roports modernes et bien desservis vous permet de voyager facilement tout en d\u00e9veloppant votre business.<\/p>\n<p data-start=\"4656\" data-end=\"5099\">Et pour ceux qui ont d\u00e9cid\u00e9 de prendre leur retraite, le <strong data-start=\"4713\" data-end=\"4757\">r\u00e9gime des r\u00e9sidents non habituels (RNH)<\/strong> est un vrai plus. Il permet aux retrait\u00e9s d\u2019obtenir des exon\u00e9rations fiscales sur leur pension pendant 10 ans. Oui, vous avez bien lu. Ce qui fait du Portugal un v\u00e9ritable eldorado pour les retrait\u00e9s europ\u00e9ens, notamment les Fran\u00e7ais. Vous combinez le soleil, une fiscalit\u00e9 douce, et une vie tranquille au bord de l\u2019eau\u2026 Bref, un vrai r\u00eave !<\/p>\n<h2 data-start=\"5101\" data-end=\"5159\">Pourquoi cette tendance va encore prendre de l\u2019ampleur<\/h2>\n<p data-start=\"5161\" data-end=\"5947\">Avec la stabilit\u00e9 \u00e9conomique que le Portugal affiche aujourd\u2019hui, la vie dans ce pays est devenue plus qu\u2019un simple choix de qualit\u00e9 de vie, c\u2019est un choix strat\u00e9gique. Pour ceux qui cherchent \u00e0 \u00e9chapper \u00e0 une fiscalit\u00e9 \u00e9lev\u00e9e, \u00e0 un climat \u00e9conomique incertain ou \u00e0 des tensions sociales, le Portugal est d\u00e9sormais l\u2019endroit o\u00f9 il fait bon investir, vivre, et travailler. Selon <a href=\"https:\/\/www.capital.fr\/votre-retraite\/retraite-le-classement-des-10-meilleurs-pays-ou-sexpatrier-pour-en-profiter-1508968\" target=\"_blank\" rel=\"noopener\">Capital.fr<\/a>, le Portugal fait partie des meilleurs pays pour s\u2019expatrier, surtout pour profiter de ces avantages fiscaux et d\u2019une retraite sereine. Et avec ces nouvelles mesures \u00e9conomiques, la tendance des expatri\u00e9s fran\u00e7ais ne risque pas de s\u2019arr\u00eater. En 2025, il est fort probable que de plus en plus de Fran\u00e7ais choisissent ce pays comme nouvelle destination pour une vie meilleure et plus tranquille.<\/p>\n<p data-start=\"5949\" data-end=\"6476\">Le Portugal est donc bien plus qu\u2019une simple destination de vacances. C\u2019est un havre de paix pour ceux qui recherchent un \u00e9quilibre entre une fiscalit\u00e9 plus l\u00e9g\u00e8re, un cadre de vie paradisiaque, et une stabilit\u00e9 \u00e9conomique rare. Avec des mesures comme l&#8217;exc\u00e9dent budg\u00e9taire, la hausse des retraites, et la baisse des imp\u00f4ts, le Portugal devient de plus en plus la destination r\u00eav\u00e9e pour ceux qui veulent profiter de leur retraite ou se r\u00e9inventer professionnellement. Et avec son soleil et ses plages, pourquoi h\u00e9siter encore ?<\/p>\n","protected":false},"excerpt":{"rendered":"<p>Le Portugal a un petit quelque chose en plus ces derniers temps qui attire de plus en plus de Fran\u00e7ais. [&hellip;]<\/p>\n","protected":false},"author":4,"featured_media":36346,"comment_status":"open","ping_status":"closed","sticky":false,"template":"","format":"standard","meta":{"_acf_changed":false,"_sitemap_exclude":false,"_sitemap_priority":"","_sitemap_frequency":"","footnotes":"","rank_math_title":"","rank_math_description":"","rank_math_canonical_url":"","rank_math_focus_keyword":"pays"},"categories":[3],"tags":[],"class_list":["post-36345","post","type-post","status-publish","format-standard","has-post-thumbnail","hentry","category-voyage"],"acf":[],"_links":{"self":[{"href":"https:\/\/ulysse.com\/news\/wp-json\/wp\/v2\/posts\/36345","targetHints":{"allow":["GET"]}}],"collection":[{"href":"https:\/\/ulysse.com\/news\/wp-json\/wp\/v2\/posts"}],"about":[{"href":"https:\/\/ulysse.com\/news\/wp-json\/wp\/v2\/types\/post"}],"author":[{"embeddable":true,"href":"https:\/\/ulysse.com\/news\/wp-json\/wp\/v2\/users\/4"}],"replies":[{"embeddable":true,"href":"https:\/\/ulysse.com\/news\/wp-json\/wp\/v2\/comments?post=36345"}],"version-history":[{"count":2,"href":"https:\/\/ulysse.com\/news\/wp-json\/wp\/v2\/posts\/36345\/revisions"}],"predecessor-version":[{"id":36348,"href":"https:\/\/ulysse.com\/news\/wp-json\/wp\/v2\/posts\/36345\/revisions\/36348"}],"wp:featuredmedia":[{"embeddable":true,"href":"https:\/\/ulysse.com\/news\/wp-json\/wp\/v2\/media\/36346"}],"wp:attachment":[{"href":"https:\/\/ulysse.com\/news\/wp-json\/wp\/v2\/media?parent=36345"}],"wp:term":[{"taxonomy":"category","embeddable":true,"href":"https:\/\/ulysse.com\/news\/wp-json\/wp\/v2\/categories?post=36345"},{"taxonomy":"post_tag","embeddable":true,"href":"https:\/\/ulysse.com\/news\/wp-json\/wp\/v2\/tags?post=36345"}],"curies":[{"name":"wp","href":"https:\/\/api.w.org\/{rel}","templated":true}]}}