{"id":36464,"date":"2025-10-16T17:00:56","date_gmt":"2025-10-16T16:00:56","guid":{"rendered":"https:\/\/discover.ulysse.com\/?p=36464"},"modified":"2025-10-16T14:00:46","modified_gmt":"2025-10-16T13:00:46","slug":"village-cote-dazur-augmente-prix-attractions","status":"publish","type":"post","link":"https:\/\/ulysse.com\/news\/village-cote-dazur-augmente-prix-attractions","title":{"rendered":"Coup de massue sur les visiteurs : Ce village de la C\u00f4te d&#8217;Azur augmente le prix de ses attractions pour lutter contre le surtourisme"},"content":{"rendered":"<p data-start=\"113\" data-end=\"776\">Le sur-tourisme est un d\u00e9fi croissant pour de nombreuses destinations pris\u00e9es, surtout sur la C\u00f4te d&#8217;Azur. Si l&#8217;afflux de visiteurs g\u00e9n\u00e8re des recettes importantes et soutient l&#8217;\u00e9conomie locale, il engendre aussi de nombreuses nuisances : congestion des sites, pollution, et pression sur les infrastructures. Pour lutter contre ces effets ind\u00e9sirables tout en pr\u00e9servant l&#8217;exp\u00e9rience des visiteurs, certaines communes prennent des mesures radicales. L&#8217;une d&#8217;elles vient de d\u00e9cider d&#8217;une augmentation du prix d&#8217;entr\u00e9e d&#8217;une de ses attractions les plus visit\u00e9es. Cette d\u00e9cision pourrait bien marquer un tournant dans la gestion du tourisme sur la Riviera fran\u00e7aise.<\/p>\n<h2 data-start=\"778\" data-end=\"835\">Un village perch\u00e9 de la C\u00f4te d&#8217;Azur prend les devants<\/h2>\n<p data-start=\"837\" data-end=\"1412\">Le village en question n\u2019est autre qu&#8217;<a href=\"https:\/\/discover.ulysse.com\/la-correze-village-medieval-500-habitants-rouge\">\u00c8ze<\/a>, l\u2019un des joyaux de la C\u00f4te d\u2019Azur, reconnu pour sa beaut\u00e9 pittoresque et son jardin exotique, un site incontournable pour les amateurs de nature et de panoramas \u00e9poustouflants. Face \u00e0 un afflux touristique toujours croissant, on apprend ce matin dans les colonnes du <a href=\"https:\/\/www.nicematin.com\/economie\/tourisme\/beaucoup-de-nuisances-face-au-sur-tourisme-ce-celebre-village-perche-de-la-cote-d-azur-augmente-le-prix-d-entree-au-jardin-exotique-10652349\" target=\"_blank\" rel=\"noopener\">m\u00e9dia Nice Matin<\/a> que la commune a d\u00e9cid\u00e9 d\u2019<strong>augmenter le prix d\u2019entr\u00e9e au jardin exotique<\/strong>, passant de 8 \u00e0 10 euros. Cette d\u00e9cision, prise par le conseil municipal, fait partie d\u2019une s\u00e9rie de mesures visant \u00e0 mieux g\u00e9rer le flux de visiteurs tout en pr\u00e9servant la qualit\u00e9 de l&#8217;exp\u00e9rience pour ceux qui viennent d\u00e9couvrir le site.<\/p>\n<p data-start=\"1414\" data-end=\"1897\">Le maire, St\u00e9phane Cherki, a expliqu\u00e9 que cette hausse des prix r\u00e9pond \u00e0 une n\u00e9cessit\u00e9 : \u00ab Certaines personnes se plaignent du surtourisme. Je pense qu\u2019en augmentant le prix, on peut limiter ce ph\u00e9nom\u00e8ne \u00bb. En effet, le jardin exotique attire chaque ann\u00e9e de plus en plus de visiteurs : 501 238 en 2023, 582 604 en 2024, et d\u00e9j\u00e0 plus de 550 000 \u00e0 la fin septembre 2025. Ce <a href=\"https:\/\/discover.ulysse.com\/venise-tourisme-de-masse-visiter-moulins-a-vent\">tourisme de masse<\/a> g\u00e9n\u00e8re certes des b\u00e9n\u00e9fices, mais il entra\u00eene aussi des nuisances notables dans les jardins.<\/p>\n<blockquote class=\"twitter-tweet\">\n<p dir=\"ltr\" lang=\"fr\">\ud83d\udcb8 La Ville d&#8217;\u00c8ze a fait le choix d&#8217;augmenter le billet d&#8217;entr\u00e9e du Jardin exotique<\/p>\n<p>\u27a1\ufe0f <a href=\"https:\/\/t.co\/qTE1iOCvcZ\">https:\/\/t.co\/qTE1iOCvcZ<\/a> <a href=\"https:\/\/t.co\/M2VzoNhDGY\">pic.twitter.com\/M2VzoNhDGY<\/a><\/p>\n<p>\u2014 actu Nice (@nice_actu) <a href=\"https:\/\/twitter.com\/nice_actu\/status\/1978761403524583716?ref_src=twsrc%5Etfw\" target=\"_blank\" rel=\"noopener\">October 16, 2025<\/a><\/p><\/blockquote>\n<p><script async src=\"https:\/\/platform.twitter.com\/widgets.js\" charset=\"utf-8\"><\/script>v<\/p>\n<h2 data-start=\"1899\" data-end=\"1964\">Une augmentation qui s&#8217;inscrit dans un contexte de r\u00e9gulation<\/h2>\n<p data-start=\"1966\" data-end=\"2345\">Cette hausse de tarif s\u2019inscrit dans un ensemble de mesures prises pour r\u00e9guler la fr\u00e9quentation. Le prix des places pour les cars touristiques a \u00e9t\u00e9 relev\u00e9 au printemps dernier, et la commune a mis fin \u00e0 l\u2019application de tarifs r\u00e9duits en basse saison. Ces ajustements visent \u00e0 rendre le site plus accessible tout en \u00e9vitant qu&#8217;il ne soit satur\u00e9 \u00e0 certaines p\u00e9riodes de l&#8217;ann\u00e9e.<\/p>\n<p data-start=\"2347\" data-end=\"2703\">Le sur-tourisme \u00e0 \u00c8ze n&#8217;est pas un ph\u00e9nom\u00e8ne isol\u00e9, et il refl\u00e8te une tendance g\u00e9n\u00e9rale sur la <a href=\"https:\/\/discover.ulysse.com\/ce-village-intimiste-perche-entre-mer-et-montagnes-incarne-lessence-de-la-cote-dazur\">C\u00f4te d&#8217;Azur<\/a>, o\u00f9 certaines destinations voient leur infrastructure mise \u00e0 rude \u00e9preuve. Si l&#8217;augmentation des tarifs est souvent per\u00e7ue comme une mesure impopulaire, elle peut n\u00e9anmoins constituer une r\u00e9ponse pragmatique \u00e0 l\u2019intensification du tourisme de masse.<\/p>\n<h2 data-start=\"2705\" data-end=\"2745\">Une bataille judiciaire en parall\u00e8le<\/h2>\n<p data-start=\"2747\" data-end=\"3379\">En parall\u00e8le de cette gestion du sur-tourisme, la commune fait face \u00e0 un d\u00e9fi juridique. En effet, la Cour d&#8217;appel administrative a r\u00e9cemment statu\u00e9 que la commune devra d\u00e9sormais <strong>payer la TVA sur les entr\u00e9es du jardin exotique<\/strong>, une d\u00e9cision contraire \u00e0 celle du tribunal administratif de Nice, qui avait tranch\u00e9 en faveur de la commune en 2023.<\/p>\n<p data-start=\"2747\" data-end=\"3379\">Le maire d&#8217;\u00c8ze et ses \u00e9quipes ont d&#8217;ores et d\u00e9j\u00e0 annonc\u00e9 leur intention de poursuivre cette bataille judiciaire, estimant \u00eatre dans leur bon droit. Cela pourrait avoir des cons\u00e9quences importantes sur le financement de l&#8217;entretien du jardin et la gestion des recettes li\u00e9es au tourisme.<\/p>\n","protected":false},"excerpt":{"rendered":"<p>Le sur-tourisme est un d\u00e9fi croissant pour de nombreuses destinations pris\u00e9es, surtout sur la C\u00f4te d&#8217;Azur. Si l&#8217;afflux de visiteurs [&hellip;]<\/p>\n","protected":false},"author":4,"featured_media":36465,"comment_status":"open","ping_status":"closed","sticky":false,"template":"","format":"standard","meta":{"_acf_changed":false,"_sitemap_exclude":false,"_sitemap_priority":"","_sitemap_frequency":"","footnotes":"","rank_math_title":"","rank_math_description":"","rank_math_canonical_url":"","rank_math_focus_keyword":"cote d'azur"},"categories":[3],"tags":[],"class_list":["post-36464","post","type-post","status-publish","format-standard","has-post-thumbnail","hentry","category-voyage"],"acf":[],"_links":{"self":[{"href":"https:\/\/ulysse.com\/news\/wp-json\/wp\/v2\/posts\/36464","targetHints":{"allow":["GET"]}}],"collection":[{"href":"https:\/\/ulysse.com\/news\/wp-json\/wp\/v2\/posts"}],"about":[{"href":"https:\/\/ulysse.com\/news\/wp-json\/wp\/v2\/types\/post"}],"author":[{"embeddable":true,"href":"https:\/\/ulysse.com\/news\/wp-json\/wp\/v2\/users\/4"}],"replies":[{"embeddable":true,"href":"https:\/\/ulysse.com\/news\/wp-json\/wp\/v2\/comments?post=36464"}],"version-history":[{"count":2,"href":"https:\/\/ulysse.com\/news\/wp-json\/wp\/v2\/posts\/36464\/revisions"}],"predecessor-version":[{"id":36467,"href":"https:\/\/ulysse.com\/news\/wp-json\/wp\/v2\/posts\/36464\/revisions\/36467"}],"wp:featuredmedia":[{"embeddable":true,"href":"https:\/\/ulysse.com\/news\/wp-json\/wp\/v2\/media\/36465"}],"wp:attachment":[{"href":"https:\/\/ulysse.com\/news\/wp-json\/wp\/v2\/media?parent=36464"}],"wp:term":[{"taxonomy":"category","embeddable":true,"href":"https:\/\/ulysse.com\/news\/wp-json\/wp\/v2\/categories?post=36464"},{"taxonomy":"post_tag","embeddable":true,"href":"https:\/\/ulysse.com\/news\/wp-json\/wp\/v2\/tags?post=36464"}],"curies":[{"name":"wp","href":"https:\/\/api.w.org\/{rel}","templated":true}]}}