{"id":36500,"date":"2025-10-17T09:39:39","date_gmt":"2025-10-17T08:39:39","guid":{"rendered":"https:\/\/discover.ulysse.com\/?p=36500"},"modified":"2025-10-17T09:39:39","modified_gmt":"2025-10-17T08:39:39","slug":"cache-en-bretagne-ce-village-secret-est-tout-simplement-magique-vous-ne-devinerez-jamais-ou-il-se-trouve","status":"publish","type":"post","link":"https:\/\/ulysse.com\/news\/cache-en-bretagne-ce-village-secret-est-tout-simplement-magique-vous-ne-devinerez-jamais-ou-il-se-trouve","title":{"rendered":"Cach\u00e9 en Bretagne, ce village secret est tout simplement magique \u2013 Vous ne devinerez jamais o\u00f9 il se trouve"},"content":{"rendered":"<p><span style=\"font-weight: 400;\"><strong>La Bretagne<\/strong> regorge de tr\u00e9sors secrets, mais il existe un village qui, loin des sentiers battus, cache son charme avec une discr\u00e9tion magistrale. Pas question ici de vous d\u00e9voiler tout de suite le nom de ce lieu magique ! Un peu de myst\u00e8re, \u00e7a fait du bien, non ? Ce village est un petit bijou o\u00f9 l\u2019authenticit\u00e9 se marie avec une beaut\u00e9 pr\u00e9serv\u00e9e, bien loin des foules de touristes qui envahissent les classiques destinations bretonnes. Alors, pr\u00eat \u00e0 sortir des clich\u00e9s et \u00e0 partir \u00e0 la d\u00e9couverte d\u2019un endroit qui ne demande qu\u2019\u00e0 \u00eatre explor\u00e9 ? Si vous cherchez un coin de paradis breton, o\u00f9 l\u2019on peut fl\u00e2ner, respirer l\u2019air frais et se r\u00e9galer, continuez la lecture. Ce village pourrait bien devenir votre nouveau coup de c\u0153ur !<\/span><\/p>\n<h2><b>Rochefort-en-Terre : un village breton \u00e0 couper le souffle<\/b><\/h2>\n<p><span style=\"font-weight: 400;\">Bon, on ne va pas faire durer le suspense trop longtemps : ce village magique, c\u2019est <strong>Rochefort-en-Terre<\/strong> ! Situ\u00e9 en plein c\u0153ur du <a href=\"https:\/\/discover.ulysse.com\/ce-que-la-bretagne-cache-vraiment-derriere-ses-paysages-mythiques-va-vous-etonner\">Morbihan<\/a>, \u00e0 deux pas de Vannes, ce petit village tout droit sorti d\u2019un conte de f\u00e9es a tout pour s\u00e9duire. Il a beau \u00eatre class\u00e9 parmi les plus beaux villages de France, il reste un peu \u00e0 l&#8217;\u00e9cart des circuits touristiques classiques. Et c\u2019est justement ce qui le rend encore plus sp\u00e9cial. On se retrouve immerg\u00e9 dans un lieu o\u00f9 l\u2019histoire et la beaut\u00e9 de l\u2019architecture se m\u00ealent \u00e0 une ambiance conviviale et authentique. Vous allez adorer fl\u00e2ner dans ses ruelles pav\u00e9es, bord\u00e9es de maisons en pierre et de petites boutiques locales. Chaque coin de rue semble avoir \u00e9t\u00e9 pens\u00e9 pour capturer la magie de la Bretagne dans toute sa splendeur.<\/span><\/p>\n<p><span style=\"font-weight: 400;\">Rochefort-en-Terre, c\u2019est aussi l\u2019occasion de d\u00e9couvrir un cadre naturel \u00e9poustouflant, entre for\u00eats verdoyantes et paysages typiques de la r\u00e9gion. Ce village breton est un v\u00e9ritable concentr\u00e9 de charme o\u00f9 le temps semble s\u2019\u00eatre arr\u00eat\u00e9 pour pr\u00e9server son atmosph\u00e8re unique. Le village a su pr\u00e9server son patrimoine tout en accueillant les visiteurs, sans jamais se laisser envahir par le tourisme de masse. Un v\u00e9ritable refuge pour ceux qui recherchent une escapade loin des foules. Et croyez-nous, une fois que vous aurez mis les pieds dans ce village, vous ne voudrez plus en repartir.<\/span><\/p>\n<blockquote class=\"instagram-media\" style=\"background: #FFF; border: 0; border-radius: 3px; margin: 1px; max-width: 540px; min-width: 326px; padding: 0; width: calc(100% - 2px);\" data-instgrm-captioned=\"\" data-instgrm-permalink=\"https:\/\/www.instagram.com\/p\/DJ1kh-JIqhu\/?utm_source=ig_embed&amp;utm_campaign=loading\" data-instgrm-version=\"14\">\n<div style=\"padding: 16px;\">\n<p>&nbsp;<\/p>\n<div style=\"flex-direction: row; align-items: center;\">\n<div style=\"background-color: #f4f4f4; border-radius: 50%; flex-grow: 0; height: 40px; margin-right: 14px; width: 40px;\"><\/div>\n<div style=\"flex-direction: column; flex-grow: 1; justify-content: center;\">\n<div style=\"background-color: #f4f4f4; border-radius: 4px; flex-grow: 0; height: 14px; margin-bottom: 6px; width: 100px;\"><\/div>\n<div style=\"background-color: #f4f4f4; border-radius: 4px; flex-grow: 0; height: 14px; width: 60px;\"><\/div>\n<\/div>\n<\/div>\n<div style=\"padding: 19% 0;\"><\/div>\n<div style=\"height: 50px; margin: 0 auto 12px; width: 50px;\"><\/div>\n<div style=\"padding-top: 8px;\">\n<div style=\"color: #3897f0; font-family: Arial,sans-serif; font-size: 14px; font-style: normal; font-weight: 550; line-height: 18px;\">Voir cette publication sur Instagram<\/div>\n<\/div>\n<div style=\"padding: 12.5% 0;\"><\/div>\n<div style=\"flex-direction: row; margin-bottom: 14px; align-items: center;\">\n<div>\n<div style=\"background-color: #f4f4f4; border-radius: 50%; height: 12.5px; width: 12.5px;\"><\/div>\n<div style=\"background-color: #f4f4f4; height: 12.5px; width: 12.5px; flex-grow: 0; margin-right: 14px; margin-left: 2px;\"><\/div>\n<div style=\"background-color: #f4f4f4; border-radius: 50%; height: 12.5px; width: 12.5px;\"><\/div>\n<\/div>\n<div style=\"margin-left: 8px;\">\n<div style=\"background-color: #f4f4f4; border-radius: 50%; flex-grow: 0; height: 20px; width: 20px;\"><\/div>\n<div style=\"width: 0; height: 0; border-top: 2px solid transparent; border-left: 6px solid #f4f4f4; border-bottom: 2px solid transparent;\"><\/div>\n<\/div>\n<div style=\"margin-left: auto;\">\n<div style=\"width: 0px; border-top: 8px solid #F4F4F4; border-right: 8px solid transparent;\"><\/div>\n<div style=\"background-color: #f4f4f4; flex-grow: 0; height: 12px; width: 16px;\"><\/div>\n<div style=\"width: 0; height: 0; border-top: 8px solid #F4F4F4; border-left: 8px solid transparent;\"><\/div>\n<\/div>\n<\/div>\n<div style=\"flex-direction: column; flex-grow: 1; justify-content: center; margin-bottom: 24px;\">\n<div style=\"background-color: #f4f4f4; border-radius: 4px; flex-grow: 0; height: 14px; margin-bottom: 6px; width: 224px;\"><\/div>\n<div style=\"background-color: #f4f4f4; border-radius: 4px; flex-grow: 0; height: 14px; width: 144px;\"><\/div>\n<\/div>\n<p>&nbsp;<\/p>\n<p style=\"color: #c9c8cd; font-family: Arial,sans-serif; font-size: 14px; line-height: 17px; margin-bottom: 0; margin-top: 8px; overflow: hidden; padding: 8px 0 7px; text-align: center;\"><a style=\"color: #c9c8cd; font-family: Arial,sans-serif; font-size: 14px; font-style: normal; font-weight: normal; line-height: 17px; text-decoration: none;\" href=\"https:\/\/www.instagram.com\/p\/DJ1kh-JIqhu\/?utm_source=ig_embed&amp;utm_campaign=loading\" target=\"_blank\" rel=\"noopener\">Une publication partag\u00e9e par \ud83c\uddeb\ud83c\uddf7hello_france (@hello_france)<\/a><\/p>\n<\/div>\n<\/blockquote>\n<h2><b>Comment y aller ? Prendre le train, c\u2019est la bonne id\u00e9e !<\/b><\/h2>\n<p><span style=\"font-weight: 400;\">Pour rejoindre ce village secret, rien de plus simple : direction le train ! Si vous partez de Paris, un trajet direct jusqu\u2019\u00e0 <strong>Vannes<\/strong> vous permettra de rejoindre Rochefort-en-Terre en moins de 3 heures. \u00c0 partir de Vannes, un court trajet en taxi ou en bus vous conduira directement \u00e0 votre destination finale. Les billets pour le trajet Paris-Vannes commencent autour de 50 \u20ac en tarif standard, mais si vous r\u00e9servez \u00e0 l\u2019avance, vous pouvez d\u00e9goter des prix encore plus attractifs. C\u2019est l\u2019occasion de voyager confortablement tout en admirant les paysages bretons qui d\u00e9filent par les fen\u00eatres.<\/span><\/p>\n<p><span style=\"font-weight: 400;\">Depuis Lyon, il faudra un peu plus de temps : comptez environ 6 heures pour rejoindre Rochefort-en-Terre, avec un changement \u00e0 Rennes. Mais l\u00e0 encore, le voyage en train est un moyen id\u00e9al de d\u00e9couvrir la beaut\u00e9 du pays, sans stress et en toute s\u00e9r\u00e9nit\u00e9. Si vous \u00eates de Strasbourg, pas de panique : le trajet est \u00e9galement facile \u00e0 organiser en prenant un train pour Paris puis un autre pour Vannes. En tout, vous serez \u00e0 Rochefort-en-Terre en un peu plus de 7 heures.<\/span><\/p>\n<p><span style=\"font-weight: 400;\">Le train reste donc l&#8217;option la plus pratique et agr\u00e9able pour rejoindre ce petit coin de<a href=\"https:\/\/discover.ulysse.com\/la-bretagne-defiguree-la-pollution-des-plages-perdure-meme-sans-les-touristes\"> Bretagne<\/a>. Et qui sait, vous en profiterez peut-\u00eatre pour commencer \u00e0 r\u00eaver \u00e0 votre prochaine aventure bretonne pendant le trajet !<\/span><\/p>\n<blockquote class=\"instagram-media\" style=\"background: #FFF; border: 0; border-radius: 3px; margin: 1px; max-width: 540px; min-width: 326px; padding: 0; width: calc(100% - 2px);\" data-instgrm-captioned=\"\" data-instgrm-permalink=\"https:\/\/www.instagram.com\/p\/DLuby3Voaam\/?utm_source=ig_embed&amp;utm_campaign=loading\" data-instgrm-version=\"14\">\n<div style=\"padding: 16px;\">\n<p>&nbsp;<\/p>\n<div style=\"flex-direction: row; align-items: center;\">\n<div style=\"background-color: #f4f4f4; border-radius: 50%; flex-grow: 0; height: 40px; margin-right: 14px; width: 40px;\"><\/div>\n<div style=\"flex-direction: column; flex-grow: 1; justify-content: center;\">\n<div style=\"background-color: #f4f4f4; border-radius: 4px; flex-grow: 0; height: 14px; margin-bottom: 6px; width: 100px;\"><\/div>\n<div style=\"background-color: #f4f4f4; border-radius: 4px; flex-grow: 0; height: 14px; width: 60px;\"><\/div>\n<\/div>\n<\/div>\n<div style=\"padding: 19% 0;\"><\/div>\n<div style=\"height: 50px; margin: 0 auto 12px; width: 50px;\"><\/div>\n<div style=\"padding-top: 8px;\">\n<div style=\"color: #3897f0; font-family: Arial,sans-serif; font-size: 14px; font-style: normal; font-weight: 550; line-height: 18px;\">Voir cette publication sur Instagram<\/div>\n<\/div>\n<div style=\"padding: 12.5% 0;\"><\/div>\n<div style=\"flex-direction: row; margin-bottom: 14px; align-items: center;\">\n<div>\n<div style=\"background-color: #f4f4f4; border-radius: 50%; height: 12.5px; width: 12.5px;\"><\/div>\n<div style=\"background-color: #f4f4f4; height: 12.5px; width: 12.5px; flex-grow: 0; margin-right: 14px; margin-left: 2px;\"><\/div>\n<div style=\"background-color: #f4f4f4; border-radius: 50%; height: 12.5px; width: 12.5px;\"><\/div>\n<\/div>\n<div style=\"margin-left: 8px;\">\n<div style=\"background-color: #f4f4f4; border-radius: 50%; flex-grow: 0; height: 20px; width: 20px;\"><\/div>\n<div style=\"width: 0; height: 0; border-top: 2px solid transparent; border-left: 6px solid #f4f4f4; border-bottom: 2px solid transparent;\"><\/div>\n<\/div>\n<div style=\"margin-left: auto;\">\n<div style=\"width: 0px; border-top: 8px solid #F4F4F4; border-right: 8px solid transparent;\"><\/div>\n<div style=\"background-color: #f4f4f4; flex-grow: 0; height: 12px; width: 16px;\"><\/div>\n<div style=\"width: 0; height: 0; border-top: 8px solid #F4F4F4; border-left: 8px solid transparent;\"><\/div>\n<\/div>\n<\/div>\n<div style=\"flex-direction: column; flex-grow: 1; justify-content: center; margin-bottom: 24px;\">\n<div style=\"background-color: #f4f4f4; border-radius: 4px; flex-grow: 0; height: 14px; margin-bottom: 6px; width: 224px;\"><\/div>\n<div style=\"background-color: #f4f4f4; border-radius: 4px; flex-grow: 0; height: 14px; width: 144px;\"><\/div>\n<\/div>\n<p>&nbsp;<\/p>\n<p style=\"color: #c9c8cd; font-family: Arial,sans-serif; font-size: 14px; line-height: 17px; margin-bottom: 0; margin-top: 8px; overflow: hidden; padding: 8px 0 7px; text-align: center;\"><a style=\"color: #c9c8cd; font-family: Arial,sans-serif; font-size: 14px; font-style: normal; font-weight: normal; line-height: 17px; text-decoration: none;\" href=\"https:\/\/www.instagram.com\/p\/DLuby3Voaam\/?utm_source=ig_embed&amp;utm_campaign=loading\" target=\"_blank\" rel=\"noopener\">Une publication partag\u00e9e par Janice (@when_color_matters)<\/a><\/p>\n<\/div>\n<\/blockquote>\n<h2><b>Rochefort-en-Terre : un voyage entre tradition et modernit\u00e9<\/b><\/h2>\n<p><span style=\"font-weight: 400;\">Rochefort-en-Terre, c\u2019est bien plus qu\u2019un joli d\u00e9cor. C\u2019est un village o\u00f9 l\u2019on peut vraiment vivre la Bretagne, entre ses traditions bien ancr\u00e9es et ses touches de modernit\u00e9. Vous pourrez vous impr\u00e9gner de l\u2019histoire du village en visitant des lieux embl\u00e9matiques comme la coll\u00e9giale Notre-Dame-de-la-Tronchaye ou le ch\u00e2teau des Keralio, datant du XIXe si\u00e8cle. Ces b\u00e2timents \u00e0 l&#8217;architecture impressionnante vous plongeront dans le pass\u00e9 tout en vous offrant des vues imprenables sur les environs.<\/span><\/p>\n<p><span style=\"font-weight: 400;\">Mais ce n\u2019est pas tout. Ce qui rend Rochefort-en-Terre vraiment magique, c\u2019est son c\u00f4t\u00e9 vivant. Les artisans locaux vous invitent \u00e0 d\u00e9couvrir leur savoir-faire dans leurs ateliers, et les galeries d\u2019art abritent des \u0153uvres inspir\u00e9es par la beaut\u00e9 de la r\u00e9gion. Vous trouverez \u00e9galement des boutiques charmantes o\u00f9 il est impossible de ne pas craquer pour un souvenir typiquement breton. Et puis, les caf\u00e9s et restaurants du village ne sont jamais loin pour une pause gourmande : des galettes bretonnes aux cr\u00eapes caramel beurre sal\u00e9, vous allez adorer tester les saveurs locales.<\/span><\/p>\n<p><span style=\"font-weight: 400;\">Rochefort-en-Terre, c\u2019est un peu comme un concentr\u00e9 de tout ce qui fait la magie de la Bretagne : une nature superbe, un patrimoine historique riche, et une ambiance chaleureuse et accueillante.<\/span><\/p>\n<blockquote class=\"instagram-media\" style=\"background: #FFF; border: 0; border-radius: 3px; margin: 1px; max-width: 540px; min-width: 326px; padding: 0; width: calc(100% - 2px);\" data-instgrm-captioned=\"\" data-instgrm-permalink=\"https:\/\/www.instagram.com\/p\/DOSzFN-iLIf\/?utm_source=ig_embed&amp;utm_campaign=loading\" data-instgrm-version=\"14\">\n<div style=\"padding: 16px;\">\n<p>&nbsp;<\/p>\n<div style=\"flex-direction: row; align-items: center;\">\n<div style=\"background-color: #f4f4f4; border-radius: 50%; flex-grow: 0; height: 40px; margin-right: 14px; width: 40px;\"><\/div>\n<div style=\"flex-direction: column; flex-grow: 1; justify-content: center;\">\n<div style=\"background-color: #f4f4f4; border-radius: 4px; flex-grow: 0; height: 14px; margin-bottom: 6px; width: 100px;\"><\/div>\n<div style=\"background-color: #f4f4f4; border-radius: 4px; flex-grow: 0; height: 14px; width: 60px;\"><\/div>\n<\/div>\n<\/div>\n<div style=\"padding: 19% 0;\"><\/div>\n<div style=\"height: 50px; margin: 0 auto 12px; width: 50px;\"><\/div>\n<div style=\"padding-top: 8px;\">\n<div style=\"color: #3897f0; font-family: Arial,sans-serif; font-size: 14px; font-style: normal; font-weight: 550; line-height: 18px;\">Voir cette publication sur Instagram<\/div>\n<\/div>\n<div style=\"padding: 12.5% 0;\"><\/div>\n<div style=\"flex-direction: row; margin-bottom: 14px; align-items: center;\">\n<div>\n<div style=\"background-color: #f4f4f4; border-radius: 50%; height: 12.5px; width: 12.5px;\"><\/div>\n<div style=\"background-color: #f4f4f4; height: 12.5px; width: 12.5px; flex-grow: 0; margin-right: 14px; margin-left: 2px;\"><\/div>\n<div style=\"background-color: #f4f4f4; border-radius: 50%; height: 12.5px; width: 12.5px;\"><\/div>\n<\/div>\n<div style=\"margin-left: 8px;\">\n<div style=\"background-color: #f4f4f4; border-radius: 50%; flex-grow: 0; height: 20px; width: 20px;\"><\/div>\n<div style=\"width: 0; height: 0; border-top: 2px solid transparent; border-left: 6px solid #f4f4f4; border-bottom: 2px solid transparent;\"><\/div>\n<\/div>\n<div style=\"margin-left: auto;\">\n<div style=\"width: 0px; border-top: 8px solid #F4F4F4; border-right: 8px solid transparent;\"><\/div>\n<div style=\"background-color: #f4f4f4; flex-grow: 0; height: 12px; width: 16px;\"><\/div>\n<div style=\"width: 0; height: 0; border-top: 8px solid #F4F4F4; border-left: 8px solid transparent;\"><\/div>\n<\/div>\n<\/div>\n<div style=\"flex-direction: column; flex-grow: 1; justify-content: center; margin-bottom: 24px;\">\n<div style=\"background-color: #f4f4f4; border-radius: 4px; flex-grow: 0; height: 14px; margin-bottom: 6px; width: 224px;\"><\/div>\n<div style=\"background-color: #f4f4f4; border-radius: 4px; flex-grow: 0; height: 14px; width: 144px;\"><\/div>\n<\/div>\n<p>&nbsp;<\/p>\n<p style=\"color: #c9c8cd; font-family: Arial,sans-serif; font-size: 14px; line-height: 17px; margin-bottom: 0; margin-top: 8px; overflow: hidden; padding: 8px 0 7px; text-align: center;\"><a style=\"color: #c9c8cd; font-family: Arial,sans-serif; font-size: 14px; font-style: normal; font-weight: normal; line-height: 17px; text-decoration: none;\" href=\"https:\/\/www.instagram.com\/p\/DOSzFN-iLIf\/?utm_source=ig_embed&amp;utm_campaign=loading\" target=\"_blank\" rel=\"noopener\">Une publication partag\u00e9e par Louise Grenadine \ud83c\udf43 slow lifestyle \u00e0 la campagne (@louisegrenadine)<\/a><\/p>\n<\/div>\n<\/blockquote>\n<h2><b>Rochefort-en-Terre : un cadre idyllique pour les amateurs de tranquillit\u00e9 et de gastronomie<\/b><\/h2>\n<p><span style=\"font-weight: 400;\">Si vous \u00eates un \u00e9picurien dans l&#8217;\u00e2me, pr\u00e9parez-vous \u00e0 \u00eatre combl\u00e9. La Bretagne est r\u00e9put\u00e9e pour sa cuisine savoureuse, et Rochefort-en-Terre ne d\u00e9roge pas \u00e0 la r\u00e8gle. Dans les restaurants locaux, vous pourrez go\u00fbter aux sp\u00e9cialit\u00e9s bretonnes comme les fameuses galettes de sarrasin, les fruits de mer frais ou encore les d\u00e9licieuses cr\u00eapes sucr\u00e9es. La gastronomie bretonne est un vrai r\u00e9gal pour les papilles, et le tout dans une ambiance conviviale et d\u00e9tendue.<\/span><\/p>\n<p><span style=\"font-weight: 400;\">Le village est \u00e9galement un havre de paix pour les amateurs de nature et de calme. Si vous aimez marcher, vous trouverez de nombreux sentiers qui vous permettront de d\u00e9couvrir la r\u00e9gion sous un autre angle. Parfait pour une escapade en famille ou entre amis, Rochefort-en-Terre vous offrira tout ce dont vous avez besoin pour d\u00e9connecter et profiter de l\u2019instant pr\u00e9sent. Que vous soyez un amateur de randonn\u00e9e ou simplement \u00e0 la recherche de tranquillit\u00e9, ce village a de quoi satisfaire toutes vos envies.<\/span><\/p>\n<blockquote class=\"instagram-media\" style=\"background: #FFF; border: 0; border-radius: 3px; margin: 1px; max-width: 540px; min-width: 326px; padding: 0; width: calc(100% - 2px);\" data-instgrm-captioned=\"\" data-instgrm-permalink=\"https:\/\/www.instagram.com\/p\/DMI-W07MhAc\/?utm_source=ig_embed&amp;utm_campaign=loading\" data-instgrm-version=\"14\">\n<div style=\"padding: 16px;\">\n<p>&nbsp;<\/p>\n<div style=\"flex-direction: row; align-items: center;\">\n<div style=\"background-color: #f4f4f4; border-radius: 50%; flex-grow: 0; height: 40px; margin-right: 14px; width: 40px;\"><\/div>\n<div style=\"flex-direction: column; flex-grow: 1; justify-content: center;\">\n<div style=\"background-color: #f4f4f4; border-radius: 4px; flex-grow: 0; height: 14px; margin-bottom: 6px; width: 100px;\"><\/div>\n<div style=\"background-color: #f4f4f4; border-radius: 4px; flex-grow: 0; height: 14px; width: 60px;\"><\/div>\n<\/div>\n<\/div>\n<div style=\"padding: 19% 0;\"><\/div>\n<div style=\"height: 50px; margin: 0 auto 12px; width: 50px;\"><\/div>\n<div style=\"padding-top: 8px;\">\n<div style=\"color: #3897f0; font-family: Arial,sans-serif; font-size: 14px; font-style: normal; font-weight: 550; line-height: 18px;\">Voir cette publication sur Instagram<\/div>\n<\/div>\n<div style=\"padding: 12.5% 0;\"><\/div>\n<div style=\"flex-direction: row; margin-bottom: 14px; align-items: center;\">\n<div>\n<div style=\"background-color: #f4f4f4; border-radius: 50%; height: 12.5px; width: 12.5px;\"><\/div>\n<div style=\"background-color: #f4f4f4; height: 12.5px; width: 12.5px; flex-grow: 0; margin-right: 14px; margin-left: 2px;\"><\/div>\n<div style=\"background-color: #f4f4f4; border-radius: 50%; height: 12.5px; width: 12.5px;\"><\/div>\n<\/div>\n<div style=\"margin-left: 8px;\">\n<div style=\"background-color: #f4f4f4; border-radius: 50%; flex-grow: 0; height: 20px; width: 20px;\"><\/div>\n<div style=\"width: 0; height: 0; border-top: 2px solid transparent; border-left: 6px solid #f4f4f4; border-bottom: 2px solid transparent;\"><\/div>\n<\/div>\n<div style=\"margin-left: auto;\">\n<div style=\"width: 0px; border-top: 8px solid #F4F4F4; border-right: 8px solid transparent;\"><\/div>\n<div style=\"background-color: #f4f4f4; flex-grow: 0; height: 12px; width: 16px;\"><\/div>\n<div style=\"width: 0; height: 0; border-top: 8px solid #F4F4F4; border-left: 8px solid transparent;\"><\/div>\n<\/div>\n<\/div>\n<div style=\"flex-direction: column; flex-grow: 1; justify-content: center; margin-bottom: 24px;\">\n<div style=\"background-color: #f4f4f4; border-radius: 4px; flex-grow: 0; height: 14px; margin-bottom: 6px; width: 224px;\"><\/div>\n<div style=\"background-color: #f4f4f4; border-radius: 4px; flex-grow: 0; height: 14px; width: 144px;\"><\/div>\n<\/div>\n<p>&nbsp;<\/p>\n<p style=\"color: #c9c8cd; font-family: Arial,sans-serif; font-size: 14px; line-height: 17px; margin-bottom: 0; margin-top: 8px; overflow: hidden; padding: 8px 0 7px; text-align: center;\"><a style=\"color: #c9c8cd; font-family: Arial,sans-serif; font-size: 14px; font-style: normal; font-weight: normal; line-height: 17px; text-decoration: none;\" href=\"https:\/\/www.instagram.com\/p\/DMI-W07MhAc\/?utm_source=ig_embed&amp;utm_campaign=loading\" target=\"_blank\" rel=\"noopener\">Une publication partag\u00e9e par Coiffeur Richard De (@richarddecoiffure)<\/a><\/p>\n<\/div>\n<\/blockquote>\n<h2><b>Un village magique, hors des sentiers battus<\/b><\/h2>\n<p><span style=\"font-weight: 400;\">Rochefort-en-Terre n\u2019est pas un lieu o\u00f9 l\u2019on passe juste une journ\u00e9e \u00e0 visiter quelques monuments. C\u2019est un endroit o\u00f9 l\u2019on prend le temps de vivre, de s\u2019impr\u00e9gner de l\u2019atmosph\u00e8re unique et de d\u00e9couvrir chaque recoin, chaque petite rue, chaque coin de nature. Ce village breton vous offre une exp\u00e9rience authentique et loin des clich\u00e9s touristiques, tout en restant accessible et abordable. Il est l\u2019endroit parfait pour ceux qui cherchent \u00e0 s\u2019\u00e9vader sans se perdre dans les foules.<\/span><\/p>\n","protected":false},"excerpt":{"rendered":"<p>La Bretagne regorge de tr\u00e9sors secrets, mais il existe un village qui, loin des sentiers battus, cache son charme avec [&hellip;]<\/p>\n","protected":false},"author":3,"featured_media":36501,"comment_status":"open","ping_status":"closed","sticky":false,"template":"","format":"standard","meta":{"_acf_changed":false,"_sitemap_exclude":false,"_sitemap_priority":"","_sitemap_frequency":"","footnotes":"","rank_math_title":"","rank_math_description":"Alors, pr\u00eat \u00e0 d\u00e9couvrir le village breton le plus magique ? Il cache bien son jeu, mais \u00e0 vous de le percer \u00e0 jour. Rochefort-en-Terre vous attend !\n","rank_math_canonical_url":"","rank_math_focus_keyword":"village"},"categories":[3],"tags":[],"class_list":["post-36500","post","type-post","status-publish","format-standard","has-post-thumbnail","hentry","category-voyage"],"acf":[],"_links":{"self":[{"href":"https:\/\/ulysse.com\/news\/wp-json\/wp\/v2\/posts\/36500","targetHints":{"allow":["GET"]}}],"collection":[{"href":"https:\/\/ulysse.com\/news\/wp-json\/wp\/v2\/posts"}],"about":[{"href":"https:\/\/ulysse.com\/news\/wp-json\/wp\/v2\/types\/post"}],"author":[{"embeddable":true,"href":"https:\/\/ulysse.com\/news\/wp-json\/wp\/v2\/users\/3"}],"replies":[{"embeddable":true,"href":"https:\/\/ulysse.com\/news\/wp-json\/wp\/v2\/comments?post=36500"}],"version-history":[{"count":2,"href":"https:\/\/ulysse.com\/news\/wp-json\/wp\/v2\/posts\/36500\/revisions"}],"predecessor-version":[{"id":36504,"href":"https:\/\/ulysse.com\/news\/wp-json\/wp\/v2\/posts\/36500\/revisions\/36504"}],"wp:featuredmedia":[{"embeddable":true,"href":"https:\/\/ulysse.com\/news\/wp-json\/wp\/v2\/media\/36501"}],"wp:attachment":[{"href":"https:\/\/ulysse.com\/news\/wp-json\/wp\/v2\/media?parent=36500"}],"wp:term":[{"taxonomy":"category","embeddable":true,"href":"https:\/\/ulysse.com\/news\/wp-json\/wp\/v2\/categories?post=36500"},{"taxonomy":"post_tag","embeddable":true,"href":"https:\/\/ulysse.com\/news\/wp-json\/wp\/v2\/tags?post=36500"}],"curies":[{"name":"wp","href":"https:\/\/api.w.org\/{rel}","templated":true}]}}