{"id":37033,"date":"2025-11-02T15:00:43","date_gmt":"2025-11-02T14:00:43","guid":{"rendered":"https:\/\/discover.ulysse.com\/?p=37033"},"modified":"2025-11-02T11:27:27","modified_gmt":"2025-11-02T10:27:27","slug":"baleares-surtaxe-jour-visiter-iles-ete-prochain","status":"publish","type":"post","link":"https:\/\/ulysse.com\/news\/baleares-surtaxe-jour-visiter-iles-ete-prochain","title":{"rendered":"C&#8217;est d\u00e9sormais officiel ! Les Bal\u00e9ares passent \u00e0 la surtaxe : 15 \u20ac par jour pour visiter ces \u00eeles cet \u00e9t\u00e9"},"content":{"rendered":"<p><span style=\"font-weight: 400;\">Vous r\u00eavez de plages paradisiaques, de nuits anim\u00e9es et de paysages \u00e0 couper le souffle aux <strong>Bal\u00e9ares<\/strong> ? Attention, votre escapade estivale pourrait bien prendre un nouveau tournant ! L\u2019ann\u00e9e prochaine, si vous envisagez de poser vos valises \u00e0 Majorque, Ibiza, Minorque ou Formentera, vous devrez peut-\u00eatre vous pr\u00e9parer \u00e0 payer un suppl\u00e9ment : une<strong> taxe touristique de 15 \u20ac par jour<\/strong>. Oui, vous avez bien lu : 15 \u20ac par jour ! Une nouvelle mesure qui pourrait bien transformer vos vacances, mais qui a surtout pour objectif de r\u00e9guler le tourisme dans ces \u00eeles surcharg\u00e9es chaque \u00e9t\u00e9. On vous explique tout.<\/span><\/p>\n<h2><b>15 \u20ac par jour pour visiter les Bal\u00e9ares : Pourquoi cette surtaxe ?<\/b><\/h2>\n<p><span style=\"font-weight: 400;\"><strong>Les Bal\u00e9ares<\/strong>, c\u2019est un peu le royaume des plages dor\u00e9es, des eaux turquoises et des f\u00eates sans fin. Chaque ann\u00e9e, les \u00eeles accueillent des millions de touristes venus de toute l&#8217;Europe, dont de nombreux Fran\u00e7ais. Mais voil\u00e0, avec plus de 16 millions de visiteurs chaque ann\u00e9e, l&#8217;archipel commence \u00e0 \u00e9touffer sous le poids du tourisme de masse. La question qui revient sans cesse : comment concilier tourisme et pr\u00e9servation de l\u2019environnement ?<\/span><\/p>\n<p><span style=\"font-weight: 400;\">C\u2019est l\u00e0 qu\u2019intervient cette fameuse<strong> taxe de 15 \u20ac par<\/strong> jour qui pourrait s\u2019appliquer d\u00e8s l\u2019\u00e9t\u00e9 prochain. Actuellement, la taxe sur le tourisme durable (TSD) est bien pr\u00e9sente, mais elle varie entre 2 et 4 \u20ac par nuit, selon l\u2019h\u00e9bergement. Mais pour les syndicats locaux, notamment le CCOO (Commissions Ouvri\u00e8res), cela ne suffit plus. Le but de cette surtaxe ? Dissuader les visiteurs de venir en masse pendant la haute saison, de juillet \u00e0 ao\u00fbt, et de g\u00e9n\u00e9rer des fonds pour am\u00e9liorer la qualit\u00e9 de vie des habitants. Vous ne le saviez peut-\u00eatre pas, mais \u00e0 Majorque et ailleurs, un quart de la population travaille dans le secteur touristique, ce qui cr\u00e9e un d\u00e9s\u00e9quilibre majeur entre les besoins des r\u00e9sidents et les exigences des vacanciers. Ajoutez \u00e0 cela une crise du logement aig\u00fce, et vous obtenez un cocktail explosif\u2026 qu\u2019ils esp\u00e8rent bien r\u00e9guler avec cette nouvelle taxe.<\/span><\/p>\n<blockquote class=\"instagram-media\" style=\"background: #FFF; border: 0; border-radius: 3px; margin: 1px; max-width: 540px; min-width: 326px; padding: 0; width: calc(100% - 2px);\" data-instgrm-captioned=\"\" data-instgrm-permalink=\"https:\/\/www.instagram.com\/p\/DQM2gb3DUC2\/?utm_source=ig_embed&amp;utm_campaign=loading\" data-instgrm-version=\"14\">\n<div style=\"padding: 16px;\">\n<p>&nbsp;<\/p>\n<div style=\"flex-direction: row; align-items: center;\">\n<div style=\"background-color: #f4f4f4; border-radius: 50%; flex-grow: 0; height: 40px; margin-right: 14px; width: 40px;\"><\/div>\n<div style=\"flex-direction: column; flex-grow: 1; justify-content: center;\">\n<div style=\"background-color: #f4f4f4; border-radius: 4px; flex-grow: 0; height: 14px; margin-bottom: 6px; width: 100px;\"><\/div>\n<div style=\"background-color: #f4f4f4; border-radius: 4px; flex-grow: 0; height: 14px; width: 60px;\"><\/div>\n<\/div>\n<\/div>\n<div style=\"padding: 19% 0;\"><\/div>\n<div style=\"height: 50px; margin: 0 auto 12px; width: 50px;\"><\/div>\n<div style=\"padding-top: 8px;\">\n<div style=\"color: #3897f0; font-family: Arial,sans-serif; font-size: 14px; font-style: normal; font-weight: 550; line-height: 18px;\">Voir cette publication sur Instagram<\/div>\n<\/div>\n<div style=\"padding: 12.5% 0;\"><\/div>\n<div style=\"flex-direction: row; margin-bottom: 14px; align-items: center;\">\n<div>\n<div style=\"background-color: #f4f4f4; border-radius: 50%; height: 12.5px; width: 12.5px;\"><\/div>\n<div style=\"background-color: #f4f4f4; height: 12.5px; width: 12.5px; flex-grow: 0; margin-right: 14px; margin-left: 2px;\"><\/div>\n<div style=\"background-color: #f4f4f4; border-radius: 50%; height: 12.5px; width: 12.5px;\"><\/div>\n<\/div>\n<div style=\"margin-left: 8px;\">\n<div style=\"background-color: #f4f4f4; border-radius: 50%; flex-grow: 0; height: 20px; width: 20px;\"><\/div>\n<div style=\"width: 0; height: 0; border-top: 2px solid transparent; border-left: 6px solid #f4f4f4; border-bottom: 2px solid transparent;\"><\/div>\n<\/div>\n<div style=\"margin-left: auto;\">\n<div style=\"width: 0px; border-top: 8px solid #F4F4F4; border-right: 8px solid transparent;\"><\/div>\n<div style=\"background-color: #f4f4f4; flex-grow: 0; height: 12px; width: 16px;\"><\/div>\n<div style=\"width: 0; height: 0; border-top: 8px solid #F4F4F4; border-left: 8px solid transparent;\"><\/div>\n<\/div>\n<\/div>\n<div style=\"flex-direction: column; flex-grow: 1; justify-content: center; margin-bottom: 24px;\">\n<div style=\"background-color: #f4f4f4; border-radius: 4px; flex-grow: 0; height: 14px; margin-bottom: 6px; width: 224px;\"><\/div>\n<div style=\"background-color: #f4f4f4; border-radius: 4px; flex-grow: 0; height: 14px; width: 144px;\"><\/div>\n<\/div>\n<p>&nbsp;<\/p>\n<p style=\"color: #c9c8cd; font-family: Arial,sans-serif; font-size: 14px; line-height: 17px; margin-bottom: 0; margin-top: 8px; overflow: hidden; padding: 8px 0 7px; text-align: center;\"><a style=\"color: #c9c8cd; font-family: Arial,sans-serif; font-size: 14px; font-style: normal; font-weight: normal; line-height: 17px; text-decoration: none;\" href=\"https:\/\/www.instagram.com\/p\/DQM2gb3DUC2\/?utm_source=ig_embed&amp;utm_campaign=loading\" target=\"_blank\" rel=\"noopener\">Une publication partag\u00e9e par Sweet Cream Ibiza (@sweetcream_ibiza)<\/a><\/p>\n<\/div>\n<\/blockquote>\n<h2><b>Le but de la surtaxe : Pr\u00e9server les \u00eeles, sans briser les vacances<\/b><\/h2>\n<p><span style=\"font-weight: 400;\">Derri\u00e8re cette augmentation se cache une volont\u00e9 de pr\u00e9server les Bal\u00e9ares d\u2019un tourisme incontr\u00f4l\u00e9. Imaginez une mer de touristes qui envahit les rues et les plages, des restaurants bond\u00e9s, des logements de plus en plus chers\u2026 c\u2019est exactement ce que cherchent \u00e0 \u00e9viter les autorit\u00e9s locales. Jos\u00e9 Luis Garcia, le secr\u00e9taire g\u00e9n\u00e9ral du CCOO, a bien r\u00e9sum\u00e9 la situation : \u00ab Il n\u2019y a plus de place pour plus de monde ici pendant la haute saison \u00bb, rapporte<a href=\"https:\/\/www.timeout.com\/news\/you-could-soon-be-charged-15-a-day-to-visit-these-popular-european-holiday-islands-102825\" target=\"_blank\" rel=\"noopener\"> Time Out<\/a>. D\u2019une certaine mani\u00e8re, la taxe devient un moyen de r\u00e9guler la foule, de l\u2019inciter \u00e0 venir en dehors des p\u00e9riodes de pointe ou de privil\u00e9gier des destinations moins fr\u00e9quent\u00e9es.<\/span><\/p>\n<p><span style=\"font-weight: 400;\">L&#8217;id\u00e9e, c\u2019est aussi de renvoyer un message fort au monde : les Bal\u00e9ares ne sont pas une destination de &#8220;tourisme de masse&#8221; \u00e0 n\u2019importe quel prix. Et tout cet argent suppl\u00e9mentaire ? Il pourrait \u00eatre investi dans des projets qui b\u00e9n\u00e9ficient directement aux habitants. Pour la construction de logements sociaux, la r\u00e9duction des loyers, et la pr\u00e9servation de l\u2019environnement, notamment. En d\u2019autres termes, cette surtaxe n\u2019est pas juste une mani\u00e8re de remplir les caisses de l&#8217;\u00c9tat, mais bien un investissement pour l\u2019avenir de ces \u00eeles que nous aimons tant.<\/span><\/p>\n<h2><b>Et qu\u2019en pense le tourisme fran\u00e7ais ?<\/b><\/h2>\n<p><span style=\"font-weight: 400;\">Alors, que faut-il en penser si vous \u00eates un touriste fran\u00e7ais ? D\u2019abord, sachez que vous n\u2019\u00eates pas seul : les Fran\u00e7ais repr\u00e9sentent une grande partie des visiteurs aux Bal\u00e9ares. Entre la proximit\u00e9 et l\u2019attractivit\u00e9 de ces \u00eeles, difficile de leur r\u00e9sister. Mais la perspective de 15 \u20ac par jour en suppl\u00e9ment peut faire grincer des dents. Si vous planifiez un s\u00e9jour de 7 jours, cela pourrait bien ajouter 105 \u20ac \u00e0 votre facture. Un petit suppl\u00e9ment qu\u2019il ne faut pas n\u00e9gliger dans son budget.<\/span><\/p>\n<p><span style=\"font-weight: 400;\">Rassurez-vous, cependant, cela ne signifie pas la fin de vos vacances \u00e0<a href=\"https:\/\/discover.ulysse.com\/vous-pensiez-tout-connaitre-dibiza-voici-lune-de-ses-plus-belles-criques-sauvages-encore-meconnue-des-touristes\"> Ibiza<\/a> ou \u00e0 Majorque. Au contraire, cela pourrait inciter \u00e0 un tourisme plus respectueux et r\u00e9fl\u00e9chi. Si vous \u00eates pr\u00eats \u00e0 payer ce suppl\u00e9ment, sachez qu\u2019il pourrait \u00eatre utilis\u00e9 pour am\u00e9liorer les infrastructures et la qualit\u00e9 de vie des habitants. Oui, vous pourriez m\u00eame vous sentir un peu plus \u00ab \u00e9coresponsable \u00bb en contribuant \u00e0 la pr\u00e9servation de l&#8217;\u00eele.<\/span><\/p>\n<p><span style=\"font-weight: 400;\">Et puis, qui sait ? Ce surco\u00fbt pourrait encourager certains \u00e0 partir hors saison, ce qui serait b\u00e9n\u00e9fique pour la gestion des flux touristiques. Si vous \u00eates flexibles, vous pourriez envisager de partir au printemps ou en automne, pour \u00e9viter la foule tout en profitant des charmes de l&#8217;archipel \u00e0 des prix plus doux.<\/span><\/p>\n<h2><b>L\u2019impact sur les entreprises locales : entre optimisme et inqui\u00e9tude<\/b><\/h2>\n<p><span style=\"font-weight: 400;\">\u00c9videmment, tout le monde n\u2019est pas ravi de cette nouvelle surtaxe. Les h\u00f4teliers et les restaurateurs, eux, redoutent une baisse de la fr\u00e9quentation pendant la haute saison, notamment aupr\u00e8s des voyageurs \u00e0 budget serr\u00e9. L\u2019augmentation de la taxe pourrait rendre certaines offres moins attractives, surtout pour ceux qui choisissent les Bal\u00e9ares pour leurs prix comp\u00e9titifs en \u00e9t\u00e9.<\/span><\/p>\n<p><span style=\"font-weight: 400;\">Cela dit, il y a aussi du positif dans cette mesure. Si le tourisme se modifie et devient plus respectueux, cela pourrait attirer des visiteurs plus int\u00e9ress\u00e9s par des s\u00e9jours authentiques et responsables. De plus, les fonds collect\u00e9s pourraient am\u00e9liorer les services offerts aux touristes, rendant l\u2019exp\u00e9rience plus agr\u00e9able pour tout le monde.<\/span><\/p>\n<h2><b>Surtaxe ou pas, le tourisme durable devient une priorit\u00e9<\/b><\/h2>\n<p><span style=\"font-weight: 400;\">En fin de compte, les Bal\u00e9ares ne sont pas les seules \u00e0 chercher des solutions face au surtourisme. D\u2019autres r\u00e9gions espagnoles, comme <a href=\"https:\/\/discover.ulysse.com\/plage-tenerife-cascade-mystique-dans-atlantique\">Tenerife<\/a>, ont d\u00e9j\u00e0 instaur\u00e9 des mesures similaires pour prot\u00e9ger leurs paysages et r\u00e9guler la fr\u00e9quentation. C\u2019est un mouvement qui prend de l\u2019ampleur \u00e0 travers l\u2019Europe, avec un objectif commun : faire du tourisme une activit\u00e9 plus respectueuse et durable, pour pr\u00e9server les tr\u00e9sors naturels et culturels qui attirent les voyageurs.<\/span><\/p>\n<p><span style=\"font-weight: 400;\">Si vous vous pr\u00e9parez \u00e0 visiter les Bal\u00e9ares l\u2019ann\u00e9e prochaine, pensez \u00e0 voyager diff\u00e9remment. Optez pour des h\u00e9bergements respectueux de l\u2019environnement, privil\u00e9giez les transports en commun et ne vous contentez pas des lieux touristiques classiques. Si nous voulons que ces \u00eeles restent aussi belles dans les ann\u00e9es \u00e0 venir, il est temps d\u2019agir !<\/span><\/p>\n<h2><b>\u00c0 vous de choisir !<\/b><\/h2>\n<p><span style=\"font-weight: 400;\">Les Bal\u00e9ares en mode surtaxe, \u00e7a vous tente ? Ce n\u2019est pas une fin en soi, mais plut\u00f4t un appel \u00e0 une prise de conscience collective. Pour vous, les vacanciers fran\u00e7ais, cela signifie une nouvelle forme de tourisme, plus \u00e9thique et peut-\u00eatre un peu plus co\u00fbteuse. Mais ce suppl\u00e9ment pourrait aussi servir \u00e0 pr\u00e9server ce qui fait la beaut\u00e9 de ces \u00eeles et am\u00e9liorer la vie des habitants. \u00c0 vous de voir si le jeu en vaut la chandelle. L\u2019avenir du tourisme dans les Bal\u00e9ares d\u00e9pend d\u00e9sormais de nous tous.<\/span><\/p>\n","protected":false},"excerpt":{"rendered":"<p>Vous r\u00eavez de plages paradisiaques, de nuits anim\u00e9es et de paysages \u00e0 couper le souffle aux Bal\u00e9ares ? Attention, votre [&hellip;]<\/p>\n","protected":false},"author":3,"featured_media":37034,"comment_status":"open","ping_status":"closed","sticky":false,"template":"","format":"standard","meta":{"_acf_changed":false,"_sitemap_exclude":false,"_sitemap_priority":"","_sitemap_frequency":"","footnotes":"","rank_math_title":"","rank_math_description":"15 \u20ac par jour de surtaxe pour visiter les Bal\u00e9ares ? Une mesure pour r\u00e9guler l\u2019afflux touristique cet \u00e9t\u00e9. D\u00e9couvrez ce qui change pour vous !\n","rank_math_canonical_url":"","rank_math_focus_keyword":"Bal\u00e9ares"},"categories":[3],"tags":[],"class_list":["post-37033","post","type-post","status-publish","format-standard","has-post-thumbnail","hentry","category-voyage"],"acf":[],"_links":{"self":[{"href":"https:\/\/ulysse.com\/news\/wp-json\/wp\/v2\/posts\/37033","targetHints":{"allow":["GET"]}}],"collection":[{"href":"https:\/\/ulysse.com\/news\/wp-json\/wp\/v2\/posts"}],"about":[{"href":"https:\/\/ulysse.com\/news\/wp-json\/wp\/v2\/types\/post"}],"author":[{"embeddable":true,"href":"https:\/\/ulysse.com\/news\/wp-json\/wp\/v2\/users\/3"}],"replies":[{"embeddable":true,"href":"https:\/\/ulysse.com\/news\/wp-json\/wp\/v2\/comments?post=37033"}],"version-history":[{"count":2,"href":"https:\/\/ulysse.com\/news\/wp-json\/wp\/v2\/posts\/37033\/revisions"}],"predecessor-version":[{"id":37204,"href":"https:\/\/ulysse.com\/news\/wp-json\/wp\/v2\/posts\/37033\/revisions\/37204"}],"wp:featuredmedia":[{"embeddable":true,"href":"https:\/\/ulysse.com\/news\/wp-json\/wp\/v2\/media\/37034"}],"wp:attachment":[{"href":"https:\/\/ulysse.com\/news\/wp-json\/wp\/v2\/media?parent=37033"}],"wp:term":[{"taxonomy":"category","embeddable":true,"href":"https:\/\/ulysse.com\/news\/wp-json\/wp\/v2\/categories?post=37033"},{"taxonomy":"post_tag","embeddable":true,"href":"https:\/\/ulysse.com\/news\/wp-json\/wp\/v2\/tags?post=37033"}],"curies":[{"name":"wp","href":"https:\/\/api.w.org\/{rel}","templated":true}]}}