{"id":37090,"date":"2025-10-31T18:00:31","date_gmt":"2025-10-31T17:00:31","guid":{"rendered":"https:\/\/discover.ulysse.com\/?p=37090"},"modified":"2025-10-31T11:12:17","modified_gmt":"2025-10-31T10:12:17","slug":"volotea-nouvelle-liaison-aerienne-strasbourg","status":"publish","type":"post","link":"https:\/\/ulysse.com\/news\/volotea-nouvelle-liaison-aerienne-strasbourg","title":{"rendered":"Volotea annonce une nouvelle liaison a\u00e9rienne entre Strasbourg et une destination culturelle de renom"},"content":{"rendered":"<p data-start=\"91\" data-end=\"665\">D\u00e8s septembre 2026, une nouvelle ligne a\u00e9rienne directe reliera la capitale alsacienne \u00e0 l&#8217;une des destinations les plus pris\u00e9es d&#8217;Europe, c\u00e9l\u00e8bre pour son patrimoine historique, ses mus\u00e9es d&#8217;art et ses monuments embl\u00e9matiques. Ce voyage promet une immersion dans une ville d&#8217;art et d&#8217;histoire, o\u00f9 l&#8217;architecture m\u00e9di\u00e9vale rencontre les chefs-d&#8217;\u0153uvre de la Renaissance, et o\u00f9 l&#8217;atmosph\u00e8re romantique se m\u00eale aux saveurs de la cuisine italienne. Une ville o\u00f9 chaque rue respire l\u2019histoire, avec ses ponts majestueux et ses places vivantes.<\/p>\n<h2 data-start=\"667\" data-end=\"726\">Un vol direct pour la perle de la Renaissance avec Volotea<\/h2>\n<p data-start=\"728\" data-end=\"1274\">\u00c0 partir de septembre 2026, la <a href=\"https:\/\/discover.ulysse.com\/volotea-booste-lille-lesquin-vols-sud\">compagnie a\u00e9rienne Volotea<\/a> proposera une nouvelle liaison directe entre Strasbourg et Florence, renfor\u00e7ant ainsi les connexions entre la r\u00e9gion Grand Est et l\u2019Italie. Florence, capitale de la Toscane, est une destination incontournable pour les amoureux d\u2019art, de culture et de paysages idylliques. Avec un vol direct d&#8217;environ 1h30, cette nouvelle route s\u2019annonce comme une option id\u00e9ale pour les voyageurs en qu\u00eate d\u2019une escapade alliant patrimoine, gastronomie et d\u00e9tente.<\/p>\n<p data-start=\"1276\" data-end=\"1806\">Volotea proposera plusieurs d\u00e9parts par semaine entre Strasbourg et <a href=\"https:\/\/discover.ulysse.com\/village-italien-bourre-titre-beau-monde\">Florence<\/a>, avec un vol direct permettant de r\u00e9duire consid\u00e9rablement le temps de trajet. Les tarifs d\u00e9buteront aux alentours de 50\u20ac pour un aller simple, permettant ainsi \u00e0 une large client\u00e8le de profiter de cette connexion pratique et abordable entre les deux villes. Ces prix attractifs visent \u00e0 encourager les d\u00e9placements pour des week-ends prolong\u00e9s ou m\u00eame des s\u00e9jours plus longs \u00e0 la d\u00e9couverte de l\u2019une des plus belles villes d&#8217;Italie.<\/p>\n<blockquote class=\"tiktok-embed\" style=\"max-width: 605px; min-width: 325px;\" cite=\"https:\/\/www.tiktok.com\/@thefrenchwanderess\/video\/7372153040972877089\" data-video-id=\"7372153040972877089\">\n<section><a title=\"@thefrenchwanderess\" href=\"https:\/\/www.tiktok.com\/@thefrenchwanderess?refer=embed\" target=\"_blank\" rel=\"noopener\">@thefrenchwanderess<\/a> 5 choses \u00e0 savoir avant d\u2019aller \u00e0 Florence \ud83c\uddee\ud83c\uddf9 <a title=\"visiterflorence\" href=\"https:\/\/www.tiktok.com\/tag\/visiterflorence?refer=embed\" target=\"_blank\" rel=\"noopener\">#visiterflorence<\/a> <a title=\"voyageaflorence\" href=\"https:\/\/www.tiktok.com\/tag\/voyageaflorence?refer=embed\" target=\"_blank\" rel=\"noopener\">#voyageaflorence<\/a> <a title=\"florencetourisme\" href=\"https:\/\/www.tiktok.com\/tag\/florencetourisme?refer=embed\" target=\"_blank\" rel=\"noopener\">#florencetourisme<\/a> <a title=\"florenceitalie\" href=\"https:\/\/www.tiktok.com\/tag\/florenceitalie?refer=embed\" target=\"_blank\" rel=\"noopener\">#florenceitalie<\/a> <a title=\"decouvrirflorence\" href=\"https:\/\/www.tiktok.com\/tag\/decouvrirflorence?refer=embed\" target=\"_blank\" rel=\"noopener\">#decouvrirflorence<\/a> <a title=\"italietourisme\" href=\"https:\/\/www.tiktok.com\/tag\/italietourisme?refer=embed\" target=\"_blank\" rel=\"noopener\">#italietourisme<\/a> <a title=\"\u266c son original - Emma \ud83c\udf3b Voyager Seule\" href=\"https:\/\/www.tiktok.com\/music\/son-original-7372153166093224737?refer=embed\" target=\"_blank\" rel=\"noopener\">\u266c son original &#8211; Emma \ud83c\udf3b Voyager Seule<\/a><\/section>\n<\/blockquote>\n<p><script async src=\"https:\/\/www.tiktok.com\/embed.js\"><\/script><\/p>\n<h2 data-start=\"1808\" data-end=\"1844\">Une offre pratique et accessible<\/h2>\n<p data-start=\"1846\" data-end=\"2395\">Cette nouvelle ligne a\u00e9rienne s\u2019ajoute \u00e0 l\u2019offre croissante de Volotea dans la r\u00e9gion Grand Est, qui a d\u00e9j\u00e0 lanc\u00e9 des liaisons vers plusieurs destinations europ\u00e9ennes. Le vol entre Strasbourg et Florence sera disponible plusieurs fois par semaine, ce qui permettra aux passagers de choisir leurs horaires en fonction de leurs pr\u00e9f\u00e9rences. Le vol direct sera op\u00e9r\u00e9 avec des appareils modernes offrant un confort optimal, tout en maintenant des prix comp\u00e9titifs, permettant \u00e0 la compagnie de se positionner sur le march\u00e9 des vols low-cost.<\/p>\n<p data-start=\"2397\" data-end=\"2813\">Cette liaison directe est id\u00e9ale non seulement pour les touristes mais aussi pour les hommes d&#8217;affaires souhaitant rejoindre rapidement cette capitale \u00e9conomique et culturelle. La flexibilit\u00e9 des horaires et les prix abordables de cette nouvelle ligne devraient attirer un large public, des familles aux voyageurs solo en passant par les groupes d&#8217;artistes ou les amateurs d\u2019histoire.<\/p>\n","protected":false},"excerpt":{"rendered":"<p>D\u00e8s septembre 2026, une nouvelle ligne a\u00e9rienne directe reliera la capitale alsacienne \u00e0 l&#8217;une des destinations les plus pris\u00e9es d&#8217;Europe, [&hellip;]<\/p>\n","protected":false},"author":4,"featured_media":17887,"comment_status":"open","ping_status":"closed","sticky":false,"template":"","format":"standard","meta":{"_acf_changed":false,"_sitemap_exclude":false,"_sitemap_priority":"","_sitemap_frequency":"","footnotes":"","rank_math_title":"","rank_math_description":"","rank_math_canonical_url":"","rank_math_focus_keyword":"volotea"},"categories":[46],"tags":[],"class_list":["post-37090","post","type-post","status-publish","format-standard","has-post-thumbnail","hentry","category-avion"],"acf":[],"_links":{"self":[{"href":"https:\/\/ulysse.com\/news\/wp-json\/wp\/v2\/posts\/37090","targetHints":{"allow":["GET"]}}],"collection":[{"href":"https:\/\/ulysse.com\/news\/wp-json\/wp\/v2\/posts"}],"about":[{"href":"https:\/\/ulysse.com\/news\/wp-json\/wp\/v2\/types\/post"}],"author":[{"embeddable":true,"href":"https:\/\/ulysse.com\/news\/wp-json\/wp\/v2\/users\/4"}],"replies":[{"embeddable":true,"href":"https:\/\/ulysse.com\/news\/wp-json\/wp\/v2\/comments?post=37090"}],"version-history":[{"count":3,"href":"https:\/\/ulysse.com\/news\/wp-json\/wp\/v2\/posts\/37090\/revisions"}],"predecessor-version":[{"id":37136,"href":"https:\/\/ulysse.com\/news\/wp-json\/wp\/v2\/posts\/37090\/revisions\/37136"}],"wp:featuredmedia":[{"embeddable":true,"href":"https:\/\/ulysse.com\/news\/wp-json\/wp\/v2\/media\/17887"}],"wp:attachment":[{"href":"https:\/\/ulysse.com\/news\/wp-json\/wp\/v2\/media?parent=37090"}],"wp:term":[{"taxonomy":"category","embeddable":true,"href":"https:\/\/ulysse.com\/news\/wp-json\/wp\/v2\/categories?post=37090"},{"taxonomy":"post_tag","embeddable":true,"href":"https:\/\/ulysse.com\/news\/wp-json\/wp\/v2\/tags?post=37090"}],"curies":[{"name":"wp","href":"https:\/\/api.w.org\/{rel}","templated":true}]}}