{"id":37104,"date":"2025-10-31T15:00:23","date_gmt":"2025-10-31T14:00:23","guid":{"rendered":"https:\/\/discover.ulysse.com\/?p=37104"},"modified":"2025-10-31T11:05:00","modified_gmt":"2025-10-31T10:05:00","slug":"taxes-hotels-francais-payer-touristes-etrangers","status":"publish","type":"post","link":"https:\/\/ulysse.com\/news\/taxes-hotels-francais-payer-touristes-etrangers","title":{"rendered":"Taxes sur les h\u00f4tels de luxe : les Fran\u00e7ais vont payer pour les erreurs des touristes \u00e9trangers"},"content":{"rendered":"<p data-start=\"94\" data-end=\"766\">Le secteur du tourisme en France se trouve une nouvelle fois sous pression face aux propositions l\u00e9gislatives en cours, qui visent \u00e0 accro\u00eetre les taxes sur les voyages et les services touristiques. Les professionnels du secteur montent au cr\u00e9neau, alertant sur les cons\u00e9quences n\u00e9gatives que pourraient avoir certaines modifications fiscales pr\u00e9vues dans le projet de loi de finances pour 2026. \u00c0 la cl\u00e9 : une augmentation significative des taxes sur l\u2019h\u00f4tellerie, les h\u00f4tels de luxe et la taxe de s\u00e9jour, qui risquent de faire augmenter les co\u00fbts pour les Fran\u00e7ais, et non uniquement pour les touristes \u00e9trangers comme initialement pr\u00e9vu.<\/p>\n<h2 data-start=\"768\" data-end=\"821\">Une s\u00e9rie d&#8217;amendements qui inqui\u00e8tent le secteur<\/h2>\n<p data-start=\"823\" data-end=\"1704\">L\u2019objectif initial du gouvernement \u00e9tait de taxer les touristes afin de compenser certaines d\u00e9penses publiques. Cependant, certains amendements d\u00e9pos\u00e9s \u00e0 l\u2019Assembl\u00e9e, comme l\u2019augmentation de la TVA sur les h\u00f4tels de luxe, inqui\u00e8tent fortement les acteurs du secteur. Selon Jean-Virgile Crance, maire adjoint de Saint-Malo et pr\u00e9sident de la Conf\u00e9d\u00e9ration des acteurs du tourisme (CAT), cette suraugmentation pourrait avoir des cons\u00e9quences graves. Dans ses propos, relay\u00e9s par <a href=\"https:\/\/www.lefigaro.fr\/voyages\/budget-2026-en-voulant-taxer-les-touristes-on-va-surtout-taxer-les-francais-20251028\" target=\"_blank\" rel=\"noopener\">Le Figaro<\/a>, il alerte sur le fait que les \u00e9tablissements haut de gamme risquent de renier leurs \u00e9toiles pour \u00e9chapper \u00e0 cette taxe, affectant ainsi l\u2019image de la qualit\u00e9 de l\u2019h\u00f4tellerie fran\u00e7aise. De plus, il soul\u00e8ve le risque de voir ces taxes additionnelles se r\u00e9percuter sur le tourisme int\u00e9rieur, alors que <strong>70% des touristes en France sont Fran\u00e7ais<\/strong>.<\/p>\n<blockquote class=\"tiktok-embed\" style=\"max-width: 605px; min-width: 325px;\" cite=\"https:\/\/www.tiktok.com\/@envoyespecial.tv\/video\/7346282362067537184\" data-video-id=\"7346282362067537184\">\n<section><a title=\"@envoyespecial.tv\" href=\"https:\/\/www.tiktok.com\/@envoyespecial.tv?refer=embed\" target=\"_blank\" rel=\"noopener\">@envoyespecial.tv<\/a> \ud83e\udd11 La para-h\u00f4tellerie, un r\u00e9gime fiscal avantageux pour les investisseur de Courchevel. Ils peuvent r\u00e9cup\u00e9rer des millions d\u2019euros de TVA sur la construction : les chalets luxueux se multiplient donc, en bas des pistes. \ud83d\udcfa \u201cCourchevel, son univers impitoyable\u201d c&#8217;est ce soir dans <a title=\"envoy\u00e9sp\u00e9cial\" href=\"https:\/\/www.tiktok.com\/tag\/envoy%C3%A9sp%C3%A9cial?refer=embed\" target=\"_blank\" rel=\"noopener\">#Envoy\u00e9Sp\u00e9cial<\/a> <a title=\"\u266c son original - Envoy\u00e9 Sp\u00e9cial\" href=\"https:\/\/www.tiktok.com\/music\/son-original-7346282451326536481?refer=embed\" target=\"_blank\" rel=\"noopener\">\u266c son original &#8211; Envoy\u00e9 Sp\u00e9cial<\/a><\/section>\n<\/blockquote>\n<p><script async src=\"https:\/\/www.tiktok.com\/embed.js\"><\/script><\/p>\n<p data-start=\"1706\" data-end=\"2162\">Les h\u00f4teliers se retrouvent donc dans une situation d\u00e9licate, tiraill\u00e9s entre l\u2019imp\u00f4t et la volont\u00e9 de maintenir une qualit\u00e9 d\u2019accueil digne des standards fran\u00e7ais. La question qui se pose alors est : qui paiera r\u00e9ellement cette taxe ? Jean-Virgile Crance souligne que les Fran\u00e7ais eux-m\u00eames pourraient voir leurs factures de vacances grimper, contredisant l\u2019id\u00e9e initiale d\u2019une taxe principalement destin\u00e9e aux touristes \u00e9trangers.<\/p>\n<h2 data-start=\"2164\" data-end=\"2225\">Un impact sur la comp\u00e9titivit\u00e9 et les petites entreprises<\/h2>\n<p data-start=\"2227\" data-end=\"2777\">L\u2019impact de ces mesures pourrait \u00e9galement affecter les petites entreprises touristiques, comme les g\u00eetes et les chambres d\u2019h\u00f4tes, qui repr\u00e9sentent une part importante de l\u2019offre d\u2019h\u00e9bergement en France. Solange Escure, pr\u00e9sidente du r\u00e9seau G\u00eetes de France, a exprim\u00e9 ses inqui\u00e9tudes face \u00e0 une \u00e9ventuelle augmentation de la taxe de s\u00e9jour. La mise en place de cette taxe additionnelle pourrait en effet rendre plus difficile l\u2019acc\u00e8s \u00e0 l\u2019h\u00e9bergement pour les voyageurs fran\u00e7ais, r\u00e9duisant ainsi l\u2019attrait de certaines r\u00e9gions.<\/p>\n<p data-start=\"2779\" data-end=\"3076\">Le secteur appelle donc \u00e0 un dialogue constructif avec les parlementaires et les autorit\u00e9s locales afin de revoir ces propositions avant leur adoption finale. La stabilit\u00e9 fiscale et la pr\u00e9servation des emplois dans le tourisme restent des priorit\u00e9s pour les professionnels du secteur.<\/p>\n<h2 data-start=\"3078\" data-end=\"3146\">Le ministre du Tourisme tente de rassurer les acteurs du secteur<\/h2>\n<p data-start=\"3148\" data-end=\"3613\">Face \u00e0 ces inqui\u00e9tudes, Serge Papin, ministre des PME et du Tourisme, a assur\u00e9 que le gouvernement n\u2019entendait pas pr\u00e9cipiter une r\u00e9forme de la taxe de s\u00e9jour et qu\u2019il y aurait une concertation pr\u00e9alable avec les professionnels du secteur. Lors de son intervention au forum <a href=\"https:\/\/www.aworldfortravel.org\/\" target=\"_blank\" rel=\"noopener\">A World for Travel<\/a>, il a soulign\u00e9 l&#8217;importance de maintenir la stabilit\u00e9 pour les PME du tourisme, qui repr\u00e9sentent une part essentielle de l\u2019\u00e9conomie du pays.<\/p>\n<p data-start=\"3615\" data-end=\"3952\">Pour le secteur du tourisme, l\u2019enjeu est de trouver un \u00e9quilibre entre la n\u00e9cessit\u00e9 de financer les d\u00e9penses publiques et la comp\u00e9titivit\u00e9 des entreprises fran\u00e7aises, notamment celles du secteur h\u00f4tellerie et loisirs, qui se battent pour attirer les touristes tout en faisant face \u00e0 une concurrence de plus en plus vive.<\/p>\n","protected":false},"excerpt":{"rendered":"<p>Le secteur du tourisme en France se trouve une nouvelle fois sous pression face aux propositions l\u00e9gislatives en cours, qui [&hellip;]<\/p>\n","protected":false},"author":4,"featured_media":37132,"comment_status":"open","ping_status":"closed","sticky":false,"template":"","format":"standard","meta":{"_acf_changed":false,"_sitemap_exclude":false,"_sitemap_priority":"","_sitemap_frequency":"","footnotes":"","rank_math_title":"","rank_math_description":"","rank_math_canonical_url":"","rank_math_focus_keyword":"taxe"},"categories":[3],"tags":[],"class_list":["post-37104","post","type-post","status-publish","format-standard","has-post-thumbnail","hentry","category-voyage"],"acf":[],"_links":{"self":[{"href":"https:\/\/ulysse.com\/news\/wp-json\/wp\/v2\/posts\/37104","targetHints":{"allow":["GET"]}}],"collection":[{"href":"https:\/\/ulysse.com\/news\/wp-json\/wp\/v2\/posts"}],"about":[{"href":"https:\/\/ulysse.com\/news\/wp-json\/wp\/v2\/types\/post"}],"author":[{"embeddable":true,"href":"https:\/\/ulysse.com\/news\/wp-json\/wp\/v2\/users\/4"}],"replies":[{"embeddable":true,"href":"https:\/\/ulysse.com\/news\/wp-json\/wp\/v2\/comments?post=37104"}],"version-history":[{"count":5,"href":"https:\/\/ulysse.com\/news\/wp-json\/wp\/v2\/posts\/37104\/revisions"}],"predecessor-version":[{"id":37134,"href":"https:\/\/ulysse.com\/news\/wp-json\/wp\/v2\/posts\/37104\/revisions\/37134"}],"wp:featuredmedia":[{"embeddable":true,"href":"https:\/\/ulysse.com\/news\/wp-json\/wp\/v2\/media\/37132"}],"wp:attachment":[{"href":"https:\/\/ulysse.com\/news\/wp-json\/wp\/v2\/media?parent=37104"}],"wp:term":[{"taxonomy":"category","embeddable":true,"href":"https:\/\/ulysse.com\/news\/wp-json\/wp\/v2\/categories?post=37104"},{"taxonomy":"post_tag","embeddable":true,"href":"https:\/\/ulysse.com\/news\/wp-json\/wp\/v2\/tags?post=37104"}],"curies":[{"name":"wp","href":"https:\/\/api.w.org\/{rel}","templated":true}]}}