{"id":37126,"date":"2025-11-01T19:00:10","date_gmt":"2025-11-01T18:00:10","guid":{"rendered":"https:\/\/discover.ulysse.com\/?p=37126"},"modified":"2025-10-31T19:42:21","modified_gmt":"2025-10-31T18:42:21","slug":"fete-air-france-pop-up-sapins-parisiens","status":"publish","type":"post","link":"https:\/\/ulysse.com\/news\/fete-air-france-pop-up-sapins-parisiens","title":{"rendered":"Sous les sapins parisiens, Air France d\u00e9voile son cocon pop-up pour c\u00e9l\u00e9brer l\u2019art du voyage"},"content":{"rendered":"<p><span style=\"font-weight: 400;\">Quand l\u2019\u00e9l\u00e9gance prend son envol et que No\u00ebl d\u00e9ploie ses ailes, Air France signe une escale inattendue au c\u0153ur de la capitale. Pour les f\u00eates de fin d\u2019ann\u00e9e, la compagnie a\u00e9rienne fait halte au <\/span><b>Bon March\u00e9 Rive Gauche<\/b><span style=\"font-weight: 400;\"> et y ouvre un <strong>pop-up store<\/strong> aussi raffin\u00e9 qu\u2019un vol en classe Affaires. Entre hublots scintillants, objets collectors et collaborations styl\u00e9es, l\u2019adresse \u00e9ph\u00e9m\u00e8re promet un aller-simple vers la f\u00e9\u00e9rie. Jusqu\u2019au <\/span><b>2 janvier 2026<\/b><span style=\"font-weight: 400;\">, les Parisiens peuvent y embarquer pour un voyage immobile, mais riche en \u00e9motions et en trouvailles.<\/span><\/p>\n<h2><b>Un ciel de f\u00eate au Bon March\u00e9 Rive Gauche<\/b><\/h2>\n<p><span style=\"font-weight: 400;\">Qui a dit que voyager n\u2019\u00e9tait possible qu\u2019en montant \u00e0 bord d\u2019un avion ? Cet hiver, <a href=\"https:\/\/discover.ulysse.com\/air-france-etoiles-reines-ciel-europeen\">Air France<\/a> d\u00e9colle en plein Paris ! Nich\u00e9 au <\/span><b>deuxi\u00e8me \u00e9tage du Bon March\u00e9 Rive Gauche<\/b><span style=\"font-weight: 400;\">, temple du chic et du bon go\u00fbt, son pop-up store d\u00e9ploie une <\/span><b>sc\u00e9nographie a\u00e9rienne et lumineuse<\/b><span style=\"font-weight: 400;\">. Imaginez : un d\u00e9cor pens\u00e9 comme un salon d\u2019a\u00e9roport de r\u00eave, un immense hublot qui donne envie de s\u2019envoler, et des touches de bleu, blanc, rouge qui rappellent fi\u00e8rement les couleurs de la compagnie.<\/span><\/p>\n<p><span style=\"font-weight: 400;\">Le tout est saupoudr\u00e9 d\u2019une ambiance festive : lumi\u00e8res dor\u00e9es, reflets argent\u00e9s et d\u00e9tails raffin\u00e9s. On y retrouve la signature \u00e9l\u00e9gante d\u2019Air France, mais aussi cette magie de No\u00ebl qui transforme une simple boutique en cocon enchant\u00e9. L\u2019adresse ? <\/span><b>24 rue de S\u00e8vres, dans le 7\u1d49 arrondissement<\/b><span style=\"font-weight: 400;\">, bien s\u00fbr. Les horaires ? <\/span><b>Du lundi au samedi de 10h \u00e0 19h45, et le dimanche de 11h \u00e0 19h45.<\/b><span style=\"font-weight: 400;\"> Une escale id\u00e9ale avant de fl\u00e2ner dans les all\u00e9es gourmandes ou de boucler la liste des cadeaux.<\/span><\/p>\n<h2><b>Des id\u00e9es cadeaux pour voyageurs (et r\u00eaveurs)<\/b><\/h2>\n<p><span style=\"font-weight: 400;\">Dans les rayons du pop-up, chaque objet raconte une histoire de voyage. Ici, pas de gadgets anonymes : tout respire le savoir-faire, la nostalgie et ce petit suppl\u00e9ment d\u2019\u00e2me qui fait la diff\u00e9rence.<\/span><\/p>\n<p><span style=\"font-weight: 400;\">On y d\u00e9couvre d\u2019abord la tr\u00e8s \u00e9l\u00e9gante <\/span><b>ligne \u201cLa Croisette\u201d<\/b><span style=\"font-weight: 400;\"> : sacs cabas, sacoches d\u2019ordinateur, trousses et prot\u00e8ge-passeports aux lignes \u00e9pur\u00e9es et aux couleurs embl\u00e9matiques. De quoi voyager chic, m\u00eame \u00e0 quelques stations de m\u00e9tro ! Ces pi\u00e8ces, \u00e0 la fois pratiques et styl\u00e9es, incarnent l\u2019art de vivre \u00e0 la fran\u00e7aise jusque dans les moindres d\u00e9tails.<\/span><\/p>\n<p><span style=\"font-weight: 400;\">Les <\/span>collectionneurs tomberont sous le charme des r\u00e9\u00e9ditions vintage, notamment le c\u00e9l\u00e8bre sac week-end <strong>\u201cLe Plus Grand R\u00e9seau du Monde\u201d<\/strong>, clin d\u2019\u0153il \u00e0 l\u2019\u00e2ge d\u2019or de la compagnie. Les amoureux d\u2019aviation se r\u00e9jouiront des maquettes d\u2019A350 et de Concorde, sans oublier le mod\u00e8le Concorde en laiton nickel\u00e9 \u2014 une pi\u00e8ce aussi mythique que l\u2019appareil lui-m\u00eame.<\/p>\n<p>Pour les plus jeunes (ou les grands enfants), la s\u00e9lection regorge de petits tr\u00e9sors : boule \u00e0 neige Air France, peluche ourson pilote, avion en bois \u00e0 friction fabriqu\u00e9 en France, porte-cl\u00e9s et autres accessoires malicieux, compte <a href=\"https:\/\/www.en-vols.com\/a-bord\/actualites-air-france\/air-france-pop-up-bon-marche\/\" target=\"_blank\" rel=\"noopener\">Envols<\/a>. Et pour ceux qui ne jurent que par la fonctionnalit\u00e9 \u00e9l\u00e9gante : une valise cabine Air France x Delsey ou le sac cabas Vanessa Bruno, alliance parfaite du style et du pratique.<\/p>\n<p><span style=\"font-weight: 400;\">Le tout compose un univers o\u00f9 chaque objet devient une invitation \u00e0 l\u2019\u00e9vasion. Et pour prolonger le plaisir, l\u2019ensemble des collections est \u00e9galement disponible en ligne sur<\/span><a href=\"https:\/\/shopping.airfrance.com\" target=\"_blank\" rel=\"noopener\"> <b>shopping.airfrance.com<\/b><\/a><span style=\"font-weight: 400;\">. Un clic, et c\u2019est parti pour un voyage \u00e0 domicile !<\/span><\/p>\n<h2><b>L\u2019art du voyage, revisit\u00e9 fa\u00e7on cocon parisien<\/b><\/h2>\n<p><span style=\"font-weight: 400;\">Ce pop-up n\u2019est pas qu\u2019une boutique : c\u2019est une <\/span>escale sensorielle<span style=\"font-weight: 400;\">, un instant suspendu entre terre et ciel. Air France y c\u00e9l\u00e8bre l\u2019\u00ab art du voyage \u00e0 la fran\u00e7aise \u00bb \u2014 cette fa\u00e7on bien d\u2019ici de transformer chaque d\u00e9placement en exp\u00e9rience raffin\u00e9e.<\/span><\/p>\n<p><span style=\"font-weight: 400;\">Les visiteurs fl\u00e2nent au milieu des hublots stylis\u00e9s comme dans une galerie de design. Les couleurs \u00e9voquent les cabines Premi\u00e8re, les mat\u00e9riaux rappellent le confort des salons d\u2019a\u00e9roport, et la musique d\u2019ambiance souffle une promesse : celle d\u2019un d\u00e9part imminent.<\/span><\/p>\n<p><span style=\"font-weight: 400;\">Ce projet refl\u00e8te aussi un changement dans la mani\u00e8re dont les marques a\u00e9riennes s\u2019adressent \u00e0 leur public. Apr\u00e8s des ann\u00e9es focalis\u00e9es sur la performance et la technologie, place \u00e0 l\u2019\u00e9motion : celle du d\u00e9part, de la d\u00e9couverte, du plaisir d\u2019offrir. En installant son cocon festif au Bon March\u00e9, Air France s\u2019invite dans la vie quotidienne des Fran\u00e7ais et relie deux univers qui partagent la m\u00eame philosophie : <\/span><b>le luxe discret, le go\u00fbt du beau, et le sens du d\u00e9tail.<\/b><\/p>\n<h2><b>Une op\u00e9ration qui donne des ailes au shopping de No\u00ebl<\/b><\/h2>\n<p><span style=\"font-weight: 400;\">Pour Air France, ce pop-up n\u2019est pas qu\u2019un coup marketing : c\u2019est une d\u00e9claration d\u2019amour \u00e0 la capitale et \u00e0 ses voyageurs. L\u2019id\u00e9e ? Prolonger la magie du vol jusque dans les rues de<a href=\"https:\/\/discover.ulysse.com\/tour-eiffel-village-medieval-paris\"> Paris<\/a>, en m\u00ealant <\/span>plaisir du shopping et r\u00eave d\u2019\u00e9vasion.<\/p>\n<p><span style=\"font-weight: 400;\">Le choix du Bon March\u00e9 n\u2019a rien d\u2019un hasard. Ce grand magasin, pionnier du commerce moderne, est depuis toujours le lieu des d\u00e9couvertes et des belles surprises. Le voir accueillir la compagnie a\u00e9rienne fran\u00e7aise, c\u2019est un peu comme si le ciel descendait sur la Rive Gauche.<\/span><\/p>\n<p><span style=\"font-weight: 400;\">Et puis, avouons-le, qui n\u2019a jamais r\u00eav\u00e9 de glisser sous le sapin un cadeau estampill\u00e9 Air France ? Un sac \u00ab La Croisette \u00bb pour les week-ends improvis\u00e9s, une maquette du Concorde pour les collectionneurs, ou m\u00eame une simple trousse de voyage qui sent bon les escapades : autant de pr\u00e9sents qui promettent l\u2019aventure sans billet retour.<\/span><\/p>\n<p><span style=\"font-weight: 400;\">Au-del\u00e0 des objets, c\u2019est tout un <\/span>\u00e9tat d\u2019esprit<span style=\"font-weight: 400;\"> que la marque partage : voyager, c\u2019est s\u2019offrir une parenth\u00e8se, une dose de libert\u00e9, un peu de po\u00e9sie. Et en cette fin d\u2019ann\u00e9e, Paris devient la plus belle des pistes d\u2019envols pour cette escapade pleine de peps et de douceur.<\/span><\/p>\n<h2><b>L\u2019escale chic qui fait r\u00eaver<\/b><\/h2>\n<p><span style=\"font-weight: 400;\">En installant son cocon festif au Bon March\u00e9, Air France prouve qu\u2019elle sait encore surprendre. Elle r\u00e9ussit \u00e0 marier l\u2019univers du voyage et celui du lifestyle avec une \u00e9l\u00e9gance sans effort. Ce pop-up n\u2019est pas qu\u2019une boutique : c\u2019est une promesse. Celle que l\u2019art du voyage, version fran\u00e7aise, reste un symbole d\u2019\u00e9l\u00e9gance, de curiosit\u00e9 et de r\u00eave.<\/span><\/p>\n<p><span style=\"font-weight: 400;\">Alors avant de plier bagage pour vos vacances d\u2019hiver, passez par la Rive Gauche. Vous y trouverez peut-\u00eatre le cadeau parfait\u2026 ou l\u2019envie irr\u00e9sistible de r\u00e9server votre prochain vol.<\/span><\/p>\n","protected":false},"excerpt":{"rendered":"<p>Quand l\u2019\u00e9l\u00e9gance prend son envol et que No\u00ebl d\u00e9ploie ses ailes, Air France signe une escale inattendue au c\u0153ur de [&hellip;]<\/p>\n","protected":false},"author":3,"featured_media":37168,"comment_status":"open","ping_status":"closed","sticky":false,"template":"","format":"standard","meta":{"_acf_changed":false,"_sitemap_exclude":false,"_sitemap_priority":"","_sitemap_frequency":"","footnotes":"","rank_math_title":"","rank_math_description":" Air France ouvre son pop-up chic au Bon March\u00e9 : une escale festive et styl\u00e9e o\u00f9 l\u2019art du voyage se glisse sous les sapins parisiens.\n","rank_math_canonical_url":"","rank_math_focus_keyword":"Air France"},"categories":[3],"tags":[],"class_list":["post-37126","post","type-post","status-publish","format-standard","has-post-thumbnail","hentry","category-voyage"],"acf":[],"_links":{"self":[{"href":"https:\/\/ulysse.com\/news\/wp-json\/wp\/v2\/posts\/37126","targetHints":{"allow":["GET"]}}],"collection":[{"href":"https:\/\/ulysse.com\/news\/wp-json\/wp\/v2\/posts"}],"about":[{"href":"https:\/\/ulysse.com\/news\/wp-json\/wp\/v2\/types\/post"}],"author":[{"embeddable":true,"href":"https:\/\/ulysse.com\/news\/wp-json\/wp\/v2\/users\/3"}],"replies":[{"embeddable":true,"href":"https:\/\/ulysse.com\/news\/wp-json\/wp\/v2\/comments?post=37126"}],"version-history":[{"count":3,"href":"https:\/\/ulysse.com\/news\/wp-json\/wp\/v2\/posts\/37126\/revisions"}],"predecessor-version":[{"id":37192,"href":"https:\/\/ulysse.com\/news\/wp-json\/wp\/v2\/posts\/37126\/revisions\/37192"}],"wp:featuredmedia":[{"embeddable":true,"href":"https:\/\/ulysse.com\/news\/wp-json\/wp\/v2\/media\/37168"}],"wp:attachment":[{"href":"https:\/\/ulysse.com\/news\/wp-json\/wp\/v2\/media?parent=37126"}],"wp:term":[{"taxonomy":"category","embeddable":true,"href":"https:\/\/ulysse.com\/news\/wp-json\/wp\/v2\/categories?post=37126"},{"taxonomy":"post_tag","embeddable":true,"href":"https:\/\/ulysse.com\/news\/wp-json\/wp\/v2\/tags?post=37126"}],"curies":[{"name":"wp","href":"https:\/\/api.w.org\/{rel}","templated":true}]}}