{"id":37159,"date":"2025-11-02T18:00:37","date_gmt":"2025-11-02T17:00:37","guid":{"rendered":"https:\/\/discover.ulysse.com\/?p=37159"},"modified":"2025-11-02T11:31:44","modified_gmt":"2025-11-02T10:31:44","slug":"fuis-france-novembre-ile-4h-vol-30c","status":"publish","type":"post","link":"https:\/\/ulysse.com\/news\/fuis-france-novembre-ile-4h-vol-30c","title":{"rendered":"Chaque ann\u00e9e, je fuis la France en novembre pour cette \u00eele \u00e0 4h de vol o\u00f9 les 30\u00b0C sont toujours l\u00e0 !"},"content":{"rendered":"<p>Alors que l\u2019Europe continentale glisse doucement vers le froid, que les parapluies se d\u00e9ploient \u00e0 Lyon, Lille ou Paris, il existe une destination o\u00f9 l\u2019automne se vit en maillot de bain, cocktail en main. \u00c0 quelques heures seulement de la France, dans un coin d\u2019Europe que les voyageurs connaissent bien, la lumi\u00e8re ne d\u00e9cline pas, les temp\u00e9ratures restent estivales, et les plages se vident. Un endroit que les Fran\u00e7ais adorent retrouver entre octobre et d\u00e9cembre, quand le contraste avec l\u2019Hexagone devient presque saisissant. L\u00e0-bas, pas besoin de chauffage : les journ\u00e9es flirtent avec les 26 degr\u00e9s, la mer est encore douce, et le soleil brille comme en plein mois de juin.<\/p>\n<h2 data-start=\"819\" data-end=\"887\">\u00c0 moins de 4 heures de Paris, un climat d\u2019avril en plein novembre<\/h2>\n<p data-start=\"889\" data-end=\"1221\">C\u2019est une promesse que peu de destinations tiennent \u00e0 cette \u00e9poque : 26 degr\u00e9s l\u2019apr\u00e8s-midi, 22 dans l\u2019eau, ciel d\u00e9gag\u00e9, terrasses ouvertes et plages presque d\u00e9sertes. Situ\u00e9e au large des c\u00f4tes marocaines mais bien espagnole, <a href=\"https:\/\/discover.ulysse.com\/plage-tenerife-cascade-mystique-dans-atlantique\">Tenerife<\/a> b\u00e9n\u00e9ficie d\u2019un <strong data-start=\"1139\" data-end=\"1165\">microclimat privil\u00e9gi\u00e9<\/strong> qui lui vaut son surnom d\u2019\u00ab \u00eele au printemps \u00e9ternel \u00bb.<\/p>\n<p data-start=\"1223\" data-end=\"1596\">En cette fin d\u2019automne, la temp\u00e9rature oscille entre 23 et 26 degr\u00e9s, m\u00eame en bord de mer, avec un ensoleillement quasi constant dans le sud-ouest de l\u2019\u00eele. C\u2019est pr\u00e9cis\u00e9ment cette zone, abrit\u00e9e par le mont Teide, qui attire les amateurs de soleil : Costa Adeje, Los Cristianos, Playa Fa\u00f1ab\u00e9 ou encore Playa del Duque garantissent un ciel bleu m\u00eame quand l\u2019Europe grelotte.<\/p>\n<h2 data-start=\"1598\" data-end=\"1651\">Des prix imbattables pour une escapade sans stress<\/h2>\n<p data-start=\"1653\" data-end=\"1958\">C\u2019est aussi ce qui fait le charme de Tenerife en cette saison : <strong data-start=\"1717\" data-end=\"1781\">la douceur du climat s\u2019accompagne d\u2019une mod\u00e9ration tarifaire<\/strong> rare en Europe. Les vols de derni\u00e8re minute depuis Paris ou Lyon restent accessibles, les h\u00f4tels bradent leurs chambres, et les surclassements sont fr\u00e9quents hors haute saison.<\/p>\n<p data-start=\"1960\" data-end=\"2232\">Sur place, les prix d\u00e9fient toute concurrence : une pinte de bi\u00e8re co\u00fbte en moyenne moins de deux euros, un poisson grill\u00e9 autour de dix. Les voitures de location, notamment les mod\u00e8les citadins, tombent parfois sous la barre des dix euros par jour pour les plus r\u00e9actifs.<\/p>\n<p data-start=\"2234\" data-end=\"2381\">C\u2019est ce qui fait de Tenerife une destination id\u00e9ale pour un long week-end improvis\u00e9, ou pour une parenth\u00e8se d\u2019une semaine entre deux mois charg\u00e9s.<\/p>\n<blockquote class=\"tiktok-embed\" style=\"max-width: 605px; min-width: 325px;\" cite=\"https:\/\/www.tiktok.com\/@twofrenchwandering\/video\/7515851212936334614\" data-video-id=\"7515851212936334614\">\n<section><a title=\"@twofrenchwandering\" href=\"https:\/\/www.tiktok.com\/@twofrenchwandering?refer=embed\" target=\"_blank\" rel=\"noopener\">@twofrenchwandering<\/a> le guide ultime pour tenerife, on vous donne toutes les activit\u00e9s \u00e0 faire \ud83c\uddee\ud83c\udde8 j\u2019ai recu beaucoup de demande sur ce qu\u2019il y avait \u00e0 faire sur l\u2019\u00eele, voil\u00e0 enfin la vid\u00e9ooo \ud83e\udef6\ud83c\udffb apr\u00e8s avoir pass\u00e9 un mois sur l\u2019\u00eele on a pu bien profit\u00e9 de tous les coins, bien sur cela n\u2019inclus pas les villes en elle m\u00eame mais plus les activit\u00e9s \u00e0 cot\u00e9 \ud83c\udfd6\ufe0f entre plages, rando, croisi\u00e8res vraiment vous pouvez pas vous ennuyer \u00e0 tenerife \ud83d\udc83 si vous avez des questions sur l\u2019\u00eele, n\u2019hesitez pas, et retrouvez toutes nos activit\u00e9s en bio ! <a title=\"tenerife\" href=\"https:\/\/www.tiktok.com\/tag\/tenerife?refer=embed\" target=\"_blank\" rel=\"noopener\">#tenerife<\/a> <a title=\"tenerifecanaryisland\" href=\"https:\/\/www.tiktok.com\/tag\/tenerifecanaryisland?refer=embed\" target=\"_blank\" rel=\"noopener\">#tenerifecanaryisland<\/a> <a title=\"tenerifeguide\" href=\"https:\/\/www.tiktok.com\/tag\/tenerifeguide?refer=embed\" target=\"_blank\" rel=\"noopener\">#tenerifeguide<\/a> <a title=\"lescanaries\" href=\"https:\/\/www.tiktok.com\/tag\/lescanaries?refer=embed\" target=\"_blank\" rel=\"noopener\">#lescanaries<\/a> <a title=\"voyageespagne\" href=\"https:\/\/www.tiktok.com\/tag\/voyageespagne?refer=embed\" target=\"_blank\" rel=\"noopener\">#voyageespagne<\/a> <a title=\"tenerifevoyage\" href=\"https:\/\/www.tiktok.com\/tag\/tenerifevoyage?refer=embed\" target=\"_blank\" rel=\"noopener\">#tenerifevoyage<\/a> <a title=\"\u266c Lemonade (Original Mix) - Michael Bibi &amp; Michael Bibi\" href=\"https:\/\/www.tiktok.com\/music\/Lemonade-Original-Mix-6845126585058592770?refer=embed\" target=\"_blank\" rel=\"noopener\">\u266c Lemonade (Original Mix) &#8211; Michael Bibi &amp; Michael Bibi<\/a><\/section>\n<\/blockquote>\n<p><script async src=\"https:\/\/www.tiktok.com\/embed.js\"><\/script><\/p>\n<h2 data-start=\"2383\" data-end=\"2445\">Des plages pour tous les go\u00fbts, entre animation et solitude<\/h2>\n<p data-start=\"2447\" data-end=\"2954\">La vari\u00e9t\u00e9 des plages est une autre richesse de l\u2019\u00eele. \u00c0 l\u2019ouest, Los Gigantes offre des criques spectaculaires domin\u00e9es par d\u2019immenses falaises. \u00c0 l\u2019est, Playa de la Tejita d\u00e9voile un paysage plus sauvage, avec sa Monta\u00f1a Roja en toile de fond, pris\u00e9e des amateurs de silence et de vues brutes. Et pour ceux qui cherchent \u00e0 conjuguer baignade et observation de la faune, les stations comme Puerto Santiago sont des points de d\u00e9part id\u00e9aux pour des excursions en mer \u00e0 la rencontre des dauphins et baleines.<\/p>\n<p data-start=\"2956\" data-end=\"3201\">Sur la c\u00f4te nord, Puerto de la Cruz charme avec ses maisons color\u00e9es, sa v\u00e9g\u00e9tation luxuriante et son ambiance plus locale. Le climat y est un peu plus humide, mais l\u2019atmosph\u00e8re authentique, parfaite pour la randonn\u00e9e et les s\u00e9jours plus calmes.<\/p>\n<h2 data-start=\"3203\" data-end=\"3267\">Tenerife, une destination qui combine l\u00e9g\u00e8ret\u00e9 et d\u00e9connexion<\/h2>\n<p data-start=\"3269\" data-end=\"3611\">Ce qui s\u00e9duit \u00e0 Tenerife, c\u2019est la <strong data-start=\"3304\" data-end=\"3369\">simplicit\u00e9 d\u2019un voyage qui coche toutes les cases sans effort<\/strong>. Pas besoin de visa, pas de long courrier, pas de d\u00e9calage horaire. En quatre heures de vol depuis la France, on atterrit dans une \u00eele qui a su pr\u00e9server son \u00e9quilibre entre tourisme et nature, infrastructures modernes et paysages pr\u00e9serv\u00e9s.<\/p>\n<p data-start=\"3613\" data-end=\"3803\">Les Europ\u00e9ens ne s\u2019y trompent pas : nombreux sont ceux qui reviennent chaque automne, conscients que peu de lieux en Europe offrent encore cette qualit\u00e9 de s\u00e9jour \u00e0 cette p\u00e9riode de l\u2019ann\u00e9e.<\/p>\n<p data-start=\"3805\" data-end=\"4107\" data-is-last-node=\"\" data-is-only-node=\"\">Alors, pourquoi se laisser plomber par novembre, quand l\u2019\u00e9t\u00e9 semble avoir \u00e9lu domicile, quelques heures plus au sud, sur cette \u00eele volcanique aux mille contrastes ? Pour ceux qui cherchent une pause, un soleil vrai, une mer accueillante et une ambiance d\u00e9tendue, <strong data-start=\"4068\" data-end=\"4107\" data-is-last-node=\"\">Tenerife s\u2019impose comme l\u2019\u00e9vidence.<\/strong><\/p>\n","protected":false},"excerpt":{"rendered":"<p>Alors que l\u2019Europe continentale glisse doucement vers le froid, que les parapluies se d\u00e9ploient \u00e0 Lyon, Lille ou Paris, il [&hellip;]<\/p>\n","protected":false},"author":4,"featured_media":37205,"comment_status":"open","ping_status":"closed","sticky":false,"template":"","format":"standard","meta":{"_acf_changed":false,"_sitemap_exclude":false,"_sitemap_priority":"","_sitemap_frequency":"","footnotes":"","rank_math_title":"","rank_math_description":"","rank_math_canonical_url":"","rank_math_focus_keyword":"ile"},"categories":[3],"tags":[],"class_list":["post-37159","post","type-post","status-publish","format-standard","has-post-thumbnail","hentry","category-voyage"],"acf":[],"_links":{"self":[{"href":"https:\/\/ulysse.com\/news\/wp-json\/wp\/v2\/posts\/37159","targetHints":{"allow":["GET"]}}],"collection":[{"href":"https:\/\/ulysse.com\/news\/wp-json\/wp\/v2\/posts"}],"about":[{"href":"https:\/\/ulysse.com\/news\/wp-json\/wp\/v2\/types\/post"}],"author":[{"embeddable":true,"href":"https:\/\/ulysse.com\/news\/wp-json\/wp\/v2\/users\/4"}],"replies":[{"embeddable":true,"href":"https:\/\/ulysse.com\/news\/wp-json\/wp\/v2\/comments?post=37159"}],"version-history":[{"count":2,"href":"https:\/\/ulysse.com\/news\/wp-json\/wp\/v2\/posts\/37159\/revisions"}],"predecessor-version":[{"id":37206,"href":"https:\/\/ulysse.com\/news\/wp-json\/wp\/v2\/posts\/37159\/revisions\/37206"}],"wp:featuredmedia":[{"embeddable":true,"href":"https:\/\/ulysse.com\/news\/wp-json\/wp\/v2\/media\/37205"}],"wp:attachment":[{"href":"https:\/\/ulysse.com\/news\/wp-json\/wp\/v2\/media?parent=37159"}],"wp:term":[{"taxonomy":"category","embeddable":true,"href":"https:\/\/ulysse.com\/news\/wp-json\/wp\/v2\/categories?post=37159"},{"taxonomy":"post_tag","embeddable":true,"href":"https:\/\/ulysse.com\/news\/wp-json\/wp\/v2\/tags?post=37159"}],"curies":[{"name":"wp","href":"https:\/\/api.w.org\/{rel}","templated":true}]}}