{"id":37170,"date":"2025-11-01T18:00:16","date_gmt":"2025-11-01T17:00:16","guid":{"rendered":"https:\/\/discover.ulysse.com\/?p=37170"},"modified":"2025-10-31T19:53:30","modified_gmt":"2025-10-31T18:53:30","slug":"foret-tropicale-nancy-jardin-botanique-jungle","status":"publish","type":"post","link":"https:\/\/ulysse.com\/news\/foret-tropicale-nancy-jardin-botanique-jungle","title":{"rendered":"For\u00eat tropicale \u00e0 Nancy ? Ce jardin botanique fait le tour du monde des plantes avec ses 12 000 esp\u00e8ces, son \u00e9tang et sa jungle"},"content":{"rendered":"<p><span style=\"font-weight: 400;\">Oui, vous avez bien lu. Une for\u00eat tropicale en plein c\u0153ur de la Lorraine ! \u00c0 Villers-l\u00e8s-Nancy, le <\/span><b>Jardin botanique Jean-Marie Pelt<\/b><span style=\"font-weight: 400;\"> brouille les fronti\u00e8res entre continents et saisons. En un claquement de doigts, on passe de la chaleur moite d\u2019une jungle d\u2019Amazonie au vent frais des montagnes alpines, sans jamais sortir de France. Sous les grandes serres de verre, l\u2019air se fait dense, le vert s\u2019intensifie, les feuilles s\u2019allongent : c\u2019est un v\u00e9ritable tour du monde v\u00e9g\u00e9tal, concentr\u00e9 sur quelques hectares. <\/span><span style=\"font-weight: 400;\">Mais derri\u00e8re la simple balade, se cache un lieu vivant, vibrant, habit\u00e9 par 12 000 esp\u00e8ces de plantes qui racontent l\u2019histoire de la Terre, de ses climats, et de notre rapport \u00e0 la nature. Et si l\u2019on vous disait que cette aventure plan\u00e9taire commence \u00e0 deux heures de TGV de Paris ?<\/span><\/p>\n<h2><b>Du cactus au bananier : la plan\u00e8te enti\u00e8re sous serre<\/b><\/h2>\n<p><span style=\"font-weight: 400;\">D\u00e8s que l\u2019on franchit la porte des serres, un petit miracle op\u00e8re : les lunettes s\u2019embuent, la peau se r\u00e9chauffe, l\u2019air devient moite. Autour, des foug\u00e8res pr\u00e9historiques se d\u00e9ploient, des palmiers dressent leurs silhouettes, des orchid\u00e9es s\u2019accrochent aux branches, pendant qu\u2019un bassin couvert de nymph\u00e9as miroite dans la lumi\u00e8re. Le <\/span><b>Jardin botanique Jean-Marie Pelt<\/b><span style=\"font-weight: 400;\">, c\u2019est un concentr\u00e9 de biodiversit\u00e9 \u00e0 ciel\u2026 clos.<\/span><span style=\"font-weight: 400;\"><br \/>\n<\/span><span style=\"font-weight: 400;\"> On y traverse les grandes zones climatiques du globe : la <a href=\"https:\/\/discover.ulysse.com\/grande-foret-france-secret-territoire-outre-mer\">for\u00eat tropicale<\/a> humide, les zones arides, les montagnes temp\u00e9r\u00e9es. Chaque espace raconte une histoire, chaque plante porte en elle un fragment de plan\u00e8te. Les cactus du Mexique c\u00f4toient les bambous d\u2019Asie, les carnivores de Born\u00e9o croisent les oliviers m\u00e9diterran\u00e9ens. Un vrai choc climatique !<\/span><span style=\"font-weight: 400;\"><br \/>\n<\/span><span style=\"font-weight: 400;\"> Dehors, la magie continue. L\u2019immense parc s\u2019\u00e9tend sur <strong>25 hectares<\/strong> de pure verdure. L\u2019alpinum, les rocailles et les vergers conservatoires d\u00e9roulent leurs couleurs au fil des saisons. On y fl\u00e2ne, on s\u2019y perd, on respire enfin. Et au d\u00e9tour d\u2019un sentier, un \u00e9tang s\u2019ouvre sur le ciel, miroitant comme un havre paisible. C\u2019est l\u2019un de ces lieux rares o\u00f9 l\u2019on se surprend \u00e0 marcher lentement, \u00e0 red\u00e9couvrir le silence et la beaut\u00e9 simple du vivant.<\/span><\/p>\n<blockquote class=\"instagram-media\" style=\"background: #FFF; border: 0; border-radius: 3px; margin: 1px; max-width: 540px; min-width: 326px; padding: 0; width: calc(100% - 2px);\" data-instgrm-captioned=\"\" data-instgrm-permalink=\"https:\/\/www.instagram.com\/p\/DLp45XhoZLy\/?utm_source=ig_embed&amp;utm_campaign=loading\" data-instgrm-version=\"14\">\n<div style=\"padding: 16px;\">\n<p>&nbsp;<\/p>\n<div style=\"flex-direction: row; align-items: center;\">\n<div style=\"background-color: #f4f4f4; border-radius: 50%; flex-grow: 0; height: 40px; margin-right: 14px; width: 40px;\"><\/div>\n<div style=\"flex-direction: column; flex-grow: 1; justify-content: center;\">\n<div style=\"background-color: #f4f4f4; border-radius: 4px; flex-grow: 0; height: 14px; margin-bottom: 6px; width: 100px;\"><\/div>\n<div style=\"background-color: #f4f4f4; border-radius: 4px; flex-grow: 0; height: 14px; width: 60px;\"><\/div>\n<\/div>\n<\/div>\n<div style=\"padding: 19% 0;\"><\/div>\n<div style=\"height: 50px; margin: 0 auto 12px; width: 50px;\"><\/div>\n<div style=\"padding-top: 8px;\">\n<div style=\"color: #3897f0; font-family: Arial,sans-serif; font-size: 14px; font-style: normal; font-weight: 550; line-height: 18px;\">Voir cette publication sur Instagram<\/div>\n<\/div>\n<div style=\"padding: 12.5% 0;\"><\/div>\n<div style=\"flex-direction: row; margin-bottom: 14px; align-items: center;\">\n<div>\n<div style=\"background-color: #f4f4f4; border-radius: 50%; height: 12.5px; width: 12.5px;\"><\/div>\n<div style=\"background-color: #f4f4f4; height: 12.5px; width: 12.5px; flex-grow: 0; margin-right: 14px; margin-left: 2px;\"><\/div>\n<div style=\"background-color: #f4f4f4; border-radius: 50%; height: 12.5px; width: 12.5px;\"><\/div>\n<\/div>\n<div style=\"margin-left: 8px;\">\n<div style=\"background-color: #f4f4f4; border-radius: 50%; flex-grow: 0; height: 20px; width: 20px;\"><\/div>\n<div style=\"width: 0; height: 0; border-top: 2px solid transparent; border-left: 6px solid #f4f4f4; border-bottom: 2px solid transparent;\"><\/div>\n<\/div>\n<div style=\"margin-left: auto;\">\n<div style=\"width: 0px; border-top: 8px solid #F4F4F4; border-right: 8px solid transparent;\"><\/div>\n<div style=\"background-color: #f4f4f4; flex-grow: 0; height: 12px; width: 16px;\"><\/div>\n<div style=\"width: 0; height: 0; border-top: 8px solid #F4F4F4; border-left: 8px solid transparent;\"><\/div>\n<\/div>\n<\/div>\n<div style=\"flex-direction: column; flex-grow: 1; justify-content: center; margin-bottom: 24px;\">\n<div style=\"background-color: #f4f4f4; border-radius: 4px; flex-grow: 0; height: 14px; margin-bottom: 6px; width: 224px;\"><\/div>\n<div style=\"background-color: #f4f4f4; border-radius: 4px; flex-grow: 0; height: 14px; width: 144px;\"><\/div>\n<\/div>\n<p>&nbsp;<\/p>\n<p style=\"color: #c9c8cd; font-family: Arial,sans-serif; font-size: 14px; line-height: 17px; margin-bottom: 0; margin-top: 8px; overflow: hidden; padding: 8px 0 7px; text-align: center;\"><a style=\"color: #c9c8cd; font-family: Arial,sans-serif; font-size: 14px; font-style: normal; font-weight: normal; line-height: 17px; text-decoration: none;\" href=\"https:\/\/www.instagram.com\/p\/DLp45XhoZLy\/?utm_source=ig_embed&amp;utm_campaign=loading\" target=\"_blank\" rel=\"noopener\">Une publication partag\u00e9e par @tiss47<\/a><\/p>\n<\/div>\n<\/blockquote>\n<h2><b>Un aller simple pour la jungle \u00bb : comment y aller sans se faner<\/b><\/h2>\n<p><span style=\"font-weight: 400;\">L\u2019un des grands plaisirs du <\/span><b>Jardin botanique Jean-Marie Pelt<\/b><span style=\"font-weight: 400;\">, c\u2019est sa facilit\u00e9 d\u2019acc\u00e8s. Pas besoin d\u2019un<a href=\"https:\/\/discover.ulysse.com\/pays-offrent-passeport-express-cheque\"> passeport<\/a> ni d\u2019un avion : il suffit d\u2019un train.<\/span><span style=\"font-weight: 400;\"><br \/>\n<\/span><span style=\"font-weight: 400;\"> Depuis <\/span><b>Paris-Gare de l\u2019Est<\/b><span style=\"font-weight: 400;\">, un TGV met environ <\/span><b>1 h 30 \u00e0 2 h<\/b><span style=\"font-weight: 400;\"> pour rejoindre <\/span><b>Nancy<\/b><span style=\"font-weight: 400;\">. Depuis <\/span><b>Strasbourg<\/b><span style=\"font-weight: 400;\">, comptez environ <\/span><b>1 h 50<\/b><span style=\"font-weight: 400;\">, et depuis <\/span><b>Lyon<\/b><span style=\"font-weight: 400;\">, environ <\/span><b>3 h<\/b><span style=\"font-weight: 400;\">. Une fois arriv\u00e9 \u00e0 Nancy, un petit trajet de <\/span><b>15 minutes<\/b><span style=\"font-weight: 400;\"> en tram ou en bus vous conduit directement \u00e0 Villers-l\u00e8s-Nancy, au <\/span><b>100 rue du Jardin-Botanique<\/b><span style=\"font-weight: 400;\">.<\/span><span style=\"font-weight: 400;\"><br \/>\n<\/span><span style=\"font-weight: 400;\"> C\u00f4t\u00e9 budget, c\u2019est un voyage doux : les billets TGV se trouvent souvent autour de <\/span><b>30 \u20ac \u00e0 40 \u20ac<\/b><span style=\"font-weight: 400;\"> si on r\u00e9serve \u00e0 l\u2019avance, et l\u2019entr\u00e9e du jardin est gratuite. Seules les serres tropicales sont payantes \u2014 et pour <\/span><b>6 \u20ac<\/b><span style=\"font-weight: 400;\">, vous avez droit \u00e0 un aller simple pour l\u2019Amazonie. Plut\u00f4t imbattable.<\/span><span style=\"font-weight: 400;\"><br \/>\n<\/span><span style=\"font-weight: 400;\"> Et comme Nancy est une ville adorable, il serait dommage de ne pas y tra\u00eener un peu. Entre ses fa\u00e7ades dor\u00e9es, ses terrasses pleines de vie et la majestueuse <\/span><b>Place Stanislas<\/b><span style=\"font-weight: 400;\">, on comprend vite pourquoi elle s\u00e9duit les voyageurs. Le co\u00fbt de la vie y est encore doux : un caf\u00e9 \u00e0 2 \u20ac, un d\u00e9jeuner du jour \u00e0 15 \u20ac, une chambre confortable autour de 80 \u20ac. Parfait pour prolonger son escapade v\u00e9g\u00e9tale en version city-break.<\/span><\/p>\n<blockquote class=\"instagram-media\" style=\"background: #FFF; border: 0; border-radius: 3px; margin: 1px; max-width: 540px; min-width: 326px; padding: 0; width: calc(100% - 2px);\" data-instgrm-captioned=\"\" data-instgrm-permalink=\"https:\/\/www.instagram.com\/p\/C6qDfkSClLk\/?utm_source=ig_embed&amp;utm_campaign=loading\" data-instgrm-version=\"14\">\n<div style=\"padding: 16px;\">\n<p>&nbsp;<\/p>\n<div style=\"flex-direction: row; align-items: center;\">\n<div style=\"background-color: #f4f4f4; border-radius: 50%; flex-grow: 0; height: 40px; margin-right: 14px; width: 40px;\"><\/div>\n<div style=\"flex-direction: column; flex-grow: 1; justify-content: center;\">\n<div style=\"background-color: #f4f4f4; border-radius: 4px; flex-grow: 0; height: 14px; margin-bottom: 6px; width: 100px;\"><\/div>\n<div style=\"background-color: #f4f4f4; border-radius: 4px; flex-grow: 0; height: 14px; width: 60px;\"><\/div>\n<\/div>\n<\/div>\n<div style=\"padding: 19% 0;\"><\/div>\n<div style=\"height: 50px; margin: 0 auto 12px; width: 50px;\"><\/div>\n<div style=\"padding-top: 8px;\">\n<div style=\"color: #3897f0; font-family: Arial,sans-serif; font-size: 14px; font-style: normal; font-weight: 550; line-height: 18px;\">Voir cette publication sur Instagram<\/div>\n<\/div>\n<div style=\"padding: 12.5% 0;\"><\/div>\n<div style=\"flex-direction: row; margin-bottom: 14px; align-items: center;\">\n<div>\n<div style=\"background-color: #f4f4f4; border-radius: 50%; height: 12.5px; width: 12.5px;\"><\/div>\n<div style=\"background-color: #f4f4f4; height: 12.5px; width: 12.5px; flex-grow: 0; margin-right: 14px; margin-left: 2px;\"><\/div>\n<div style=\"background-color: #f4f4f4; border-radius: 50%; height: 12.5px; width: 12.5px;\"><\/div>\n<\/div>\n<div style=\"margin-left: 8px;\">\n<div style=\"background-color: #f4f4f4; border-radius: 50%; flex-grow: 0; height: 20px; width: 20px;\"><\/div>\n<div style=\"width: 0; height: 0; border-top: 2px solid transparent; border-left: 6px solid #f4f4f4; border-bottom: 2px solid transparent;\"><\/div>\n<\/div>\n<div style=\"margin-left: auto;\">\n<div style=\"width: 0px; border-top: 8px solid #F4F4F4; border-right: 8px solid transparent;\"><\/div>\n<div style=\"background-color: #f4f4f4; flex-grow: 0; height: 12px; width: 16px;\"><\/div>\n<div style=\"width: 0; height: 0; border-top: 8px solid #F4F4F4; border-left: 8px solid transparent;\"><\/div>\n<\/div>\n<\/div>\n<div style=\"flex-direction: column; flex-grow: 1; justify-content: center; margin-bottom: 24px;\">\n<div style=\"background-color: #f4f4f4; border-radius: 4px; flex-grow: 0; height: 14px; margin-bottom: 6px; width: 224px;\"><\/div>\n<div style=\"background-color: #f4f4f4; border-radius: 4px; flex-grow: 0; height: 14px; width: 144px;\"><\/div>\n<\/div>\n<p>&nbsp;<\/p>\n<p style=\"color: #c9c8cd; font-family: Arial,sans-serif; font-size: 14px; line-height: 17px; margin-bottom: 0; margin-top: 8px; overflow: hidden; padding: 8px 0 7px; text-align: center;\"><a style=\"color: #c9c8cd; font-family: Arial,sans-serif; font-size: 14px; font-style: normal; font-weight: normal; line-height: 17px; text-decoration: none;\" href=\"https:\/\/www.instagram.com\/p\/C6qDfkSClLk\/?utm_source=ig_embed&amp;utm_campaign=loading\" target=\"_blank\" rel=\"noopener\">Une publication partag\u00e9e par Marie-Claire Thisse (@marieclairethisse)<\/a><\/p>\n<\/div>\n<\/blockquote>\n<h2><b>Un jardin qui fait du bien : science, nature et \u00e9motions<\/b><\/h2>\n<p><span style=\"font-weight: 400;\">Le <\/span><b>Jardin botanique Jean-Marie Pelt<\/b><span style=\"font-weight: 400;\"> n\u2019est pas qu\u2019un d\u00e9cor luxuriant : c\u2019est un lieu engag\u00e9. Son nom rend hommage \u00e0 <\/span><b>Jean-Marie Pelt<\/b><span style=\"font-weight: 400;\">, biologiste visionnaire et \u00e9cologue avant l\u2019heure, passionn\u00e9 de transmission et de biodiversit\u00e9. Le site abrite aujourd\u2019hui des collections scientifiques pr\u00e9cieuses et participe \u00e0 la conservation d\u2019esp\u00e8ces menac\u00e9es.<\/span><span style=\"font-weight: 400;\"><br \/>\n<\/span><span style=\"font-weight: 400;\"> Mais le plus beau, c\u2019est la mani\u00e8re dont il partage ce savoir. Pas de jargon, pas de panneaux aust\u00e8res : ici, on apprend en s\u2019amusant. Les enfants adorent les parcours interactifs, les adultes s\u2019attardent sur les anecdotes, et tout le monde ressort plus curieux.<\/span><span style=\"font-weight: 400;\"><br \/>\n<\/span><span style=\"font-weight: 400;\"> Chaque saison renouvelle le d\u00e9cor. Au printemps, le jardin explose de couleurs ; l\u2019\u00e9t\u00e9, les serres deviennent une bulle moite pleine d\u2019\u00e9nergie ; \u00e0 l\u2019automne, les \u00e9rables japonais embrasent le paysage ; l\u2019hiver, les silhouettes des arbres et la vapeur des serres donnent une ambiance presque f\u00e9\u00e9rique.<\/span><span style=\"font-weight: 400;\"><br \/>\n<\/span><span style=\"font-weight: 400;\"> C\u2019est un lieu qui reconnecte \u2014 \u00e0 la nature, \u00e0 soi, \u00e0 un rythme plus lent. Entre deux palmiers, on oublie un peu le quotidien, et on retrouve le plaisir simple de lever la t\u00eate, de respirer et de s\u2019\u00e9merveiller.<\/span><\/p>\n<blockquote class=\"instagram-media\" style=\"background: #FFF; border: 0; border-radius: 3px; margin: 1px; max-width: 540px; min-width: 326px; padding: 0; width: calc(100% - 2px);\" data-instgrm-captioned=\"\" data-instgrm-permalink=\"https:\/\/www.instagram.com\/p\/DLH9F8WIKPs\/?utm_source=ig_embed&amp;utm_campaign=loading\" data-instgrm-version=\"14\">\n<div style=\"padding: 16px;\">\n<p>&nbsp;<\/p>\n<div style=\"flex-direction: row; align-items: center;\">\n<div style=\"background-color: #f4f4f4; border-radius: 50%; flex-grow: 0; height: 40px; margin-right: 14px; width: 40px;\"><\/div>\n<div style=\"flex-direction: column; flex-grow: 1; justify-content: center;\">\n<div style=\"background-color: #f4f4f4; border-radius: 4px; flex-grow: 0; height: 14px; margin-bottom: 6px; width: 100px;\"><\/div>\n<div style=\"background-color: #f4f4f4; border-radius: 4px; flex-grow: 0; height: 14px; width: 60px;\"><\/div>\n<\/div>\n<\/div>\n<div style=\"padding: 19% 0;\"><\/div>\n<div style=\"height: 50px; margin: 0 auto 12px; width: 50px;\"><\/div>\n<div style=\"padding-top: 8px;\">\n<div style=\"color: #3897f0; font-family: Arial,sans-serif; font-size: 14px; font-style: normal; font-weight: 550; line-height: 18px;\">Voir cette publication sur Instagram<\/div>\n<\/div>\n<div style=\"padding: 12.5% 0;\"><\/div>\n<div style=\"flex-direction: row; margin-bottom: 14px; align-items: center;\">\n<div>\n<div style=\"background-color: #f4f4f4; border-radius: 50%; height: 12.5px; width: 12.5px;\"><\/div>\n<div style=\"background-color: #f4f4f4; height: 12.5px; width: 12.5px; flex-grow: 0; margin-right: 14px; margin-left: 2px;\"><\/div>\n<div style=\"background-color: #f4f4f4; border-radius: 50%; height: 12.5px; width: 12.5px;\"><\/div>\n<\/div>\n<div style=\"margin-left: 8px;\">\n<div style=\"background-color: #f4f4f4; border-radius: 50%; flex-grow: 0; height: 20px; width: 20px;\"><\/div>\n<div style=\"width: 0; height: 0; border-top: 2px solid transparent; border-left: 6px solid #f4f4f4; border-bottom: 2px solid transparent;\"><\/div>\n<\/div>\n<div style=\"margin-left: auto;\">\n<div style=\"width: 0px; border-top: 8px solid #F4F4F4; border-right: 8px solid transparent;\"><\/div>\n<div style=\"background-color: #f4f4f4; flex-grow: 0; height: 12px; width: 16px;\"><\/div>\n<div style=\"width: 0; height: 0; border-top: 8px solid #F4F4F4; border-left: 8px solid transparent;\"><\/div>\n<\/div>\n<\/div>\n<div style=\"flex-direction: column; flex-grow: 1; justify-content: center; margin-bottom: 24px;\">\n<div style=\"background-color: #f4f4f4; border-radius: 4px; flex-grow: 0; height: 14px; margin-bottom: 6px; width: 224px;\"><\/div>\n<div style=\"background-color: #f4f4f4; border-radius: 4px; flex-grow: 0; height: 14px; width: 144px;\"><\/div>\n<\/div>\n<p>&nbsp;<\/p>\n<p style=\"color: #c9c8cd; font-family: Arial,sans-serif; font-size: 14px; line-height: 17px; margin-bottom: 0; margin-top: 8px; overflow: hidden; padding: 8px 0 7px; text-align: center;\"><a style=\"color: #c9c8cd; font-family: Arial,sans-serif; font-size: 14px; font-style: normal; font-weight: normal; line-height: 17px; text-decoration: none;\" href=\"https:\/\/www.instagram.com\/p\/DLH9F8WIKPs\/?utm_source=ig_embed&amp;utm_campaign=loading\" target=\"_blank\" rel=\"noopener\">Une publication partag\u00e9e par Stan Smith\ud83c\udf0e\ud83c\udf31 (@monsterastan)<\/a><\/p>\n<\/div>\n<\/blockquote>\n<h2><b>Quand la Lorraine devient tropicale<\/b><\/h2>\n<p><span style=\"font-weight: 400;\">Ce jardin est un monde miniature, un r\u00eave de botaniste devenu r\u00e9alit\u00e9. Il raconte l\u2019incroyable diversit\u00e9 du vivant, mais aussi la beaut\u00e9 d\u2019une r\u00e9gion qui sait se r\u00e9inventer. \u00c0 Nancy, on passe d\u2019un centre-ville art nouveau \u00e0 une jungle en quinze minutes : un contraste qui fait sourire, et qu\u2019on n\u2019oublie pas.<\/span><span style=\"font-weight: 400;\"><br \/>\n<\/span><span style=\"font-weight: 400;\"> Le <\/span><b>Jardin botanique Jean-Marie Pelt<\/b><span style=\"font-weight: 400;\"> r\u00e9ussit \u00e0 \u00eatre \u00e0 la fois un lieu de promenade, un centre de recherche, un mus\u00e9e vivant et une \u00e9chapp\u00e9e belle. On y vient pour la curiosit\u00e9, on y reste pour la s\u00e9r\u00e9nit\u00e9.<\/span><\/p>\n<p>&nbsp;<\/p>\n<blockquote class=\"instagram-media\" style=\"background: #FFF; border: 0; border-radius: 3px; margin: 1px; max-width: 540px; min-width: 326px; padding: 0; width: calc(100% - 2px);\" data-instgrm-captioned=\"\" data-instgrm-permalink=\"https:\/\/www.instagram.com\/p\/DMyWHiHs4WF\/?utm_source=ig_embed&amp;utm_campaign=loading\" data-instgrm-version=\"14\">\n<div style=\"padding: 16px;\">\n<p>&nbsp;<\/p>\n<div style=\"flex-direction: row; align-items: center;\">\n<div style=\"background-color: #f4f4f4; border-radius: 50%; flex-grow: 0; height: 40px; margin-right: 14px; width: 40px;\"><\/div>\n<div style=\"flex-direction: column; flex-grow: 1; justify-content: center;\">\n<div style=\"background-color: #f4f4f4; border-radius: 4px; flex-grow: 0; height: 14px; margin-bottom: 6px; width: 100px;\"><\/div>\n<div style=\"background-color: #f4f4f4; border-radius: 4px; flex-grow: 0; height: 14px; width: 60px;\"><\/div>\n<\/div>\n<\/div>\n<div style=\"padding: 19% 0;\"><\/div>\n<div style=\"height: 50px; margin: 0 auto 12px; width: 50px;\"><\/div>\n<div style=\"padding-top: 8px;\">\n<div style=\"color: #3897f0; font-family: Arial,sans-serif; font-size: 14px; font-style: normal; font-weight: 550; line-height: 18px;\">Voir cette publication sur Instagram<\/div>\n<\/div>\n<div style=\"padding: 12.5% 0;\"><\/div>\n<div style=\"flex-direction: row; margin-bottom: 14px; align-items: center;\">\n<div>\n<div style=\"background-color: #f4f4f4; border-radius: 50%; height: 12.5px; width: 12.5px;\"><\/div>\n<div style=\"background-color: #f4f4f4; height: 12.5px; width: 12.5px; flex-grow: 0; margin-right: 14px; margin-left: 2px;\"><\/div>\n<div style=\"background-color: #f4f4f4; border-radius: 50%; height: 12.5px; width: 12.5px;\"><\/div>\n<\/div>\n<div style=\"margin-left: 8px;\">\n<div style=\"background-color: #f4f4f4; border-radius: 50%; flex-grow: 0; height: 20px; width: 20px;\"><\/div>\n<div style=\"width: 0; height: 0; border-top: 2px solid transparent; border-left: 6px solid #f4f4f4; border-bottom: 2px solid transparent;\"><\/div>\n<\/div>\n<div style=\"margin-left: auto;\">\n<div style=\"width: 0px; border-top: 8px solid #F4F4F4; border-right: 8px solid transparent;\"><\/div>\n<div style=\"background-color: #f4f4f4; flex-grow: 0; height: 12px; width: 16px;\"><\/div>\n<div style=\"width: 0; height: 0; border-top: 8px solid #F4F4F4; border-left: 8px solid transparent;\"><\/div>\n<\/div>\n<\/div>\n<div style=\"flex-direction: column; flex-grow: 1; justify-content: center; margin-bottom: 24px;\">\n<div style=\"background-color: #f4f4f4; border-radius: 4px; flex-grow: 0; height: 14px; margin-bottom: 6px; width: 224px;\"><\/div>\n<div style=\"background-color: #f4f4f4; border-radius: 4px; flex-grow: 0; height: 14px; width: 144px;\"><\/div>\n<\/div>\n<p>&nbsp;<\/p>\n<p style=\"color: #c9c8cd; font-family: Arial,sans-serif; font-size: 14px; line-height: 17px; margin-bottom: 0; margin-top: 8px; overflow: hidden; padding: 8px 0 7px; text-align: center;\"><a style=\"color: #c9c8cd; font-family: Arial,sans-serif; font-size: 14px; font-style: normal; font-weight: normal; line-height: 17px; text-decoration: none;\" href=\"https:\/\/www.instagram.com\/p\/DMyWHiHs4WF\/?utm_source=ig_embed&amp;utm_campaign=loading\" target=\"_blank\" rel=\"noopener\">Une publication partag\u00e9e par Anne-flore Goujon (@anne_flore_goujon)<\/a><\/p>\n<\/div>\n<\/blockquote>\n<p><span style=\"font-weight: 400;\"> Et lorsque le soleil perce les vitres des serres, que les gouttes ruissellent le long des feuilles g\u00e9antes, on se dit que la Lorraine a trouv\u00e9 son bout du monde.<\/span><\/p>\n","protected":false},"excerpt":{"rendered":"<p>Oui, vous avez bien lu. Une for\u00eat tropicale en plein c\u0153ur de la Lorraine ! \u00c0 Villers-l\u00e8s-Nancy, le Jardin botanique [&hellip;]<\/p>\n","protected":false},"author":3,"featured_media":37171,"comment_status":"open","ping_status":"closed","sticky":false,"template":"","format":"standard","meta":{"_acf_changed":false,"_sitemap_exclude":false,"_sitemap_priority":"","_sitemap_frequency":"","footnotes":"","rank_math_title":"","rank_math_description":"Qui aurait cru qu\u2019\u00e0 deux heures de Paris, la jungle pousserait\u2026 en plein c\u0153ur de la Lorraine ? D\u00e9couvrez la for\u00eat tropical de Nancy !\n","rank_math_canonical_url":"","rank_math_focus_keyword":"foret,tropical,Nancy"},"categories":[3],"tags":[],"class_list":["post-37170","post","type-post","status-publish","format-standard","has-post-thumbnail","hentry","category-voyage"],"acf":[],"_links":{"self":[{"href":"https:\/\/ulysse.com\/news\/wp-json\/wp\/v2\/posts\/37170","targetHints":{"allow":["GET"]}}],"collection":[{"href":"https:\/\/ulysse.com\/news\/wp-json\/wp\/v2\/posts"}],"about":[{"href":"https:\/\/ulysse.com\/news\/wp-json\/wp\/v2\/types\/post"}],"author":[{"embeddable":true,"href":"https:\/\/ulysse.com\/news\/wp-json\/wp\/v2\/users\/3"}],"replies":[{"embeddable":true,"href":"https:\/\/ulysse.com\/news\/wp-json\/wp\/v2\/comments?post=37170"}],"version-history":[{"count":2,"href":"https:\/\/ulysse.com\/news\/wp-json\/wp\/v2\/posts\/37170\/revisions"}],"predecessor-version":[{"id":37195,"href":"https:\/\/ulysse.com\/news\/wp-json\/wp\/v2\/posts\/37170\/revisions\/37195"}],"wp:featuredmedia":[{"embeddable":true,"href":"https:\/\/ulysse.com\/news\/wp-json\/wp\/v2\/media\/37171"}],"wp:attachment":[{"href":"https:\/\/ulysse.com\/news\/wp-json\/wp\/v2\/media?parent=37170"}],"wp:term":[{"taxonomy":"category","embeddable":true,"href":"https:\/\/ulysse.com\/news\/wp-json\/wp\/v2\/categories?post=37170"},{"taxonomy":"post_tag","embeddable":true,"href":"https:\/\/ulysse.com\/news\/wp-json\/wp\/v2\/tags?post=37170"}],"curies":[{"name":"wp","href":"https:\/\/api.w.org\/{rel}","templated":true}]}}