{"id":37183,"date":"2025-11-01T13:00:56","date_gmt":"2025-11-01T12:00:56","guid":{"rendered":"https:\/\/discover.ulysse.com\/?p=37183"},"modified":"2025-10-31T19:36:30","modified_gmt":"2025-10-31T18:36:30","slug":"troublant-hotels-suisses-cache-secret-glacial","status":"publish","type":"post","link":"https:\/\/ulysse.com\/news\/troublant-hotels-suisses-cache-secret-glacial","title":{"rendered":"Le plus troublant des h\u00f4tels suisses vous attend \u00e0 2000 m et cache un secret glacial qui d\u00e9range"},"content":{"rendered":"<p><span style=\"font-weight: 400;\">L\u00e0-haut, tout en haut des Alpes,<strong> l\u2019h\u00f4tel Bellevue des Alpes<\/strong> tr\u00f4ne avec un charme glac\u00e9, envelopp\u00e9 dans un myst\u00e8re qui pourrait bien vous glacer le sang. \u00c0 2000 m\u00e8tres d\u2019altitude, cet \u00e9tablissement historique cache bien plus que de simples chambres confortables et une vue imprenable sur les cimes. Derri\u00e8re sa fa\u00e7ade \u00e9l\u00e9gante et son atmosph\u00e8re un brin vintage, un secret se cache\u2026 Un secret qui donne des frissons, mais qui vous attire irr\u00e9sistiblement, comme un aimant. Si vous \u00eates en qu\u00eate d\u2019une exp\u00e9rience inoubliable, o\u00f9 luxe et l\u00e9gendes se m\u00ealent dans une danse inqui\u00e9tante, alors cet h\u00f4tel est fait pour vous. Mais attention, ne vous laissez pas duper par son apparente tranquillit\u00e9 : \u00e0 l\u2019h\u00f4tel Bellevue, le d\u00e9cor pourrait bien se transformer en un v\u00e9ritable terrain de jeu pour les \u00e2mes sensibles.<\/span><\/p>\n<h2><b>Un h\u00f4tel iconique aux airs de ch\u00e2teau hant\u00e9<\/b><\/h2>\n<p><span style=\"font-weight: 400;\">Prenez un instant pour visualiser <strong>l\u2019h\u00f4tel Bellevue des Alpes.<\/strong> Il se dresse fi\u00e8rement \u00e0 flanc de montagne, dominant les impressionnantes faces rocheuses de<strong> l&#8217;Eiger et de la Jungfrau<\/strong>. Vous imaginez une belle b\u00e2tisse aux murs en pierre, un int\u00e9rieur o\u00f9 le temps semble s\u2019\u00eatre arr\u00eat\u00e9\u2026 Et vous avez raison ! L\u2019h\u00f4tel est un v\u00e9ritable voyage dans le pass\u00e9. Si vous fermez les yeux (et croyez-nous, vous en aurez envie), vous pourrez presque entendre le cr\u00e9pitement du feu dans le salon et sentir l\u2019atmosph\u00e8re lourde de myst\u00e8re qui impr\u00e8gne les lieux. Mais ne vous y trompez pas, derri\u00e8re cette \u00e9l\u00e9gance d&#8217;antan se cache un secret bien plus\u2026 glacial.<\/span><\/p>\n<p><span style=\"font-weight: 400;\">Au Bellevue, on ne se contente pas de profiter d\u2019une vue spectaculaire ou de savourer un cocktail au bar : c\u2019est une immersion totale dans un monde o\u00f9 le temps semble suspendu, mais o\u00f9 l&#8217;histoire macabre des alpinistes perdus et des drames survenus sur les pentes de l&#8217;Eiger hante encore les murs. Oui, vous avez bien lu. Cet h\u00f4tel est plong\u00e9 dans une aura \u00e9trange, et la l\u00e9gende de l\u2019Eiger, surnomm\u00e9<strong> &#8220;l\u2019Ogre&#8221; des Alpes<\/strong>, n\u2019est jamais bien loin. Certains clients racontent m\u00eame avoir entendu des bruits inhabituels la nuit, des bruits de pas sur des planchers qui ont fait grincer des \u00e2mes. Vous pensiez venir pour un s\u00e9jour tranquille ? D\u00e9trompez-vous, car ici, le luxe rime aussi avec une bonne dose de myst\u00e8re et d&#8217;inconfort.<\/span><\/p>\n<blockquote class=\"instagram-media\" style=\"background: #FFF; border: 0; border-radius: 3px; margin: 1px; max-width: 540px; min-width: 326px; padding: 0; width: calc(100% - 2px);\" data-instgrm-captioned=\"\" data-instgrm-permalink=\"https:\/\/www.instagram.com\/p\/BRwGz3FAAUa\/?utm_source=ig_embed&amp;utm_campaign=loading\" data-instgrm-version=\"14\">\n<div style=\"padding: 16px;\">\n<p>&nbsp;<\/p>\n<div style=\"flex-direction: row; align-items: center;\">\n<div style=\"background-color: #f4f4f4; border-radius: 50%; flex-grow: 0; height: 40px; margin-right: 14px; width: 40px;\"><\/div>\n<div style=\"flex-direction: column; flex-grow: 1; justify-content: center;\">\n<div style=\"background-color: #f4f4f4; border-radius: 4px; flex-grow: 0; height: 14px; margin-bottom: 6px; width: 100px;\"><\/div>\n<div style=\"background-color: #f4f4f4; border-radius: 4px; flex-grow: 0; height: 14px; width: 60px;\"><\/div>\n<\/div>\n<\/div>\n<div style=\"padding: 19% 0;\"><\/div>\n<div style=\"height: 50px; margin: 0 auto 12px; width: 50px;\"><\/div>\n<div style=\"padding-top: 8px;\">\n<div style=\"color: #3897f0; font-family: Arial,sans-serif; font-size: 14px; font-style: normal; font-weight: 550; line-height: 18px;\">Voir cette publication sur Instagram<\/div>\n<\/div>\n<div style=\"padding: 12.5% 0;\"><\/div>\n<div style=\"flex-direction: row; margin-bottom: 14px; align-items: center;\">\n<div>\n<div style=\"background-color: #f4f4f4; border-radius: 50%; height: 12.5px; width: 12.5px;\"><\/div>\n<div style=\"background-color: #f4f4f4; height: 12.5px; width: 12.5px; flex-grow: 0; margin-right: 14px; margin-left: 2px;\"><\/div>\n<div style=\"background-color: #f4f4f4; border-radius: 50%; height: 12.5px; width: 12.5px;\"><\/div>\n<\/div>\n<div style=\"margin-left: 8px;\">\n<div style=\"background-color: #f4f4f4; border-radius: 50%; flex-grow: 0; height: 20px; width: 20px;\"><\/div>\n<div style=\"width: 0; height: 0; border-top: 2px solid transparent; border-left: 6px solid #f4f4f4; border-bottom: 2px solid transparent;\"><\/div>\n<\/div>\n<div style=\"margin-left: auto;\">\n<div style=\"width: 0px; border-top: 8px solid #F4F4F4; border-right: 8px solid transparent;\"><\/div>\n<div style=\"background-color: #f4f4f4; flex-grow: 0; height: 12px; width: 16px;\"><\/div>\n<div style=\"width: 0; height: 0; border-top: 8px solid #F4F4F4; border-left: 8px solid transparent;\"><\/div>\n<\/div>\n<\/div>\n<div style=\"flex-direction: column; flex-grow: 1; justify-content: center; margin-bottom: 24px;\">\n<div style=\"background-color: #f4f4f4; border-radius: 4px; flex-grow: 0; height: 14px; margin-bottom: 6px; width: 224px;\"><\/div>\n<div style=\"background-color: #f4f4f4; border-radius: 4px; flex-grow: 0; height: 14px; width: 144px;\"><\/div>\n<\/div>\n<p>&nbsp;<\/p>\n<p style=\"color: #c9c8cd; font-family: Arial,sans-serif; font-size: 14px; line-height: 17px; margin-bottom: 0; margin-top: 8px; overflow: hidden; padding: 8px 0 7px; text-align: center;\"><a style=\"color: #c9c8cd; font-family: Arial,sans-serif; font-size: 14px; font-style: normal; font-weight: normal; line-height: 17px; text-decoration: none;\" href=\"https:\/\/www.instagram.com\/p\/BRwGz3FAAUa\/?utm_source=ig_embed&amp;utm_campaign=loading\" target=\"_blank\" rel=\"noopener\">Une publication partag\u00e9e par SWISS HOTELS \ud83d\udcaf% \ud83c\udde8\ud83c\udded (@switzerland.hotels)<\/a><\/p>\n<\/div>\n<\/blockquote>\n<h2><b>Le charme glac\u00e9 de l\u2019Eiger : un d\u00e9cor de r\u00eave pour un secret bien gard\u00e9<\/b><\/h2>\n<p><span style=\"font-weight: 400;\">On ne parle pas ici de simples montagnes, mais de v\u00e9ritables g\u00e9ants de pierre. L&#8217;Eiger, qui vous domine, est l\u2019un des sommets les plus redout\u00e9s des <a href=\"https:\/\/discover.ulysse.com\/on-pourrait-croire-alpes-suisses-mais-plus-pres\">Alpes suisses<\/a>. Ses parois verticales ont englouti des dizaines d&#8217;alpinistes depuis des d\u00e9cennies, et leurs fant\u00f4mes semblent encore hanter les environs. Les ascensions p\u00e9rilleuses de l&#8217;Eiger ont transform\u00e9 la montagne en un lieu mythique, mais aussi\u2026 tragique. Et c\u2019est bien ce qui fait la particularit\u00e9 de l\u2019h\u00f4tel Bellevue : il se trouve litt\u00e9ralement au pied de ce g\u00e9ant, t\u00e9moin des exploits et des \u00e9checs des alpinistes qui ont tent\u00e9 l\u2019impossible.<\/span><\/p>\n<p><span style=\"font-weight: 400;\">Le contraste entre le confort douillet de l\u2019h\u00f4tel et la menace glac\u00e9e qui plane sur l\u2019Eiger est saisissant. Pendant des ann\u00e9es, des spectateurs se sont mass\u00e9s sur les terrasses du Bellevue pour observer les ascensions, et pour cause : l\u2019atmosph\u00e8re \u00e9tait presque irr\u00e9elle, \u00e0 la fois exaltante et terrifiante. Quand la m\u00e9t\u00e9o se g\u00e2te, l\u2019h\u00f4tel devient un v\u00e9ritable refuge, un navire fig\u00e9 dans le temps. Et parfois, la neige s\u2019invite si violemment que l\u2019h\u00f4tel se retrouve totalement coup\u00e9 du monde. Imaginez la sc\u00e8ne : un feu qui cr\u00e9pite dans la chemin\u00e9e, l\u2019ombre des montagnes se dessinant \u00e0 travers les fen\u00eatres, et cette sensation de solitude extr\u00eame. Pas de t\u00e9l\u00e9phone, pas de t\u00e9l\u00e9, juste vous, le silence et une histoire qui refuse de se taire.<\/span><\/p>\n<blockquote class=\"instagram-media\" style=\"background: #FFF; border: 0; border-radius: 3px; margin: 1px; max-width: 540px; min-width: 326px; padding: 0; width: calc(100% - 2px);\" data-instgrm-captioned=\"\" data-instgrm-permalink=\"https:\/\/www.instagram.com\/p\/B8eKr4wAhmH\/?utm_source=ig_embed&amp;utm_campaign=loading\" data-instgrm-version=\"14\">\n<div style=\"padding: 16px;\">\n<p>&nbsp;<\/p>\n<div style=\"flex-direction: row; align-items: center;\">\n<div style=\"background-color: #f4f4f4; border-radius: 50%; flex-grow: 0; height: 40px; margin-right: 14px; width: 40px;\"><\/div>\n<div style=\"flex-direction: column; flex-grow: 1; justify-content: center;\">\n<div style=\"background-color: #f4f4f4; border-radius: 4px; flex-grow: 0; height: 14px; margin-bottom: 6px; width: 100px;\"><\/div>\n<div style=\"background-color: #f4f4f4; border-radius: 4px; flex-grow: 0; height: 14px; width: 60px;\"><\/div>\n<\/div>\n<\/div>\n<div style=\"padding: 19% 0;\"><\/div>\n<div style=\"height: 50px; margin: 0 auto 12px; width: 50px;\"><\/div>\n<div style=\"padding-top: 8px;\">\n<div style=\"color: #3897f0; font-family: Arial,sans-serif; font-size: 14px; font-style: normal; font-weight: 550; line-height: 18px;\">Voir cette publication sur Instagram<\/div>\n<\/div>\n<div style=\"padding: 12.5% 0;\"><\/div>\n<div style=\"flex-direction: row; margin-bottom: 14px; align-items: center;\">\n<div>\n<div style=\"background-color: #f4f4f4; border-radius: 50%; height: 12.5px; width: 12.5px;\"><\/div>\n<div style=\"background-color: #f4f4f4; height: 12.5px; width: 12.5px; flex-grow: 0; margin-right: 14px; margin-left: 2px;\"><\/div>\n<div style=\"background-color: #f4f4f4; border-radius: 50%; height: 12.5px; width: 12.5px;\"><\/div>\n<\/div>\n<div style=\"margin-left: 8px;\">\n<div style=\"background-color: #f4f4f4; border-radius: 50%; flex-grow: 0; height: 20px; width: 20px;\"><\/div>\n<div style=\"width: 0; height: 0; border-top: 2px solid transparent; border-left: 6px solid #f4f4f4; border-bottom: 2px solid transparent;\"><\/div>\n<\/div>\n<div style=\"margin-left: auto;\">\n<div style=\"width: 0px; border-top: 8px solid #F4F4F4; border-right: 8px solid transparent;\"><\/div>\n<div style=\"background-color: #f4f4f4; flex-grow: 0; height: 12px; width: 16px;\"><\/div>\n<div style=\"width: 0; height: 0; border-top: 8px solid #F4F4F4; border-left: 8px solid transparent;\"><\/div>\n<\/div>\n<\/div>\n<div style=\"flex-direction: column; flex-grow: 1; justify-content: center; margin-bottom: 24px;\">\n<div style=\"background-color: #f4f4f4; border-radius: 4px; flex-grow: 0; height: 14px; margin-bottom: 6px; width: 224px;\"><\/div>\n<div style=\"background-color: #f4f4f4; border-radius: 4px; flex-grow: 0; height: 14px; width: 144px;\"><\/div>\n<\/div>\n<p>&nbsp;<\/p>\n<p style=\"color: #c9c8cd; font-family: Arial,sans-serif; font-size: 14px; line-height: 17px; margin-bottom: 0; margin-top: 8px; overflow: hidden; padding: 8px 0 7px; text-align: center;\"><a style=\"color: #c9c8cd; font-family: Arial,sans-serif; font-size: 14px; font-style: normal; font-weight: normal; line-height: 17px; text-decoration: none;\" href=\"https:\/\/www.instagram.com\/p\/B8eKr4wAhmH\/?utm_source=ig_embed&amp;utm_campaign=loading\" target=\"_blank\" rel=\"noopener\">Une publication partag\u00e9e par Meine Schweiz &#8211; Landj\u00e4ger.ch (@schweiz.suisse.svizzera)<\/a><\/p>\n<\/div>\n<\/blockquote>\n<h2><b>Le voyage : un p\u00e9riple \u00e9pique jusqu\u2019\u00e0 un autre monde<\/b><\/h2>\n<p><span style=\"font-weight: 400;\">Rejoindre l\u2019h\u00f4tel Bellevue, c\u2019est s\u2019aventurer dans un voyage qui pourrait presque sembler irr\u00e9el. Depuis la France, vous aurez plusieurs options pour atteindre cet h\u00f4tel myst\u00e9rieux. Prenez le train \u00e0 grande vitesse depuis Paris, direction <strong>Gen\u00e8ve<\/strong>. De l\u00e0, changez pour un train en direction de b, puis poursuivez votre p\u00e9riple vers <a href=\"https:\/\/discover.ulysse.com\/alpes-trails-incontournables-france-suisse\">Grindelwald<\/a> ou <strong>Wengen<\/strong>. C\u2019est l\u00e0 que l&#8217;aventure commence vraiment. \u00c0 partir de ces stations de ski, il ne vous restera plus qu\u2019\u00e0 prendre un train de montagne ou une motoneige pour atteindre votre destination. Oui, l\u2019h\u00f4tel est un peu isol\u00e9, mais c\u2019est bien ce qui en fait toute la magie. \u00c0 chaque \u00e9tape, vous serez immerg\u00e9 dans des paysages qui vous couperont le souffle : des for\u00eats denses, des pentes enneig\u00e9es et des panoramas qui semblent tout droit sortis d\u2019un film. Si le trajet semble un peu long (environ 7 \u00e0 8 heures depuis Paris), la r\u00e9compense en vaut largement la peine.<\/span><\/p>\n<p><span style=\"font-weight: 400;\">Le co\u00fbt des transports varie en fonction des options et de la saison, mais comptez environ 150 \u00e0 200 euros pour l\u2019aller-retour en train, sans compter les suppl\u00e9ments pour le train de montagne ou la motoneige. \u00c0 l\u2019arriv\u00e9e, l\u2019h\u00f4tel vous accueille dans une ambiance qui n\u2019a pas boug\u00e9 d\u2019un pouce depuis les ann\u00e9es 50 : pas d\u2019ascenseur, pas de wifi puissant, mais un luxe \u00e0 l\u2019ancienne qui vous transporte dans une \u00e9poque o\u00f9 les d\u00e9tails comptaient.<\/span><\/p>\n<blockquote class=\"instagram-media\" style=\"background: #FFF; border: 0; border-radius: 3px; margin: 1px; max-width: 540px; min-width: 326px; padding: 0; width: calc(100% - 2px);\" data-instgrm-captioned=\"\" data-instgrm-permalink=\"https:\/\/www.instagram.com\/p\/CD2DH4-llb3\/?utm_source=ig_embed&amp;utm_campaign=loading\" data-instgrm-version=\"14\">\n<div style=\"padding: 16px;\">\n<p>&nbsp;<\/p>\n<div style=\"flex-direction: row; align-items: center;\">\n<div style=\"background-color: #f4f4f4; border-radius: 50%; flex-grow: 0; height: 40px; margin-right: 14px; width: 40px;\"><\/div>\n<div style=\"flex-direction: column; flex-grow: 1; justify-content: center;\">\n<div style=\"background-color: #f4f4f4; border-radius: 4px; flex-grow: 0; height: 14px; margin-bottom: 6px; width: 100px;\"><\/div>\n<div style=\"background-color: #f4f4f4; border-radius: 4px; flex-grow: 0; height: 14px; width: 60px;\"><\/div>\n<\/div>\n<\/div>\n<div style=\"padding: 19% 0;\"><\/div>\n<div style=\"height: 50px; margin: 0 auto 12px; width: 50px;\"><\/div>\n<div style=\"padding-top: 8px;\">\n<div style=\"color: #3897f0; font-family: Arial,sans-serif; font-size: 14px; font-style: normal; font-weight: 550; line-height: 18px;\">Voir cette publication sur Instagram<\/div>\n<\/div>\n<div style=\"padding: 12.5% 0;\"><\/div>\n<div style=\"flex-direction: row; margin-bottom: 14px; align-items: center;\">\n<div>\n<div style=\"background-color: #f4f4f4; border-radius: 50%; height: 12.5px; width: 12.5px;\"><\/div>\n<div style=\"background-color: #f4f4f4; height: 12.5px; width: 12.5px; flex-grow: 0; margin-right: 14px; margin-left: 2px;\"><\/div>\n<div style=\"background-color: #f4f4f4; border-radius: 50%; height: 12.5px; width: 12.5px;\"><\/div>\n<\/div>\n<div style=\"margin-left: 8px;\">\n<div style=\"background-color: #f4f4f4; border-radius: 50%; flex-grow: 0; height: 20px; width: 20px;\"><\/div>\n<div style=\"width: 0; height: 0; border-top: 2px solid transparent; border-left: 6px solid #f4f4f4; border-bottom: 2px solid transparent;\"><\/div>\n<\/div>\n<div style=\"margin-left: auto;\">\n<div style=\"width: 0px; border-top: 8px solid #F4F4F4; border-right: 8px solid transparent;\"><\/div>\n<div style=\"background-color: #f4f4f4; flex-grow: 0; height: 12px; width: 16px;\"><\/div>\n<div style=\"width: 0; height: 0; border-top: 8px solid #F4F4F4; border-left: 8px solid transparent;\"><\/div>\n<\/div>\n<\/div>\n<div style=\"flex-direction: column; flex-grow: 1; justify-content: center; margin-bottom: 24px;\">\n<div style=\"background-color: #f4f4f4; border-radius: 4px; flex-grow: 0; height: 14px; margin-bottom: 6px; width: 224px;\"><\/div>\n<div style=\"background-color: #f4f4f4; border-radius: 4px; flex-grow: 0; height: 14px; width: 144px;\"><\/div>\n<\/div>\n<p>&nbsp;<\/p>\n<p style=\"color: #c9c8cd; font-family: Arial,sans-serif; font-size: 14px; line-height: 17px; margin-bottom: 0; margin-top: 8px; overflow: hidden; padding: 8px 0 7px; text-align: center;\"><a style=\"color: #c9c8cd; font-family: Arial,sans-serif; font-size: 14px; font-style: normal; font-weight: normal; line-height: 17px; text-decoration: none;\" href=\"https:\/\/www.instagram.com\/p\/CD2DH4-llb3\/?utm_source=ig_embed&amp;utm_campaign=loading\" target=\"_blank\" rel=\"noopener\">Une publication partag\u00e9e par Marie Passavant (@marie_passavant)<\/a><\/p>\n<\/div>\n<\/blockquote>\n<h2><b>Les Alpes, un terrain de jeu magique et glac\u00e9 \u00e0 port\u00e9e de main<\/b><\/h2>\n<p><span style=\"font-weight: 400;\">Outre ses myst\u00e8res, l\u2019h\u00f4tel Bellevue est un v\u00e9ritable point de d\u00e9part pour les amoureux de la nature et des sports de montagne. L\u2019hiver, c\u2019est une station de ski id\u00e9ale pour tous les niveaux, avec des pistes qui serpentent autour de Grindelwald et Wengen. Si vous aimez la glisse, vous serez aux anges. Mais si vous pr\u00e9f\u00e9rez explorer la r\u00e9gion \u00e0 votre rythme, vous pouvez aussi opter pour des randonn\u00e9es en raquettes ou en ski de fond. L\u2019\u00e9t\u00e9, la r\u00e9gion se transforme en un v\u00e9ritable terrain de jeu pour les randonneurs, avec des sentiers spectaculaires qui vous feront d\u00e9couvrir des lacs glaciaires d\u2019une beaut\u00e9 saisissante et des panoramas \u00e0 couper le souffle.<\/span><\/p>\n<p><span style=\"font-weight: 400;\">Mais le v\u00e9ritable attrait de la r\u00e9gion r\u00e9side dans cette \u00e9trange combinaison entre nature sauvage et histoire tragique. Vous pouvez facilement imaginer des si\u00e8cles d\u2019aventures, de gloires et de malheurs se m\u00ealer dans les airs lourds des montagnes. Loin de la foule et des stations de ski bond\u00e9es, le Bellevue vous permet de vivre une exp\u00e9rience hors du commun, o\u00f9 chaque moment semble suspendu entre r\u00eave et r\u00e9alit\u00e9.<\/span><\/p>\n<blockquote class=\"instagram-media\" style=\"background: #FFF; border: 0; border-radius: 3px; margin: 1px; max-width: 540px; min-width: 326px; padding: 0; width: calc(100% - 2px);\" data-instgrm-captioned=\"\" data-instgrm-permalink=\"https:\/\/www.instagram.com\/p\/BhZRBhjlqI0\/?utm_source=ig_embed&amp;utm_campaign=loading\" data-instgrm-version=\"14\">\n<div style=\"padding: 16px;\">\n<p>&nbsp;<\/p>\n<div style=\"flex-direction: row; align-items: center;\">\n<div style=\"background-color: #f4f4f4; border-radius: 50%; flex-grow: 0; height: 40px; margin-right: 14px; width: 40px;\"><\/div>\n<div style=\"flex-direction: column; flex-grow: 1; justify-content: center;\">\n<div style=\"background-color: #f4f4f4; border-radius: 4px; flex-grow: 0; height: 14px; margin-bottom: 6px; width: 100px;\"><\/div>\n<div style=\"background-color: #f4f4f4; border-radius: 4px; flex-grow: 0; height: 14px; width: 60px;\"><\/div>\n<\/div>\n<\/div>\n<div style=\"padding: 19% 0;\"><\/div>\n<div style=\"height: 50px; margin: 0 auto 12px; width: 50px;\"><\/div>\n<div style=\"padding-top: 8px;\">\n<div style=\"color: #3897f0; font-family: Arial,sans-serif; font-size: 14px; font-style: normal; font-weight: 550; line-height: 18px;\">Voir cette publication sur Instagram<\/div>\n<\/div>\n<div style=\"padding: 12.5% 0;\"><\/div>\n<div style=\"flex-direction: row; margin-bottom: 14px; align-items: center;\">\n<div>\n<div style=\"background-color: #f4f4f4; border-radius: 50%; height: 12.5px; width: 12.5px;\"><\/div>\n<div style=\"background-color: #f4f4f4; height: 12.5px; width: 12.5px; flex-grow: 0; margin-right: 14px; margin-left: 2px;\"><\/div>\n<div style=\"background-color: #f4f4f4; border-radius: 50%; height: 12.5px; width: 12.5px;\"><\/div>\n<\/div>\n<div style=\"margin-left: 8px;\">\n<div style=\"background-color: #f4f4f4; border-radius: 50%; flex-grow: 0; height: 20px; width: 20px;\"><\/div>\n<div style=\"width: 0; height: 0; border-top: 2px solid transparent; border-left: 6px solid #f4f4f4; border-bottom: 2px solid transparent;\"><\/div>\n<\/div>\n<div style=\"margin-left: auto;\">\n<div style=\"width: 0px; border-top: 8px solid #F4F4F4; border-right: 8px solid transparent;\"><\/div>\n<div style=\"background-color: #f4f4f4; flex-grow: 0; height: 12px; width: 16px;\"><\/div>\n<div style=\"width: 0; height: 0; border-top: 8px solid #F4F4F4; border-left: 8px solid transparent;\"><\/div>\n<\/div>\n<\/div>\n<div style=\"flex-direction: column; flex-grow: 1; justify-content: center; margin-bottom: 24px;\">\n<div style=\"background-color: #f4f4f4; border-radius: 4px; flex-grow: 0; height: 14px; margin-bottom: 6px; width: 224px;\"><\/div>\n<div style=\"background-color: #f4f4f4; border-radius: 4px; flex-grow: 0; height: 14px; width: 144px;\"><\/div>\n<\/div>\n<p>&nbsp;<\/p>\n<p style=\"color: #c9c8cd; font-family: Arial,sans-serif; font-size: 14px; line-height: 17px; margin-bottom: 0; margin-top: 8px; overflow: hidden; padding: 8px 0 7px; text-align: center;\"><a style=\"color: #c9c8cd; font-family: Arial,sans-serif; font-size: 14px; font-style: normal; font-weight: normal; line-height: 17px; text-decoration: none;\" href=\"https:\/\/www.instagram.com\/p\/BhZRBhjlqI0\/?utm_source=ig_embed&amp;utm_campaign=loading\" target=\"_blank\" rel=\"noopener\">Une publication partag\u00e9e par Lina | outside lifestyle &amp; creative work (@aboutboho)<\/a><\/p>\n<\/div>\n<\/blockquote>\n<h2><b>L\u2019h\u00f4tel Bellevue : un s\u00e9jour \u00e0 ne pas oublier\u2026 si vous avez le courage<\/b><\/h2>\n<p><span style=\"font-weight: 400;\">Le Bellevue des Alpes n\u2019est pas un h\u00f4tel comme les autres. Ce n\u2019est pas juste une nuit \u00e0 passer dans un endroit chic avec une vue imprenable. Non, c\u2019est un lieu o\u00f9 l\u2019histoire, la nature et le myst\u00e8re se croisent \u00e0 chaque coin de couloir. Si vous \u00eates pr\u00eat \u00e0 affronter l\u2019isolement et les l\u00e9gendes des montagnes suisses, alors cet h\u00f4tel est fait pour vous.<\/span><\/p>\n<blockquote class=\"instagram-media\" style=\"background: #FFF; border: 0; border-radius: 3px; margin: 1px; max-width: 540px; min-width: 326px; padding: 0; width: calc(100% - 2px);\" data-instgrm-captioned=\"\" data-instgrm-permalink=\"https:\/\/www.instagram.com\/p\/DFz9b7FIYD6\/?utm_source=ig_embed&amp;utm_campaign=loading\" data-instgrm-version=\"14\">\n<div style=\"padding: 16px;\">\n<p>&nbsp;<\/p>\n<div style=\"flex-direction: row; align-items: center;\">\n<div style=\"background-color: #f4f4f4; border-radius: 50%; flex-grow: 0; height: 40px; margin-right: 14px; width: 40px;\"><\/div>\n<div style=\"flex-direction: column; flex-grow: 1; justify-content: center;\">\n<div style=\"background-color: #f4f4f4; border-radius: 4px; flex-grow: 0; height: 14px; margin-bottom: 6px; width: 100px;\"><\/div>\n<div style=\"background-color: #f4f4f4; border-radius: 4px; flex-grow: 0; height: 14px; width: 60px;\"><\/div>\n<\/div>\n<\/div>\n<div style=\"padding: 19% 0;\"><\/div>\n<div style=\"height: 50px; margin: 0 auto 12px; width: 50px;\"><\/div>\n<div style=\"padding-top: 8px;\">\n<div style=\"color: #3897f0; font-family: Arial,sans-serif; font-size: 14px; font-style: normal; font-weight: 550; line-height: 18px;\">Voir cette publication sur Instagram<\/div>\n<\/div>\n<div style=\"padding: 12.5% 0;\"><\/div>\n<div style=\"flex-direction: row; margin-bottom: 14px; align-items: center;\">\n<div>\n<div style=\"background-color: #f4f4f4; border-radius: 50%; height: 12.5px; width: 12.5px;\"><\/div>\n<div style=\"background-color: #f4f4f4; height: 12.5px; width: 12.5px; flex-grow: 0; margin-right: 14px; margin-left: 2px;\"><\/div>\n<div style=\"background-color: #f4f4f4; border-radius: 50%; height: 12.5px; width: 12.5px;\"><\/div>\n<\/div>\n<div style=\"margin-left: 8px;\">\n<div style=\"background-color: #f4f4f4; border-radius: 50%; flex-grow: 0; height: 20px; width: 20px;\"><\/div>\n<div style=\"width: 0; height: 0; border-top: 2px solid transparent; border-left: 6px solid #f4f4f4; border-bottom: 2px solid transparent;\"><\/div>\n<\/div>\n<div style=\"margin-left: auto;\">\n<div style=\"width: 0px; border-top: 8px solid #F4F4F4; border-right: 8px solid transparent;\"><\/div>\n<div style=\"background-color: #f4f4f4; flex-grow: 0; height: 12px; width: 16px;\"><\/div>\n<div style=\"width: 0; height: 0; border-top: 8px solid #F4F4F4; border-left: 8px solid transparent;\"><\/div>\n<\/div>\n<\/div>\n<div style=\"flex-direction: column; flex-grow: 1; justify-content: center; margin-bottom: 24px;\">\n<div style=\"background-color: #f4f4f4; border-radius: 4px; flex-grow: 0; height: 14px; margin-bottom: 6px; width: 224px;\"><\/div>\n<div style=\"background-color: #f4f4f4; border-radius: 4px; flex-grow: 0; height: 14px; width: 144px;\"><\/div>\n<\/div>\n<p>&nbsp;<\/p>\n<p style=\"color: #c9c8cd; font-family: Arial,sans-serif; font-size: 14px; line-height: 17px; margin-bottom: 0; margin-top: 8px; overflow: hidden; padding: 8px 0 7px; text-align: center;\"><a style=\"color: #c9c8cd; font-family: Arial,sans-serif; font-size: 14px; font-style: normal; font-weight: normal; line-height: 17px; text-decoration: none;\" href=\"https:\/\/www.instagram.com\/p\/DFz9b7FIYD6\/?utm_source=ig_embed&amp;utm_campaign=loading\" target=\"_blank\" rel=\"noopener\">Une publication partag\u00e9e par Katie Bowman (@bowman.katie)<\/a><\/p>\n<\/div>\n<\/blockquote>\n<p><span style=\"font-weight: 400;\">Pr\u00eat \u00e0 monter \u00e0 2000 m\u00e8tres d\u2019altitude et \u00e0 d\u00e9couvrir l\u2019un des secrets les mieux gard\u00e9s des Alpes ?<\/span><\/p>\n","protected":false},"excerpt":{"rendered":"<p>L\u00e0-haut, tout en haut des Alpes, l\u2019h\u00f4tel Bellevue des Alpes tr\u00f4ne avec un charme glac\u00e9, envelopp\u00e9 dans un myst\u00e8re qui [&hellip;]<\/p>\n","protected":false},"author":3,"featured_media":37184,"comment_status":"open","ping_status":"closed","sticky":false,"template":"","format":"standard","meta":{"_acf_changed":false,"_sitemap_exclude":false,"_sitemap_priority":"","_sitemap_frequency":"","footnotes":"","rank_math_title":"","rank_math_description":"L'h\u00f4tel Bellevue des Alpes vous r\u00e9serve une exp\u00e9rience o\u00f9 luxe et myst\u00e8re se m\u00ealent dans une ambiance glaciale. Pr\u00eat \u00e0 d\u00e9couvrir son secret ?\n","rank_math_canonical_url":"","rank_math_focus_keyword":"hotel"},"categories":[3],"tags":[],"class_list":["post-37183","post","type-post","status-publish","format-standard","has-post-thumbnail","hentry","category-voyage"],"acf":[],"_links":{"self":[{"href":"https:\/\/ulysse.com\/news\/wp-json\/wp\/v2\/posts\/37183","targetHints":{"allow":["GET"]}}],"collection":[{"href":"https:\/\/ulysse.com\/news\/wp-json\/wp\/v2\/posts"}],"about":[{"href":"https:\/\/ulysse.com\/news\/wp-json\/wp\/v2\/types\/post"}],"author":[{"embeddable":true,"href":"https:\/\/ulysse.com\/news\/wp-json\/wp\/v2\/users\/3"}],"replies":[{"embeddable":true,"href":"https:\/\/ulysse.com\/news\/wp-json\/wp\/v2\/comments?post=37183"}],"version-history":[{"count":3,"href":"https:\/\/ulysse.com\/news\/wp-json\/wp\/v2\/posts\/37183\/revisions"}],"predecessor-version":[{"id":37187,"href":"https:\/\/ulysse.com\/news\/wp-json\/wp\/v2\/posts\/37183\/revisions\/37187"}],"wp:featuredmedia":[{"embeddable":true,"href":"https:\/\/ulysse.com\/news\/wp-json\/wp\/v2\/media\/37184"}],"wp:attachment":[{"href":"https:\/\/ulysse.com\/news\/wp-json\/wp\/v2\/media?parent=37183"}],"wp:term":[{"taxonomy":"category","embeddable":true,"href":"https:\/\/ulysse.com\/news\/wp-json\/wp\/v2\/categories?post=37183"},{"taxonomy":"post_tag","embeddable":true,"href":"https:\/\/ulysse.com\/news\/wp-json\/wp\/v2\/tags?post=37183"}],"curies":[{"name":"wp","href":"https:\/\/api.w.org\/{rel}","templated":true}]}}