{"id":37250,"date":"2025-11-03T20:00:00","date_gmt":"2025-11-03T19:00:00","guid":{"rendered":"https:\/\/discover.ulysse.com\/?p=37250"},"modified":"2025-11-03T08:11:13","modified_gmt":"2025-11-03T07:11:13","slug":"alpes-village-plus-beaux-villages-de-suisse","status":"publish","type":"post","link":"https:\/\/ulysse.com\/news\/alpes-village-plus-beaux-villages-de-suisse","title":{"rendered":"Nich\u00e9 dans les Alpes, ce village entre dans le cercle tr\u00e8s ferm\u00e9 des plus beaux villages de Suisse et on comprend pourquoi"},"content":{"rendered":"<p><span style=\"font-weight: 400;\">Les Alpes suisses n\u2019en finissent pas de surprendre, et parmi ses tr\u00e9sors cach\u00e9s, il y en a un qui brille particuli\u00e8rement : <strong>Champ\u00e9ry<\/strong>. Ce village, nich\u00e9 au fond du Val d\u2019Illiez, vient tout juste d\u2019\u00eatre intronis\u00e9 dans le cercle tr\u00e8s ferm\u00e9 des <\/span><b>Plus Beaux Villages de Suisse<\/b><span style=\"font-weight: 400;\">. Et vous savez quoi ? \u00c0 peine arriv\u00e9, on comprend imm\u00e9diatement pourquoi il a re\u00e7u ce prestigieux label. Entre son charme authentique, ses paysages \u00e0 couper le souffle et ses activit\u00e9s \u00e0 gogo, Champ\u00e9ry est bien plus qu\u2019un simple village de montagne : c\u2019est une v\u00e9ritable invitation \u00e0 l\u2019\u00e9vasion. Pr\u00eats \u00e0 d\u00e9couvrir ce petit bijou des Alpes suisses ? Enfilez vos chaussures de marche, on vous embarque !<\/span><\/p>\n<h2><b>Un village qui respire la montagne\u2026 et l\u2019authenticit\u00e9<\/b><\/h2>\n<p><span style=\"font-weight: 400;\">On le sait tous, les<a href=\"https:\/\/discover.ulysse.com\/on-pourrait-croire-alpes-suisses-mais-plus-pres\"> Alpes suisses<\/a> ne manquent pas de beaut\u00e9, mais <strong>Champ\u00e9ry,<\/strong> c\u2019est une autre histoire. Ce village au charme alpin, tout en bois et en pierres, semble tout droit sorti d\u2019une carte postale. Ses chalets aux toits enneig\u00e9s (en hiver) ou fleuris (en \u00e9t\u00e9), ses ruelles pittoresques, et cette ambiance \u00e0 la fois calme et dynamique\u2026 Il n\u2019y a qu\u2019ici qu\u2019on trouve ce m\u00e9lange magique. D\u2019un c\u00f4t\u00e9, l\u2019authenticit\u00e9 d\u2019un village de montagne rest\u00e9 fid\u00e8le \u00e0 ses traditions ; de l\u2019autre, une station qui sait offrir tout le confort d\u2019une destination moderne. Et cette beaut\u00e9, elle est omnipr\u00e9sente, du matin au soir. Le spectacle des <\/span><b>Dents du Midi<\/b><span style=\"font-weight: 400;\">, qui surplombent le village, ne cesse d\u2019\u00e9merveiller, quelle que soit la saison.<\/span><\/p>\n<p><span style=\"font-weight: 400;\">L\u2019hiver, les montagnes se couvrent d\u2019un manteau neigeux \u00e9poustouflant, et le village se transforme en un v\u00e9ritable paradis blanc. Les chalets se parent de leurs plus beaux atours, les rues se parent d\u2019une douce lumi\u00e8re, et l\u2019air pur des montagnes fait le reste. C\u2019est l\u2019endroit r\u00eav\u00e9 pour se ressourcer et d\u00e9connecter du quotidien. En \u00e9t\u00e9, place aux couleurs vives : la montagne se transforme en un immense terrain de jeux verdoyant. Entre les prairies fleuries et les for\u00eats denses, la nature est plus belle que jamais. Pas \u00e9tonnant que Champ\u00e9ry fasse d\u00e9sormais partie des Plus Beaux Villages de Suisse !<\/span><\/p>\n<blockquote class=\"instagram-media\" style=\"background: #FFF; border: 0; border-radius: 3px; margin: 1px; max-width: 540px; min-width: 326px; padding: 0; width: calc(100% - 2px);\" data-instgrm-captioned=\"\" data-instgrm-permalink=\"https:\/\/www.instagram.com\/p\/CMPU-VtDr5-\/?utm_source=ig_embed&amp;utm_campaign=loading\" data-instgrm-version=\"14\">\n<div style=\"padding: 16px;\">\n<p>&nbsp;<\/p>\n<div style=\"flex-direction: row; align-items: center;\">\n<div style=\"background-color: #f4f4f4; border-radius: 50%; flex-grow: 0; height: 40px; margin-right: 14px; width: 40px;\"><\/div>\n<div style=\"flex-direction: column; flex-grow: 1; justify-content: center;\">\n<div style=\"background-color: #f4f4f4; border-radius: 4px; flex-grow: 0; height: 14px; margin-bottom: 6px; width: 100px;\"><\/div>\n<div style=\"background-color: #f4f4f4; border-radius: 4px; flex-grow: 0; height: 14px; width: 60px;\"><\/div>\n<\/div>\n<\/div>\n<div style=\"padding: 19% 0;\"><\/div>\n<div style=\"height: 50px; margin: 0 auto 12px; width: 50px;\"><\/div>\n<div style=\"padding-top: 8px;\">\n<div style=\"color: #3897f0; font-family: Arial,sans-serif; font-size: 14px; font-style: normal; font-weight: 550; line-height: 18px;\">Voir cette publication sur Instagram<\/div>\n<\/div>\n<div style=\"padding: 12.5% 0;\"><\/div>\n<div style=\"flex-direction: row; margin-bottom: 14px; align-items: center;\">\n<div>\n<div style=\"background-color: #f4f4f4; border-radius: 50%; height: 12.5px; width: 12.5px;\"><\/div>\n<div style=\"background-color: #f4f4f4; height: 12.5px; width: 12.5px; flex-grow: 0; margin-right: 14px; margin-left: 2px;\"><\/div>\n<div style=\"background-color: #f4f4f4; border-radius: 50%; height: 12.5px; width: 12.5px;\"><\/div>\n<\/div>\n<div style=\"margin-left: 8px;\">\n<div style=\"background-color: #f4f4f4; border-radius: 50%; flex-grow: 0; height: 20px; width: 20px;\"><\/div>\n<div style=\"width: 0; height: 0; border-top: 2px solid transparent; border-left: 6px solid #f4f4f4; border-bottom: 2px solid transparent;\"><\/div>\n<\/div>\n<div style=\"margin-left: auto;\">\n<div style=\"width: 0px; border-top: 8px solid #F4F4F4; border-right: 8px solid transparent;\"><\/div>\n<div style=\"background-color: #f4f4f4; flex-grow: 0; height: 12px; width: 16px;\"><\/div>\n<div style=\"width: 0; height: 0; border-top: 8px solid #F4F4F4; border-left: 8px solid transparent;\"><\/div>\n<\/div>\n<\/div>\n<div style=\"flex-direction: column; flex-grow: 1; justify-content: center; margin-bottom: 24px;\">\n<div style=\"background-color: #f4f4f4; border-radius: 4px; flex-grow: 0; height: 14px; margin-bottom: 6px; width: 224px;\"><\/div>\n<div style=\"background-color: #f4f4f4; border-radius: 4px; flex-grow: 0; height: 14px; width: 144px;\"><\/div>\n<\/div>\n<p>&nbsp;<\/p>\n<p style=\"color: #c9c8cd; font-family: Arial,sans-serif; font-size: 14px; line-height: 17px; margin-bottom: 0; margin-top: 8px; overflow: hidden; padding: 8px 0 7px; text-align: center;\"><a style=\"color: #c9c8cd; font-family: Arial,sans-serif; font-size: 14px; font-style: normal; font-weight: normal; line-height: 17px; text-decoration: none;\" href=\"https:\/\/www.instagram.com\/p\/CMPU-VtDr5-\/?utm_source=ig_embed&amp;utm_campaign=loading\" target=\"_blank\" rel=\"noopener\">Une publication partag\u00e9e par Suiza Espa\u00f1a\ud83c\udde8\ud83c\udded\ud83c\uddea\ud83c\uddf8 (@suiza_spain)<\/a><\/p>\n<\/div>\n<\/blockquote>\n<h2><b>Activit\u00e9s \u00e0 gogo : ski, randonn\u00e9e, VTT\u2026 et moments suspendus<\/b><\/h2>\n<p><span style=\"font-weight: 400;\">Si vous \u00eates \u00e0 la recherche d\u2019une destination o\u00f9 l\u2019aventure rencontre la d\u00e9tente, Champ\u00e9ry est faite pour vous. C\u2019est simple : ici, l\u2019aventure est au coin de chaque ruelle, et les panoramas sublimes vous accompagneront \u00e0 chaque pas. L\u2019hiver, c\u2019est un <\/span><b>paradis pour les skieurs<\/b><span style=\"font-weight: 400;\">. Le domaine skiable des <strong>Portes du Soleil<\/strong>, l&#8217;un des plus grands d\u2019Europe, offre un terrain de jeu exceptionnel. Pistes pour tous les niveaux, paysages \u00e0 couper le souffle, et apr\u00e8s-ski dans une ambiance chaleureuse\u2026 Si vous aimez glisser sur la neige, vous serez aux anges.<\/span><\/p>\n<p><span style=\"font-weight: 400;\">Mais ce n\u2019est pas tout ! Pour ceux qui pr\u00e9f\u00e8rent les <\/span><b>activit\u00e9s douces<\/b><span style=\"font-weight: 400;\">, Champ\u00e9ry a tout ce qu\u2019il faut. Des balades en raquettes, des descentes en luge, des moments de calme au bord des lacs gel\u00e9s\u2026 Si vous n\u2019\u00eates pas fan de ski, pas de panique, vous trouverez toujours quelque chose \u00e0 faire pour profiter de la neige sans d\u00e9valer les pistes.<\/span><\/p>\n<p><span style=\"font-weight: 400;\">Et d\u00e8s que l&#8217;hiver laisse place au printemps et \u00e0 l&#8217;\u00e9t\u00e9, c\u2019est un tout nouveau <\/span><b>champ des possibles<\/b><span style=\"font-weight: 400;\"> qui s\u2019offre \u00e0 vous. Les randonn\u00e9es deviennent incontournables, avec des sentiers qui serpentent \u00e0 travers des paysages grandioses. Les <\/span><b>Dents du Midi<\/b><span style=\"font-weight: 400;\"> vous accompagneront de loin, tandis que des prairies fleuries et des for\u00eats denses vous inviteront \u00e0 la d\u00e9couverte. Les amateurs de VTT auront \u00e9galement de quoi faire, avec de nombreux circuits adapt\u00e9s \u00e0 tous les niveaux. Bref, que l\u2019on soit sportif ou plus tranquille, Champ\u00e9ry sait comment combler toutes les attentes.<\/span><\/p>\n<blockquote class=\"instagram-media\" style=\"background: #FFF; border: 0; border-radius: 3px; margin: 1px; max-width: 540px; min-width: 326px; padding: 0; width: calc(100% - 2px);\" data-instgrm-captioned=\"\" data-instgrm-permalink=\"https:\/\/www.instagram.com\/p\/C6y_lGkCVI9\/?utm_source=ig_embed&amp;utm_campaign=loading\" data-instgrm-version=\"14\">\n<div style=\"padding: 16px;\">\n<p>&nbsp;<\/p>\n<div style=\"flex-direction: row; align-items: center;\">\n<div style=\"background-color: #f4f4f4; border-radius: 50%; flex-grow: 0; height: 40px; margin-right: 14px; width: 40px;\"><\/div>\n<div style=\"flex-direction: column; flex-grow: 1; justify-content: center;\">\n<div style=\"background-color: #f4f4f4; border-radius: 4px; flex-grow: 0; height: 14px; margin-bottom: 6px; width: 100px;\"><\/div>\n<div style=\"background-color: #f4f4f4; border-radius: 4px; flex-grow: 0; height: 14px; width: 60px;\"><\/div>\n<\/div>\n<\/div>\n<div style=\"padding: 19% 0;\"><\/div>\n<div style=\"height: 50px; margin: 0 auto 12px; width: 50px;\"><\/div>\n<div style=\"padding-top: 8px;\">\n<div style=\"color: #3897f0; font-family: Arial,sans-serif; font-size: 14px; font-style: normal; font-weight: 550; line-height: 18px;\">Voir cette publication sur Instagram<\/div>\n<\/div>\n<div style=\"padding: 12.5% 0;\"><\/div>\n<div style=\"flex-direction: row; margin-bottom: 14px; align-items: center;\">\n<div>\n<div style=\"background-color: #f4f4f4; border-radius: 50%; height: 12.5px; width: 12.5px;\"><\/div>\n<div style=\"background-color: #f4f4f4; height: 12.5px; width: 12.5px; flex-grow: 0; margin-right: 14px; margin-left: 2px;\"><\/div>\n<div style=\"background-color: #f4f4f4; border-radius: 50%; height: 12.5px; width: 12.5px;\"><\/div>\n<\/div>\n<div style=\"margin-left: 8px;\">\n<div style=\"background-color: #f4f4f4; border-radius: 50%; flex-grow: 0; height: 20px; width: 20px;\"><\/div>\n<div style=\"width: 0; height: 0; border-top: 2px solid transparent; border-left: 6px solid #f4f4f4; border-bottom: 2px solid transparent;\"><\/div>\n<\/div>\n<div style=\"margin-left: auto;\">\n<div style=\"width: 0px; border-top: 8px solid #F4F4F4; border-right: 8px solid transparent;\"><\/div>\n<div style=\"background-color: #f4f4f4; flex-grow: 0; height: 12px; width: 16px;\"><\/div>\n<div style=\"width: 0; height: 0; border-top: 8px solid #F4F4F4; border-left: 8px solid transparent;\"><\/div>\n<\/div>\n<\/div>\n<div style=\"flex-direction: column; flex-grow: 1; justify-content: center; margin-bottom: 24px;\">\n<div style=\"background-color: #f4f4f4; border-radius: 4px; flex-grow: 0; height: 14px; margin-bottom: 6px; width: 224px;\"><\/div>\n<div style=\"background-color: #f4f4f4; border-radius: 4px; flex-grow: 0; height: 14px; width: 144px;\"><\/div>\n<\/div>\n<p>&nbsp;<\/p>\n<p style=\"color: #c9c8cd; font-family: Arial,sans-serif; font-size: 14px; line-height: 17px; margin-bottom: 0; margin-top: 8px; overflow: hidden; padding: 8px 0 7px; text-align: center;\"><a style=\"color: #c9c8cd; font-family: Arial,sans-serif; font-size: 14px; font-style: normal; font-weight: normal; line-height: 17px; text-decoration: none;\" href=\"https:\/\/www.instagram.com\/p\/C6y_lGkCVI9\/?utm_source=ig_embed&amp;utm_campaign=loading\" target=\"_blank\" rel=\"noopener\">Une publication partag\u00e9e par @gislaine_42<\/a><\/p>\n<\/div>\n<\/blockquote>\n<h2><b>Comment y aller : direction les Alpes en train, c\u2019est facile et rapide !<\/b><\/h2>\n<p><span style=\"font-weight: 400;\">L\u2019un des plus grands avantages de Champ\u00e9ry, c\u2019est son <\/span>accessibilit\u00e9<span style=\"font-weight: 400;\">. Et oui, en plus de son charme, ce village est super bien reli\u00e9. Si vous partez de Paris, direction Gen\u00e8ve en <\/span><a href=\"https:\/\/discover.ulysse.com\/sncf-introduit-un-nouveau-systeme-tgv-inoui\">TGV Lyria<\/a><span style=\"font-weight: 400;\">, avec un trajet d\u2019environ 3 heures. De Gen\u00e8ve, vous pouvez prendre un train jusqu\u2019\u00e0 <\/span><b>Monthey<\/b><span style=\"font-weight: 400;\">, et de l\u00e0, un bus vous am\u00e8ne directement \u00e0 Champ\u00e9ry en 30 minutes. Facile, non ?<\/span><\/p>\n<p><span style=\"font-weight: 400;\">Le train est sans doute le moyen le plus agr\u00e9able et pratique pour se rendre \u00e0 Champ\u00e9ry. Non seulement vous profitez du confort du voyage, mais en plus, les paysages qui d\u00e9filent sous vos yeux sont absolument splendides, surtout \u00e0 l\u2019approche des montagnes. Si vous partez de <\/span><b>Lyon<\/b><span style=\"font-weight: 400;\"> ou <\/span><b>Strasbourg<\/b><span style=\"font-weight: 400;\">, vous pourrez \u00e9galement emprunter des trajets directs en train, avec une arriv\u00e9e dans la r\u00e9gion en environ 6 \u00e0 8 heures selon votre point de d\u00e9part. Bref, peu importe d\u2019o\u00f9 vous venez, l\u2019aventure commence d\u00e8s le train !<\/span><\/p>\n<blockquote class=\"instagram-media\" style=\"background: #FFF; border: 0; border-radius: 3px; margin: 1px; max-width: 540px; min-width: 326px; padding: 0; width: calc(100% - 2px);\" data-instgrm-captioned=\"\" data-instgrm-permalink=\"https:\/\/www.instagram.com\/p\/CXSsppOM3yY\/?utm_source=ig_embed&amp;utm_campaign=loading\" data-instgrm-version=\"14\">\n<div style=\"padding: 16px;\">\n<p>&nbsp;<\/p>\n<div style=\"flex-direction: row; align-items: center;\">\n<div style=\"background-color: #f4f4f4; border-radius: 50%; flex-grow: 0; height: 40px; margin-right: 14px; width: 40px;\"><\/div>\n<div style=\"flex-direction: column; flex-grow: 1; justify-content: center;\">\n<div style=\"background-color: #f4f4f4; border-radius: 4px; flex-grow: 0; height: 14px; margin-bottom: 6px; width: 100px;\"><\/div>\n<div style=\"background-color: #f4f4f4; border-radius: 4px; flex-grow: 0; height: 14px; width: 60px;\"><\/div>\n<\/div>\n<\/div>\n<div style=\"padding: 19% 0;\"><\/div>\n<div style=\"height: 50px; margin: 0 auto 12px; width: 50px;\"><\/div>\n<div style=\"padding-top: 8px;\">\n<div style=\"color: #3897f0; font-family: Arial,sans-serif; font-size: 14px; font-style: normal; font-weight: 550; line-height: 18px;\">Voir cette publication sur Instagram<\/div>\n<\/div>\n<div style=\"padding: 12.5% 0;\"><\/div>\n<div style=\"flex-direction: row; margin-bottom: 14px; align-items: center;\">\n<div>\n<div style=\"background-color: #f4f4f4; border-radius: 50%; height: 12.5px; width: 12.5px;\"><\/div>\n<div style=\"background-color: #f4f4f4; height: 12.5px; width: 12.5px; flex-grow: 0; margin-right: 14px; margin-left: 2px;\"><\/div>\n<div style=\"background-color: #f4f4f4; border-radius: 50%; height: 12.5px; width: 12.5px;\"><\/div>\n<\/div>\n<div style=\"margin-left: 8px;\">\n<div style=\"background-color: #f4f4f4; border-radius: 50%; flex-grow: 0; height: 20px; width: 20px;\"><\/div>\n<div style=\"width: 0; height: 0; border-top: 2px solid transparent; border-left: 6px solid #f4f4f4; border-bottom: 2px solid transparent;\"><\/div>\n<\/div>\n<div style=\"margin-left: auto;\">\n<div style=\"width: 0px; border-top: 8px solid #F4F4F4; border-right: 8px solid transparent;\"><\/div>\n<div style=\"background-color: #f4f4f4; flex-grow: 0; height: 12px; width: 16px;\"><\/div>\n<div style=\"width: 0; height: 0; border-top: 8px solid #F4F4F4; border-left: 8px solid transparent;\"><\/div>\n<\/div>\n<\/div>\n<div style=\"flex-direction: column; flex-grow: 1; justify-content: center; margin-bottom: 24px;\">\n<div style=\"background-color: #f4f4f4; border-radius: 4px; flex-grow: 0; height: 14px; margin-bottom: 6px; width: 224px;\"><\/div>\n<div style=\"background-color: #f4f4f4; border-radius: 4px; flex-grow: 0; height: 14px; width: 144px;\"><\/div>\n<\/div>\n<p>&nbsp;<\/p>\n<p style=\"color: #c9c8cd; font-family: Arial,sans-serif; font-size: 14px; line-height: 17px; margin-bottom: 0; margin-top: 8px; overflow: hidden; padding: 8px 0 7px; text-align: center;\"><a style=\"color: #c9c8cd; font-family: Arial,sans-serif; font-size: 14px; font-style: normal; font-weight: normal; line-height: 17px; text-decoration: none;\" href=\"https:\/\/www.instagram.com\/p\/CXSsppOM3yY\/?utm_source=ig_embed&amp;utm_campaign=loading\" target=\"_blank\" rel=\"noopener\">Une publication partag\u00e9e par DontPanicLabs (@dontpanicl4bs)<\/a><\/p>\n<\/div>\n<\/blockquote>\n<h2><b>Co\u00fbt de la vie \u00e0 Champ\u00e9ry : le prix d\u2019un petit coin de paradis<\/b><\/h2>\n<p><span style=\"font-weight: 400;\">Bon, on ne va pas se mentir : la Suisse n\u2019est pas r\u00e9put\u00e9e pour \u00eatre <\/span><b>la destination la moins ch\u00e8re<\/b><span style=\"font-weight: 400;\">. Et Champ\u00e9ry ne fait pas exception. Cependant, pour un village qui fait partie des Plus Beaux Villages de Suisse, il reste relativement abordable. Les <\/span><b>prix des h\u00e9bergements<\/b><span style=\"font-weight: 400;\"> varient bien s\u00fbr en fonction de la saison, mais on peut trouver des chambres \u00e0 partir de 80 euros la nuit. En hiver, avec la demande accrue, les tarifs montent, mais vous pouvez toujours d\u00e9nicher des <\/span><b>bons plans<\/b><span style=\"font-weight: 400;\"> si vous r\u00e9servez \u00e0 l\u2019avance.<\/span><\/p>\n<p><span style=\"font-weight: 400;\">Les restaurants du village sont \u00e9galement \u00e0 la hauteur de l\u2019exp\u00e9rience : on y trouve de tout, de la cuisine locale et traditionnelle (on vous recommande vivement une fondue savoyarde dans l\u2019un des petits restaurants cosy du village) aux options plus modernes et raffin\u00e9es. Comptez entre 20 et 40 euros pour un repas moyen, et un peu plus pour une exp\u00e9rience gastronomique. Si vous voulez <\/span>tout g\u00e9rer \u00e0 la suisse<span style=\"font-weight: 400;\">, pensez \u00e0 faire vos courses sur place. Les petits commerces du village proposent des produits locaux, frais et d\u00e9licieux, \u00e0 des prix raisonnables.<\/span><\/p>\n<blockquote class=\"instagram-media\" style=\"background: #FFF; border: 0; border-radius: 3px; margin: 1px; max-width: 540px; min-width: 326px; padding: 0; width: calc(100% - 2px);\" data-instgrm-captioned=\"\" data-instgrm-permalink=\"https:\/\/www.instagram.com\/p\/ByN3JIZH00c\/?utm_source=ig_embed&amp;utm_campaign=loading\" data-instgrm-version=\"14\">\n<div style=\"padding: 16px;\">\n<p>&nbsp;<\/p>\n<div style=\"flex-direction: row; align-items: center;\">\n<div style=\"background-color: #f4f4f4; border-radius: 50%; flex-grow: 0; height: 40px; margin-right: 14px; width: 40px;\"><\/div>\n<div style=\"flex-direction: column; flex-grow: 1; justify-content: center;\">\n<div style=\"background-color: #f4f4f4; border-radius: 4px; flex-grow: 0; height: 14px; margin-bottom: 6px; width: 100px;\"><\/div>\n<div style=\"background-color: #f4f4f4; border-radius: 4px; flex-grow: 0; height: 14px; width: 60px;\"><\/div>\n<\/div>\n<\/div>\n<div style=\"padding: 19% 0;\"><\/div>\n<div style=\"height: 50px; margin: 0 auto 12px; width: 50px;\"><\/div>\n<div style=\"padding-top: 8px;\">\n<div style=\"color: #3897f0; font-family: Arial,sans-serif; font-size: 14px; font-style: normal; font-weight: 550; line-height: 18px;\">Voir cette publication sur Instagram<\/div>\n<\/div>\n<div style=\"padding: 12.5% 0;\"><\/div>\n<div style=\"flex-direction: row; margin-bottom: 14px; align-items: center;\">\n<div>\n<div style=\"background-color: #f4f4f4; border-radius: 50%; height: 12.5px; width: 12.5px;\"><\/div>\n<div style=\"background-color: #f4f4f4; height: 12.5px; width: 12.5px; flex-grow: 0; margin-right: 14px; margin-left: 2px;\"><\/div>\n<div style=\"background-color: #f4f4f4; border-radius: 50%; height: 12.5px; width: 12.5px;\"><\/div>\n<\/div>\n<div style=\"margin-left: 8px;\">\n<div style=\"background-color: #f4f4f4; border-radius: 50%; flex-grow: 0; height: 20px; width: 20px;\"><\/div>\n<div style=\"width: 0; height: 0; border-top: 2px solid transparent; border-left: 6px solid #f4f4f4; border-bottom: 2px solid transparent;\"><\/div>\n<\/div>\n<div style=\"margin-left: auto;\">\n<div style=\"width: 0px; border-top: 8px solid #F4F4F4; border-right: 8px solid transparent;\"><\/div>\n<div style=\"background-color: #f4f4f4; flex-grow: 0; height: 12px; width: 16px;\"><\/div>\n<div style=\"width: 0; height: 0; border-top: 8px solid #F4F4F4; border-left: 8px solid transparent;\"><\/div>\n<\/div>\n<\/div>\n<div style=\"flex-direction: column; flex-grow: 1; justify-content: center; margin-bottom: 24px;\">\n<div style=\"background-color: #f4f4f4; border-radius: 4px; flex-grow: 0; height: 14px; margin-bottom: 6px; width: 224px;\"><\/div>\n<div style=\"background-color: #f4f4f4; border-radius: 4px; flex-grow: 0; height: 14px; width: 144px;\"><\/div>\n<\/div>\n<p>&nbsp;<\/p>\n<p style=\"color: #c9c8cd; font-family: Arial,sans-serif; font-size: 14px; line-height: 17px; margin-bottom: 0; margin-top: 8px; overflow: hidden; padding: 8px 0 7px; text-align: center;\"><a style=\"color: #c9c8cd; font-family: Arial,sans-serif; font-size: 14px; font-style: normal; font-weight: normal; line-height: 17px; text-decoration: none;\" href=\"https:\/\/www.instagram.com\/p\/ByN3JIZH00c\/?utm_source=ig_embed&amp;utm_campaign=loading\" target=\"_blank\" rel=\"noopener\">Une publication partag\u00e9e par Sophie T (@so_phie_ta)<\/a><\/p>\n<\/div>\n<\/blockquote>\n<h2><b>Champ\u00e9ry, un village \u00e0 vivre et \u00e0 aimer<\/b><\/h2>\n<p><span style=\"font-weight: 400;\">Que vous soyez un passionn\u00e9 de nature, un amateur de sports d\u2019hiver, ou tout simplement en qu\u00eate de tranquillit\u00e9, Champ\u00e9ry est un v\u00e9ritable lieu de <\/span>d\u00e9connexion<span style=\"font-weight: 400;\">. Avec son cadre \u00e9poustouflant, son atmosph\u00e8re \u00e0 la fois paisible et dynamique, et ses multiples activit\u00e9s, ce village a tout pour s\u00e9duire. Alors, pourquoi ne pas faire un d\u00e9tour par ce petit coin de Suisse ? Une fois sur place, vous ne voudrez plus repartir.<\/span><\/p>\n<blockquote class=\"instagram-media\" style=\"background: #FFF; border: 0; border-radius: 3px; margin: 1px; max-width: 540px; min-width: 326px; padding: 0; width: calc(100% - 2px);\" data-instgrm-captioned=\"\" data-instgrm-permalink=\"https:\/\/www.instagram.com\/p\/ChX8s6Vt3Nq\/?utm_source=ig_embed&amp;utm_campaign=loading\" data-instgrm-version=\"14\">\n<div style=\"padding: 16px;\">\n<p>&nbsp;<\/p>\n<div style=\"flex-direction: row; align-items: center;\">\n<div style=\"background-color: #f4f4f4; border-radius: 50%; flex-grow: 0; height: 40px; margin-right: 14px; width: 40px;\"><\/div>\n<div style=\"flex-direction: column; flex-grow: 1; justify-content: center;\">\n<div style=\"background-color: #f4f4f4; border-radius: 4px; flex-grow: 0; height: 14px; margin-bottom: 6px; width: 100px;\"><\/div>\n<div style=\"background-color: #f4f4f4; border-radius: 4px; flex-grow: 0; height: 14px; width: 60px;\"><\/div>\n<\/div>\n<\/div>\n<div style=\"padding: 19% 0;\"><\/div>\n<div style=\"height: 50px; margin: 0 auto 12px; width: 50px;\"><\/div>\n<div style=\"padding-top: 8px;\">\n<div style=\"color: #3897f0; font-family: Arial,sans-serif; font-size: 14px; font-style: normal; font-weight: 550; line-height: 18px;\">Voir cette publication sur Instagram<\/div>\n<\/div>\n<div style=\"padding: 12.5% 0;\"><\/div>\n<div style=\"flex-direction: row; margin-bottom: 14px; align-items: center;\">\n<div>\n<div style=\"background-color: #f4f4f4; border-radius: 50%; height: 12.5px; width: 12.5px;\"><\/div>\n<div style=\"background-color: #f4f4f4; height: 12.5px; width: 12.5px; flex-grow: 0; margin-right: 14px; margin-left: 2px;\"><\/div>\n<div style=\"background-color: #f4f4f4; border-radius: 50%; height: 12.5px; width: 12.5px;\"><\/div>\n<\/div>\n<div style=\"margin-left: 8px;\">\n<div style=\"background-color: #f4f4f4; border-radius: 50%; flex-grow: 0; height: 20px; width: 20px;\"><\/div>\n<div style=\"width: 0; height: 0; border-top: 2px solid transparent; border-left: 6px solid #f4f4f4; border-bottom: 2px solid transparent;\"><\/div>\n<\/div>\n<div style=\"margin-left: auto;\">\n<div style=\"width: 0px; border-top: 8px solid #F4F4F4; border-right: 8px solid transparent;\"><\/div>\n<div style=\"background-color: #f4f4f4; flex-grow: 0; height: 12px; width: 16px;\"><\/div>\n<div style=\"width: 0; height: 0; border-top: 8px solid #F4F4F4; border-left: 8px solid transparent;\"><\/div>\n<\/div>\n<\/div>\n<div style=\"flex-direction: column; flex-grow: 1; justify-content: center; margin-bottom: 24px;\">\n<div style=\"background-color: #f4f4f4; border-radius: 4px; flex-grow: 0; height: 14px; margin-bottom: 6px; width: 224px;\"><\/div>\n<div style=\"background-color: #f4f4f4; border-radius: 4px; flex-grow: 0; height: 14px; width: 144px;\"><\/div>\n<\/div>\n<p>&nbsp;<\/p>\n<p style=\"color: #c9c8cd; font-family: Arial,sans-serif; font-size: 14px; line-height: 17px; margin-bottom: 0; margin-top: 8px; overflow: hidden; padding: 8px 0 7px; text-align: center;\"><a style=\"color: #c9c8cd; font-family: Arial,sans-serif; font-size: 14px; font-style: normal; font-weight: normal; line-height: 17px; text-decoration: none;\" href=\"https:\/\/www.instagram.com\/p\/ChX8s6Vt3Nq\/?utm_source=ig_embed&amp;utm_campaign=loading\" target=\"_blank\" rel=\"noopener\">Une publication partag\u00e9e par Dawid Przewo\u017anik (@dawid.myfavoriteplaces)<\/a><\/p>\n<\/div>\n<\/blockquote>\n<p><span style=\"font-weight: 400;\">Le village de vos r\u00eaves vous attend au c\u0153ur des Alpes suisses, pr\u00eat \u00e0 vous offrir un voyage inoubliable\u2026 \u00c0 vous de d\u00e9couvrir tous ses secrets !<\/span><\/p>\n","protected":false},"excerpt":{"rendered":"<p>Les Alpes suisses n\u2019en finissent pas de surprendre, et parmi ses tr\u00e9sors cach\u00e9s, il y en a un qui brille [&hellip;]<\/p>\n","protected":false},"author":3,"featured_media":37251,"comment_status":"open","ping_status":"closed","sticky":false,"template":"","format":"standard","meta":{"_acf_changed":false,"_sitemap_exclude":false,"_sitemap_priority":"","_sitemap_frequency":"","footnotes":"","rank_math_title":"","rank_math_description":"Envie de d\u00e9couvrir un coin de montagne pas comme les autres ? L\u2019un des plus beaux villages de Suisse vous attend pour une aventure inoubliable !\n","rank_math_canonical_url":"","rank_math_focus_keyword":"village"},"categories":[3],"tags":[],"class_list":["post-37250","post","type-post","status-publish","format-standard","has-post-thumbnail","hentry","category-voyage"],"acf":[],"_links":{"self":[{"href":"https:\/\/ulysse.com\/news\/wp-json\/wp\/v2\/posts\/37250","targetHints":{"allow":["GET"]}}],"collection":[{"href":"https:\/\/ulysse.com\/news\/wp-json\/wp\/v2\/posts"}],"about":[{"href":"https:\/\/ulysse.com\/news\/wp-json\/wp\/v2\/types\/post"}],"author":[{"embeddable":true,"href":"https:\/\/ulysse.com\/news\/wp-json\/wp\/v2\/users\/3"}],"replies":[{"embeddable":true,"href":"https:\/\/ulysse.com\/news\/wp-json\/wp\/v2\/comments?post=37250"}],"version-history":[{"count":2,"href":"https:\/\/ulysse.com\/news\/wp-json\/wp\/v2\/posts\/37250\/revisions"}],"predecessor-version":[{"id":37288,"href":"https:\/\/ulysse.com\/news\/wp-json\/wp\/v2\/posts\/37250\/revisions\/37288"}],"wp:featuredmedia":[{"embeddable":true,"href":"https:\/\/ulysse.com\/news\/wp-json\/wp\/v2\/media\/37251"}],"wp:attachment":[{"href":"https:\/\/ulysse.com\/news\/wp-json\/wp\/v2\/media?parent=37250"}],"wp:term":[{"taxonomy":"category","embeddable":true,"href":"https:\/\/ulysse.com\/news\/wp-json\/wp\/v2\/categories?post=37250"},{"taxonomy":"post_tag","embeddable":true,"href":"https:\/\/ulysse.com\/news\/wp-json\/wp\/v2\/tags?post=37250"}],"curies":[{"name":"wp","href":"https:\/\/api.w.org\/{rel}","templated":true}]}}