{"id":37273,"date":"2025-11-03T17:00:16","date_gmt":"2025-11-03T16:00:16","guid":{"rendered":"https:\/\/discover.ulysse.com\/?p=37273"},"modified":"2025-11-03T08:06:24","modified_gmt":"2025-11-03T07:06:24","slug":"atlantique-fait-honte-a-la-mediterranee-acores","status":"publish","type":"post","link":"https:\/\/ulysse.com\/news\/atlantique-fait-honte-a-la-mediterranee-acores","title":{"rendered":"Ce coin d\u2019Atlantique fait honte \u00e0 la M\u00e9diterran\u00e9e : les A\u00e7ores dans toute leur d\u00e9mesure"},"content":{"rendered":"<p><span style=\"font-weight: 400;\">Si vous pensiez que la M\u00e9diterran\u00e9e r\u00e9gnait sans partage sur les destinations ensoleill\u00e9es, d\u00e9trompez-vous. Un petit coin d\u2019Atlantique est en train de lui voler la vedette :<strong> les A\u00e7ores<\/strong>. Ces \u00eeles portugaises, \u00e0 mi-chemin entre l&#8217;Europe et l\u2019Am\u00e9rique, n&#8217;ont rien \u00e0 envier \u00e0 la riviera m\u00e9diterran\u00e9enne. Au contraire, elles lui font de l\u2019ombre avec leurs paysages \u00e0 couper le souffle, leurs volcans encore en activit\u00e9 et leurs plages dignes des plus grands secrets bien gard\u00e9s. \u00c0 la fois sauvages, spectaculaires et empreintes d\u2019un calme quasi mystique, les A\u00e7ores d\u00e9fient les clich\u00e9s et s&#8217;imposent comme une destination de choix. Vous ne croyez pas \u00e0 cette d\u00e9mesure ? Laissez-vous emporter par ce voyage inoubliable.<\/span><\/p>\n<h2><b>Lagoa do Fogo : un lac volcanique qui d\u00e9fie toute logique<\/b><\/h2>\n<p><span style=\"font-weight: 400;\">Il existe des endroits sur Terre qui semblent tout droit sortis d\u2019un r\u00eave. Le <strong>Lagoa do Fogo<\/strong> est l\u2019un de ceux-l\u00e0. Imaginez un lac cristallin nich\u00e9 au c\u0153ur d\u2019un crat\u00e8re volcanique, entour\u00e9 de montagnes verdoyantes et de for\u00eats luxueuses. Ce lieu unique se trouve sur<a href=\"https:\/\/discover.ulysse.com\/fuir-chaleurs-etouffantes-ete\"> l&#8217;\u00eele de S\u00e3o Miguel<\/a>, la plus grande des A\u00e7ores. L\u2019eau du lac, d\u2019un bleu intense, contraste magnifiquement avec le vert des montagnes, offrant un spectacle visuel que la M\u00e9diterran\u00e9e, avec ses plages dor\u00e9es, peine \u00e0 \u00e9galer.<\/span><\/p>\n<p><span style=\"font-weight: 400;\">Mais ici, on ne se contente pas de regarder : il faut ressentir. Pour y acc\u00e9der, il faut se lancer dans une randonn\u00e9e qui vous plonge en plein c\u0153ur de la nature sauvage. Vous foulerez des sentiers sinueux bord\u00e9s de foug\u00e8res g\u00e9antes, respirant l\u2019air pur de l\u2019Atlantique. L&#8217;ascension vous m\u00e8ne \u00e0 une vue imprenable sur ce d\u00e9cor \u00e9poustouflant, \u00e0 couper le souffle. C\u2019est un endroit qui fait oublier le monde, o\u00f9 l\u2019on se sent tout petit, mais incroyablement vivant. Un vrai d\u00e9paysement, loin des plages bond\u00e9es de la M\u00e9diterran\u00e9e, o\u00f9 tout semble encore sauvage, brut et inexplor\u00e9.<\/span><\/p>\n<p><span style=\"font-weight: 400;\">Et si vous \u00eates du genre aventurier, rien ne vous emp\u00eache de vous baigner dans les eaux du lac \u2013 mais attention, la baignade est un petit d\u00e9fi, car le volcan est actif et il y a parfois des \u00e9missions de gaz. Un vrai bain de nature, en quelque sorte. Pour rejoindre ce coin de paradis, un vol direct depuis Paris ou Lisbonne vous emm\u00e8ne en moins de quatre heures vers<strong> Ponta Delgada<\/strong>, la capitale de S\u00e3o Miguel. Le prix des billets varie, mais une fois arriv\u00e9, le reste du voyage est \u00e0 port\u00e9e de main.<\/span><\/p>\n<blockquote class=\"instagram-media\" style=\"background: #FFF; border: 0; border-radius: 3px; margin: 1px; max-width: 540px; min-width: 326px; padding: 0; width: calc(100% - 2px);\" data-instgrm-captioned=\"\" data-instgrm-permalink=\"https:\/\/www.instagram.com\/p\/ByK2DCpjkUe\/?utm_source=ig_embed&amp;utm_campaign=loading\" data-instgrm-version=\"14\">\n<div style=\"padding: 16px;\">\n<p>&nbsp;<\/p>\n<div style=\"flex-direction: row; align-items: center;\">\n<div style=\"background-color: #f4f4f4; border-radius: 50%; flex-grow: 0; height: 40px; margin-right: 14px; width: 40px;\"><\/div>\n<div style=\"flex-direction: column; flex-grow: 1; justify-content: center;\">\n<div style=\"background-color: #f4f4f4; border-radius: 4px; flex-grow: 0; height: 14px; margin-bottom: 6px; width: 100px;\"><\/div>\n<div style=\"background-color: #f4f4f4; border-radius: 4px; flex-grow: 0; height: 14px; width: 60px;\"><\/div>\n<\/div>\n<\/div>\n<div style=\"padding: 19% 0;\"><\/div>\n<div style=\"height: 50px; margin: 0 auto 12px; width: 50px;\"><\/div>\n<div style=\"padding-top: 8px;\">\n<div style=\"color: #3897f0; font-family: Arial,sans-serif; font-size: 14px; font-style: normal; font-weight: 550; line-height: 18px;\">Voir cette publication sur Instagram<\/div>\n<\/div>\n<div style=\"padding: 12.5% 0;\"><\/div>\n<div style=\"flex-direction: row; margin-bottom: 14px; align-items: center;\">\n<div>\n<div style=\"background-color: #f4f4f4; border-radius: 50%; height: 12.5px; width: 12.5px;\"><\/div>\n<div style=\"background-color: #f4f4f4; height: 12.5px; width: 12.5px; flex-grow: 0; margin-right: 14px; margin-left: 2px;\"><\/div>\n<div style=\"background-color: #f4f4f4; border-radius: 50%; height: 12.5px; width: 12.5px;\"><\/div>\n<\/div>\n<div style=\"margin-left: 8px;\">\n<div style=\"background-color: #f4f4f4; border-radius: 50%; flex-grow: 0; height: 20px; width: 20px;\"><\/div>\n<div style=\"width: 0; height: 0; border-top: 2px solid transparent; border-left: 6px solid #f4f4f4; border-bottom: 2px solid transparent;\"><\/div>\n<\/div>\n<div style=\"margin-left: auto;\">\n<div style=\"width: 0px; border-top: 8px solid #F4F4F4; border-right: 8px solid transparent;\"><\/div>\n<div style=\"background-color: #f4f4f4; flex-grow: 0; height: 12px; width: 16px;\"><\/div>\n<div style=\"width: 0; height: 0; border-top: 8px solid #F4F4F4; border-left: 8px solid transparent;\"><\/div>\n<\/div>\n<\/div>\n<div style=\"flex-direction: column; flex-grow: 1; justify-content: center; margin-bottom: 24px;\">\n<div style=\"background-color: #f4f4f4; border-radius: 4px; flex-grow: 0; height: 14px; margin-bottom: 6px; width: 224px;\"><\/div>\n<div style=\"background-color: #f4f4f4; border-radius: 4px; flex-grow: 0; height: 14px; width: 144px;\"><\/div>\n<\/div>\n<p>&nbsp;<\/p>\n<p style=\"color: #c9c8cd; font-family: Arial,sans-serif; font-size: 14px; line-height: 17px; margin-bottom: 0; margin-top: 8px; overflow: hidden; padding: 8px 0 7px; text-align: center;\"><a style=\"color: #c9c8cd; font-family: Arial,sans-serif; font-size: 14px; font-style: normal; font-weight: normal; line-height: 17px; text-decoration: none;\" href=\"https:\/\/www.instagram.com\/p\/ByK2DCpjkUe\/?utm_source=ig_embed&amp;utm_campaign=loading\" target=\"_blank\" rel=\"noopener\">Une publication partag\u00e9e par A\u1d22\u1d0f\u0280\u1d07\ua731, W\u029c\u1d00\u1d1b E\u029f\ua731\u1d07! (@azoreswhatelse)<\/a><\/p>\n<\/div>\n<\/blockquote>\n<h2><b>Caldeira Velha : un bain chaud au c\u0153ur de la nature azor\u00e9enne<\/b><\/h2>\n<p><span style=\"font-weight: 400;\">Si vous pensiez que les plages \u00e9taient les seules sources de d\u00e9tente, vous n\u2019avez encore rien vu. Laissez-vous s\u00e9duire par la<strong> Caldeira Velha<\/strong>, un v\u00e9ritable sanctuaire naturel o\u00f9 la g\u00e9othermie se transforme en un spa naturel. Imaginez une for\u00eat luxuriante, un souffle chaud qui se d\u00e9gage de sources thermales naturelles, et des bassins d\u2019eau chaude cristalline o\u00f9 vous pouvez plonger en toute s\u00e9r\u00e9nit\u00e9. C\u2019est ici, \u00e0 l\u2019int\u00e9rieur de l&#8217;\u00eele de S\u00e3o Miguel, que la magie op\u00e8re.<\/span><\/p>\n<p><span style=\"font-weight: 400;\">Les eaux chaudes de la Caldeira Velha ne sont pas seulement un plaisir pour les yeux, elles sont une v\u00e9ritable invitation \u00e0 se d\u00e9tendre. Prenez le temps de vous immerger dans ces bassins, d\u2019\u00e9couter le bruit apaisant des cascades et de sentir la chaleur de la terre sous vos pieds. Le contraste entre la fra\u00eecheur de l\u2019air et la chaleur des eaux est un plaisir sensoriel dont vous vous souviendrez longtemps. Tout autour, la v\u00e9g\u00e9tation azor\u00e9enne semble sortir tout droit d&#8217;un conte de f\u00e9es. Des foug\u00e8res g\u00e9antes aux arbres centenaires, la for\u00eat est d&#8217;une telle richesse qu\u2019on se croirait dans un film. \u00c0 l&#8217;ombre des arbres, les vapeurs g\u00e9othermiques vous enveloppent, cr\u00e9ant une ambiance presque irr\u00e9elle, comme un secret bien gard\u00e9, loin des stations baln\u00e9aires trop touristiques de la M\u00e9diterran\u00e9e.<\/span><\/p>\n<p><span style=\"font-weight: 400;\">Pour y arriver, c&#8217;est un jeu d&#8217;enfant. Apr\u00e8s un vol pour Ponta Delgada, quelques minutes en voiture suffisent pour rejoindre ce petit coin de paradis. C\u2019est simple, rapide et franchement revitalisant.<\/span><\/p>\n<blockquote class=\"instagram-media\" style=\"background: #FFF; border: 0; border-radius: 3px; margin: 1px; max-width: 540px; min-width: 326px; padding: 0; width: calc(100% - 2px);\" data-instgrm-captioned=\"\" data-instgrm-permalink=\"https:\/\/www.instagram.com\/p\/Cw46roiIL7Z\/?utm_source=ig_embed&amp;utm_campaign=loading\" data-instgrm-version=\"14\">\n<div style=\"padding: 16px;\">\n<p>&nbsp;<\/p>\n<div style=\"flex-direction: row; align-items: center;\">\n<div style=\"background-color: #f4f4f4; border-radius: 50%; flex-grow: 0; height: 40px; margin-right: 14px; width: 40px;\"><\/div>\n<div style=\"flex-direction: column; flex-grow: 1; justify-content: center;\">\n<div style=\"background-color: #f4f4f4; border-radius: 4px; flex-grow: 0; height: 14px; margin-bottom: 6px; width: 100px;\"><\/div>\n<div style=\"background-color: #f4f4f4; border-radius: 4px; flex-grow: 0; height: 14px; width: 60px;\"><\/div>\n<\/div>\n<\/div>\n<div style=\"padding: 19% 0;\"><\/div>\n<div style=\"height: 50px; margin: 0 auto 12px; width: 50px;\"><\/div>\n<div style=\"padding-top: 8px;\">\n<div style=\"color: #3897f0; font-family: Arial,sans-serif; font-size: 14px; font-style: normal; font-weight: 550; line-height: 18px;\">Voir cette publication sur Instagram<\/div>\n<\/div>\n<div style=\"padding: 12.5% 0;\"><\/div>\n<div style=\"flex-direction: row; margin-bottom: 14px; align-items: center;\">\n<div>\n<div style=\"background-color: #f4f4f4; border-radius: 50%; height: 12.5px; width: 12.5px;\"><\/div>\n<div style=\"background-color: #f4f4f4; height: 12.5px; width: 12.5px; flex-grow: 0; margin-right: 14px; margin-left: 2px;\"><\/div>\n<div style=\"background-color: #f4f4f4; border-radius: 50%; height: 12.5px; width: 12.5px;\"><\/div>\n<\/div>\n<div style=\"margin-left: 8px;\">\n<div style=\"background-color: #f4f4f4; border-radius: 50%; flex-grow: 0; height: 20px; width: 20px;\"><\/div>\n<div style=\"width: 0; height: 0; border-top: 2px solid transparent; border-left: 6px solid #f4f4f4; border-bottom: 2px solid transparent;\"><\/div>\n<\/div>\n<div style=\"margin-left: auto;\">\n<div style=\"width: 0px; border-top: 8px solid #F4F4F4; border-right: 8px solid transparent;\"><\/div>\n<div style=\"background-color: #f4f4f4; flex-grow: 0; height: 12px; width: 16px;\"><\/div>\n<div style=\"width: 0; height: 0; border-top: 8px solid #F4F4F4; border-left: 8px solid transparent;\"><\/div>\n<\/div>\n<\/div>\n<div style=\"flex-direction: column; flex-grow: 1; justify-content: center; margin-bottom: 24px;\">\n<div style=\"background-color: #f4f4f4; border-radius: 4px; flex-grow: 0; height: 14px; margin-bottom: 6px; width: 224px;\"><\/div>\n<div style=\"background-color: #f4f4f4; border-radius: 4px; flex-grow: 0; height: 14px; width: 144px;\"><\/div>\n<\/div>\n<p>&nbsp;<\/p>\n<p style=\"color: #c9c8cd; font-family: Arial,sans-serif; font-size: 14px; line-height: 17px; margin-bottom: 0; margin-top: 8px; overflow: hidden; padding: 8px 0 7px; text-align: center;\"><a style=\"color: #c9c8cd; font-family: Arial,sans-serif; font-size: 14px; font-style: normal; font-weight: normal; line-height: 17px; text-decoration: none;\" href=\"https:\/\/www.instagram.com\/p\/Cw46roiIL7Z\/?utm_source=ig_embed&amp;utm_campaign=loading\" target=\"_blank\" rel=\"noopener\">Une publication partag\u00e9e par Jejez (@thejejez)<\/a><\/p>\n<\/div>\n<\/blockquote>\n<h2><b>Boca de Inferno : le spectacle de la mer en furie<\/b><\/h2>\n<p><span style=\"font-weight: 400;\">Ne croyez pas que <a href=\"https:\/\/discover.ulysse.com\/lac-perche-volcan-acores-jamais-vue\">les A\u00e7ores<\/a> ne savent faire que la qui\u00e9tude. Oh non. Si vous cherchez un peu de frissons, direction la <strong>Boca de Inferno<\/strong>, ou la \u201cbouche de l\u2019enfer\u201d, un site embl\u00e9matique o\u00f9 les \u00e9l\u00e9ments d\u00e9cha\u00een\u00e9s se confrontent dans un spectacle dantesque. Imaginez des falaises de basalte noires frapp\u00e9es par des vagues gigantesques qui rugissent et s\u2019\u00e9crasent contre la roche avec une force telle qu\u2019elles r\u00e9sonnent dans toute la r\u00e9gion. Le bruit, les embruns, l\u2019odeur de sel \u2013 tout est l\u00e0 pour vous rappeler que la mer, ici, n\u2019est jamais aussi belle que lorsqu\u2019elle est d\u00e9cha\u00een\u00e9e.<\/span><\/p>\n<p><span style=\"font-weight: 400;\">Ce ph\u00e9nom\u00e8ne naturel spectaculaire est particuli\u00e8rement impressionnant lors des journ\u00e9es venteuses ou des temp\u00eates. C\u2019est \u00e0 ce moment que la mer se transforme en une v\u00e9ritable b\u00eate sauvage, et o\u00f9 les vagues frappent les rochers avec une puissance qui fait vibrer l\u2019\u00e2me. Un endroit qui vous rappellera la beaut\u00e9 brutale de la nature, loin des eaux tranquilles des plages m\u00e9diterran\u00e9ennes. Pour atteindre cet endroit spectaculaire, il vous faudra un peu d&#8217;aventure : quelques kilom\u00e8tres \u00e0 pied \u00e0 travers des sentiers accident\u00e9s et, une fois l\u00e0, l\u2019oc\u00e9an vous d\u00e9voilera tout son d\u00e9cha\u00eenement. Les A\u00e7ores, \u00e0 l\u2019image de cette Boca de Inferno, sont pleines de surprises.<\/span><\/p>\n<blockquote class=\"instagram-media\" style=\"background: #FFF; border: 0; border-radius: 3px; margin: 1px; max-width: 540px; min-width: 326px; padding: 0; width: calc(100% - 2px);\" data-instgrm-captioned=\"\" data-instgrm-permalink=\"https:\/\/www.instagram.com\/p\/CzGLNj_Mnlq\/?utm_source=ig_embed&amp;utm_campaign=loading\" data-instgrm-version=\"14\">\n<div style=\"padding: 16px;\">\n<p>&nbsp;<\/p>\n<div style=\"flex-direction: row; align-items: center;\">\n<div style=\"background-color: #f4f4f4; border-radius: 50%; flex-grow: 0; height: 40px; margin-right: 14px; width: 40px;\"><\/div>\n<div style=\"flex-direction: column; flex-grow: 1; justify-content: center;\">\n<div style=\"background-color: #f4f4f4; border-radius: 4px; flex-grow: 0; height: 14px; margin-bottom: 6px; width: 100px;\"><\/div>\n<div style=\"background-color: #f4f4f4; border-radius: 4px; flex-grow: 0; height: 14px; width: 60px;\"><\/div>\n<\/div>\n<\/div>\n<div style=\"padding: 19% 0;\"><\/div>\n<div style=\"height: 50px; margin: 0 auto 12px; width: 50px;\"><\/div>\n<div style=\"padding-top: 8px;\">\n<div style=\"color: #3897f0; font-family: Arial,sans-serif; font-size: 14px; font-style: normal; font-weight: 550; line-height: 18px;\">Voir cette publication sur Instagram<\/div>\n<\/div>\n<div style=\"padding: 12.5% 0;\"><\/div>\n<div style=\"flex-direction: row; margin-bottom: 14px; align-items: center;\">\n<div>\n<div style=\"background-color: #f4f4f4; border-radius: 50%; height: 12.5px; width: 12.5px;\"><\/div>\n<div style=\"background-color: #f4f4f4; height: 12.5px; width: 12.5px; flex-grow: 0; margin-right: 14px; margin-left: 2px;\"><\/div>\n<div style=\"background-color: #f4f4f4; border-radius: 50%; height: 12.5px; width: 12.5px;\"><\/div>\n<\/div>\n<div style=\"margin-left: 8px;\">\n<div style=\"background-color: #f4f4f4; border-radius: 50%; flex-grow: 0; height: 20px; width: 20px;\"><\/div>\n<div style=\"width: 0; height: 0; border-top: 2px solid transparent; border-left: 6px solid #f4f4f4; border-bottom: 2px solid transparent;\"><\/div>\n<\/div>\n<div style=\"margin-left: auto;\">\n<div style=\"width: 0px; border-top: 8px solid #F4F4F4; border-right: 8px solid transparent;\"><\/div>\n<div style=\"background-color: #f4f4f4; flex-grow: 0; height: 12px; width: 16px;\"><\/div>\n<div style=\"width: 0; height: 0; border-top: 8px solid #F4F4F4; border-left: 8px solid transparent;\"><\/div>\n<\/div>\n<\/div>\n<div style=\"flex-direction: column; flex-grow: 1; justify-content: center; margin-bottom: 24px;\">\n<div style=\"background-color: #f4f4f4; border-radius: 4px; flex-grow: 0; height: 14px; margin-bottom: 6px; width: 224px;\"><\/div>\n<div style=\"background-color: #f4f4f4; border-radius: 4px; flex-grow: 0; height: 14px; width: 144px;\"><\/div>\n<\/div>\n<p>&nbsp;<\/p>\n<p style=\"color: #c9c8cd; font-family: Arial,sans-serif; font-size: 14px; line-height: 17px; margin-bottom: 0; margin-top: 8px; overflow: hidden; padding: 8px 0 7px; text-align: center;\"><a style=\"color: #c9c8cd; font-family: Arial,sans-serif; font-size: 14px; font-style: normal; font-weight: normal; line-height: 17px; text-decoration: none;\" href=\"https:\/\/www.instagram.com\/p\/CzGLNj_Mnlq\/?utm_source=ig_embed&amp;utm_campaign=loading\" target=\"_blank\" rel=\"noopener\">Une publication partag\u00e9e par s.arah \ud83c\udf0e Travel Content Creation \ud83c\udf0d (@sarah.jetlag)<\/a><\/p>\n<\/div>\n<\/blockquote>\n<h2><b>Les A\u00e7ores : bien plus qu\u2019une simple destination<\/b><\/h2>\n<p><span style=\"font-weight: 400;\">Les A\u00e7ores, ce n\u2019est pas qu\u2019une simple escapade. C\u2019est un voyage au c\u0153ur de l\u2019authenticit\u00e9, un saut dans l\u2019inconnu, loin des clich\u00e9s touristiques habituels. Ici, pas de plages bond\u00e9es, mais des paysages intacts et des lieux o\u00f9 la nature prend toute la place. Loin des circuits pr\u00e9format\u00e9s de la M\u00e9diterran\u00e9e, l\u2019archipel portugais vous promet des moments de d\u00e9connexion totale, de contemplation, et m\u00eame d\u2019aventure. Il n\u2019y a pas de fausses promesses ici, juste la puret\u00e9 de l\u2019Atlantique et la magnificence de ses paysages.<\/span><\/p>\n<blockquote class=\"instagram-media\" style=\"background: #FFF; border: 0; border-radius: 3px; margin: 1px; max-width: 540px; min-width: 326px; padding: 0; width: calc(100% - 2px);\" data-instgrm-captioned=\"\" data-instgrm-permalink=\"https:\/\/www.instagram.com\/p\/DJzhNfVslfK\/?utm_source=ig_embed&amp;utm_campaign=loading\" data-instgrm-version=\"14\">\n<div style=\"padding: 16px;\">\n<p>&nbsp;<\/p>\n<div style=\"flex-direction: row; align-items: center;\">\n<div style=\"background-color: #f4f4f4; border-radius: 50%; flex-grow: 0; height: 40px; margin-right: 14px; width: 40px;\"><\/div>\n<div style=\"flex-direction: column; flex-grow: 1; justify-content: center;\">\n<div style=\"background-color: #f4f4f4; border-radius: 4px; flex-grow: 0; height: 14px; margin-bottom: 6px; width: 100px;\"><\/div>\n<div style=\"background-color: #f4f4f4; border-radius: 4px; flex-grow: 0; height: 14px; width: 60px;\"><\/div>\n<\/div>\n<\/div>\n<div style=\"padding: 19% 0;\"><\/div>\n<div style=\"height: 50px; margin: 0 auto 12px; width: 50px;\"><\/div>\n<div style=\"padding-top: 8px;\">\n<div style=\"color: #3897f0; font-family: Arial,sans-serif; font-size: 14px; font-style: normal; font-weight: 550; line-height: 18px;\">Voir cette publication sur Instagram<\/div>\n<\/div>\n<div style=\"padding: 12.5% 0;\"><\/div>\n<div style=\"flex-direction: row; margin-bottom: 14px; align-items: center;\">\n<div>\n<div style=\"background-color: #f4f4f4; border-radius: 50%; height: 12.5px; width: 12.5px;\"><\/div>\n<div style=\"background-color: #f4f4f4; height: 12.5px; width: 12.5px; flex-grow: 0; margin-right: 14px; margin-left: 2px;\"><\/div>\n<div style=\"background-color: #f4f4f4; border-radius: 50%; height: 12.5px; width: 12.5px;\"><\/div>\n<\/div>\n<div style=\"margin-left: 8px;\">\n<div style=\"background-color: #f4f4f4; border-radius: 50%; flex-grow: 0; height: 20px; width: 20px;\"><\/div>\n<div style=\"width: 0; height: 0; border-top: 2px solid transparent; border-left: 6px solid #f4f4f4; border-bottom: 2px solid transparent;\"><\/div>\n<\/div>\n<div style=\"margin-left: auto;\">\n<div style=\"width: 0px; border-top: 8px solid #F4F4F4; border-right: 8px solid transparent;\"><\/div>\n<div style=\"background-color: #f4f4f4; flex-grow: 0; height: 12px; width: 16px;\"><\/div>\n<div style=\"width: 0; height: 0; border-top: 8px solid #F4F4F4; border-left: 8px solid transparent;\"><\/div>\n<\/div>\n<\/div>\n<div style=\"flex-direction: column; flex-grow: 1; justify-content: center; margin-bottom: 24px;\">\n<div style=\"background-color: #f4f4f4; border-radius: 4px; flex-grow: 0; height: 14px; margin-bottom: 6px; width: 224px;\"><\/div>\n<div style=\"background-color: #f4f4f4; border-radius: 4px; flex-grow: 0; height: 14px; width: 144px;\"><\/div>\n<\/div>\n<p>&nbsp;<\/p>\n<p style=\"color: #c9c8cd; font-family: Arial,sans-serif; font-size: 14px; line-height: 17px; margin-bottom: 0; margin-top: 8px; overflow: hidden; padding: 8px 0 7px; text-align: center;\"><a style=\"color: #c9c8cd; font-family: Arial,sans-serif; font-size: 14px; font-style: normal; font-weight: normal; line-height: 17px; text-decoration: none;\" href=\"https:\/\/www.instagram.com\/p\/DJzhNfVslfK\/?utm_source=ig_embed&amp;utm_campaign=loading\" target=\"_blank\" rel=\"noopener\">Une publication partag\u00e9e par Bruno \u00c1zera \u2022 Azores \ud83c\uddf5\ud83c\uddf9 (@brunoazera)<\/a><\/p>\n<\/div>\n<\/blockquote>\n<p><span style=\"font-weight: 400;\">Alors, si la M\u00e9diterran\u00e9e vous a un peu d\u00e9\u00e7u par sa surpopulation estivale, c\u2019est peut-\u00eatre le moment de vous offrir une parenth\u00e8se bien plus sauvage. Les A\u00e7ores sont pr\u00eates \u00e0 vous \u00e9blouir avec leur d\u00e9mesure, leur caract\u00e8re brut et leur beaut\u00e9 authentique. Un petit coin de paradis o\u00f9 la nature, sans fard, vous d\u00e9voile ses secrets les plus pr\u00e9cieux.<\/span><\/p>\n","protected":false},"excerpt":{"rendered":"<p>Si vous pensiez que la M\u00e9diterran\u00e9e r\u00e9gnait sans partage sur les destinations ensoleill\u00e9es, d\u00e9trompez-vous. Un petit coin d\u2019Atlantique est en [&hellip;]<\/p>\n","protected":false},"author":3,"featured_media":37274,"comment_status":"open","ping_status":"closed","sticky":false,"template":"","format":"standard","meta":{"_acf_changed":false,"_sitemap_exclude":false,"_sitemap_priority":"","_sitemap_frequency":"","footnotes":"","rank_math_title":"","rank_math_description":"Les A\u00e7ores, un paradis sauvage de l'Atlantique o\u00f9 volcans, lacs et mer d\u00e9cha\u00een\u00e9e red\u00e9finissent l\u2019id\u00e9e du voyage. Pr\u00eat \u00e0 \u00eatre \u00e9bloui ?\n","rank_math_canonical_url":"","rank_math_focus_keyword":"atlantique,acores"},"categories":[3],"tags":[],"class_list":["post-37273","post","type-post","status-publish","format-standard","has-post-thumbnail","hentry","category-voyage"],"acf":[],"_links":{"self":[{"href":"https:\/\/ulysse.com\/news\/wp-json\/wp\/v2\/posts\/37273","targetHints":{"allow":["GET"]}}],"collection":[{"href":"https:\/\/ulysse.com\/news\/wp-json\/wp\/v2\/posts"}],"about":[{"href":"https:\/\/ulysse.com\/news\/wp-json\/wp\/v2\/types\/post"}],"author":[{"embeddable":true,"href":"https:\/\/ulysse.com\/news\/wp-json\/wp\/v2\/users\/3"}],"replies":[{"embeddable":true,"href":"https:\/\/ulysse.com\/news\/wp-json\/wp\/v2\/comments?post=37273"}],"version-history":[{"count":2,"href":"https:\/\/ulysse.com\/news\/wp-json\/wp\/v2\/posts\/37273\/revisions"}],"predecessor-version":[{"id":37285,"href":"https:\/\/ulysse.com\/news\/wp-json\/wp\/v2\/posts\/37273\/revisions\/37285"}],"wp:featuredmedia":[{"embeddable":true,"href":"https:\/\/ulysse.com\/news\/wp-json\/wp\/v2\/media\/37274"}],"wp:attachment":[{"href":"https:\/\/ulysse.com\/news\/wp-json\/wp\/v2\/media?parent=37273"}],"wp:term":[{"taxonomy":"category","embeddable":true,"href":"https:\/\/ulysse.com\/news\/wp-json\/wp\/v2\/categories?post=37273"},{"taxonomy":"post_tag","embeddable":true,"href":"https:\/\/ulysse.com\/news\/wp-json\/wp\/v2\/tags?post=37273"}],"curies":[{"name":"wp","href":"https:\/\/api.w.org\/{rel}","templated":true}]}}