{"id":37306,"date":"2025-11-04T12:00:02","date_gmt":"2025-11-04T11:00:02","guid":{"rendered":"https:\/\/discover.ulysse.com\/?p=37306"},"modified":"2025-11-04T11:27:21","modified_gmt":"2025-11-04T10:27:21","slug":"premiers-flocons-france-sommets","status":"publish","type":"post","link":"https:\/\/ulysse.com\/news\/premiers-flocons-france-sommets","title":{"rendered":"Les premiers flocons arrivent en France, mais tous les sommets ne seront pas g\u00e2t\u00e9s : qui en b\u00e9n\u00e9ficiera ?"},"content":{"rendered":"<p data-start=\"103\" data-end=\"471\">Le mois de novembre, doux et sec, semblait annoncer un hiver peu rigoureux. Mais contre toute attente, la neige fait son retour sur les massifs fran\u00e7ais cette semaine. Pour les vacanciers et les professionnels de la montagne, cette annonce pourrait \u00eatre le signe d\u2019une saison plus hivernale que pr\u00e9vu. Mais est-ce que ces flocons seront l\u00e0 pour durer ?<\/p>\n<h2 data-start=\"473\" data-end=\"505\">Un d\u00e9but de saison inattendu et peu esp\u00e9r\u00e9 des professionnels<\/h2>\n<p data-start=\"507\" data-end=\"894\">Alors que les pr\u00e9visions m\u00e9t\u00e9o pour cet automne laissaient entrevoir un hiver relativement doux annonc\u00e9 par la <a href=\"https:\/\/actualite.lachainemeteo.com\/actualite-meteo\/2024-12-10\/previsions-saisonnieres-vers-un-hiver-plutot-doux-et-assez-sec-sur-la-france-50090\" target=\"_blank\" rel=\"noopener\">Chaine M\u00e9t\u00e9o<\/a>, les premi\u00e8res flocons de neige se profilent sur l\u2019horizon cette semaine. D\u2019habitude, les temp\u00e9ratures douces de novembre donnent \u00e0 penser que le mois de d\u00e9cembre, et peut-\u00eatre m\u00eame No\u00ebl, pourraient se d\u00e9rouler sans un seul flocon en vue. Pourtant, cette semaine, tout semble se contredire.<\/p>\n<p data-start=\"896\" data-end=\"1205\">La neige, qui se fait souvent attendre jusqu\u2019\u00e0 la fin du mois, pourrait d\u00e9j\u00e0 commencer \u00e0 recouvrir les montagnes fran\u00e7aises. Mais si l\u2019on en croit les derni\u00e8res pr\u00e9visions, cette chute de neige n&#8217;est pas aussi banale qu\u2019elle en a l\u2019air : elle vient bousculer le tableau d&#8217;un hiver jusque-l\u00e0 jug\u00e9 trop cl\u00e9ment.<\/p>\n<h2 data-start=\"1207\" data-end=\"1267\">De la neige \u00e0 1800 m\u00e8tres d&#8217;altitude<\/h2>\n<p data-start=\"1269\" data-end=\"1691\">D\u00e8s jeudi, des chutes de neige sont attendues, en particulier dans les <strong>montagnes du Sud-Ouest<\/strong> de la France. Mais ces flocons ne tomberont pas n\u2019importe o\u00f9. Les Alpes et les Pyr\u00e9n\u00e9es-Occidentales seront les premi\u00e8res \u00e0 recevoir les pr\u00e9cipitations, souligne <a href=\"https:\/\/www.mariefrance.fr\/actualite\/societe\/chutes-de-neige-stations-de-ski-francaises-cette-semaine-zones-concernees-1217113.html\" target=\"_blank\" rel=\"noopener\">Marie France<\/a>. Le ph\u00e9nom\u00e8ne pourrait commencer sous forme de pluie, mais \u00e0 partir de 1 800 m\u00e8tres, les temp\u00e9ratures suffisamment fra\u00eeches permettront \u00e0 l\u2019humidit\u00e9 de se transformer en neige.<\/p>\n<p data-start=\"1693\" data-end=\"2021\">Si cette m\u00e9t\u00e9o capricieuse pourrait d\u00e9router certains, elle est une excellente nouvelle pour les <a href=\"https:\/\/discover.ulysse.com\/pires-stations-ski-europe-france\">stations de ski<\/a> qui, malgr\u00e9 un d\u00e9but de saison difficile, esp\u00e8rent voir leur ouverture avanc\u00e9e. Car ces premiers flocons ne sont pas seulement un spectacle hivernal, ils annoncent un changement de dynamique pour toute la montagne.<\/p>\n<h2 data-start=\"2023\" data-end=\"2082\">Vers une ouverture pr\u00e9coce des Alpes et des Pyr\u00e9n\u00e9es ?<\/h2>\n<p data-start=\"2084\" data-end=\"2438\">La neige, bien que modeste au d\u00e9part, pourrait jouer un r\u00f4le crucial pour les stations qui ont d\u00e9j\u00e0 ouvert leurs portes mais qui peinent \u00e0 maintenir un bon manteau neigeux. Avec des temp\u00e9ratures souvent trop douces ces derni\u00e8res semaines, de nombreuses stations ont vu leurs pistes se d\u00e9nuder, et l\u2019ouverture des remont\u00e9es m\u00e9caniques semblait incertaine.<\/p>\n<p data-start=\"2440\" data-end=\"2819\">Les pr\u00e9visions annoncent entre 1 et 7 cm de neige sur les sommets, mais l\u2019impact pourrait \u00eatre bien plus grand sur les plus hauts pics. L\u00e0, la neige pourrait atteindre jusqu\u2019\u00e0 50 cm, notamment dans les zones les plus \u00e9lev\u00e9es. Pour les stations des Alpes et des Pyr\u00e9n\u00e9es, cette neige est un bienfait inesp\u00e9r\u00e9, car elle pourrait permettre un <strong>lancement plus t\u00f4t de la saison de ski<\/strong>.<\/p>\n<p data-start=\"2821\" data-end=\"3055\">Mais ce n&#8217;est pas la neige en soi qui est d\u00e9terminante, c\u2019est la fa\u00e7on dont elle va se comporter dans les jours \u00e0 venir. Resterons-nous sur une couverture blanche durable, ou cette neige fondra-t-elle aussi vite qu\u2019elle est apparue ?<\/p>\n<blockquote class=\"twitter-tweet\">\n<p dir=\"ltr\" lang=\"fr\">Une d\u00e9pression temp\u00e9tueuse tr\u00e8s profonde \u00e0 945 hPa va venir secouer Terres Neuves d&#8217;ici quelques heures en donnant une temp\u00eate de <a href=\"https:\/\/twitter.com\/hashtag\/neige?src=hash&amp;ref_src=twsrc%5Etfw\" target=\"_blank\" rel=\"noopener\">#neige<\/a>. Des rafales de vent \u00e0 plus de 130 km\/h sont probables.<\/p>\n<p>Cette d\u00e9pression est d&#8217;ores et d\u00e9j\u00e0 visible et se creuse en entr\u00e9e droite\/sortie\u2026 <a href=\"https:\/\/t.co\/wdn66xWIx8\">pic.twitter.com\/wdn66xWIx8<\/a><\/p>\n<p>\u2014 Extr\u00eame M\u00e9t\u00e9o (@ExtremeMeteo) <a href=\"https:\/\/twitter.com\/ExtremeMeteo\/status\/1985635492470075719?ref_src=twsrc%5Etfw\" target=\"_blank\" rel=\"noopener\">November 4, 2025<\/a><\/p><\/blockquote>\n<p><script async src=\"https:\/\/platform.twitter.com\/widgets.js\" charset=\"utf-8\"><\/script><\/p>\n<h2 data-start=\"3057\" data-end=\"3096\">Le redoux en vue d\u00e8s la semaine prochaine<\/h2>\n<p data-start=\"3098\" data-end=\"3550\">Alors que l\u2019espoir se fait jour pour certains, d&#8217;autres regardent d\u00e9j\u00e0 les signes d\u2019un hiver qui pourrait ne pas tenir longtemps. En effet, cette arriv\u00e9e de neige pourrait s&#8217;accompagner d&#8217;un redoux assez rapide. D\u00e8s la fin de la semaine, les temp\u00e9ratures devraient grimper, mena\u00e7ant ainsi les chutes de neige d&#8217;une fonte pr\u00e9matur\u00e9e. Cette instabilit\u00e9 peut rendre les conditions de ski difficiles, surtout dans les stations d\u00e9pourvues de canons \u00e0 neige.<\/p>\n<p data-start=\"3552\" data-end=\"3856\">Les voyageurs qui esp\u00e8rent profiter de la neige fra\u00eeche devront donc surveiller de pr\u00e8s l\u2019\u00e9volution de la m\u00e9t\u00e9o. Les conditions pourraient rapidement se d\u00e9t\u00e9riorer avec la mont\u00e9e des temp\u00e9ratures. La neige, qui semble vouloir marquer son grand retour, pourrait bien repartir aussi vite qu\u2019elle est venue.<\/p>\n<p data-start=\"4416\" data-end=\"4769\">Pour les vacanciers, la neige n\u2019est pas seulement une promesse de poudreuse : c\u2019est aussi l\u2019opportunit\u00e9 de retrouver ce qui fait la magie des montagnes en hiver. Une beaut\u00e9 sauvage et \u00e9ph\u00e9m\u00e8re, qui donne au paysage un charme tout particulier. Mais cette neige, qu\u2019elle soit pr\u00e9coce ou fugace, est aussi un moment \u00e0 savourer avant qu\u2019elle ne disparaisse.<\/p>\n","protected":false},"excerpt":{"rendered":"<p>Le mois de novembre, doux et sec, semblait annoncer un hiver peu rigoureux. Mais contre toute attente, la neige fait [&hellip;]<\/p>\n","protected":false},"author":4,"featured_media":37307,"comment_status":"open","ping_status":"closed","sticky":false,"template":"","format":"standard","meta":{"_acf_changed":false,"_sitemap_exclude":false,"_sitemap_priority":"","_sitemap_frequency":"","footnotes":"","rank_math_title":"","rank_math_description":"Le mois de novembre, doux et sec, semblait annoncer un hiver peu rigoureux. Mais contre toute attente, la neige fait son retour sur les massifs fran\u00e7ais cette semaine. Pour les vacanciers et les professionnels de la montagne, cette annonce pourrait \u00eatre le signe d\u2019une saison plus hivernale que pr\u00e9vu. Mais est-ce que ces flocons seront l\u00e0 pour durer ?","rank_math_canonical_url":"","rank_math_focus_keyword":"flocon"},"categories":[3],"tags":[],"class_list":["post-37306","post","type-post","status-publish","format-standard","has-post-thumbnail","hentry","category-voyage"],"acf":[],"_links":{"self":[{"href":"https:\/\/ulysse.com\/news\/wp-json\/wp\/v2\/posts\/37306","targetHints":{"allow":["GET"]}}],"collection":[{"href":"https:\/\/ulysse.com\/news\/wp-json\/wp\/v2\/posts"}],"about":[{"href":"https:\/\/ulysse.com\/news\/wp-json\/wp\/v2\/types\/post"}],"author":[{"embeddable":true,"href":"https:\/\/ulysse.com\/news\/wp-json\/wp\/v2\/users\/4"}],"replies":[{"embeddable":true,"href":"https:\/\/ulysse.com\/news\/wp-json\/wp\/v2\/comments?post=37306"}],"version-history":[{"count":1,"href":"https:\/\/ulysse.com\/news\/wp-json\/wp\/v2\/posts\/37306\/revisions"}],"predecessor-version":[{"id":37311,"href":"https:\/\/ulysse.com\/news\/wp-json\/wp\/v2\/posts\/37306\/revisions\/37311"}],"wp:featuredmedia":[{"embeddable":true,"href":"https:\/\/ulysse.com\/news\/wp-json\/wp\/v2\/media\/37307"}],"wp:attachment":[{"href":"https:\/\/ulysse.com\/news\/wp-json\/wp\/v2\/media?parent=37306"}],"wp:term":[{"taxonomy":"category","embeddable":true,"href":"https:\/\/ulysse.com\/news\/wp-json\/wp\/v2\/categories?post=37306"},{"taxonomy":"post_tag","embeddable":true,"href":"https:\/\/ulysse.com\/news\/wp-json\/wp\/v2\/tags?post=37306"}],"curies":[{"name":"wp","href":"https:\/\/api.w.org\/{rel}","templated":true}]}}