{"id":400,"date":"2023-12-06T18:00:11","date_gmt":"2023-12-06T17:00:11","guid":{"rendered":"https:\/\/discover.ulysse.com\/?p=400"},"modified":"2023-12-13T11:27:08","modified_gmt":"2023-12-13T10:27:08","slug":"colmar-decouvrez-ces-5-marches-de-noel-incontournables-de-lalsace","status":"publish","type":"post","link":"https:\/\/ulysse.com\/news\/colmar-decouvrez-ces-5-marches-de-noel-incontournables-de-lalsace","title":{"rendered":"Colmar : D\u00e9couvrez ces 5 march\u00e9s de No\u00ebl incontournables de l&#8217;Alsace !"},"content":{"rendered":"<p><span style=\"font-weight: 400;\">Colmar, capitale du vin d&#8217;Alsace, est une charmante ville \u00e9galement connue pour ses march\u00e9s de No\u00ebl traditionnels. De novembre \u00e0 d\u00e9but janvier, ses rues pav\u00e9es se transforment en un paradis hivernal magique, avec des d\u00e9corations festives et des odeurs d\u00e9licieuses \u00e9pic\u00e9es flottant dans l&#8217;air.<\/span><\/p>\n<p><span style=\"font-weight: 400;\">Si vous souhaitez apporter une touche de joie \u00e0 vos vacances de fin ann\u00e9e, vous ne pouvez pas manquer une visite aux march\u00e9s de No\u00ebl de Colmar. De la d\u00e9couverte des stands d&#8217;artisanat local \u00e0 la d\u00e9gustation de d\u00e9lices culinaires festifs en passant par l&#8217;ambiance des vacances et la vue imprenable sur la vieille ville, il y en a pour tous les go\u00fbts. Enveloppez-vous de la magie de No\u00ebl, une ambiance unique qui ravira grands et petits.<\/span><\/p>\n<h2>March\u00e9 de No\u00ebl de la Place des Dominicains<\/h2>\n<p><span style=\"font-weight: 400;\">Le march\u00e9 de No\u00ebl de la Place des Dominicains est un vaste march\u00e9 comptant plus de 60 vendeurs. Il est situ\u00e9 sur une place bord\u00e9e par une \u00e9glise historique dot\u00e9e de superbes vitraux. Toute la magie prend forme quand sa totalit\u00e9 est \u00e9clair\u00e9e la nuit, donnant ainsi un spectacle \u00e0 couper le souffle.<\/span><\/p>\n<p><span style=\"font-weight: 400;\">Ce march\u00e9 pr\u00e9sente des d\u00e9corations et des sapins de No\u00ebl, ainsi que d&#8217;autres objets artisanaux du festival. Certains vendeurs servent \u00e9galement de la nourriture et des boissons pour une d\u00e9gustation des sp\u00e9cialit\u00e9s locales pour l&#8217;occasion.<\/span><\/p>\n<div id=\"attachment_490\" style=\"width: 522px\" class=\"wp-caption aligncenter\"><img decoding=\"async\" aria-describedby=\"caption-attachment-490\" class=\"wp-image-490 size-full\" src=\"https:\/\/discover.ulysse.com\/wp-content\/uploads\/2023\/12\/La-place-des-Dominicains-Colmar.jpg\" alt=\"La place des Dominicains, Colmar\" width=\"512\" height=\"310\" srcset=\"https:\/\/ulysse.com\/news\/wp-content\/uploads\/2023\/12\/La-place-des-Dominicains-Colmar.jpg 512w, https:\/\/ulysse.com\/news\/wp-content\/uploads\/2023\/12\/La-place-des-Dominicains-Colmar-300x182.jpg 300w, https:\/\/ulysse.com\/news\/wp-content\/uploads\/2023\/12\/La-place-des-Dominicains-Colmar-200x121.jpg 200w, https:\/\/ulysse.com\/news\/wp-content\/uploads\/2023\/12\/La-place-des-Dominicains-Colmar-480x291.jpg 480w\" sizes=\"(max-width: 512px) 100vw, 512px\" \/><p id=\"caption-attachment-490\" class=\"wp-caption-text\">La place des Dominicains, Colmar<\/p><\/div>\n<h2><\/h2>\n<h2>March\u00e9 de la place Jeanne d&#8217;Arc<\/h2>\n<p><span style=\"font-weight: 400;\">Le march\u00e9 de No\u00ebl de la place Jeanne D&#8217;Arc est situ\u00e9 au milieu des maisons historiques \u00e0 colombages qui d\u00e9finissent Colmar. C&#8217;est l&#8217;un des plus grands march\u00e9s centraux de la ville. Il abrite de nombreux stands proposant de l&#8217;artisanat traditionnel de No\u00ebl, des d\u00e9corations et, bien s\u00fbr, de la cuisine alsacienne.<\/span><\/p>\n<p><span style=\"font-weight: 400;\">Vous pourrez aussi trouver de quoi vous restaurer et vous d\u00e9salt\u00e9rer, notamment des p\u00e2tisseries de No\u00ebl, des vins d&#8217;Alsace, des fromages et du saucisson, tout ce qui peut ravir les estomacs les plus difficiles.\u00a0<\/span><\/p>\n<div id=\"attachment_491\" style=\"width: 522px\" class=\"wp-caption aligncenter\"><img decoding=\"async\" aria-describedby=\"caption-attachment-491\" class=\"wp-image-491 size-full\" src=\"https:\/\/discover.ulysse.com\/wp-content\/uploads\/2023\/12\/La-place-Jeanne-dArc-Colmar.jpg\" alt=\"La place Jeanne d'Arc, Colmar\" width=\"512\" height=\"310\" srcset=\"https:\/\/ulysse.com\/news\/wp-content\/uploads\/2023\/12\/La-place-Jeanne-dArc-Colmar.jpg 512w, https:\/\/ulysse.com\/news\/wp-content\/uploads\/2023\/12\/La-place-Jeanne-dArc-Colmar-300x182.jpg 300w, https:\/\/ulysse.com\/news\/wp-content\/uploads\/2023\/12\/La-place-Jeanne-dArc-Colmar-200x121.jpg 200w, https:\/\/ulysse.com\/news\/wp-content\/uploads\/2023\/12\/La-place-Jeanne-dArc-Colmar-480x291.jpg 480w\" sizes=\"(max-width: 512px) 100vw, 512px\" \/><p id=\"caption-attachment-491\" class=\"wp-caption-text\">La place Jeanne d&#8217;Arc, Colmar<\/p><\/div>\n<h1><\/h1>\n<h2>March\u00e9 de la Petite Venise<\/h2>\n<p><span style=\"font-weight: 400;\">Si vous cherchez la partie la plus pittoresque de Colmar, rendez-vous \u00e0 la Petite Venise. Cette rang\u00e9e de maisons color\u00e9es au bord de la rivi\u00e8re est un incontournable de Colmar, et elle est encore plus \u00e9poustouflante \u00e0 No\u00ebl.\u00a0<\/span><\/p>\n<p><span style=\"font-weight: 400;\">Si vous voyagez en famille, sachez que pendant la p\u00e9riode des f\u00eates, la Petite Venise propose un magnifique march\u00e9 pour les enfants, connu pour sa cr\u00e8che orn\u00e9e. Ici, les plus jeunes peuvent trouver des jouets et des cadeaux uniques, ainsi que des activit\u00e9s festives. En effet, i<\/span><span style=\"font-weight: 400;\">l y a plus de 40 vendeurs de jouets et d&#8217;autres produits, tandis que d&#8217;autres servent des friandises adapt\u00e9es aux enfants, comme du cidre chaud. <\/span><span style=\"font-weight: 400;\">Vous pouvez m\u00eame d\u00e9poser une lettre au P\u00e8re No\u00ebl dans la bo\u00eete aux lettres rouge !<\/span><\/p>\n<div id=\"attachment_492\" style=\"width: 522px\" class=\"wp-caption aligncenter\"><img decoding=\"async\" aria-describedby=\"caption-attachment-492\" class=\"wp-image-492 size-full\" src=\"https:\/\/discover.ulysse.com\/wp-content\/uploads\/2023\/12\/Petite-VeniseColmar.jpg\" alt=\"Petite Venise,Colmar\" width=\"512\" height=\"310\" srcset=\"https:\/\/ulysse.com\/news\/wp-content\/uploads\/2023\/12\/Petite-VeniseColmar.jpg 512w, https:\/\/ulysse.com\/news\/wp-content\/uploads\/2023\/12\/Petite-VeniseColmar-300x182.jpg 300w, https:\/\/ulysse.com\/news\/wp-content\/uploads\/2023\/12\/Petite-VeniseColmar-200x121.jpg 200w, https:\/\/ulysse.com\/news\/wp-content\/uploads\/2023\/12\/Petite-VeniseColmar-480x291.jpg 480w\" sizes=\"(max-width: 512px) 100vw, 512px\" \/><p id=\"caption-attachment-492\" class=\"wp-caption-text\">Petite Venise,Colmar<\/p><\/div>\n<h2><\/h2>\n<h2>March\u00e9 Place de l&#8217;Ancienne Douane<\/h2>\n<p><span style=\"font-weight: 400;\">Ce march\u00e9 est c\u00e9l\u00e8bre pour ses 50 \u00e9tals en bois joliment d\u00e9cor\u00e9s et le cadre \u00e9poustouflant de l&#8217;Ancienne Douane. Ils sont dispos\u00e9s autour d&#8217;une place pleine d&#8217;ambiance dans l&#8217;un des quartiers les plus anciens de la ville. C\u2019est un endroit id\u00e9al pour acheter des cadeaux et des ornements uniques.<\/span><\/p>\n<p><span style=\"font-weight: 400;\">Vous pouvez aussi y trouver une large gamme de produits alimentaires et artisanaux. Situ\u00e9 \u00e0 proximit\u00e9 du Ko\u00effhus, vous aurez la possibilit\u00e9 de marquer un arr\u00eat ici avec une visite au march\u00e9 artisanal.<\/span><\/p>\n<div id=\"attachment_493\" style=\"width: 522px\" class=\"wp-caption aligncenter\"><img decoding=\"async\" aria-describedby=\"caption-attachment-493\" class=\"wp-image-493 size-full\" src=\"https:\/\/discover.ulysse.com\/wp-content\/uploads\/2023\/12\/Place-de-lAncienne-Douane-Colmar.jpg\" alt=\"Place de l'Ancienne Douane, Colmar\" width=\"512\" height=\"310\" srcset=\"https:\/\/ulysse.com\/news\/wp-content\/uploads\/2023\/12\/Place-de-lAncienne-Douane-Colmar.jpg 512w, https:\/\/ulysse.com\/news\/wp-content\/uploads\/2023\/12\/Place-de-lAncienne-Douane-Colmar-300x182.jpg 300w, https:\/\/ulysse.com\/news\/wp-content\/uploads\/2023\/12\/Place-de-lAncienne-Douane-Colmar-200x121.jpg 200w, https:\/\/ulysse.com\/news\/wp-content\/uploads\/2023\/12\/Place-de-lAncienne-Douane-Colmar-480x291.jpg 480w\" sizes=\"(max-width: 512px) 100vw, 512px\" \/><p id=\"caption-attachment-493\" class=\"wp-caption-text\">Place de l&#8217;Ancienne Douane, Colmar<\/p><\/div>\n<h2>March\u00e9 du Ko\u00effhus<\/h2>\n<p><span style=\"font-weight: 400;\">Le Ko\u00effhus est un b\u00e2timent m\u00e9di\u00e9val historique construit en 1480 qui servait autrefois de th\u00e9\u00e2tre. Pendant la p\u00e9riode des f\u00eates, il abrite un march\u00e9 de No\u00ebl pr\u00e9sentant des produits artisanaux r\u00e9alis\u00e9s par des c\u00e9ramistes, des verriers, des sculpteurs sur bois, des bijoutiers et des tailleurs.<\/span><\/p>\n<p><span style=\"font-weight: 400;\">Vous y d\u00e9couvrirez aussi un mus\u00e9e du jouet unique qui s\u00e9duira vos enfants. Comme il s\u2019agit d\u2019un march\u00e9 couvert, c\u2019est un endroit id\u00e9al pour \u00e9chapper au froid et au mauvais temps.<\/span><\/p>\n<div id=\"attachment_494\" style=\"width: 522px\" class=\"wp-caption aligncenter\"><img decoding=\"async\" aria-describedby=\"caption-attachment-494\" class=\"wp-image-494 size-full\" src=\"https:\/\/discover.ulysse.com\/wp-content\/uploads\/2023\/12\/Marche-du-Koifhus-Colmar.jpg\" alt=\"March\u00e9 du Ko\u00effhus, Colmar\" width=\"512\" height=\"310\" srcset=\"https:\/\/ulysse.com\/news\/wp-content\/uploads\/2023\/12\/Marche-du-Koifhus-Colmar.jpg 512w, https:\/\/ulysse.com\/news\/wp-content\/uploads\/2023\/12\/Marche-du-Koifhus-Colmar-300x182.jpg 300w, https:\/\/ulysse.com\/news\/wp-content\/uploads\/2023\/12\/Marche-du-Koifhus-Colmar-200x121.jpg 200w, https:\/\/ulysse.com\/news\/wp-content\/uploads\/2023\/12\/Marche-du-Koifhus-Colmar-480x291.jpg 480w\" sizes=\"(max-width: 512px) 100vw, 512px\" \/><p id=\"caption-attachment-494\" class=\"wp-caption-text\">March\u00e9 du Ko\u00effhus, Colmar<\/p><\/div>\n","protected":false},"excerpt":{"rendered":"<p>Colmar, capitale du vin d&#8217;Alsace, est une charmante ville \u00e9galement connue pour ses march\u00e9s de No\u00ebl traditionnels. De novembre \u00e0 [&hellip;]<\/p>\n","protected":false},"author":3,"featured_media":497,"comment_status":"open","ping_status":"open","sticky":false,"template":"","format":"standard","meta":{"_acf_changed":false,"_sitemap_exclude":false,"_sitemap_priority":"","_sitemap_frequency":"","footnotes":"","rank_math_title":"Colmar : D\u00e9couvrez ces 5 march\u00e9s de No\u00ebl incontournables de l'Alsace !","rank_math_description":"Parcourez l\u2019une des plus belles villes de France et ses march\u00e9s de No\u00ebl tout aussi enchanteurs\u202f! Colmar vous ouvre ses portes ! ","rank_math_canonical_url":"","rank_math_focus_keyword":"Colmar,march\u00e9s de No\u00ebl"},"categories":[3],"tags":[38,40,39],"class_list":["post-400","post","type-post","status-publish","format-standard","has-post-thumbnail","hentry","category-voyage","tag-colmar","tag-france","tag-marches-de-noel"],"acf":[],"_links":{"self":[{"href":"https:\/\/ulysse.com\/news\/wp-json\/wp\/v2\/posts\/400","targetHints":{"allow":["GET"]}}],"collection":[{"href":"https:\/\/ulysse.com\/news\/wp-json\/wp\/v2\/posts"}],"about":[{"href":"https:\/\/ulysse.com\/news\/wp-json\/wp\/v2\/types\/post"}],"author":[{"embeddable":true,"href":"https:\/\/ulysse.com\/news\/wp-json\/wp\/v2\/users\/3"}],"replies":[{"embeddable":true,"href":"https:\/\/ulysse.com\/news\/wp-json\/wp\/v2\/comments?post=400"}],"version-history":[{"count":6,"href":"https:\/\/ulysse.com\/news\/wp-json\/wp\/v2\/posts\/400\/revisions"}],"predecessor-version":[{"id":1104,"href":"https:\/\/ulysse.com\/news\/wp-json\/wp\/v2\/posts\/400\/revisions\/1104"}],"wp:featuredmedia":[{"embeddable":true,"href":"https:\/\/ulysse.com\/news\/wp-json\/wp\/v2\/media\/497"}],"wp:attachment":[{"href":"https:\/\/ulysse.com\/news\/wp-json\/wp\/v2\/media?parent=400"}],"wp:term":[{"taxonomy":"category","embeddable":true,"href":"https:\/\/ulysse.com\/news\/wp-json\/wp\/v2\/categories?post=400"},{"taxonomy":"post_tag","embeddable":true,"href":"https:\/\/ulysse.com\/news\/wp-json\/wp\/v2\/tags?post=400"}],"curies":[{"name":"wp","href":"https:\/\/api.w.org\/{rel}","templated":true}]}}