{"id":4720,"date":"2024-02-04T12:30:48","date_gmt":"2024-02-04T11:30:48","guid":{"rendered":"https:\/\/discover.ulysse.com\/?p=4720"},"modified":"2024-07-31T16:19:17","modified_gmt":"2024-07-31T15:19:17","slug":"genes-monuments-et-musees","status":"publish","type":"post","link":"https:\/\/ulysse.com\/news\/genes-monuments-et-musees","title":{"rendered":"Explorer G\u00eanes : Un itin\u00e9raire \u00e0 travers les monuments et mus\u00e9es embl\u00e9matiques !"},"content":{"rendered":"<p>G\u00eanes, nich\u00e9e entre mer et montagnes et flanqu\u00e9e par les rivi\u00e8res de la Ligurie, est une destination qui promet une exp\u00e9rience de voyage inoubliable. Sa position unique, au carrefour de paysages naturels impressionnants et d&#8217;un riche h\u00e9ritage historique, en fait un lieu privil\u00e9gi\u00e9 pour les amateurs de culture et de nature. En explorant cette ville, vous serez invit\u00e9 \u00e0 d\u00e9couvrir une collection fascinante de monuments historiques, chacun racontant une partie de l&#8217;histoire complexe et color\u00e9e de cette r\u00e9gion. Pr\u00e9parez-vous \u00e0 \u00eatre \u00e9merveill\u00e9 par les tr\u00e9sors architecturaux et artistiques que G\u00eanes a \u00e0 offrir.<\/p>\n<h2>Le Mus\u00e9e Maritime de Galata<\/h2>\n<p>Le Mus\u00e9e Maritime de Galata, joyau de G\u00eanes, se distingue par son concept unique, divis\u00e9 entre un mus\u00e9e traditionnel et un parc \u00e0 ciel ouvert abritant le port arch\u00e9ologique. Ce site exceptionnel est le foyer du sous-marin Nazario Sauro, le seul de son genre accessible en <a href=\"https:\/\/discover.ulysse.com\/italie-5-treks-a-essayer-absolument\" target=\"_blank\" rel=\"noopener\">Italie<\/a>, offrant une immersion dans l&#8217;histoire maritime.<\/p>\n<p>Les expositions, m\u00ealant peintures et instruments scientifiques, cr\u00e9ent un cadre suggestif pour l&#8217;appr\u00e9ciation des collections. Ce mus\u00e9e, fruit d&#8217;un ambitieux projet de r\u00e9am\u00e9nagement lanc\u00e9 \u00e0 la fin des ann\u00e9es 90, \u00e9tonne et instruit ses visiteurs.<\/p>\n<div id=\"attachment_5858\" style=\"width: 1990px\" class=\"wp-caption aligncenter\"><img decoding=\"async\" aria-describedby=\"caption-attachment-5858\" class=\"wp-image-5858 size-full\" src=\"https:\/\/discover.ulysse.com\/wp-content\/uploads\/2024\/02\/Le-Musee-Maritime-de-Galata-a-Genes.jpg\" alt=\"Le Mus\u00e9e Maritime de Galata \u00e0 G\u00eanes\" width=\"1980\" height=\"1200\" srcset=\"https:\/\/ulysse.com\/news\/wp-content\/uploads\/2024\/02\/Le-Musee-Maritime-de-Galata-a-Genes.jpg 1980w, https:\/\/ulysse.com\/news\/wp-content\/uploads\/2024\/02\/Le-Musee-Maritime-de-Galata-a-Genes-300x182.jpg 300w, https:\/\/ulysse.com\/news\/wp-content\/uploads\/2024\/02\/Le-Musee-Maritime-de-Galata-a-Genes-1024x621.jpg 1024w, https:\/\/ulysse.com\/news\/wp-content\/uploads\/2024\/02\/Le-Musee-Maritime-de-Galata-a-Genes-200x121.jpg 200w, https:\/\/ulysse.com\/news\/wp-content\/uploads\/2024\/02\/Le-Musee-Maritime-de-Galata-a-Genes-768x465.jpg 768w, https:\/\/ulysse.com\/news\/wp-content\/uploads\/2024\/02\/Le-Musee-Maritime-de-Galata-a-Genes-1536x931.jpg 1536w\" sizes=\"(max-width: 1980px) 100vw, 1980px\" \/><p id=\"caption-attachment-5858\" class=\"wp-caption-text\">Le Mus\u00e9e Maritime de Galata \u00e0 G\u00eanes<\/p><\/div>\n<h2><strong>Les Palais des Rolli<\/strong><\/h2>\n<p>Via Garibaldi, aussi connue sous les noms de \u00ab Via Aurea \u00bb ou \u00ab Strada Nuova \u00bb, est le c\u0153ur battant de l&#8217;histoire g\u00e9noise, abritant les Palais des Rolli. Ces b\u00e2timents, t\u00e9moins de la splendeur de la noblesse g\u00e9noise entre les XVe et XVIe si\u00e8cles, forment un ensemble de chefs-d&#8217;\u0153uvre architecturaux sans pareil.<\/p>\n<p>Aujourd&#8217;hui, certains de ces palais, transform\u00e9s en mus\u00e9es, ouvrent leurs portes au public, permettant de plonger dans l&#8217;opulence et l&#8217;histoire de <a href=\"https:\/\/discover.ulysse.com\/genes-experiences-ville-italienne\" target=\"_blank\" rel=\"noopener\">G\u00eanes<\/a>. Trois fois par an, un acc\u00e8s exceptionnel est offert \u00e0 ces joyaux, ouvrant une fen\u00eatre unique sur le pass\u00e9 fastueux de la ville.<\/p>\n<div id=\"attachment_5862\" style=\"width: 1990px\" class=\"wp-caption aligncenter\"><img decoding=\"async\" aria-describedby=\"caption-attachment-5862\" class=\"wp-image-5862 size-full\" src=\"https:\/\/discover.ulysse.com\/wp-content\/uploads\/2024\/02\/Les-Palais-des-Rolli-a-Genes.jpg\" alt=\"Les Palais des Rolli \u00e0 G\u00eanes\" width=\"1980\" height=\"1200\" srcset=\"https:\/\/ulysse.com\/news\/wp-content\/uploads\/2024\/02\/Les-Palais-des-Rolli-a-Genes.jpg 1980w, https:\/\/ulysse.com\/news\/wp-content\/uploads\/2024\/02\/Les-Palais-des-Rolli-a-Genes-300x182.jpg 300w, https:\/\/ulysse.com\/news\/wp-content\/uploads\/2024\/02\/Les-Palais-des-Rolli-a-Genes-1024x621.jpg 1024w, https:\/\/ulysse.com\/news\/wp-content\/uploads\/2024\/02\/Les-Palais-des-Rolli-a-Genes-200x121.jpg 200w, https:\/\/ulysse.com\/news\/wp-content\/uploads\/2024\/02\/Les-Palais-des-Rolli-a-Genes-768x465.jpg 768w, https:\/\/ulysse.com\/news\/wp-content\/uploads\/2024\/02\/Les-Palais-des-Rolli-a-Genes-1536x931.jpg 1536w\" sizes=\"(max-width: 1980px) 100vw, 1980px\" \/><p id=\"caption-attachment-5862\" class=\"wp-caption-text\">Les Palais des Rolli \u00e0 G\u00eanes<\/p><\/div>\n<h2><strong>La Maison de Christophe Colomb<\/strong><\/h2>\n<p>\u00c0 proximit\u00e9 de Porta Soprana se dresse une reconstruction du XVIIIe si\u00e8cle de la demeure de Christophe Colomb. Ce site, marqu\u00e9 par l&#8217;histoire, fut d\u00e9truit lors d&#8217;un bombardement au XVIe si\u00e8cle, puis rachet\u00e9 par la municipalit\u00e9. Aujourd&#8217;hui transform\u00e9 en <a href=\"https:\/\/discover.ulysse.com\/nocturne-musee-du-louvre-acces-gratuit-des-janvier-2024\" target=\"_blank\" rel=\"noopener\">mus\u00e9e<\/a>, ce lieu c\u00e9l\u00e8bre la m\u00e9moire de Colomb et son r\u00f4le dans la d\u00e9couverte de l&#8217;Am\u00e9rique. Une plaque comm\u00e9morative rappelle l&#8217;importance de cette maison, o\u00f9 Colomb passa sa jeunesse, invitant les visiteurs \u00e0 se connecter avec l&#8217;histoire du c\u00e9l\u00e8bre navigateur.<\/p>\n<div id=\"attachment_4912\" style=\"width: 1990px\" class=\"wp-caption aligncenter\"><img decoding=\"async\" aria-describedby=\"caption-attachment-4912\" class=\"wp-image-4912 size-full\" src=\"https:\/\/discover.ulysse.com\/wp-content\/uploads\/2024\/01\/La-Maison-de-Christophe-Colomb-Genes-2.jpg\" alt=\"La Maison de Christophe Colomb, G\u00eanes \" width=\"1980\" height=\"1200\" srcset=\"https:\/\/ulysse.com\/news\/wp-content\/uploads\/2024\/01\/La-Maison-de-Christophe-Colomb-Genes-2.jpg 1980w, https:\/\/ulysse.com\/news\/wp-content\/uploads\/2024\/01\/La-Maison-de-Christophe-Colomb-Genes-2-300x182.jpg 300w, https:\/\/ulysse.com\/news\/wp-content\/uploads\/2024\/01\/La-Maison-de-Christophe-Colomb-Genes-2-1024x621.jpg 1024w, https:\/\/ulysse.com\/news\/wp-content\/uploads\/2024\/01\/La-Maison-de-Christophe-Colomb-Genes-2-200x121.jpg 200w, https:\/\/ulysse.com\/news\/wp-content\/uploads\/2024\/01\/La-Maison-de-Christophe-Colomb-Genes-2-768x465.jpg 768w, https:\/\/ulysse.com\/news\/wp-content\/uploads\/2024\/01\/La-Maison-de-Christophe-Colomb-Genes-2-1536x931.jpg 1536w, https:\/\/ulysse.com\/news\/wp-content\/uploads\/2024\/01\/La-Maison-de-Christophe-Colomb-Genes-2-480x291.jpg 480w\" sizes=\"(max-width: 1980px) 100vw, 1980px\" \/><p id=\"caption-attachment-4912\" class=\"wp-caption-text\">La Maison de Christophe Colomb, G\u00eanes<\/p><\/div>\n<h2><strong>La cath\u00e9drale de San Lorenzo<\/strong><\/h2>\n<p>Au c\u0153ur de G\u00eanes se dresse la Cath\u00e9drale de San Lorenzo, principal lieu de culte de la ville, c\u00e9l\u00e8bre pour son architecture du XIIe si\u00e8cle et son riche int\u00e9rieur artistique. Cette cath\u00e9drale est un v\u00e9ritable tr\u00e9sor, m\u00e9langeant h\u00e9ritage historique et \u0153uvres d&#8217;art, invitant \u00e0 un voyage \u00e0 travers le temps.<\/p>\n<p>La tradition de toucher la grenade miraculeuse et le petit chien en marbre, symboles de chance, ajoute une dimension intime et l\u00e9gendaire \u00e0 la visite, enrichissant l&#8217;exp\u00e9rience de chacun.<\/p>\n<div id=\"attachment_5863\" style=\"width: 1990px\" class=\"wp-caption aligncenter\"><img decoding=\"async\" aria-describedby=\"caption-attachment-5863\" class=\"wp-image-5863 size-full\" src=\"https:\/\/discover.ulysse.com\/wp-content\/uploads\/2024\/02\/La-cathedrale-de-San-Lorenzo-a-Genes.jpg\" alt=\"La cath\u00e9drale de San Lorenzo \u00e0 G\u00eanes\" width=\"1980\" height=\"1200\" srcset=\"https:\/\/ulysse.com\/news\/wp-content\/uploads\/2024\/02\/La-cathedrale-de-San-Lorenzo-a-Genes.jpg 1980w, https:\/\/ulysse.com\/news\/wp-content\/uploads\/2024\/02\/La-cathedrale-de-San-Lorenzo-a-Genes-300x182.jpg 300w, https:\/\/ulysse.com\/news\/wp-content\/uploads\/2024\/02\/La-cathedrale-de-San-Lorenzo-a-Genes-1024x621.jpg 1024w, https:\/\/ulysse.com\/news\/wp-content\/uploads\/2024\/02\/La-cathedrale-de-San-Lorenzo-a-Genes-200x121.jpg 200w, https:\/\/ulysse.com\/news\/wp-content\/uploads\/2024\/02\/La-cathedrale-de-San-Lorenzo-a-Genes-768x465.jpg 768w, https:\/\/ulysse.com\/news\/wp-content\/uploads\/2024\/02\/La-cathedrale-de-San-Lorenzo-a-Genes-1536x931.jpg 1536w\" sizes=\"(max-width: 1980px) 100vw, 1980px\" \/><p id=\"caption-attachment-5863\" class=\"wp-caption-text\">La cath\u00e9drale de San Lorenzo \u00e0 G\u00eanes<\/p><\/div>\n<p>G\u00eanes offre un voyage \u00e0 travers le temps, o\u00f9 chaque monument raconte une histoire unique, refl\u00e9tant la richesse culturelle et historique de la ville. Id\u00e9ale pour des vacances enrichissantes, cette ville promet des d\u00e9couvertes fascinantes \u00e0 chaque coin de rue.<\/p>\n","protected":false},"excerpt":{"rendered":"<p>G\u00eanes, nich\u00e9e entre mer et montagnes et flanqu\u00e9e par les rivi\u00e8res de la Ligurie, est une destination qui promet une [&hellip;]<\/p>\n","protected":false},"author":3,"featured_media":5866,"comment_status":"open","ping_status":"open","sticky":false,"template":"","format":"standard","meta":{"_acf_changed":false,"_sitemap_exclude":false,"_sitemap_priority":"","_sitemap_frequency":"","footnotes":"","rank_math_title":"Explorer G\u00eanes : Un itin\u00e9raire \u00e0 travers les monuments et mus\u00e9es embl\u00e9matiques !","rank_math_description":"G\u00eanes, avec ses monuments embl\u00e9matiques, est un tr\u00e9sor \u00e0 d\u00e9couvrir. Ne manquez pas cette escapade culturelle unique.","rank_math_canonical_url":"","rank_math_focus_keyword":"G\u00eanes"},"categories":[3],"tags":[14,351,170,148],"class_list":["post-4720","post","type-post","status-publish","format-standard","has-post-thumbnail","hentry","category-voyage","tag-destination","tag-genes","tag-italie","tag-pays"],"acf":[],"_links":{"self":[{"href":"https:\/\/ulysse.com\/news\/wp-json\/wp\/v2\/posts\/4720","targetHints":{"allow":["GET"]}}],"collection":[{"href":"https:\/\/ulysse.com\/news\/wp-json\/wp\/v2\/posts"}],"about":[{"href":"https:\/\/ulysse.com\/news\/wp-json\/wp\/v2\/types\/post"}],"author":[{"embeddable":true,"href":"https:\/\/ulysse.com\/news\/wp-json\/wp\/v2\/users\/3"}],"replies":[{"embeddable":true,"href":"https:\/\/ulysse.com\/news\/wp-json\/wp\/v2\/comments?post=4720"}],"version-history":[{"count":7,"href":"https:\/\/ulysse.com\/news\/wp-json\/wp\/v2\/posts\/4720\/revisions"}],"predecessor-version":[{"id":5868,"href":"https:\/\/ulysse.com\/news\/wp-json\/wp\/v2\/posts\/4720\/revisions\/5868"}],"wp:featuredmedia":[{"embeddable":true,"href":"https:\/\/ulysse.com\/news\/wp-json\/wp\/v2\/media\/5866"}],"wp:attachment":[{"href":"https:\/\/ulysse.com\/news\/wp-json\/wp\/v2\/media?parent=4720"}],"wp:term":[{"taxonomy":"category","embeddable":true,"href":"https:\/\/ulysse.com\/news\/wp-json\/wp\/v2\/categories?post=4720"},{"taxonomy":"post_tag","embeddable":true,"href":"https:\/\/ulysse.com\/news\/wp-json\/wp\/v2\/tags?post=4720"}],"curies":[{"name":"wp","href":"https:\/\/api.w.org\/{rel}","templated":true}]}}