{"id":4823,"date":"2024-01-31T09:30:53","date_gmt":"2024-01-31T08:30:53","guid":{"rendered":"https:\/\/discover.ulysse.com\/?p=4823"},"modified":"2024-01-30T22:05:49","modified_gmt":"2024-01-30T21:05:49","slug":"slovenie-itineraire-a-travers-pays","status":"publish","type":"post","link":"https:\/\/ulysse.com\/news\/slovenie-itineraire-a-travers-pays","title":{"rendered":"D\u00e9couvrez la Slov\u00e9nie : Un itin\u00e9raire \u00e0 couper le souffle \u00e0 travers le pays !"},"content":{"rendered":"<p>La Slov\u00e9nie, joyau m\u00e9connu de l&#8217;Europe, fusionne harmonieusement histoire riche et paysages \u00e9poustouflants. Destination de choix pour les amateurs de nature, elle d\u00e9voile des panoramas spectaculaires, des Alpes juliennes aux eaux \u00e9meraude de la c\u00f4te Adriatique. Explorez avec nous les tr\u00e9sors cach\u00e9s et les incontournables de ce petit paradis slov\u00e8ne, o\u00f9 chaque recoin raconte une histoire et offre une exp\u00e9rience unique.<\/p>\n<h2>Velika Planina<\/h2>\n<p>Perch\u00e9e \u00e0 1500 m\u00e8tres d&#8217;altitude, Velika Planina est un joyau de verdure authentique \u00e0 proximit\u00e9 de la capitale Ljubljana. Ce plateau montagneux s\u00e9duit par sa beaut\u00e9 naturelle pr\u00e9serv\u00e9e.<\/p>\n<p>Dans le village de Velika Planina, les pittoresques huttes de berger en bois s&#8217;int\u00e8grent parfaitement dans ce paysage splendide. Des prairies s&#8217;\u00e9tendent \u00e0 perte de vue, offrant un cadre paisible et une immersion totale dans la nature slov\u00e8ne.<\/p>\n<div id=\"attachment_5368\" style=\"width: 1990px\" class=\"wp-caption aligncenter\"><img decoding=\"async\" aria-describedby=\"caption-attachment-5368\" class=\"wp-image-5368 size-full\" src=\"https:\/\/discover.ulysse.com\/wp-content\/uploads\/2024\/01\/Velika-Planina-Slovenie-.jpg\" alt=\"Velika Planina , Slov\u00e9nie\" width=\"1980\" height=\"1200\" srcset=\"https:\/\/ulysse.com\/news\/wp-content\/uploads\/2024\/01\/Velika-Planina-Slovenie-.jpg 1980w, https:\/\/ulysse.com\/news\/wp-content\/uploads\/2024\/01\/Velika-Planina-Slovenie--300x182.jpg 300w, https:\/\/ulysse.com\/news\/wp-content\/uploads\/2024\/01\/Velika-Planina-Slovenie--1024x621.jpg 1024w, https:\/\/ulysse.com\/news\/wp-content\/uploads\/2024\/01\/Velika-Planina-Slovenie--200x121.jpg 200w, https:\/\/ulysse.com\/news\/wp-content\/uploads\/2024\/01\/Velika-Planina-Slovenie--768x465.jpg 768w, https:\/\/ulysse.com\/news\/wp-content\/uploads\/2024\/01\/Velika-Planina-Slovenie--1536x931.jpg 1536w, https:\/\/ulysse.com\/news\/wp-content\/uploads\/2024\/01\/Velika-Planina-Slovenie--480x291.jpg 480w\" sizes=\"(max-width: 1980px) 100vw, 1980px\" \/><p id=\"caption-attachment-5368\" class=\"wp-caption-text\">Velika Planina, Slov\u00e9nie<\/p><\/div>\n<h2>Les gorges de Vintgar<\/h2>\n<p>Situ\u00e9es dans la pittoresque r\u00e9gion de Bled, les gorges de Vintgar se d\u00e9voilent comme un chef-d&#8217;\u0153uvre de la nature. D\u00e9couvertes en 1891, ces gorges sculpt\u00e9es vous m\u00e8nent sur deux kilom\u00e8tres de sentiers et d&#8217;escaliers en bois. Vous serez \u00e9merveill\u00e9 par un canyon \u00e9troit, une flore luxuriante, des cascades cristallines et des vues \u00e9poustouflantes. La cascade \u0160um, haute de 13 m\u00e8tres, marque le point d&#8217;orgue de cette <a href=\"https:\/\/discover.ulysse.com\/randonnee-italie-meilleurs-circuits-paysages-envoutants\" target=\"_blank\" rel=\"noopener\">randonn\u00e9e m\u00e9morable<\/a>.<\/p>\n<div id=\"attachment_5369\" style=\"width: 1990px\" class=\"wp-caption aligncenter\"><img decoding=\"async\" aria-describedby=\"caption-attachment-5369\" class=\"wp-image-5369 size-full\" src=\"https:\/\/discover.ulysse.com\/wp-content\/uploads\/2024\/01\/Les-gorges-de-Vintgar-Slovenie-.jpg\" alt=\"Les gorges de Vintgar, Slov\u00e9nie\" width=\"1980\" height=\"1200\" srcset=\"https:\/\/ulysse.com\/news\/wp-content\/uploads\/2024\/01\/Les-gorges-de-Vintgar-Slovenie-.jpg 1980w, https:\/\/ulysse.com\/news\/wp-content\/uploads\/2024\/01\/Les-gorges-de-Vintgar-Slovenie--300x182.jpg 300w, https:\/\/ulysse.com\/news\/wp-content\/uploads\/2024\/01\/Les-gorges-de-Vintgar-Slovenie--1024x621.jpg 1024w, https:\/\/ulysse.com\/news\/wp-content\/uploads\/2024\/01\/Les-gorges-de-Vintgar-Slovenie--200x121.jpg 200w, https:\/\/ulysse.com\/news\/wp-content\/uploads\/2024\/01\/Les-gorges-de-Vintgar-Slovenie--768x465.jpg 768w, https:\/\/ulysse.com\/news\/wp-content\/uploads\/2024\/01\/Les-gorges-de-Vintgar-Slovenie--1536x931.jpg 1536w, https:\/\/ulysse.com\/news\/wp-content\/uploads\/2024\/01\/Les-gorges-de-Vintgar-Slovenie--480x291.jpg 480w\" sizes=\"(max-width: 1980px) 100vw, 1980px\" \/><p id=\"caption-attachment-5369\" class=\"wp-caption-text\">Les gorges de Vintgar, Slov\u00e9nie<\/p><\/div>\n<h2>Le lac Bohinj<\/h2>\n<p>Au c\u0153ur du parc national du Triglav, le lac Bohinj, moins connu que le lac de Bled, est une perle cach\u00e9e de la Slov\u00e9nie. Ce lac, profond de 45 m\u00e8tres, est un sanctuaire de nature pr\u00e9serv\u00e9e et de biodiversit\u00e9 remarquable. Une excursion en cano\u00eb sur le lac offre une perspective unique sur les eaux claires et les montagnes alpines environnantes, cr\u00e9ant un cadre de tranquillit\u00e9 et de beaut\u00e9 naturelle.<\/p>\n<div id=\"attachment_5370\" style=\"width: 1990px\" class=\"wp-caption aligncenter\"><img decoding=\"async\" aria-describedby=\"caption-attachment-5370\" class=\"wp-image-5370 size-full\" src=\"https:\/\/discover.ulysse.com\/wp-content\/uploads\/2024\/01\/Le-lac-Bohinj-Slovenie-.jpg\" alt=\"Le lac Bohinj, Slov\u00e9nie\" width=\"1980\" height=\"1200\" srcset=\"https:\/\/ulysse.com\/news\/wp-content\/uploads\/2024\/01\/Le-lac-Bohinj-Slovenie-.jpg 1980w, https:\/\/ulysse.com\/news\/wp-content\/uploads\/2024\/01\/Le-lac-Bohinj-Slovenie--300x182.jpg 300w, https:\/\/ulysse.com\/news\/wp-content\/uploads\/2024\/01\/Le-lac-Bohinj-Slovenie--1024x621.jpg 1024w, https:\/\/ulysse.com\/news\/wp-content\/uploads\/2024\/01\/Le-lac-Bohinj-Slovenie--200x121.jpg 200w, https:\/\/ulysse.com\/news\/wp-content\/uploads\/2024\/01\/Le-lac-Bohinj-Slovenie--768x465.jpg 768w, https:\/\/ulysse.com\/news\/wp-content\/uploads\/2024\/01\/Le-lac-Bohinj-Slovenie--1536x931.jpg 1536w, https:\/\/ulysse.com\/news\/wp-content\/uploads\/2024\/01\/Le-lac-Bohinj-Slovenie--480x291.jpg 480w\" sizes=\"(max-width: 1980px) 100vw, 1980px\" \/><p id=\"caption-attachment-5370\" class=\"wp-caption-text\">Le lac Bohinj, Slov\u00e9nie<\/p><\/div>\n<h2>Piran<\/h2>\n<p>Piran, v\u00e9ritable bijou des Balkans, est l&#8217;une des villes les plus charmantes et photog\u00e9niques de Slov\u00e9nie. Situ\u00e9e sur une presqu&#8217;\u00eele Adriatique, cette ancienne ville portuaire est ceinte de remparts m\u00e9di\u00e9vaux. Se promener dans Piran, c&#8217;est voyager \u00e0 travers l&#8217;histoire, admirant son architecture gothique v\u00e9nitienne, ses ruelles sinueuses, ses places anim\u00e9es et ses b\u00e2timents historiques.<\/p>\n<div id=\"attachment_5450\" style=\"width: 1990px\" class=\"wp-caption aligncenter\"><img decoding=\"async\" aria-describedby=\"caption-attachment-5450\" class=\"wp-image-5450 size-full\" src=\"https:\/\/discover.ulysse.com\/wp-content\/uploads\/2024\/01\/Piran-en-Slovenie-.jpg\" alt=\"Piran en Slov\u00e9nie\" width=\"1980\" height=\"1200\" srcset=\"https:\/\/ulysse.com\/news\/wp-content\/uploads\/2024\/01\/Piran-en-Slovenie-.jpg 1980w, https:\/\/ulysse.com\/news\/wp-content\/uploads\/2024\/01\/Piran-en-Slovenie--300x182.jpg 300w, https:\/\/ulysse.com\/news\/wp-content\/uploads\/2024\/01\/Piran-en-Slovenie--1024x621.jpg 1024w, https:\/\/ulysse.com\/news\/wp-content\/uploads\/2024\/01\/Piran-en-Slovenie--200x121.jpg 200w, https:\/\/ulysse.com\/news\/wp-content\/uploads\/2024\/01\/Piran-en-Slovenie--768x465.jpg 768w, https:\/\/ulysse.com\/news\/wp-content\/uploads\/2024\/01\/Piran-en-Slovenie--1536x931.jpg 1536w, https:\/\/ulysse.com\/news\/wp-content\/uploads\/2024\/01\/Piran-en-Slovenie--480x291.jpg 480w\" sizes=\"(max-width: 1980px) 100vw, 1980px\" \/><p id=\"caption-attachment-5450\" class=\"wp-caption-text\">Piran en Slov\u00e9nie<\/p><\/div>\n<h2>Les grottes de \u0160kocjan<\/h2>\n<p>Les grottes de \u0160kocjan, un tr\u00e9sor naturel situ\u00e9 dans la r\u00e9gion du Karst, sont un site incontournable. Class\u00e9es au <a href=\"https:\/\/discover.ulysse.com\/joyaux-allemagne-inscrits-patrimoine-mondial-unesco\" target=\"_blank\" rel=\"noopener\">patrimoine mondial de l&#8217;UNESCO<\/a> depuis 1986, elles offrent un r\u00e9seau spectaculaire de galeries souterraines sur cinq kilom\u00e8tres. Vous y d\u00e9couvrirez des cavit\u00e9s gigantesques, des ponts naturels, un canyon profond et une vari\u00e9t\u00e9 impressionnante de stalactites et stalagmites.<\/p>\n<div id=\"attachment_5372\" style=\"width: 1990px\" class=\"wp-caption aligncenter\"><img decoding=\"async\" aria-describedby=\"caption-attachment-5372\" class=\"wp-image-5372 size-full\" src=\"https:\/\/discover.ulysse.com\/wp-content\/uploads\/2024\/01\/Les-grottes-de-Skocjan-Slovenie-.jpg\" alt=\"Les grottes de \u0160kocjan , Slov\u00e9nie\" width=\"1980\" height=\"1200\" srcset=\"https:\/\/ulysse.com\/news\/wp-content\/uploads\/2024\/01\/Les-grottes-de-Skocjan-Slovenie-.jpg 1980w, https:\/\/ulysse.com\/news\/wp-content\/uploads\/2024\/01\/Les-grottes-de-Skocjan-Slovenie--300x182.jpg 300w, https:\/\/ulysse.com\/news\/wp-content\/uploads\/2024\/01\/Les-grottes-de-Skocjan-Slovenie--1024x621.jpg 1024w, https:\/\/ulysse.com\/news\/wp-content\/uploads\/2024\/01\/Les-grottes-de-Skocjan-Slovenie--200x121.jpg 200w, https:\/\/ulysse.com\/news\/wp-content\/uploads\/2024\/01\/Les-grottes-de-Skocjan-Slovenie--768x465.jpg 768w, https:\/\/ulysse.com\/news\/wp-content\/uploads\/2024\/01\/Les-grottes-de-Skocjan-Slovenie--1536x931.jpg 1536w, https:\/\/ulysse.com\/news\/wp-content\/uploads\/2024\/01\/Les-grottes-de-Skocjan-Slovenie--480x291.jpg 480w\" sizes=\"(max-width: 1980px) 100vw, 1980px\" \/><p id=\"caption-attachment-5372\" class=\"wp-caption-text\">Les grottes de \u0160kocjan , Slov\u00e9nie<\/p><\/div>\n<h2>Le lac de Bled<\/h2>\n<p>Le lac de Bled est un joyau embl\u00e9matique de la Slov\u00e9nie, entour\u00e9 de montagnes imposantes. Ce lac glaciaire est un refuge paisible, domin\u00e9 par un \u00eelot pittoresque. Pour une vue imprenable sur les Alpes Juliennes, rendez-vous <a href=\"https:\/\/discover.ulysse.com\/chateaux-de-la-loire\" target=\"_blank\" rel=\"noopener\">au ch\u00e2teau<\/a> de Bled, situ\u00e9 \u00e0 plus de 100 m\u00e8tres de hauteur. Un sentier de six kilom\u00e8tres autour du lac offre une promenade romantique, r\u00e9v\u00e9lant des paysages enchanteurs \u00e0 chaque \u00e9tape.<\/p>\n<div id=\"attachment_5373\" style=\"width: 1990px\" class=\"wp-caption aligncenter\"><img decoding=\"async\" aria-describedby=\"caption-attachment-5373\" class=\"wp-image-5373 size-full\" src=\"https:\/\/discover.ulysse.com\/wp-content\/uploads\/2024\/01\/Le-lac-de-Bled-Slovenie-.jpg\" alt=\"Le lac de Bled , Slov\u00e9nie\" width=\"1980\" height=\"1200\" srcset=\"https:\/\/ulysse.com\/news\/wp-content\/uploads\/2024\/01\/Le-lac-de-Bled-Slovenie-.jpg 1980w, https:\/\/ulysse.com\/news\/wp-content\/uploads\/2024\/01\/Le-lac-de-Bled-Slovenie--300x182.jpg 300w, https:\/\/ulysse.com\/news\/wp-content\/uploads\/2024\/01\/Le-lac-de-Bled-Slovenie--1024x621.jpg 1024w, https:\/\/ulysse.com\/news\/wp-content\/uploads\/2024\/01\/Le-lac-de-Bled-Slovenie--200x121.jpg 200w, https:\/\/ulysse.com\/news\/wp-content\/uploads\/2024\/01\/Le-lac-de-Bled-Slovenie--768x465.jpg 768w, https:\/\/ulysse.com\/news\/wp-content\/uploads\/2024\/01\/Le-lac-de-Bled-Slovenie--1536x931.jpg 1536w, https:\/\/ulysse.com\/news\/wp-content\/uploads\/2024\/01\/Le-lac-de-Bled-Slovenie--480x291.jpg 480w\" sizes=\"(max-width: 1980px) 100vw, 1980px\" \/><p id=\"caption-attachment-5373\" class=\"wp-caption-text\">Le lac de Bled , Slov\u00e9nie<\/p><\/div>\n<p>En Slov\u00e9nie, chaque pas r\u00e9v\u00e8le un tr\u00e9sor cach\u00e9. N&#8217;h\u00e9sitez pas \u00e0 explorer ce joyau europ\u00e9en, o\u00f9 nature et culture se conjuguent pour cr\u00e9er des souvenirs \u00e9ternels.<\/p>\n","protected":false},"excerpt":{"rendered":"<p>La Slov\u00e9nie, joyau m\u00e9connu de l&#8217;Europe, fusionne harmonieusement histoire riche et paysages \u00e9poustouflants. Destination de choix pour les amateurs de [&hellip;]<\/p>\n","protected":false},"author":3,"featured_media":5449,"comment_status":"open","ping_status":"open","sticky":false,"template":"","format":"standard","meta":{"_acf_changed":false,"_sitemap_exclude":false,"_sitemap_priority":"","_sitemap_frequency":"","footnotes":"","rank_math_title":"D\u00e9couvrez la Slov\u00e9nie : Un itin\u00e9raire \u00e0 couper le souffle \u00e0 travers le pays !","rank_math_description":"D\u00e9couvrez la Slov\u00e9nie, une terre de contrastes, o\u00f9 histoire, nature \u00e9poustouflante et culture s'entrem\u00ealent pour une exp\u00e9rience de voyage unique.","rank_math_canonical_url":"","rank_math_focus_keyword":"Slov\u00e9nie"},"categories":[3],"tags":[14,148,370],"class_list":["post-4823","post","type-post","status-publish","format-standard","has-post-thumbnail","hentry","category-voyage","tag-destination","tag-pays","tag-slovenie"],"acf":[],"_links":{"self":[{"href":"https:\/\/ulysse.com\/news\/wp-json\/wp\/v2\/posts\/4823","targetHints":{"allow":["GET"]}}],"collection":[{"href":"https:\/\/ulysse.com\/news\/wp-json\/wp\/v2\/posts"}],"about":[{"href":"https:\/\/ulysse.com\/news\/wp-json\/wp\/v2\/types\/post"}],"author":[{"embeddable":true,"href":"https:\/\/ulysse.com\/news\/wp-json\/wp\/v2\/users\/3"}],"replies":[{"embeddable":true,"href":"https:\/\/ulysse.com\/news\/wp-json\/wp\/v2\/comments?post=4823"}],"version-history":[{"count":6,"href":"https:\/\/ulysse.com\/news\/wp-json\/wp\/v2\/posts\/4823\/revisions"}],"predecessor-version":[{"id":5452,"href":"https:\/\/ulysse.com\/news\/wp-json\/wp\/v2\/posts\/4823\/revisions\/5452"}],"wp:featuredmedia":[{"embeddable":true,"href":"https:\/\/ulysse.com\/news\/wp-json\/wp\/v2\/media\/5449"}],"wp:attachment":[{"href":"https:\/\/ulysse.com\/news\/wp-json\/wp\/v2\/media?parent=4823"}],"wp:term":[{"taxonomy":"category","embeddable":true,"href":"https:\/\/ulysse.com\/news\/wp-json\/wp\/v2\/categories?post=4823"},{"taxonomy":"post_tag","embeddable":true,"href":"https:\/\/ulysse.com\/news\/wp-json\/wp\/v2\/tags?post=4823"}],"curies":[{"name":"wp","href":"https:\/\/api.w.org\/{rel}","templated":true}]}}