{"id":49580,"date":"2026-04-27T12:32:00","date_gmt":"2026-04-27T11:32:00","guid":{"rendered":"https:\/\/ulysse.com\/news\/?p=49580"},"modified":"2026-04-26T21:08:08","modified_gmt":"2026-04-26T20:08:08","slug":"etias-q4-2026-invites-americains-canadiens-britanniques","status":"publish","type":"post","link":"https:\/\/ulysse.com\/news\/etias-q4-2026-invites-americains-canadiens-britanniques","title":{"rendered":"ETIAS confirm\u00e9 au T4 2026 : ce que vos invit\u00e9s am\u00e9ricains et britanniques doivent savoir"},"content":{"rendered":"\n<p>Votre belle-s\u0153ur de Chicago vous appelle paniqu\u00e9e : &#8220;Il para\u00eet qu&#8217;il faut un truc pour entrer en France maintenant ?&#8221; R\u00e9ponse courte : oui, mais pas tout de suite, et \u00e7a co\u00fbte 20 \u20ac. L&#8217;<strong>Union europ\u00e9enne<\/strong> a confirm\u00e9 le 23 avril 2026 que l&#8217;<strong>ETIAS Q4 2026<\/strong> d\u00e9marre bien au dernier trimestre de l&#8217;ann\u00e9e, avec une p\u00e9riode de gr\u00e2ce de six mois qui change tout pour vos invit\u00e9s de cet \u00e9t\u00e9.<\/p>\n\n\n\n<h2 class=\"wp-block-heading\">Ce que l&#8217;UE a vraiment confirm\u00e9 en avril 2026<\/h2>\n\n\n\n<p>Le calendrier officiel est d\u00e9sormais pos\u00e9 sur la table. L&#8217;ETIAS sera lanc\u00e9 au <strong>dernier trimestre 2026<\/strong> (entre octobre et d\u00e9cembre), m\u00eame si la date pr\u00e9cise n&#8217;est pas encore tomb\u00e9e. La Commission promet un pr\u00e9avis de plusieurs mois sur le portail unique travel-europe.europa.eu\/etias avant le grand d\u00e9part.<\/p>\n\n\n\n<p>Le point qui change tout pour vos invit\u00e9s : une <strong>p\u00e9riode transitoire de six mois<\/strong> est pr\u00e9vue apr\u00e8s le lancement. Pendant cette fen\u00eatre, l&#8217;ETIAS est <em>recommand\u00e9<\/em> mais pas <em>obligatoire<\/em>. Concr\u00e8tement, vos amis am\u00e9ricains, canadiens ou britanniques peuvent toujours d\u00e9barquer \u00e0 Roissy avec leur seul passeport, comme aujourd&#8217;hui.<\/p>\n\n\n\n<p>La bascule \u00e0 l&#8217;obligation est attendue au <strong>printemps 2027<\/strong>, autour d&#8217;avril. Une seconde p\u00e9riode de gr\u00e2ce de six mois prot\u00e9gera ensuite les primo-arrivants qui n&#8217;auraient pas encore fait la d\u00e9marche : ceux qui mettent les pieds en Europe pour la premi\u00e8re fois pourront entrer sans ETIAS, \u00e0 condition de remplir les autres crit\u00e8res de contr\u00f4le aux fronti\u00e8res. La pleine application stricte, sans aucune tol\u00e9rance, c&#8217;est pour l&#8217;<strong>automne 2027<\/strong>.<\/p>\n\n\n\n<p>Pour mieux comprendre comment cet <strong>ETIAS Q4 2026<\/strong> s&#8217;articule avec les autres dispositifs europ\u00e9ens, notre <a href=\"https:\/\/ulysse.com\/news\/etias-europe-2026-guide-complet-francais\">guide complet ETIAS 2026<\/a> reste la r\u00e9f\u00e9rence \u00e0 transmettre.<\/p>\n\n\n\n<h2 class=\"wp-block-heading\">Qui est concern\u00e9 parmi vos invit\u00e9s (et qui ne l&#8217;est pas)<\/h2>\n\n\n\n<p>La r\u00e8gle est simple : tous les ressortissants de pays exempt\u00e9s de visa Schengen pour court s\u00e9jour sont concern\u00e9s. \u00c7a englobe les <strong>Am\u00e9ricains, Canadiens, Britanniques, Australiens, Japonais, Br\u00e9siliens<\/strong> et une soixantaine d&#8217;autres nationalit\u00e9s. Si vos invit\u00e9s voyagent habituellement avec leur seul passeport, ils auront besoin d&#8217;un ETIAS.<\/p>\n\n\n\n<p>Bonne nouvelle : pas mal de gens autour de vous \u00e9chappent au syst\u00e8me. Les titulaires d&#8217;un titre de s\u00e9jour europ\u00e9en, les double-nationaux qui voyagent avec leur passeport UE valide, et les citoyens irlandais (l&#8217;Irlande n&#8217;est pas Schengen mais ses citoyens conservent la libre circulation) n&#8217;ont aucune d\u00e9marche \u00e0 faire. Les conjoints et enfants de citoyens UE b\u00e9n\u00e9ficient d&#8217;une exemption de frais, mais doivent quand m\u00eame remplir la demande.<\/p>\n\n\n\n<p>Le vrai pi\u00e8ge, c&#8217;est pour vos amis britanniques. Le Royaume-Uni a lanc\u00e9 son propre <strong>ETA<\/strong> en f\u00e9vrier 2026 (autour de 19 \u20ac), r\u00e9serv\u00e9 \u00e0 ceux qui veulent entrer outre-Manche. Les Britanniques qui viennent en France ont <em>aussi<\/em> besoin de l&#8217;ETIAS. Deux autorisations distinctes, deux d\u00e9marches, deux paiements : ne les confondez pas dans la conversation, sinon votre cousin de Londres va lever les yeux au ciel.<\/p>\n\n\n\n<p>Pour les Am\u00e9ricains, la logique est famili\u00e8re : ils connaissent d\u00e9j\u00e0 l&#8217;<strong>ESTA<\/strong> c\u00f4t\u00e9 \u00c9tats-Unis, dont les r\u00e8gles se sont durcies r\u00e9cemment (<a href=\"https:\/\/ulysse.com\/news\/esta-durci-usa-prix-reseaux-sociaux-2026\">prix doubl\u00e9 et historique des r\u00e9seaux sociaux exig\u00e9<\/a>). L&#8217;ETIAS europ\u00e9en fonctionne sur le m\u00eame principe, en plus simple c\u00f4t\u00e9 formalit\u00e9s.<\/p>\n\n\n\n<h2 class=\"wp-block-heading\">Quand vos invit\u00e9s doivent activer leur ETIAS<\/h2>\n\n\n\n<p>Voici le calendrier pratique \u00e0 garder en t\u00eate, saison par saison.<\/p>\n\n\n\n<ul class=\"wp-block-list\">\n<li><strong>\u00c9t\u00e9 2026 (juin-septembre)<\/strong> : aucune d\u00e9marche n\u00e9cessaire. L&#8217;ETIAS n&#8217;est pas encore lanc\u00e9. Un passeport valide six mois apr\u00e8s la date pr\u00e9vue de retour, et c&#8217;est tout.<\/li>\n<li><strong>Automne 2026 (octobre-d\u00e9cembre)<\/strong> : c&#8217;est le moment du lancement. La demande devient possible volontairement, mais l&#8217;entr\u00e9e reste autoris\u00e9e sans.<\/li>\n<li><strong>Hiver 2026-2027<\/strong> : p\u00e9riode transitoire toujours en cours. Recommand\u00e9, mais pas obligatoire.<\/li>\n<li><strong>Printemps 2027<\/strong> : bascule probable \u00e0 l&#8217;obligation. \u00c0 partir de l\u00e0, pas d&#8217;ETIAS = pas d&#8217;embarquement. Les compagnies a\u00e9riennes v\u00e9rifient avant m\u00eame le check-in.<\/li>\n<\/ul>\n\n\n\n<p>Le r\u00e9flexe \u00e0 adopter pour vos invit\u00e9s : s&#8217;ils ont d\u00e9j\u00e0 des billets pour <strong>No\u00ebl 2026<\/strong> ou <strong>P\u00e2ques 2027<\/strong>, conseillez-leur de faire la demande d\u00e8s l&#8217;ouverture du portail public, m\u00eame si ce n&#8217;est pas encore obligatoire. La validit\u00e9 de trois ans court \u00e0 partir de l&#8217;approbation, autant prendre de l&#8217;avance et ne plus y penser.<\/p>\n\n\n\n<h2 class=\"wp-block-heading\">Combien \u00e7a co\u00fbte, combien de temps c&#8217;est valable<\/h2>\n\n\n\n<figure class=\"wp-block-table\"><table class=\"has-fixed-layout\"><thead><tr><th>\u00c9l\u00e9ment<\/th><th>D\u00e9tail<\/th><\/tr><\/thead><tbody><tr><td>Tarif<\/td><td><strong>20 \u20ac<\/strong> par adulte (18-70 ans), gratuit pour les mineurs et les +70 ans<\/td><\/tr><tr><td>Validit\u00e9<\/td><td>3 ans ou jusqu&#8217;\u00e0 expiration du passeport (premier des deux)<\/td><\/tr><tr><td>Couverture<\/td><td>30 pays Schengen, s\u00e9jours courts (90 jours sur 180) \u00e0 volont\u00e9<\/td><\/tr><tr><td>D\u00e9lai d&#8217;obtention<\/td><td>Quelques minutes \u00e0 4 jours en standard, jusqu&#8217;\u00e0 30 jours si v\u00e9rification<\/td><\/tr><tr><td>O\u00f9 faire la demande<\/td><td>travel-europe.europa.eu\/etias <em>uniquement<\/em><\/td><\/tr><\/tbody><\/table><\/figure>\n\n\n\n<p>Petit avertissement \u00e0 transmettre absolument : m\u00e9fiez-vous des sites tiers qui facturent 60 ou 90 \u20ac pour un service que l&#8217;UE propose \u00e0 20 \u20ac. Le portail officiel est unique, gratuit \u00e0 consulter, et fait tout le boulot en quelques clics. Si votre invit\u00e9 tombe sur une page qui demande plus de 20 \u20ac, c&#8217;est une arnaque ou un interm\u00e9diaire inutile. Ces frais avaient d&#8217;ailleurs \u00e9t\u00e9 <a href=\"https:\/\/ulysse.com\/news\/hausse-des-frais-de-voyage-lesta-et-letias-sajustent-aux-realites-economiques\">revus \u00e0 la hausse en 2025<\/a> avant d&#8217;\u00eatre stabilis\u00e9s \u00e0 20 \u20ac.<\/p>\n\n\n\n<h2 class=\"wp-block-heading\">Le tableau \u00e0 envoyer \u00e0 vos invit\u00e9s<\/h2>\n\n\n\n<p>Voil\u00e0 le m\u00e9mo pr\u00eat \u00e0 copier-coller dans un message WhatsApp ou un mail.<\/p>\n\n\n\n<figure class=\"wp-block-table\"><table class=\"has-fixed-layout\"><thead><tr><th>Question<\/th><th>R\u00e9ponse courte<\/th><\/tr><\/thead><tbody><tr><td>Faut-il ETIAS pour venir cet \u00e9t\u00e9 2026 ?<\/td><td>Non<\/td><\/tr><tr><td>Faut-il ETIAS pour No\u00ebl 2026 ?<\/td><td>Recommand\u00e9, pas obligatoire<\/td><\/tr><tr><td>Faut-il ETIAS pour l&#8217;\u00e9t\u00e9 2027 ?<\/td><td><strong>Oui, obligatoire<\/strong><\/td><\/tr><tr><td>Combien \u00e7a co\u00fbte ?<\/td><td>20 \u20ac (gratuit -18 ans et +70 ans)<\/td><\/tr><tr><td>Combien de temps c&#8217;est valable ?<\/td><td>3 ans ou validit\u00e9 passeport<\/td><\/tr><tr><td>O\u00f9 faire la demande ?<\/td><td>travel-europe.europa.eu\/etias uniquement<\/td><\/tr><tr><td>Et l&#8217;EES (contr\u00f4le biom\u00e9trique) ?<\/td><td>D\u00e9j\u00e0 en place depuis octobre 2025, s\u00e9par\u00e9 de l&#8217;ETIAS<\/td><\/tr><\/tbody><\/table><\/figure>\n\n\n\n<h2 class=\"wp-block-heading\">Les 5 questions qu&#8217;on vous posera s\u00fbrement<\/h2>\n\n\n\n<p><strong>&#8220;C&#8217;est un visa ?&#8221;<\/strong> Non, et c&#8217;est important de le pr\u00e9ciser. L&#8217;ETIAS est une autorisation pr\u00e9alable de voyage, exactement comme l&#8217;<strong>ESTA am\u00e9ricain<\/strong> que les Fran\u00e7ais connaissent. Pas de rendez-vous au consulat, pas d&#8217;entretien, pas de dossier papier. Une demande en ligne, un paiement, une r\u00e9ponse en quelques minutes la plupart du temps.<\/p>\n\n\n\n<p><strong>&#8220;Mon passeport US\/UK\/CA suffit toujours ?&#8221;<\/strong> Oui pour entrer pendant la transition (donc jusqu&#8217;au printemps 2027). Non \u00e0 partir de 2027 si pas d&#8217;ETIAS attach\u00e9 \u00e9lectroniquement au passeport.<\/p>\n\n\n\n<p><strong>&#8220;Et si je transite juste \u00e0 Paris-CDG ?&#8221;<\/strong> Pas besoin d&#8217;ETIAS pour les transits c\u00f4t\u00e9 zone internationale. D\u00e8s que votre invit\u00e9 franchit le contr\u00f4le d&#8217;immigration, en revanche, l&#8217;autorisation devient n\u00e9cessaire.<\/p>\n\n\n\n<p><strong>&#8220;\u00c7a remplace l&#8217;EES ?&#8221;<\/strong> Non, ce sont deux syst\u00e8mes diff\u00e9rents et compl\u00e9mentaires. L&#8217;<strong>EES<\/strong> (le contr\u00f4le biom\u00e9trique aux fronti\u00e8res) tourne d\u00e9j\u00e0 depuis octobre 2025, m\u00eame si la France a \u00e9voqu\u00e9 une <a href=\"https:\/\/ulysse.com\/news\/ees-france-suspension-ete-2026\">possible suspension de 90 jours avant l&#8217;\u00e9t\u00e9 2026<\/a>. L&#8217;ETIAS arrive par-dessus, en amont du voyage.<\/p>\n\n\n\n<p><strong>&#8220;Combien de temps je peux rester avec ?&#8221;<\/strong> 90 jours sur 180 dans tout l&#8217;espace Schengen. La r\u00e8gle de base ne change pas : l&#8217;ETIAS autorise le voyage, il ne rallonge pas la dur\u00e9e de s\u00e9jour.<\/p>\n\n\n\n<h2 class=\"wp-block-heading\">Ce qui peut encore bouger d&#8217;ici fin 2026<\/h2>\n\n\n\n<p>Quelques zones d&#8217;ombre subsistent, et c&#8217;est honn\u00eate de le dire \u00e0 vos invit\u00e9s plut\u00f4t que de tout pr\u00e9senter comme grav\u00e9 dans le marbre. La <strong>date pr\u00e9cise<\/strong> du lancement Q4 2026 n&#8217;a pas encore \u00e9t\u00e9 annonc\u00e9e : surveillez les communiqu\u00e9s de la Commission et le portail officiel dans les prochaines semaines.<\/p>\n\n\n\n<p>Les modalit\u00e9s exactes de la phase volontaire restent \u00e0 pr\u00e9ciser. Il est possible que certains pays Schengen appliquent les contr\u00f4les avec un peu plus ou un peu moins de souplesse pendant la transition. Et un ajustement du calendrier reste possible si l&#8217;EES, d\u00e9j\u00e0 en place, conna\u00eet des frictions persistantes : ce syst\u00e8me a \u00e9t\u00e9 report\u00e9 cinq fois depuis 2022 avant son lancement effectif.<\/p>\n\n\n\n<p>Pour rester \u00e0 jour, deux URLs \u00e0 garder dans vos favoris : <strong>etias.europa.eu<\/strong> et <strong>travel-europe.europa.eu\/etias<\/strong>. Tout le reste, blogs sp\u00e9cialis\u00e9s et services payants compris, n&#8217;est qu&#8217;un relais. Avec ces deux adresses et le tableau plus haut, vous avez de quoi rassurer n&#8217;importe quel invit\u00e9 paniqu\u00e9 \u00e0 22h un dimanche soir.<\/p>\n","protected":false},"excerpt":{"rendered":"<p>Votre belle-s\u0153ur de Chicago vous appelle paniqu\u00e9e : &#8220;Il para\u00eet qu&#8217;il faut un truc pour entrer en France maintenant ?&#8221; R\u00e9ponse courte : oui, mais pas tout de &#8230;<\/p>\n","protected":false},"author":3,"featured_media":49581,"comment_status":"open","ping_status":"","sticky":false,"template":"","format":"standard","meta":{"_acf_changed":false,"_sitemap_exclude":false,"_sitemap_priority":"","_sitemap_frequency":"","footnotes":"","rank_math_title":"ETIAS Q4 2026 : guide pour vos invit\u00e9s \u00e9trangers","rank_math_description":"ETIAS Q4 2026 confirm\u00e9 avec 6 mois de transition. Le guide pour r\u00e9pondre \u00e0 vos invit\u00e9s am\u00e9ricains, canadiens et britanniques cet \u00e9t\u00e9.","rank_math_canonical_url":"","rank_math_focus_keyword":"ETIAS Q4 2026"},"categories":[889],"tags":[],"class_list":["post-49580","post","type-post","status-publish","format-standard","has-post-thumbnail","hentry","category-new-2"],"acf":[],"_links":{"self":[{"href":"https:\/\/ulysse.com\/news\/wp-json\/wp\/v2\/posts\/49580","targetHints":{"allow":["GET"]}}],"collection":[{"href":"https:\/\/ulysse.com\/news\/wp-json\/wp\/v2\/posts"}],"about":[{"href":"https:\/\/ulysse.com\/news\/wp-json\/wp\/v2\/types\/post"}],"author":[{"embeddable":true,"href":"https:\/\/ulysse.com\/news\/wp-json\/wp\/v2\/users\/3"}],"replies":[{"embeddable":true,"href":"https:\/\/ulysse.com\/news\/wp-json\/wp\/v2\/comments?post=49580"}],"version-history":[{"count":1,"href":"https:\/\/ulysse.com\/news\/wp-json\/wp\/v2\/posts\/49580\/revisions"}],"predecessor-version":[{"id":49582,"href":"https:\/\/ulysse.com\/news\/wp-json\/wp\/v2\/posts\/49580\/revisions\/49582"}],"wp:featuredmedia":[{"embeddable":true,"href":"https:\/\/ulysse.com\/news\/wp-json\/wp\/v2\/media\/49581"}],"wp:attachment":[{"href":"https:\/\/ulysse.com\/news\/wp-json\/wp\/v2\/media?parent=49580"}],"wp:term":[{"taxonomy":"category","embeddable":true,"href":"https:\/\/ulysse.com\/news\/wp-json\/wp\/v2\/categories?post=49580"},{"taxonomy":"post_tag","embeddable":true,"href":"https:\/\/ulysse.com\/news\/wp-json\/wp\/v2\/tags?post=49580"}],"curies":[{"name":"wp","href":"https:\/\/api.w.org\/{rel}","templated":true}]}}