{"id":49594,"date":"2026-04-28T13:42:00","date_gmt":"2026-04-28T12:42:00","guid":{"rendered":"https:\/\/ulysse.com\/news\/?p=49594"},"modified":"2026-04-27T17:53:37","modified_gmt":"2026-04-27T16:53:37","slug":"eurovision-vienne-2026-guide-pratique-francais","status":"publish","type":"post","link":"https:\/\/ulysse.com\/news\/eurovision-vienne-2026-guide-pratique-francais","title":{"rendered":"Eurovision Vienne 2026 : h\u00f4tels x4, Bratislava \u00e0 1h et Jury Final, le plan pour vivre le 16 mai"},"content":{"rendered":"\n<p>Vienne s&#8217;appr\u00eate \u00e0 recevoir plus de <strong>100 000 visiteurs suppl\u00e9mentaires<\/strong> entre le 10 et le 17 mai pour l&#8217;<strong>Eurovision Vienne 2026<\/strong>, et si vous lisez ces lignes, il vous reste une fen\u00eatre pour partir. Petite, mais r\u00e9elle. Le but de ce guide : vous \u00e9viter de payer 600 \u20ac la nuit, vous trouver un train ou un vol qui ne vous ruine pas, anticiper la nouvelle case EES c\u00f4t\u00e9 autrichien, et surtout vous montrer comment vivre l&#8217;\u00e9v\u00e9nement \u00e0 fond, m\u00eame sans billet pour la Stadthalle.<\/p>\n\n\n\n<h2 class=\"wp-block-heading\">Les dates \u00e0 graver dans le marbre avant de r\u00e9server<\/h2>\n\n\n\n<p>Avant tout, posons le calendrier au clair, parce que c&#8217;est lui qui va dicter votre billet de train et votre nuit d&#8217;h\u00f4tel. Les horaires sont confirm\u00e9s par la <a href=\"https:\/\/www.stadthalle.com\/en\/esc2026\" target=\"_blank\" rel=\"noopener\">Wiener Stadthalle<\/a> et l&#8217;office de tourisme <a href=\"https:\/\/www.wien.info\/en\/now-on\/eurovision-song-contest\/esc-2026-wien-966540\" target=\"_blank\" rel=\"noopener\">wien.info<\/a>.<\/p>\n\n\n\n<ul class=\"wp-block-list\">\n<li><strong>Demi-finale 1<\/strong> : mardi 12 mai 2026, 21h CEST, Wiener Stadthalle<\/li>\n<li><strong>Demi-finale 2<\/strong> : jeudi 14 mai 2026, 21h CEST, Wiener Stadthalle<\/li>\n<li><strong>Grande finale<\/strong> : samedi 16 mai 2026, 21h CEST, Wiener Stadthalle<\/li>\n<li><strong>Jury Final (preview soir de la finale)<\/strong> : vendredi 15 mai 2026, 21h CEST<\/li>\n<li><strong>Eurovision Village<\/strong> : du dimanche 10 au dimanche 17 mai, place du <strong>Rathaus<\/strong> (gratuit, \u00e9crans g\u00e9ants, sc\u00e8ne, concerts)<\/li>\n<li><strong>EuroClub et Euro Fan Caf\u00e9<\/strong> : programmation en parall\u00e8le dans plusieurs lieux de la ville<\/li>\n<\/ul>\n\n\n\n<p>La Stadthalle compte environ <strong>16 000 places<\/strong> par soir\u00e9e, ce qui fait beaucoup de monde mais tr\u00e8s peu de billets pour les centaines de milliers de fans qui voudraient y \u00eatre. C&#8217;est ce qui explique la pression sur les h\u00f4tels et les trains la semaine du 11 au 18 mai. Selon <strong>wien.info<\/strong>, la ville pr\u00e9voit une affluence suppl\u00e9mentaire \u00e0 six chiffres sur cette m\u00eame p\u00e9riode. Autrement dit : c&#8217;est maintenant que \u00e7a se r\u00e9serve.<\/p>\n\n\n\n<h2 class=\"wp-block-heading\">Comment rejoindre Vienne depuis la France (3 itin\u00e9raires train + vols)<\/h2>\n\n\n\n<p>Trois grandes options, selon votre temps, votre budget et votre tol\u00e9rance au r\u00e9veil \u00e0 5h du matin.<\/p>\n\n\n\n<p><strong>Itin\u00e9raire 1 \u2014 Le combo TGV + Nightjet via Munich.<\/strong> Vous partez de Paris Gare de l&#8217;Est en TGV jusqu&#8217;\u00e0 Munich (environ 3h), puis vous embarquez sur le <strong>Nightjet<\/strong> \u00d6BB qui quitte Munich vers 22h30 et vous d\u00e9pose \u00e0 <strong>Wien Hauptbahnhof<\/strong> vers 6h45. C&#8217;est notre option pr\u00e9f\u00e9r\u00e9e : vous \u00e9conomisez une nuit d&#8217;h\u00f4tel viennois, vous arrivez frais pour profiter de la journ\u00e9e, et vous avez le choix entre couchette, lit et nouvelles <a href=\"https:\/\/ulysse.com\/news\/nightjet-mini-cabines-pods-solo-guide-prix\">mini-cabines pod \u00d6BB d\u00e8s 58 \u20ac<\/a>. Comptez 150 \u00e0 250 \u20ac l&#8217;aller en seconde, davantage si vous visez le pod ou le single. Pour aller plus loin, on a aussi d\u00e9taill\u00e9 le <a href=\"https:\/\/ulysse.com\/news\/nightjet-amsterdam-vienne-budapest-guide-2026\">Nightjet Amsterdam-Vienne-Budapest d\u00e8s 29,90 \u20ac<\/a> si vous voulez prolonger jusqu&#8217;\u00e0 la Hongrie.<\/p>\n\n\n\n<p><strong>Itin\u00e9raire 2 \u2014 TGV + ICE de jour.<\/strong> Pour ceux qui aiment voir d\u00e9filer les paysages : Paris-Strasbourg, puis Strasbourg-Munich, puis Munich-Vienne en ICE. Une grosse journ\u00e9e de train (d\u00e9part tr\u00e8s t\u00f4t, arriv\u00e9e fin de soir\u00e9e), mais z\u00e9ro avion, et le passage par la vall\u00e9e du Danube est sublime au printemps.<\/p>\n\n\n\n<blockquote class=\"instagram-media\" data-instgrm-captioned data-instgrm-permalink=\"https:\/\/www.instagram.com\/explore\/tags\/bratislavahotel\/\" style=\"max-width:540px; min-width:326px; width:100%; margin:1em auto; min-height:500px;\"><a href=\"https:\/\/www.instagram.com\/explore\/tags\/bratislavahotel\/\" target=\"_blank\" rel=\"noopener\">Voir sur Instagram<\/a><\/blockquote>\n\n\n\n<p><strong>Itin\u00e9raire 3 \u2014 L&#8217;avion direct.<\/strong> Air France et Austrian Airlines relient <strong>Paris CDG-Vienne (VIE)<\/strong> en 2h05 environ, easyJet propose <strong>Nice-Vienne<\/strong>, et Transavia op\u00e8re <strong>Lyon-Vienne<\/strong> en saison. Les tarifs oscillent entre 120 et 280 \u20ac l&#8217;aller-retour selon la date de r\u00e9servation. Notre conseil : si vous bookez apr\u00e8s le 1er mai, l&#8217;\u00e9cart entre vol et train se r\u00e9duit beaucoup, regardez les deux en parall\u00e8le. Et gardez en t\u00eate que <a href=\"https:\/\/ulysse.com\/news\/neige-autriche-aeroport-vienne-vols-annules-2026\">l&#8217;a\u00e9roport de Vienne reste vuln\u00e9rable aux al\u00e9as m\u00e9t\u00e9o<\/a> \u2014 un plan B train via Munich ne fait jamais de mal.<\/p>\n\n\n\n<p>Petit d\u00e9tail qui sauve la mise : Vienne a deux gares principales, <strong>Wien Hauptbahnhof<\/strong> (centrale) et <strong>Wien Meidling<\/strong> (sud-ouest). La plupart des trains internationaux s&#8217;arr\u00eatent aux deux. V\u00e9rifiez bien laquelle est la plus proche de votre h\u00e9bergement avant d&#8217;acheter un billet de tram.<\/p>\n\n\n\n<h2 class=\"wp-block-heading\">EES c\u00f4t\u00e9 Autriche : ce qui vous attend \u00e0 la fronti\u00e8re<\/h2>\n\n\n\n<p>L&#8217;<strong>EES<\/strong>, le syst\u00e8me d&#8217;entr\u00e9e\/sortie biom\u00e9trique europ\u00e9en, est en application stricte c\u00f4t\u00e9 autrichien depuis le <strong>10 avril 2026<\/strong>. Concr\u00e8tement, si c&#8217;est votre premier passage depuis l&#8217;entr\u00e9e en vigueur, on prend vos empreintes digitales et une photo \u00e0 votre arriv\u00e9e. Pas de panique, c&#8217;est rapide une fois \u00e0 la borne, mais l&#8217;attente avant peut piquer.<\/p>\n\n\n\n<p>Notre conseil : pr\u00e9voyez <strong>30 \u00e0 45 minutes de plus<\/strong> \u00e0 l&#8217;a\u00e9roport de <strong>Schwechat<\/strong> si vous arrivez entre 8h et 11h le week-end Eurovision, c&#8217;est le cr\u00e9neau le plus satur\u00e9. Si vous arrivez en train depuis Munich, les contr\u00f4les sont beaucoup plus l\u00e9gers (Schengen oblige) mais une <strong>carte d&#8217;identit\u00e9 ou un passeport en cours de validit\u00e9 reste obligatoire<\/strong>, pas de tol\u00e9rance l\u00e0-dessus.<\/p>\n\n\n\n<p>Bonne nouvelle quand m\u00eame : l&#8217;enregistrement EES est <strong>valable 3 ans<\/strong>. Une fois vos donn\u00e9es dans le syst\u00e8me, vos prochains voyages dans l&#8217;espace Schengen seront beaucoup plus fluides. C\u00f4t\u00e9 fran\u00e7ais, le d\u00e9ploiement avance plus lentement : on a fait le point sur la possible <a href=\"https:\/\/ulysse.com\/news\/ees-france-suspension-ete-2026\">suspension de l&#8217;EES en France avant l&#8217;\u00e9t\u00e9 2026<\/a> si vous partez depuis un a\u00e9roport hexagonal. Pour les d\u00e9tails officiels, le portail de la police f\u00e9d\u00e9rale autrichienne (BMI) tient une page \u00e0 jour.<\/p>\n\n\n\n<h2 class=\"wp-block-heading\">O\u00f9 dormir quand Vienne est satur\u00e9e : le comparatif<\/h2>\n\n\n\n<p>L\u00e0, on ne va pas vous mentir : c&#8217;est tendu. Les prix d&#8217;h\u00f4tels viennois intra-muros ont \u00e9t\u00e9 <strong>multipli\u00e9s par 2 \u00e0 4<\/strong> sur la semaine du 12 au 17 mai. La nuit moyenne dans un 3 \u00e9toiles passe de 120-150 \u20ac en temps normal \u00e0 <strong>350-500 \u20ac<\/strong> pendant l&#8217;\u00e9v\u00e9nement.<\/p>\n\n\n\n<p>Si vous trouvez encore une chambre \u00e0 Vienne, visez les quartiers proches de la Stadthalle ou du Rathaus :<\/p>\n\n\n\n<ul class=\"wp-block-list\">\n<li><strong>Neubau (7e)<\/strong> : bobo, plein de caf\u00e9s, \u00e0 15 min \u00e0 pied du Rathaus<\/li>\n<li><strong>Mariahilf (6e)<\/strong> : commerces, U-Bahn direct vers la Stadthalle<\/li>\n<li><strong>Leopoldstadt (2e)<\/strong> : de l&#8217;autre c\u00f4t\u00e9 du Danube, souvent un peu moins cher, U-Bahn rapide vers le centre<\/li>\n<\/ul>\n\n\n\n<p>Si tout est complet ou hors budget, voici le vrai bon plan :<\/p>\n\n\n\n<figure class=\"wp-block-table\"><table class=\"has-fixed-layout\"><thead><tr><th>Option<\/th><th>Trajet vers Vienne<\/th><th>Nuit moyenne (3*)<\/th><th>\u00c9conomie vs Vienne<\/th><\/tr><\/thead><tbody><tr><td><strong>Bratislava<\/strong> (Slovaquie)<\/td><td>1h en RailJet, ~15 \u20ac<\/td><td>80-150 \u20ac<\/td><td>-50 \u00e0 -70 %<\/td><\/tr><tr><td><strong>Wiener Neustadt<\/strong><\/td><td>30-40 min en train r\u00e9gional<\/td><td>90-130 \u20ac<\/td><td>-60 %<\/td><\/tr><tr><td><strong>Sankt P\u00f6lten<\/strong><\/td><td>25 min en RailJet<\/td><td>100-140 \u20ac<\/td><td>-55 %<\/td><\/tr><tr><td><strong>Auberge de jeunesse Vienne<\/strong> (Wombat&#8217;s, Ruthensteiner)<\/td><td>sur place<\/td><td>d\u00e8s 60 \u20ac le lit<\/td><td>-80 %<\/td><\/tr><\/tbody><\/table><\/figure>\n\n\n\n<p>Notre coup de c\u0153ur pour le repli : <strong>Bratislava<\/strong>. Un RailJet relie Wien Hauptbahnhof \u00e0 Bratislava hl.st <strong>toutes les 30 minutes<\/strong> en journ\u00e9e, le trajet dure 1h pile, et la capitale slovaque m\u00e9rite franchement le d\u00e9tour pour une journ\u00e9e. Vous dormez dans une vieille ville baroque pour 100 \u20ac, et vous \u00eates \u00e0 Vienne en moins de temps qu&#8217;il n&#8217;en faut pour traverser Paris en RER.<\/p>\n\n\n\n<h2 class=\"wp-block-heading\">L&#8217;agenda jour par jour pour ceux qui n&#8217;ont pas de billet<\/h2>\n\n\n\n<p>Pas de panique si la Stadthalle est sold-out : 90 % de l&#8217;exp\u00e9rience Eurovision se vit dehors, gratuitement, dans une ambiance fan zone qui n&#8217;a rien \u00e0 envier \u00e0 la salle. Voici comment caler votre semaine.<\/p>\n\n\n\n<ul class=\"wp-block-list\">\n<li><strong>Dimanche 10 mai<\/strong> : ouverture de l&#8217;<strong>Eurovision Village<\/strong> place du Rathaus, premier concert d&#8217;ouverture, ambiance tranquille et festive pour entrer dans le bain<\/li>\n<li><strong>Lundi 11 mai<\/strong> : <strong>r\u00e9p\u00e9titions g\u00e9n\u00e9rales<\/strong> ouvertes au public (places \u00e0 r\u00e9server \u00e0 l&#8217;avance via wien.info), parade des d\u00e9l\u00e9gations dans la ville<\/li>\n<li><strong>Mardi 12 mai<\/strong> : retransmission g\u00e9ante de la <strong>demi-finale 1<\/strong> sur la place du Rathaus d\u00e8s 20h30, fan zone bond\u00e9e et drapeaux en l&#8217;air<\/li>\n<li><strong>Mercredi 13 mai<\/strong> : journ\u00e9e plus calme c\u00f4t\u00e9 Eurovision, parfaite pour faire le <strong>Vienne touristique<\/strong> (Sch\u00f6nbrunn, Belv\u00e9d\u00e8re, MuseumsQuartier) avant la deuxi\u00e8me vague<\/li>\n<li><strong>Jeudi 14 mai<\/strong> : retransmission <strong>demi-finale 2<\/strong> au Rathaus, soir\u00e9es EuroClub dans plusieurs clubs viennois<\/li>\n<li><strong>Vendredi 15 mai<\/strong> : le <strong>Jury Final<\/strong>, c&#8217;est-\u00e0-dire la r\u00e9p\u00e9tition g\u00e9n\u00e9rale officielle de la finale (preview show de 21h confirm\u00e9 par la Stadthalle). L&#8217;ambiance est identique \u00e0 celle du samedi, et les billets sont <strong>bien plus accessibles<\/strong>. Si vous voulez vivre la Stadthalle sans payer le prix fort, c&#8217;est ici<\/li>\n<li><strong>Samedi 16 mai<\/strong> : journ\u00e9e fan zone du matin au soir, retransmission de la <strong>finale<\/strong> sur \u00e9crans g\u00e9ants au Rathaus d\u00e8s 21h, after-parties annonc\u00e9es dans la ville<\/li>\n<li><strong>Dimanche 17 mai<\/strong> : cl\u00f4ture, brunch viennois, retour<\/li>\n<\/ul>\n\n\n\n<blockquote class=\"instagram-media\" data-instgrm-captioned data-instgrm-permalink=\"https:\/\/www.instagram.com\/explore\/tags\/eurovisionturquoisecarpet\/\" style=\"max-width:540px; min-width:326px; width:100%; margin:1em auto; min-height:500px;\"><a href=\"https:\/\/www.instagram.com\/explore\/tags\/eurovisionturquoisecarpet\/\" target=\"_blank\" rel=\"noopener\">Voir sur Instagram<\/a><\/blockquote>\n\n\n\n<p>Si on ne devait retenir qu&#8217;un conseil : visez le <strong>vendredi soir au Rathaus<\/strong>, c&#8217;est souvent moins dense que le samedi mais d\u00e9j\u00e0 \u00e9lectrique, et c&#8217;est le moment id\u00e9al pour rep\u00e9rer la place avant la finale.<\/p>\n\n\n\n<h2 class=\"wp-block-heading\">Budget total : 3 sc\u00e9narios chiffr\u00e9s pour un week-end<\/h2>\n\n\n\n<p>Pour vous projeter, voici trois profils types sur 3 nuits (jeudi soir au dimanche matin), tout compris au d\u00e9part de Paris.<\/p>\n\n\n\n<figure class=\"wp-block-table\"><table class=\"has-fixed-layout\"><thead><tr><th>Sc\u00e9nario<\/th><th>Transport<\/th><th>H\u00e9bergement<\/th><th>Extras<\/th><th>Total<\/th><\/tr><\/thead><tbody><tr><td><strong>\u00c9co<\/strong><\/td><td>Vol low-cost<\/td><td>Hostel Vienne ou h\u00f4tel Bratislava<\/td><td>Fan zone gratuite<\/td><td><strong>650-850 \u20ac<\/strong><\/td><\/tr><tr><td><strong>Confort<\/strong><\/td><td>Nightjet couchette<\/td><td>H\u00f4tel 3* Mariahilf<\/td><td>Billet Jury Final + restos<\/td><td><strong>1 200-1 500 \u20ac<\/strong><\/td><\/tr><tr><td><strong>Premium<\/strong><\/td><td>Vol direct AF\/OS<\/td><td>H\u00f4tel 4* centre<\/td><td>Billet finale (revente officielle), VIP<\/td><td><strong>2 500 \u20ac et +<\/strong><\/td><\/tr><\/tbody><\/table><\/figure>\n\n\n\n<p>Postes qu&#8217;on oublie souvent : la carte transport <strong>Wiener Linien 72h<\/strong> (~17,10 \u20ac) qui couvre m\u00e9tro, tram et bus \u00e0 volont\u00e9, les d\u00eeners (15-25 \u20ac pour bien manger sans se ruiner), et les <strong>goodies officiels<\/strong> Eurovision dont vous reviendrez forc\u00e9ment avec deux ou trois dans la valise.<\/p>\n\n\n\n<h2 class=\"wp-block-heading\">Les conseils qu&#8217;on aurait aim\u00e9 recevoir avant de partir<\/h2>\n\n\n\n<p>Quelques d\u00e9tails qui font une vraie diff\u00e9rence sur place, glan\u00e9s aupr\u00e8s de fans qui ont fait Liverpool, Malm\u00f6 et B\u00e2le.<\/p>\n\n\n\n<ul class=\"wp-block-list\">\n<li><strong>R\u00e9servez le train ou le vol de retour avant de partir.<\/strong> Le dimanche 17 mai, tout sera satur\u00e9, et les prix de derni\u00e8re minute font mal<\/li>\n<li><strong>T\u00e9l\u00e9chargez deux apps<\/strong> : l&#8217;app officielle Eurovision (programme, votes, infos) et <strong>Wiener Linien<\/strong> (transports, super pratique pour le m\u00e9tro)<\/li>\n<li><strong>Apportez un drapeau.<\/strong> France, pays favori, peu importe : \u00e7a change radicalement l&#8217;exp\u00e9rience fan zone, vous serez abord\u00e9 par d&#8217;autres fans, on vous prendra en photo, c&#8217;est tout l&#8217;esprit<\/li>\n<li><strong>Anticipez la m\u00e9t\u00e9o.<\/strong> Vienne mi-mai, c&#8217;est 15-20\u00b0C en journ\u00e9e, 8-12\u00b0C la nuit, avec des averses possibles. Une veste l\u00e9g\u00e8re et des baskets confortables, rien de plus<\/li>\n<li><strong>Pour croiser les artistes<\/strong> : tournez autour des h\u00f4tels officiels et de la zone EuroClub en fin de soir\u00e9e. La liste des h\u00f4tels est annonc\u00e9e par l&#8217;EBU sur wien.info quelques jours avant l&#8217;\u00e9v\u00e9nement<\/li>\n<\/ul>\n\n\n\n<p>Un dernier mot pour ceux qui h\u00e9sitent encore : la formule <strong>Bratislava + Jury Final vendredi<\/strong> reste, \u00e0 notre sens, le meilleur compromis qualit\u00e9-prix-ambiance pour vivre l&#8217;<strong>Eurovision Vienne 2026<\/strong>. Vous dormez \u00e0 100 \u20ac la nuit dans une capitale baroque, vous \u00eates \u00e0 Vienne en 1h, et vous vivez la finale grandeur nature dans la Stadthalle pour une fraction du prix du samedi. Le genre de plan que vos amis vous envieront en septembre, quand vous raconterez la semaine devant une bi\u00e8re.<\/p>\n\n\n\n<script async src=\"\/\/www.instagram.com\/embed.js\"><\/script>\n","protected":false},"excerpt":{"rendered":"<p>Vienne s&#8217;appr\u00eate \u00e0 recevoir plus de 100 000 visiteurs suppl\u00e9mentaires entre le 10 et le 17 mai pour l&#8217;Eurovision Vienne 2026, et si vous lisez ces lignes, il&#8230;<\/p>\n","protected":false},"author":3,"featured_media":49595,"comment_status":"open","ping_status":"","sticky":false,"template":"","format":"standard","meta":{"_acf_changed":false,"_sitemap_exclude":false,"_sitemap_priority":"","_sitemap_frequency":"","footnotes":"","rank_math_title":"Eurovision Vienne 2026 : guide pratique","rank_math_description":"Eurovision Vienne 2026, du 10 au 17 mai : trains, vols, h\u00f4tels, EES et agenda jour par jour pour vivre la finale, m\u00eame sans billet.","rank_math_canonical_url":"","rank_math_focus_keyword":"Eurovision Vienne 2026"},"categories":[3],"tags":[],"class_list":["post-49594","post","type-post","status-publish","format-standard","has-post-thumbnail","hentry","category-voyage"],"acf":[],"_links":{"self":[{"href":"https:\/\/ulysse.com\/news\/wp-json\/wp\/v2\/posts\/49594","targetHints":{"allow":["GET"]}}],"collection":[{"href":"https:\/\/ulysse.com\/news\/wp-json\/wp\/v2\/posts"}],"about":[{"href":"https:\/\/ulysse.com\/news\/wp-json\/wp\/v2\/types\/post"}],"author":[{"embeddable":true,"href":"https:\/\/ulysse.com\/news\/wp-json\/wp\/v2\/users\/3"}],"replies":[{"embeddable":true,"href":"https:\/\/ulysse.com\/news\/wp-json\/wp\/v2\/comments?post=49594"}],"version-history":[{"count":1,"href":"https:\/\/ulysse.com\/news\/wp-json\/wp\/v2\/posts\/49594\/revisions"}],"predecessor-version":[{"id":49596,"href":"https:\/\/ulysse.com\/news\/wp-json\/wp\/v2\/posts\/49594\/revisions\/49596"}],"wp:featuredmedia":[{"embeddable":true,"href":"https:\/\/ulysse.com\/news\/wp-json\/wp\/v2\/media\/49595"}],"wp:attachment":[{"href":"https:\/\/ulysse.com\/news\/wp-json\/wp\/v2\/media?parent=49594"}],"wp:term":[{"taxonomy":"category","embeddable":true,"href":"https:\/\/ulysse.com\/news\/wp-json\/wp\/v2\/categories?post=49594"},{"taxonomy":"post_tag","embeddable":true,"href":"https:\/\/ulysse.com\/news\/wp-json\/wp\/v2\/tags?post=49594"}],"curies":[{"name":"wp","href":"https:\/\/api.w.org\/{rel}","templated":true}]}}