{"id":49597,"date":"2026-04-28T18:26:00","date_gmt":"2026-04-28T17:26:00","guid":{"rendered":"https:\/\/ulysse.com\/news\/?p=49597"},"modified":"2026-04-27T17:53:38","modified_gmt":"2026-04-27T16:53:38","slug":"easyjet-nice-funchal-guide-pratique-juin-2026","status":"publish","type":"post","link":"https:\/\/ulysse.com\/news\/easyjet-nice-funchal-guide-pratique-juin-2026","title":{"rendered":"Vol direct Nice-Mad\u00e8re d\u00e8s 40 \u20ac : easyJet ouvre la ligne 2 fois par semaine le 6 juin 2026"},"content":{"rendered":"\n<p>\u00c0 six semaines du d\u00e9collage, <strong>easyJet<\/strong> confirme son calendrier : la premi\u00e8re rotation <strong>Nice-Funchal<\/strong> est cal\u00e9e au samedi 6 juin 2026, deux fois par semaine (mardi et samedi), avec des tarifs aller \u00e0 partir de 40 \u20ac. Pour les voyageurs du Sud-Est, c&#8217;est la fin du d\u00e9tour syst\u00e9matique par Paris ou Lisbonne, et la fen\u00eatre actuelle est celle des prix les plus bas avant la haute saison. Ce <strong>vol direct Nice Mad\u00e8re<\/strong> s&#8217;inscrit dans le programme record de <a href=\"https:\/\/ulysse.com\/news\/nice-cote-azur-vols-acces-pas-cher-2026\">130 destinations annonc\u00e9 par l&#8217;a\u00e9roport Nice C\u00f4te d&#8217;Azur pour l&#8217;\u00e9t\u00e9 2026<\/a>.<\/p>\n\n\n\n<h2 class=\"wp-block-heading\">Une premi\u00e8re liaison directe C\u00f4te d&#8217;Azur-Mad\u00e8re<\/h2>\n\n\n\n<p>Jusqu&#8217;ici, <strong>Mad\u00e8re<\/strong> restait une destination \u00ab Paris-centric \u00bb. Un voyageur ni\u00e7ois n&#8217;avait d&#8217;autre option que de transiter par Roissy, Orly ou Lisbonne, soit 8h30 \u00e0 9h porte \u00e0 porte selon les correspondances. Le direct easyJet ram\u00e8ne ce trajet \u00e0 environ 4 h de vol, en A320neo de 186 si\u00e8ges.<\/p>\n\n\n\n<p>Le rayon de captation d\u00e9passe Nice. Sur le papier, la nouvelle ligne s&#8217;adresse \u00e0 toute la r\u00e9gion PACA, \u00e0 Monaco, au Var et \u00e0 une partie de la Ligurie italienne, soit un bassin que la concurrence n&#8217;avait jamais desservi en direct vers l&#8217;archipel portugais. Comme <a href=\"https:\/\/ulysse.com\/news\/nouveau-vol-low-cost-easyjet-connecte-la-cote-dazur-a-cette-ile-paradisiaque-de-madere\">nous l&#8217;\u00e9voquions en janvier au lancement de l&#8217;annonce easyJet<\/a>, la compagnie positionne cette ouverture dans une strat\u00e9gie d&#8217;expansion sur le march\u00e9 fran\u00e7ais, o\u00f9 Mad\u00e8re a accueilli 218 016 visiteurs en 2025, en hausse de 2,2 % sur un an, selon les donn\u00e9es de l&#8217;office de tourisme de Mad\u00e8re.<\/p>\n\n\n\n<h2 class=\"wp-block-heading\">Pourquoi r\u00e9server maintenant : la fen\u00eatre tarifaire avant l&#8217;\u00e9t\u00e9<\/h2>\n\n\n\n<p>Les 40 \u20ac annonc\u00e9s au lancement sont des tarifs d&#8217;appel. La courbe yield management d&#8217;easyJet remonte m\u00e9caniquement avec le remplissage, et deux fr\u00e9quences hebdomadaires limitent l&#8217;inventaire si\u00e8ge : la saturation est plus rapide que sur une ligne quotidienne.<\/p>\n\n\n\n<p>Trois facteurs convergent pour pousser la demande sur l&#8217;\u00e9t\u00e9 2026 : premi\u00e8re saison d&#8217;exploitation, effet <strong>TripAdvisor<\/strong> (<a href=\"https:\/\/ulysse.com\/news\/madere-elue-n-1-tripadvisor-2026-pourquoi-les-fami\">Mad\u00e8re \u00e9lue destination la plus tendance 2026<\/a>), et la France qui reste le 3\u1d49 march\u00e9 international de l&#8217;archipel. Le s\u00e9jour moyen des Fran\u00e7ais y est de 4,09 nuits, un format qui colle parfaitement au calendrier mardi-samedi impos\u00e9 par easyJet.<\/p>\n\n\n\n<p>Concr\u00e8tement : viser les d\u00e9parts du mardi (souvent moins chers que le samedi) et privil\u00e9gier les semaines de juin et d\u00e9but juillet, avant le pic juillet-ao\u00fbt.<\/p>\n\n\n\n<h2 class=\"wp-block-heading\">Nice direct vs Paris ou Lisbonne en correspondance : le vrai calcul<\/h2>\n\n\n\n<p>Le tarif d&#8217;appel ne suffit pas \u00e0 comparer. Il faut int\u00e9grer le co\u00fbt total porte \u00e0 porte depuis Nice.<\/p>\n\n\n\n<figure class=\"wp-block-table\"><table class=\"has-fixed-layout\"><thead><tr><th>Itin\u00e9raire<\/th><th>Dur\u00e9e porte \u00e0 porte<\/th><th>Tarif aller<\/th><th>Fr\u00e9quence<\/th><\/tr><\/thead><tbody><tr><td>Nice \u2192 Funchal direct (easyJet)<\/td><td>~4 h<\/td><td>d\u00e8s 40 \u20ac<\/td><td>mardi, samedi<\/td><\/tr><tr><td>Nice \u2192 Lisbonne \u2192 Funchal<\/td><td>8h30-9h<\/td><td>d\u00e8s 50-90 \u20ac<\/td><td>quotidien (11 vols\/jour Lisbonne-Funchal)<\/td><\/tr><tr><td>Nice \u2192 Paris \u2192 Funchal<\/td><td>7-9 h (avec pr\u00e9-acheminement)<\/td><td>150-230 \u20ac total<\/td><td>quotidien<\/td><\/tr><\/tbody><\/table><\/figure>\n\n\n\n<p>Pour un voyageur ni\u00e7ois passant par Paris, il faut ajouter au billet international le pr\u00e9-acheminement Nice-Paris (TGV ou a\u00e9rien, 100-150 \u20ac, 3 \u00e0 4 h), parfois une nuit sur place selon les horaires. Le passage par Lisbonne reste plus simple, mais la correspondance ajoute 4 \u00e0 5 h au trajet et impose souvent de r\u00e9cup\u00e9rer ses bagages.<\/p>\n\n\n\n<p>Pour un week-end prolong\u00e9 (mardi-samedi ou samedi-mardi), le <strong>vol direct Nice Mad\u00e8re<\/strong> devient le seul format viable depuis le Sud-Est.<\/p>\n\n\n\n<h2 class=\"wp-block-heading\">Quel itin\u00e9raire choisir avec un calendrier mardi-samedi<\/h2>\n\n\n\n<p>Le calendrier easyJet impose deux formats naturels.<\/p>\n\n\n\n<p><strong>Format 5 jours (mardi-samedi ou samedi-mardi)<\/strong> : Funchal et la c\u00f4te sud (C\u00e2mara de Lobos, Ponta do Sol), une levada accessible (Caldeir\u00e3o Verde ou 25 Fontes), et le belv\u00e9d\u00e8re de Cabo Gir\u00e3o. H\u00e9bergement unique au sud pour limiter la voiture. Ceux qui visent d\u00e9but mai peuvent caler leur s\u00e9jour sur la <a href=\"https:\/\/ulysse.com\/news\/fete-fleurs-madere-2026-guide-funchal\">F\u00eate des Fleurs de Mad\u00e8re 2026 et ses cort\u00e8ges \u00e0 Funchal<\/a>, m\u00eame si la ligne easyJet n&#8217;ouvre qu&#8217;au 6 juin.<\/p>\n\n\n\n<p><strong>Format 7-10 jours (samedi-samedi)<\/strong> : ajout de la c\u00f4te nord sauvage (S\u00e3o Vicente, Porto Moniz et ses piscines naturelles), Pico do Arieiro au lever du soleil, Santana et ses maisons typiques, plus une journ\u00e9e \u00e0 Porto Santo si la m\u00e9t\u00e9o le permet.<\/p>\n\n\n\n<blockquote class=\"instagram-media\" data-instgrm-captioned data-instgrm-permalink=\"https:\/\/www.instagram.com\/p\/CzqK8YJoKxF\/\" style=\"max-width:540px; min-width:326px; width:100%; margin:1em auto; min-height:500px;\"><a href=\"https:\/\/www.instagram.com\/p\/CzqK8YJoKxF\/\" target=\"_blank\" rel=\"noopener\">Voir sur Instagram<\/a><\/blockquote>\n\n\n\n<p>La voiture reste quasi indispensable : les transports en commun sont limit\u00e9s et les levadas dispers\u00e9es. Juin pr\u00e9sente un compromis int\u00e9ressant, temp\u00e9ratures de 22 \u00e0 25 \u00b0C, randonn\u00e9es encore confortables, prix d&#8217;h\u00e9bergement avant le pic d&#8217;ao\u00fbt. Le budget moyen sur 5 jours s&#8217;\u00e9tablit autour de 600 \u20ac par personne hors vol, h\u00e9bergement et restauration compris.<\/p>\n\n\n\n<h2 class=\"wp-block-heading\">Profil voyageur Sud-Est : qui va profiter de la ligne<\/h2>\n\n\n\n<p>Le profil dominant \u00e0 Mad\u00e8re reste celui des couples actifs 35-65 ans CSP+, friands de randonn\u00e9e, de gastronomie et de vins, un public bien repr\u00e9sent\u00e9 sur la C\u00f4te d&#8217;Azur. Les voyageurs mon\u00e9gasques et italiens du Ponant disposent d\u00e9sormais d&#8217;une alternative directe \u00e0 Lisbonne ou aux Canaries.<\/p>\n\n\n\n<p>Les familles trouveront un terrain de jeu diff\u00e9rent du format \u00ab club \u00bb des Canaries : parcs naturels, aquarium de Mad\u00e8re, randonn\u00e9es accessibles, quelques plages (souvent de galets, mer fra\u00eeche). \u00c0 g\u00e9rer dans les attentes : Mad\u00e8re n&#8217;est pas une destination plage classique.<\/p>\n\n\n\n<p>Les golfeurs sont \u00e9galement vis\u00e9s. La C\u00f4te d&#8217;Azur est l&#8217;un des bassins golf majeurs de France, et Mad\u00e8re propose plusieurs parcours r\u00e9put\u00e9s (Palheiro, Santo da Serra, Porto Santo Golfe). En 2025, les Fran\u00e7ais ont jou\u00e9 1 396 parcours sur l&#8217;archipel, selon les donn\u00e9es de Madeira Promotion Bureau.<\/p>\n\n\n\n<h2 class=\"wp-block-heading\">Ce qu&#8217;il faut savoir avant de cliquer \u00ab r\u00e9server \u00bb<\/h2>\n\n\n\n<p>L&#8217;a\u00e9roport Cristiano Ronaldo (FNC) est connu pour sa piste technique : vents traversiers, approche en virage, atterrissages parfois sportifs mais routiniers pour les \u00e9quipages habitu\u00e9s. Rien d&#8217;inqui\u00e9tant pour le passager, \u00e0 signaler simplement aux voyageurs sensibles.<\/p>\n\n\n\n<p>C\u00f4t\u00e9 billet, le tarif d&#8217;appel easyJet n&#8217;inclut pas le bagage en soute ni le si\u00e8ge r\u00e9serv\u00e9. Le prix r\u00e9el d&#8217;un aller-retour avec valise et si\u00e8ge peut grimper de 40-60 \u20ac selon les options. La location de voiture se r\u00e9serve en parall\u00e8le du vol : l&#8217;offre se tend rapidement en haute saison.<\/p>\n\n\n\n<p>Une assurance annulation prend tout son sens vu la fr\u00e9quence limit\u00e9e : avec seulement deux rotations hebdomadaires, un r\u00e9acheminement en cas d&#8217;incident technique ou m\u00e9t\u00e9o est plus complexe que sur une ligne quotidienne.<\/p>\n\n\n\n<p>Pas de vol le dimanche ni en semaine hors mardi : le format impos\u00e9 est soit le week-end allong\u00e9, soit la semaine enti\u00e8re.<\/p>\n\n\n\n<p>\u00c0 surveiller : l&#8217;ouverture \u00e9ventuelle d&#8217;une troisi\u00e8me fr\u00e9quence si le remplissage des premiers mois le justifie. Les premiers vols d\u00e9collent le 6 juin, r\u00e9servations ouvertes sur easyjet.com.<\/p>\n\n\n\n<script async src=\"\/\/www.instagram.com\/embed.js\"><\/script>\n","protected":false},"excerpt":{"rendered":"<p>\u00c0 six semaines du d\u00e9collage, easyJet confirme son calendrier : la premi\u00e8re rotation Nice-Funchal est cal\u00e9e au samedi 6 juin 2026, deux fois par semaine (mard&#8230;<\/p>\n","protected":false},"author":4,"featured_media":49598,"comment_status":"open","ping_status":"","sticky":false,"template":"","format":"standard","meta":{"_acf_changed":false,"_sitemap_exclude":false,"_sitemap_priority":"","_sitemap_frequency":"","footnotes":"","rank_math_title":"Vol direct Nice Mad\u00e8re d\u00e8s 40 \u20ac : easyJet en juin 2026","rank_math_description":"Vol direct Nice-Funchal d\u00e8s le 6 juin 2026, deux rotations par semaine \u00e0 partir de 40 \u20ac : guide pratique pour r\u00e9server avant la haute saison.","rank_math_canonical_url":"","rank_math_focus_keyword":"vol direct Nice Mad\u00e8re"},"categories":[46],"tags":[],"class_list":["post-49597","post","type-post","status-publish","format-standard","has-post-thumbnail","hentry","category-avion"],"acf":[],"_links":{"self":[{"href":"https:\/\/ulysse.com\/news\/wp-json\/wp\/v2\/posts\/49597","targetHints":{"allow":["GET"]}}],"collection":[{"href":"https:\/\/ulysse.com\/news\/wp-json\/wp\/v2\/posts"}],"about":[{"href":"https:\/\/ulysse.com\/news\/wp-json\/wp\/v2\/types\/post"}],"author":[{"embeddable":true,"href":"https:\/\/ulysse.com\/news\/wp-json\/wp\/v2\/users\/4"}],"replies":[{"embeddable":true,"href":"https:\/\/ulysse.com\/news\/wp-json\/wp\/v2\/comments?post=49597"}],"version-history":[{"count":1,"href":"https:\/\/ulysse.com\/news\/wp-json\/wp\/v2\/posts\/49597\/revisions"}],"predecessor-version":[{"id":49599,"href":"https:\/\/ulysse.com\/news\/wp-json\/wp\/v2\/posts\/49597\/revisions\/49599"}],"wp:featuredmedia":[{"embeddable":true,"href":"https:\/\/ulysse.com\/news\/wp-json\/wp\/v2\/media\/49598"}],"wp:attachment":[{"href":"https:\/\/ulysse.com\/news\/wp-json\/wp\/v2\/media?parent=49597"}],"wp:term":[{"taxonomy":"category","embeddable":true,"href":"https:\/\/ulysse.com\/news\/wp-json\/wp\/v2\/categories?post=49597"},{"taxonomy":"post_tag","embeddable":true,"href":"https:\/\/ulysse.com\/news\/wp-json\/wp\/v2\/tags?post=49597"}],"curies":[{"name":"wp","href":"https:\/\/api.w.org\/{rel}","templated":true}]}}